{"id":14456,"date":"2023-05-12T10:35:47","date_gmt":"2023-05-12T08:35:47","guid":{"rendered":"https:\/\/iraurgiberritzen.eus\/el-grupo-de-trabajo-de-responsables-it-de-las-empresas-de-la-comarca-ha-conocido-las-certificaciones-y-normativas-mas-habituales-en-terminos-de-cibersguridad\/"},"modified":"2023-05-12T10:35:47","modified_gmt":"2023-05-12T08:35:47","slug":"el-grupo-de-trabajo-de-responsables-it-de-las-empresas-de-la-comarca-ha-conocido-las-certificaciones-y-normativas-mas-habituales-en-terminos-de-cibersguridad","status":"publish","type":"post","link":"https:\/\/iraurgiberritzen.eus\/es\/el-grupo-de-trabajo-de-responsables-it-de-las-empresas-de-la-comarca-ha-conocido-las-certificaciones-y-normativas-mas-habituales-en-terminos-de-cibersguridad\/","title":{"rendered":"El grupo de trabajo de responsables IT de las empresas de la comarca ha conocido las certificaciones y normativas m\u00e1s habituales en t\u00e9rminos de cibersguridad"},"content":{"rendered":"<p style=\"text-align: justify;\">El viernes 12 de mayo, en el palacio Basazabal de Azpeitia, en colaboraci\u00f3n con el Centro de Ciberseguridad Industrial de Gipuzkoa ZIUR, se ha celebrado la sesi\u00f3n \u00abCertificados de ciberseguridad y normativas m\u00e1s empleadas en la actualidad\u00bb. La sesi\u00f3n ha sido dirigida a los responsables IT (Tecnolog\u00edas de la Informaci\u00f3n) de las empresas industriales y en ella han participado 11 responsables de la comarca.<\/p>\n<p style=\"text-align: justify;\">En la primera parte de la sesi\u00f3n de trabajo, ZIUR ha presentado los certificados y normativas m\u00e1s habituales en la actualidad en el sector industrial. Entre otros, se han mencionado las normativas de ciberseguridad m\u00e1s empleadas en actividades c\u00f3mo la \u201cmaquina-herramienta\u201d, \u201cenerg\u00eda\u201d o la \u201cmadera\u201d. Adem\u00e1s, durante la jornada, ZIUR ha presentado la herramienta que ha creado para conocer los certificados y normativas m\u00e1s utilizadas en los diferentes pa\u00edses y actividades econ\u00f3micas. Esta herramienta pretende ser una gu\u00eda de referencia para dar respuesta a las dudas que puedan tener las empresas industriales guipuzcoanas en cuanto a las normativas de ciberseguridad.<\/p>\n<p style=\"text-align: justify;\">En cambio, en la segunda parte de la sesi\u00f3n de trabajo, adem\u00e1s de realizar una evaluaci\u00f3n de las sesiones de trabajo ya celebradas y las acciones desarrolladas en los \u00faltimos meses, se ha trabajado en la identificaci\u00f3n de las l\u00edneas que se quieren trabajar en colaboraci\u00f3n en los pr\u00f3ximos meses. A trav\u00e9s de una din\u00e1mica se han definido los temas y acciones que el grupo de responsables IT de la comarca trabajar\u00e1 en colaboraci\u00f3n en los pr\u00f3ximos meses.<\/p>\n<p style=\"text-align: justify;\">A trav\u00e9s de estas sesiones de trabajo, adem\u00e1s de <strong>dar a conocer las posibles tendencias tecnol\u00f3gicas<\/strong> en ciberseguridad, se pretende <strong>compartir el conocimiento, los proyectos y las buenas pr\u00e1cticas<\/strong> que las empresas de la comarca est\u00e1n desarrollando en este campo.<\/p>\n","protected":false},"excerpt":{"rendered":"<p>El viernes 12 de mayo, en el palacio Basazabal de Azpeitia, en colaboraci\u00f3n con el Centro de Ciberseguridad Industrial de Gipuzkoa ZIUR, se ha celebrado la sesi\u00f3n \u00abCertificados de ciberseguridad y normativas m\u00e1s empleadas en la actualidad\u00bb. La sesi\u00f3n ha sido dirigida a los responsables IT (Tecnolog\u00edas de la Informaci\u00f3n) de las empresas industriales y [&hellip;]<\/p>\n","protected":false},"author":1,"featured_media":17232,"comment_status":"","ping_status":"closed","sticky":false,"template":"","format":"standard","meta":{"_acf_changed":false,"footnotes":""},"categories":[4],"tags":[],"class_list":["post-14456","post","type-post","status-publish","format-standard","has-post-thumbnail","hentry","category-noticias"],"acf":[],"yoast_head":"<!-- This site is optimized with the Yoast SEO plugin v27.4 - https:\/\/yoast.com\/product\/yoast-seo-wordpress\/ -->\n<title>El grupo de trabajo de responsables IT de las empresas de la comarca ha conocido las certificaciones y normativas m\u00e1s habituales en t\u00e9rminos de cibersguridad - Iraurgi Berritzen<\/title>\n<meta name=\"robots\" content=\"index, follow, max-snippet:-1, max-image-preview:large, max-video-preview:-1\" \/>\n<link rel=\"canonical\" href=\"https:\/\/iraurgiberritzen.eus\/es\/el-grupo-de-trabajo-de-responsables-it-de-las-empresas-de-la-comarca-ha-conocido-las-certificaciones-y-normativas-mas-habituales-en-terminos-de-cibersguridad\/\" \/>\n<meta property=\"og:locale\" content=\"es_ES\" \/>\n<meta property=\"og:type\" content=\"article\" \/>\n<meta property=\"og:title\" content=\"El grupo de trabajo de responsables IT de las empresas de la comarca ha conocido las certificaciones y normativas m\u00e1s habituales en t\u00e9rminos de cibersguridad - Iraurgi Berritzen\" \/>\n<meta property=\"og:description\" content=\"El viernes 12 de mayo, en el palacio Basazabal de Azpeitia, en colaboraci\u00f3n con el Centro de Ciberseguridad Industrial de Gipuzkoa ZIUR, se ha celebrado la sesi\u00f3n \u00abCertificados de ciberseguridad y normativas m\u00e1s empleadas en la actualidad\u00bb. La sesi\u00f3n ha sido dirigida a los responsables IT (Tecnolog\u00edas de la Informaci\u00f3n) de las empresas industriales y [&hellip;]\" \/>\n<meta property=\"og:url\" content=\"https:\/\/iraurgiberritzen.eus\/es\/el-grupo-de-trabajo-de-responsables-it-de-las-empresas-de-la-comarca-ha-conocido-las-certificaciones-y-normativas-mas-habituales-en-terminos-de-cibersguridad\/\" \/>\n<meta property=\"og:site_name\" content=\"Iraurgi Berritzen\" \/>\n<meta property=\"article:published_time\" content=\"2023-05-12T08:35:47+00:00\" \/>\n<meta name=\"author\" content=\"kudeatzailea\" \/>\n<meta name=\"twitter:card\" content=\"summary_large_image\" \/>\n<meta name=\"twitter:label1\" content=\"Escrito por\" \/>\n\t<meta name=\"twitter:data1\" content=\"kudeatzailea\" \/>\n\t<meta name=\"twitter:label2\" content=\"Tiempo de lectura\" \/>\n\t<meta name=\"twitter:data2\" content=\"2 minutos\" \/>\n<script type=\"application\/ld+json\" class=\"yoast-schema-graph\">{\"@context\":\"https:\\\/\\\/schema.org\",\"@graph\":[{\"@type\":\"Article\",\"@id\":\"https:\\\/\\\/iraurgiberritzen.eus\\\/es\\\/el-grupo-de-trabajo-de-responsables-it-de-las-empresas-de-la-comarca-ha-conocido-las-certificaciones-y-normativas-mas-habituales-en-terminos-de-cibersguridad\\\/#article\",\"isPartOf\":{\"@id\":\"https:\\\/\\\/iraurgiberritzen.eus\\\/es\\\/el-grupo-de-trabajo-de-responsables-it-de-las-empresas-de-la-comarca-ha-conocido-las-certificaciones-y-normativas-mas-habituales-en-terminos-de-cibersguridad\\\/\"},\"author\":{\"name\":\"kudeatzailea\",\"@id\":\"https:\\\/\\\/iraurgiberritzen.eus\\\/es\\\/#\\\/schema\\\/person\\\/5ab41aaf388a9097177601ebf45738d2\"},\"headline\":\"El grupo de trabajo de responsables IT de las empresas de la comarca ha conocido las certificaciones y normativas m\u00e1s habituales en t\u00e9rminos de cibersguridad\",\"datePublished\":\"2023-05-12T08:35:47+00:00\",\"mainEntityOfPage\":{\"@id\":\"https:\\\/\\\/iraurgiberritzen.eus\\\/es\\\/el-grupo-de-trabajo-de-responsables-it-de-las-empresas-de-la-comarca-ha-conocido-las-certificaciones-y-normativas-mas-habituales-en-terminos-de-cibersguridad\\\/\"},\"wordCount\":339,\"publisher\":{\"@id\":\"https:\\\/\\\/iraurgiberritzen.eus\\\/es\\\/#organization\"},\"image\":{\"@id\":\"https:\\\/\\\/iraurgiberritzen.eus\\\/es\\\/el-grupo-de-trabajo-de-responsables-it-de-las-empresas-de-la-comarca-ha-conocido-las-certificaciones-y-normativas-mas-habituales-en-terminos-de-cibersguridad\\\/#primaryimage\"},\"thumbnailUrl\":\"https:\\\/\\\/iraurgiberritzen.eus\\\/wp-content\\\/uploads\\\/2023\\\/09\\\/3269485db3cadcbd65e27c9e211f93ad.jpg\",\"articleSection\":[\"Noticias\"],\"inLanguage\":\"es\"},{\"@type\":\"WebPage\",\"@id\":\"https:\\\/\\\/iraurgiberritzen.eus\\\/es\\\/el-grupo-de-trabajo-de-responsables-it-de-las-empresas-de-la-comarca-ha-conocido-las-certificaciones-y-normativas-mas-habituales-en-terminos-de-cibersguridad\\\/\",\"url\":\"https:\\\/\\\/iraurgiberritzen.eus\\\/es\\\/el-grupo-de-trabajo-de-responsables-it-de-las-empresas-de-la-comarca-ha-conocido-las-certificaciones-y-normativas-mas-habituales-en-terminos-de-cibersguridad\\\/\",\"name\":\"El grupo de trabajo de responsables IT de las empresas de la comarca ha conocido las certificaciones y normativas m\u00e1s habituales en t\u00e9rminos de cibersguridad - Iraurgi Berritzen\",\"isPartOf\":{\"@id\":\"https:\\\/\\\/iraurgiberritzen.eus\\\/es\\\/#website\"},\"primaryImageOfPage\":{\"@id\":\"https:\\\/\\\/iraurgiberritzen.eus\\\/es\\\/el-grupo-de-trabajo-de-responsables-it-de-las-empresas-de-la-comarca-ha-conocido-las-certificaciones-y-normativas-mas-habituales-en-terminos-de-cibersguridad\\\/#primaryimage\"},\"image\":{\"@id\":\"https:\\\/\\\/iraurgiberritzen.eus\\\/es\\\/el-grupo-de-trabajo-de-responsables-it-de-las-empresas-de-la-comarca-ha-conocido-las-certificaciones-y-normativas-mas-habituales-en-terminos-de-cibersguridad\\\/#primaryimage\"},\"thumbnailUrl\":\"https:\\\/\\\/iraurgiberritzen.eus\\\/wp-content\\\/uploads\\\/2023\\\/09\\\/3269485db3cadcbd65e27c9e211f93ad.jpg\",\"datePublished\":\"2023-05-12T08:35:47+00:00\",\"breadcrumb\":{\"@id\":\"https:\\\/\\\/iraurgiberritzen.eus\\\/es\\\/el-grupo-de-trabajo-de-responsables-it-de-las-empresas-de-la-comarca-ha-conocido-las-certificaciones-y-normativas-mas-habituales-en-terminos-de-cibersguridad\\\/#breadcrumb\"},\"inLanguage\":\"es\",\"potentialAction\":[{\"@type\":\"ReadAction\",\"target\":[\"https:\\\/\\\/iraurgiberritzen.eus\\\/es\\\/el-grupo-de-trabajo-de-responsables-it-de-las-empresas-de-la-comarca-ha-conocido-las-certificaciones-y-normativas-mas-habituales-en-terminos-de-cibersguridad\\\/\"]}]},{\"@type\":\"ImageObject\",\"inLanguage\":\"es\",\"@id\":\"https:\\\/\\\/iraurgiberritzen.eus\\\/es\\\/el-grupo-de-trabajo-de-responsables-it-de-las-empresas-de-la-comarca-ha-conocido-las-certificaciones-y-normativas-mas-habituales-en-terminos-de-cibersguridad\\\/#primaryimage\",\"url\":\"https:\\\/\\\/iraurgiberritzen.eus\\\/wp-content\\\/uploads\\\/2023\\\/09\\\/3269485db3cadcbd65e27c9e211f93ad.jpg\",\"contentUrl\":\"https:\\\/\\\/iraurgiberritzen.eus\\\/wp-content\\\/uploads\\\/2023\\\/09\\\/3269485db3cadcbd65e27c9e211f93ad.jpg\",\"width\":400,\"height\":257},{\"@type\":\"BreadcrumbList\",\"@id\":\"https:\\\/\\\/iraurgiberritzen.eus\\\/es\\\/el-grupo-de-trabajo-de-responsables-it-de-las-empresas-de-la-comarca-ha-conocido-las-certificaciones-y-normativas-mas-habituales-en-terminos-de-cibersguridad\\\/#breadcrumb\",\"itemListElement\":[{\"@type\":\"ListItem\",\"position\":1,\"name\":\"Home\",\"item\":\"https:\\\/\\\/iraurgiberritzen.eus\\\/es\\\/\"},{\"@type\":\"ListItem\",\"position\":2,\"name\":\"El grupo de trabajo de responsables IT de las empresas de la comarca ha conocido las certificaciones y normativas m\u00e1s habituales en t\u00e9rminos de cibersguridad\"}]},{\"@type\":\"WebSite\",\"@id\":\"https:\\\/\\\/iraurgiberritzen.eus\\\/es\\\/#website\",\"url\":\"https:\\\/\\\/iraurgiberritzen.eus\\\/es\\\/\",\"name\":\"Iraurgi Berritzen\",\"description\":\"Urola Erdiko Garapen Agentzia\",\"publisher\":{\"@id\":\"https:\\\/\\\/iraurgiberritzen.eus\\\/es\\\/#organization\"},\"potentialAction\":[{\"@type\":\"SearchAction\",\"target\":{\"@type\":\"EntryPoint\",\"urlTemplate\":\"https:\\\/\\\/iraurgiberritzen.eus\\\/es\\\/?s={search_term_string}\"},\"query-input\":{\"@type\":\"PropertyValueSpecification\",\"valueRequired\":true,\"valueName\":\"search_term_string\"}}],\"inLanguage\":\"es\"},{\"@type\":\"Organization\",\"@id\":\"https:\\\/\\\/iraurgiberritzen.eus\\\/es\\\/#organization\",\"name\":\"Iraurgi Berritzen\",\"url\":\"https:\\\/\\\/iraurgiberritzen.eus\\\/es\\\/\",\"logo\":{\"@type\":\"ImageObject\",\"inLanguage\":\"es\",\"@id\":\"https:\\\/\\\/iraurgiberritzen.eus\\\/es\\\/#\\\/schema\\\/logo\\\/image\\\/\",\"url\":\"https:\\\/\\\/iraurgiberritzen.eus\\\/wp-content\\\/uploads\\\/2024\\\/02\\\/IRAURGI-BERRITZEN-logotipoa_2.png\",\"contentUrl\":\"https:\\\/\\\/iraurgiberritzen.eus\\\/wp-content\\\/uploads\\\/2024\\\/02\\\/IRAURGI-BERRITZEN-logotipoa_2.png\",\"width\":496,\"height\":190,\"caption\":\"Iraurgi Berritzen\"},\"image\":{\"@id\":\"https:\\\/\\\/iraurgiberritzen.eus\\\/es\\\/#\\\/schema\\\/logo\\\/image\\\/\"}},{\"@type\":\"Person\",\"@id\":\"https:\\\/\\\/iraurgiberritzen.eus\\\/es\\\/#\\\/schema\\\/person\\\/5ab41aaf388a9097177601ebf45738d2\",\"name\":\"kudeatzailea\",\"sameAs\":[\"https:\\\/\\\/iraurgiberritzen.eus\"]}]}<\/script>\n<!-- \/ Yoast SEO plugin. -->","yoast_head_json":{"title":"El grupo de trabajo de responsables IT de las empresas de la comarca ha conocido las certificaciones y normativas m\u00e1s habituales en t\u00e9rminos de cibersguridad - Iraurgi Berritzen","robots":{"index":"index","follow":"follow","max-snippet":"max-snippet:-1","max-image-preview":"max-image-preview:large","max-video-preview":"max-video-preview:-1"},"canonical":"https:\/\/iraurgiberritzen.eus\/es\/el-grupo-de-trabajo-de-responsables-it-de-las-empresas-de-la-comarca-ha-conocido-las-certificaciones-y-normativas-mas-habituales-en-terminos-de-cibersguridad\/","og_locale":"es_ES","og_type":"article","og_title":"El grupo de trabajo de responsables IT de las empresas de la comarca ha conocido las certificaciones y normativas m\u00e1s habituales en t\u00e9rminos de cibersguridad - Iraurgi Berritzen","og_description":"El viernes 12 de mayo, en el palacio Basazabal de Azpeitia, en colaboraci\u00f3n con el Centro de Ciberseguridad Industrial de Gipuzkoa ZIUR, se ha celebrado la sesi\u00f3n \u00abCertificados de ciberseguridad y normativas m\u00e1s empleadas en la actualidad\u00bb. La sesi\u00f3n ha sido dirigida a los responsables IT (Tecnolog\u00edas de la Informaci\u00f3n) de las empresas industriales y [&hellip;]","og_url":"https:\/\/iraurgiberritzen.eus\/es\/el-grupo-de-trabajo-de-responsables-it-de-las-empresas-de-la-comarca-ha-conocido-las-certificaciones-y-normativas-mas-habituales-en-terminos-de-cibersguridad\/","og_site_name":"Iraurgi Berritzen","article_published_time":"2023-05-12T08:35:47+00:00","author":"kudeatzailea","twitter_card":"summary_large_image","twitter_misc":{"Escrito por":"kudeatzailea","Tiempo de lectura":"2 minutos"},"schema":{"@context":"https:\/\/schema.org","@graph":[{"@type":"Article","@id":"https:\/\/iraurgiberritzen.eus\/es\/el-grupo-de-trabajo-de-responsables-it-de-las-empresas-de-la-comarca-ha-conocido-las-certificaciones-y-normativas-mas-habituales-en-terminos-de-cibersguridad\/#article","isPartOf":{"@id":"https:\/\/iraurgiberritzen.eus\/es\/el-grupo-de-trabajo-de-responsables-it-de-las-empresas-de-la-comarca-ha-conocido-las-certificaciones-y-normativas-mas-habituales-en-terminos-de-cibersguridad\/"},"author":{"name":"kudeatzailea","@id":"https:\/\/iraurgiberritzen.eus\/es\/#\/schema\/person\/5ab41aaf388a9097177601ebf45738d2"},"headline":"El grupo de trabajo de responsables IT de las empresas de la comarca ha conocido las certificaciones y normativas m\u00e1s habituales en t\u00e9rminos de cibersguridad","datePublished":"2023-05-12T08:35:47+00:00","mainEntityOfPage":{"@id":"https:\/\/iraurgiberritzen.eus\/es\/el-grupo-de-trabajo-de-responsables-it-de-las-empresas-de-la-comarca-ha-conocido-las-certificaciones-y-normativas-mas-habituales-en-terminos-de-cibersguridad\/"},"wordCount":339,"publisher":{"@id":"https:\/\/iraurgiberritzen.eus\/es\/#organization"},"image":{"@id":"https:\/\/iraurgiberritzen.eus\/es\/el-grupo-de-trabajo-de-responsables-it-de-las-empresas-de-la-comarca-ha-conocido-las-certificaciones-y-normativas-mas-habituales-en-terminos-de-cibersguridad\/#primaryimage"},"thumbnailUrl":"https:\/\/iraurgiberritzen.eus\/wp-content\/uploads\/2023\/09\/3269485db3cadcbd65e27c9e211f93ad.jpg","articleSection":["Noticias"],"inLanguage":"es"},{"@type":"WebPage","@id":"https:\/\/iraurgiberritzen.eus\/es\/el-grupo-de-trabajo-de-responsables-it-de-las-empresas-de-la-comarca-ha-conocido-las-certificaciones-y-normativas-mas-habituales-en-terminos-de-cibersguridad\/","url":"https:\/\/iraurgiberritzen.eus\/es\/el-grupo-de-trabajo-de-responsables-it-de-las-empresas-de-la-comarca-ha-conocido-las-certificaciones-y-normativas-mas-habituales-en-terminos-de-cibersguridad\/","name":"El grupo de trabajo de responsables IT de las empresas de la comarca ha conocido las certificaciones y normativas m\u00e1s habituales en t\u00e9rminos de cibersguridad - Iraurgi Berritzen","isPartOf":{"@id":"https:\/\/iraurgiberritzen.eus\/es\/#website"},"primaryImageOfPage":{"@id":"https:\/\/iraurgiberritzen.eus\/es\/el-grupo-de-trabajo-de-responsables-it-de-las-empresas-de-la-comarca-ha-conocido-las-certificaciones-y-normativas-mas-habituales-en-terminos-de-cibersguridad\/#primaryimage"},"image":{"@id":"https:\/\/iraurgiberritzen.eus\/es\/el-grupo-de-trabajo-de-responsables-it-de-las-empresas-de-la-comarca-ha-conocido-las-certificaciones-y-normativas-mas-habituales-en-terminos-de-cibersguridad\/#primaryimage"},"thumbnailUrl":"https:\/\/iraurgiberritzen.eus\/wp-content\/uploads\/2023\/09\/3269485db3cadcbd65e27c9e211f93ad.jpg","datePublished":"2023-05-12T08:35:47+00:00","breadcrumb":{"@id":"https:\/\/iraurgiberritzen.eus\/es\/el-grupo-de-trabajo-de-responsables-it-de-las-empresas-de-la-comarca-ha-conocido-las-certificaciones-y-normativas-mas-habituales-en-terminos-de-cibersguridad\/#breadcrumb"},"inLanguage":"es","potentialAction":[{"@type":"ReadAction","target":["https:\/\/iraurgiberritzen.eus\/es\/el-grupo-de-trabajo-de-responsables-it-de-las-empresas-de-la-comarca-ha-conocido-las-certificaciones-y-normativas-mas-habituales-en-terminos-de-cibersguridad\/"]}]},{"@type":"ImageObject","inLanguage":"es","@id":"https:\/\/iraurgiberritzen.eus\/es\/el-grupo-de-trabajo-de-responsables-it-de-las-empresas-de-la-comarca-ha-conocido-las-certificaciones-y-normativas-mas-habituales-en-terminos-de-cibersguridad\/#primaryimage","url":"https:\/\/iraurgiberritzen.eus\/wp-content\/uploads\/2023\/09\/3269485db3cadcbd65e27c9e211f93ad.jpg","contentUrl":"https:\/\/iraurgiberritzen.eus\/wp-content\/uploads\/2023\/09\/3269485db3cadcbd65e27c9e211f93ad.jpg","width":400,"height":257},{"@type":"BreadcrumbList","@id":"https:\/\/iraurgiberritzen.eus\/es\/el-grupo-de-trabajo-de-responsables-it-de-las-empresas-de-la-comarca-ha-conocido-las-certificaciones-y-normativas-mas-habituales-en-terminos-de-cibersguridad\/#breadcrumb","itemListElement":[{"@type":"ListItem","position":1,"name":"Home","item":"https:\/\/iraurgiberritzen.eus\/es\/"},{"@type":"ListItem","position":2,"name":"El grupo de trabajo de responsables IT de las empresas de la comarca ha conocido las certificaciones y normativas m\u00e1s habituales en t\u00e9rminos de cibersguridad"}]},{"@type":"WebSite","@id":"https:\/\/iraurgiberritzen.eus\/es\/#website","url":"https:\/\/iraurgiberritzen.eus\/es\/","name":"Iraurgi Berritzen","description":"Urola Erdiko Garapen Agentzia","publisher":{"@id":"https:\/\/iraurgiberritzen.eus\/es\/#organization"},"potentialAction":[{"@type":"SearchAction","target":{"@type":"EntryPoint","urlTemplate":"https:\/\/iraurgiberritzen.eus\/es\/?s={search_term_string}"},"query-input":{"@type":"PropertyValueSpecification","valueRequired":true,"valueName":"search_term_string"}}],"inLanguage":"es"},{"@type":"Organization","@id":"https:\/\/iraurgiberritzen.eus\/es\/#organization","name":"Iraurgi Berritzen","url":"https:\/\/iraurgiberritzen.eus\/es\/","logo":{"@type":"ImageObject","inLanguage":"es","@id":"https:\/\/iraurgiberritzen.eus\/es\/#\/schema\/logo\/image\/","url":"https:\/\/iraurgiberritzen.eus\/wp-content\/uploads\/2024\/02\/IRAURGI-BERRITZEN-logotipoa_2.png","contentUrl":"https:\/\/iraurgiberritzen.eus\/wp-content\/uploads\/2024\/02\/IRAURGI-BERRITZEN-logotipoa_2.png","width":496,"height":190,"caption":"Iraurgi Berritzen"},"image":{"@id":"https:\/\/iraurgiberritzen.eus\/es\/#\/schema\/logo\/image\/"}},{"@type":"Person","@id":"https:\/\/iraurgiberritzen.eus\/es\/#\/schema\/person\/5ab41aaf388a9097177601ebf45738d2","name":"kudeatzailea","sameAs":["https:\/\/iraurgiberritzen.eus"]}]}},"_links":{"self":[{"href":"https:\/\/iraurgiberritzen.eus\/es\/wp-json\/wp\/v2\/posts\/14456","targetHints":{"allow":["GET"]}}],"collection":[{"href":"https:\/\/iraurgiberritzen.eus\/es\/wp-json\/wp\/v2\/posts"}],"about":[{"href":"https:\/\/iraurgiberritzen.eus\/es\/wp-json\/wp\/v2\/types\/post"}],"author":[{"embeddable":true,"href":"https:\/\/iraurgiberritzen.eus\/es\/wp-json\/wp\/v2\/users\/1"}],"replies":[{"embeddable":true,"href":"https:\/\/iraurgiberritzen.eus\/es\/wp-json\/wp\/v2\/comments?post=14456"}],"version-history":[{"count":0,"href":"https:\/\/iraurgiberritzen.eus\/es\/wp-json\/wp\/v2\/posts\/14456\/revisions"}],"wp:featuredmedia":[{"embeddable":true,"href":"https:\/\/iraurgiberritzen.eus\/es\/wp-json\/wp\/v2\/media\/17232"}],"wp:attachment":[{"href":"https:\/\/iraurgiberritzen.eus\/es\/wp-json\/wp\/v2\/media?parent=14456"}],"wp:term":[{"taxonomy":"category","embeddable":true,"href":"https:\/\/iraurgiberritzen.eus\/es\/wp-json\/wp\/v2\/categories?post=14456"},{"taxonomy":"post_tag","embeddable":true,"href":"https:\/\/iraurgiberritzen.eus\/es\/wp-json\/wp\/v2\/tags?post=14456"}],"curies":[{"name":"wp","href":"https:\/\/api.w.org\/{rel}","templated":true}]}}