{"id":14476,"date":"2023-05-22T11:49:13","date_gmt":"2023-05-22T09:49:13","guid":{"rendered":"https:\/\/iraurgiberritzen.eus\/el-autoempleo-una-opcion-para-acceder-al-mercado-laboral-en-el-ambito-de-la-construccion\/"},"modified":"2023-05-22T11:49:13","modified_gmt":"2023-05-22T09:49:13","slug":"el-autoempleo-una-opcion-para-acceder-al-mercado-laboral-en-el-ambito-de-la-construccion","status":"publish","type":"post","link":"https:\/\/iraurgiberritzen.eus\/es\/el-autoempleo-una-opcion-para-acceder-al-mercado-laboral-en-el-ambito-de-la-construccion\/","title":{"rendered":"El autoempleo una opci\u00f3n para acceder al mercado laboral en el \u00e1mbito de la Construcci\u00f3n"},"content":{"rendered":"<p style=\"text-align: justify;\">Dentro del proyecto ElkarEkin, organizado por Iraurgi Berritzen y financiado por la Diputaci\u00f3n Foral de Gipuzkoa, se est\u00e1 ofreciendo un taller de construcci\u00f3n en Azpeitia, de la mano de Zabaltzen Sartu. Desde el \u00e1mbito de emprendizaje de Iraurgi Berritzen, el equipo t\u00e9cnico ha estado con las personas participantes, con el objetivo de visibilizar el autoempleo como una oportunidad de inserci\u00f3n laboral.<\/p>\n<p style=\"text-align: justify;\">Esta acci\u00f3n se enmarca dentro de la l\u00ednea de trabajo Klink Atari y tiene como objetivo dar visibilidad al emprendimiento y al autoempleo. Teniendo en cuenta el problema de la falta de relevo en la actividad de construcci\u00f3n, se considera necesario abordar estas sesiones de sensibilizaci\u00f3n, ya que la actividad de construcci\u00f3n es una opci\u00f3n real para el autoempleo.<\/p>\n<p style=\"text-align: justify;\">El mensaje a las personas participantes en la formaci\u00f3n ha sido claro, lo primero y antes de poner en marcha el negocio, definir las necesidades de inversi\u00f3n, la financiaci\u00f3n e identificar a los clientes. Cuando esto est\u00e1 definido, entonces puede ser el momento de establecerse como empresa y una vez nos ponemos en marcha, ser conscientes de que se generar\u00e1n obligaciones con Hacienda y Seguridad Social.<\/p>\n<p style=\"text-align: justify;\">El objetivo de estas sesiones es la valorizaci\u00f3n del emprendimiento. Desde Iraurgi Berritzen, se seguir\u00e1 dando pasos en ese sentido.<\/p>\n","protected":false},"excerpt":{"rendered":"<p>Dentro del proyecto ElkarEkin, organizado por Iraurgi Berritzen y financiado por la Diputaci\u00f3n Foral de Gipuzkoa, se est\u00e1 ofreciendo un taller de construcci\u00f3n en Azpeitia, de la mano de Zabaltzen Sartu. Desde el \u00e1mbito de emprendizaje de Iraurgi Berritzen, el equipo t\u00e9cnico ha estado con las personas participantes, con el objetivo de visibilizar el autoempleo [&hellip;]<\/p>\n","protected":false},"author":1,"featured_media":17218,"comment_status":"","ping_status":"closed","sticky":false,"template":"","format":"standard","meta":{"_acf_changed":false,"footnotes":""},"categories":[4],"tags":[],"class_list":["post-14476","post","type-post","status-publish","format-standard","has-post-thumbnail","hentry","category-noticias"],"acf":[],"yoast_head":"<!-- This site is optimized with the Yoast SEO plugin v27.4 - https:\/\/yoast.com\/product\/yoast-seo-wordpress\/ -->\n<title>El autoempleo una opci\u00f3n para acceder al mercado laboral en el \u00e1mbito de la Construcci\u00f3n - Iraurgi Berritzen<\/title>\n<meta name=\"robots\" content=\"index, follow, max-snippet:-1, max-image-preview:large, max-video-preview:-1\" \/>\n<link rel=\"canonical\" href=\"https:\/\/iraurgiberritzen.eus\/es\/el-autoempleo-una-opcion-para-acceder-al-mercado-laboral-en-el-ambito-de-la-construccion\/\" \/>\n<meta property=\"og:locale\" content=\"es_ES\" \/>\n<meta property=\"og:type\" content=\"article\" \/>\n<meta property=\"og:title\" content=\"El autoempleo una opci\u00f3n para acceder al mercado laboral en el \u00e1mbito de la Construcci\u00f3n - Iraurgi Berritzen\" \/>\n<meta property=\"og:description\" content=\"Dentro del proyecto ElkarEkin, organizado por Iraurgi Berritzen y financiado por la Diputaci\u00f3n Foral de Gipuzkoa, se est\u00e1 ofreciendo un taller de construcci\u00f3n en Azpeitia, de la mano de Zabaltzen Sartu. Desde el \u00e1mbito de emprendizaje de Iraurgi Berritzen, el equipo t\u00e9cnico ha estado con las personas participantes, con el objetivo de visibilizar el autoempleo [&hellip;]\" \/>\n<meta property=\"og:url\" content=\"https:\/\/iraurgiberritzen.eus\/es\/el-autoempleo-una-opcion-para-acceder-al-mercado-laboral-en-el-ambito-de-la-construccion\/\" \/>\n<meta property=\"og:site_name\" content=\"Iraurgi Berritzen\" \/>\n<meta property=\"article:published_time\" content=\"2023-05-22T09:49:13+00:00\" \/>\n<meta name=\"author\" content=\"kudeatzailea\" \/>\n<meta name=\"twitter:card\" content=\"summary_large_image\" \/>\n<meta name=\"twitter:label1\" content=\"Escrito por\" \/>\n\t<meta name=\"twitter:data1\" content=\"kudeatzailea\" \/>\n\t<meta name=\"twitter:label2\" content=\"Tiempo de lectura\" \/>\n\t<meta name=\"twitter:data2\" content=\"1 minuto\" \/>\n<script type=\"application\/ld+json\" class=\"yoast-schema-graph\">{\"@context\":\"https:\\\/\\\/schema.org\",\"@graph\":[{\"@type\":\"Article\",\"@id\":\"https:\\\/\\\/iraurgiberritzen.eus\\\/es\\\/el-autoempleo-una-opcion-para-acceder-al-mercado-laboral-en-el-ambito-de-la-construccion\\\/#article\",\"isPartOf\":{\"@id\":\"https:\\\/\\\/iraurgiberritzen.eus\\\/es\\\/el-autoempleo-una-opcion-para-acceder-al-mercado-laboral-en-el-ambito-de-la-construccion\\\/\"},\"author\":{\"name\":\"kudeatzailea\",\"@id\":\"https:\\\/\\\/iraurgiberritzen.eus\\\/es\\\/#\\\/schema\\\/person\\\/5ab41aaf388a9097177601ebf45738d2\"},\"headline\":\"El autoempleo una opci\u00f3n para acceder al mercado laboral en el \u00e1mbito de la Construcci\u00f3n\",\"datePublished\":\"2023-05-22T09:49:13+00:00\",\"mainEntityOfPage\":{\"@id\":\"https:\\\/\\\/iraurgiberritzen.eus\\\/es\\\/el-autoempleo-una-opcion-para-acceder-al-mercado-laboral-en-el-ambito-de-la-construccion\\\/\"},\"wordCount\":238,\"publisher\":{\"@id\":\"https:\\\/\\\/iraurgiberritzen.eus\\\/es\\\/#organization\"},\"image\":{\"@id\":\"https:\\\/\\\/iraurgiberritzen.eus\\\/es\\\/el-autoempleo-una-opcion-para-acceder-al-mercado-laboral-en-el-ambito-de-la-construccion\\\/#primaryimage\"},\"thumbnailUrl\":\"https:\\\/\\\/iraurgiberritzen.eus\\\/wp-content\\\/uploads\\\/2023\\\/09\\\/20a12b3f495f4c872b2b108acea7b37f.jpg\",\"articleSection\":[\"Noticias\"],\"inLanguage\":\"es\"},{\"@type\":\"WebPage\",\"@id\":\"https:\\\/\\\/iraurgiberritzen.eus\\\/es\\\/el-autoempleo-una-opcion-para-acceder-al-mercado-laboral-en-el-ambito-de-la-construccion\\\/\",\"url\":\"https:\\\/\\\/iraurgiberritzen.eus\\\/es\\\/el-autoempleo-una-opcion-para-acceder-al-mercado-laboral-en-el-ambito-de-la-construccion\\\/\",\"name\":\"El autoempleo una opci\u00f3n para acceder al mercado laboral en el \u00e1mbito de la Construcci\u00f3n - Iraurgi Berritzen\",\"isPartOf\":{\"@id\":\"https:\\\/\\\/iraurgiberritzen.eus\\\/es\\\/#website\"},\"primaryImageOfPage\":{\"@id\":\"https:\\\/\\\/iraurgiberritzen.eus\\\/es\\\/el-autoempleo-una-opcion-para-acceder-al-mercado-laboral-en-el-ambito-de-la-construccion\\\/#primaryimage\"},\"image\":{\"@id\":\"https:\\\/\\\/iraurgiberritzen.eus\\\/es\\\/el-autoempleo-una-opcion-para-acceder-al-mercado-laboral-en-el-ambito-de-la-construccion\\\/#primaryimage\"},\"thumbnailUrl\":\"https:\\\/\\\/iraurgiberritzen.eus\\\/wp-content\\\/uploads\\\/2023\\\/09\\\/20a12b3f495f4c872b2b108acea7b37f.jpg\",\"datePublished\":\"2023-05-22T09:49:13+00:00\",\"breadcrumb\":{\"@id\":\"https:\\\/\\\/iraurgiberritzen.eus\\\/es\\\/el-autoempleo-una-opcion-para-acceder-al-mercado-laboral-en-el-ambito-de-la-construccion\\\/#breadcrumb\"},\"inLanguage\":\"es\",\"potentialAction\":[{\"@type\":\"ReadAction\",\"target\":[\"https:\\\/\\\/iraurgiberritzen.eus\\\/es\\\/el-autoempleo-una-opcion-para-acceder-al-mercado-laboral-en-el-ambito-de-la-construccion\\\/\"]}]},{\"@type\":\"ImageObject\",\"inLanguage\":\"es\",\"@id\":\"https:\\\/\\\/iraurgiberritzen.eus\\\/es\\\/el-autoempleo-una-opcion-para-acceder-al-mercado-laboral-en-el-ambito-de-la-construccion\\\/#primaryimage\",\"url\":\"https:\\\/\\\/iraurgiberritzen.eus\\\/wp-content\\\/uploads\\\/2023\\\/09\\\/20a12b3f495f4c872b2b108acea7b37f.jpg\",\"contentUrl\":\"https:\\\/\\\/iraurgiberritzen.eus\\\/wp-content\\\/uploads\\\/2023\\\/09\\\/20a12b3f495f4c872b2b108acea7b37f.jpg\",\"width\":400,\"height\":257},{\"@type\":\"BreadcrumbList\",\"@id\":\"https:\\\/\\\/iraurgiberritzen.eus\\\/es\\\/el-autoempleo-una-opcion-para-acceder-al-mercado-laboral-en-el-ambito-de-la-construccion\\\/#breadcrumb\",\"itemListElement\":[{\"@type\":\"ListItem\",\"position\":1,\"name\":\"Home\",\"item\":\"https:\\\/\\\/iraurgiberritzen.eus\\\/es\\\/\"},{\"@type\":\"ListItem\",\"position\":2,\"name\":\"El autoempleo una opci\u00f3n para acceder al mercado laboral en el \u00e1mbito de la Construcci\u00f3n\"}]},{\"@type\":\"WebSite\",\"@id\":\"https:\\\/\\\/iraurgiberritzen.eus\\\/es\\\/#website\",\"url\":\"https:\\\/\\\/iraurgiberritzen.eus\\\/es\\\/\",\"name\":\"Iraurgi Berritzen\",\"description\":\"Urola Erdiko Garapen Agentzia\",\"publisher\":{\"@id\":\"https:\\\/\\\/iraurgiberritzen.eus\\\/es\\\/#organization\"},\"potentialAction\":[{\"@type\":\"SearchAction\",\"target\":{\"@type\":\"EntryPoint\",\"urlTemplate\":\"https:\\\/\\\/iraurgiberritzen.eus\\\/es\\\/?s={search_term_string}\"},\"query-input\":{\"@type\":\"PropertyValueSpecification\",\"valueRequired\":true,\"valueName\":\"search_term_string\"}}],\"inLanguage\":\"es\"},{\"@type\":\"Organization\",\"@id\":\"https:\\\/\\\/iraurgiberritzen.eus\\\/es\\\/#organization\",\"name\":\"Iraurgi Berritzen\",\"url\":\"https:\\\/\\\/iraurgiberritzen.eus\\\/es\\\/\",\"logo\":{\"@type\":\"ImageObject\",\"inLanguage\":\"es\",\"@id\":\"https:\\\/\\\/iraurgiberritzen.eus\\\/es\\\/#\\\/schema\\\/logo\\\/image\\\/\",\"url\":\"https:\\\/\\\/iraurgiberritzen.eus\\\/wp-content\\\/uploads\\\/2024\\\/02\\\/IRAURGI-BERRITZEN-logotipoa_2.png\",\"contentUrl\":\"https:\\\/\\\/iraurgiberritzen.eus\\\/wp-content\\\/uploads\\\/2024\\\/02\\\/IRAURGI-BERRITZEN-logotipoa_2.png\",\"width\":496,\"height\":190,\"caption\":\"Iraurgi Berritzen\"},\"image\":{\"@id\":\"https:\\\/\\\/iraurgiberritzen.eus\\\/es\\\/#\\\/schema\\\/logo\\\/image\\\/\"}},{\"@type\":\"Person\",\"@id\":\"https:\\\/\\\/iraurgiberritzen.eus\\\/es\\\/#\\\/schema\\\/person\\\/5ab41aaf388a9097177601ebf45738d2\",\"name\":\"kudeatzailea\",\"sameAs\":[\"https:\\\/\\\/iraurgiberritzen.eus\"]}]}<\/script>\n<!-- \/ Yoast SEO plugin. -->","yoast_head_json":{"title":"El autoempleo una opci\u00f3n para acceder al mercado laboral en el \u00e1mbito de la Construcci\u00f3n - Iraurgi Berritzen","robots":{"index":"index","follow":"follow","max-snippet":"max-snippet:-1","max-image-preview":"max-image-preview:large","max-video-preview":"max-video-preview:-1"},"canonical":"https:\/\/iraurgiberritzen.eus\/es\/el-autoempleo-una-opcion-para-acceder-al-mercado-laboral-en-el-ambito-de-la-construccion\/","og_locale":"es_ES","og_type":"article","og_title":"El autoempleo una opci\u00f3n para acceder al mercado laboral en el \u00e1mbito de la Construcci\u00f3n - Iraurgi Berritzen","og_description":"Dentro del proyecto ElkarEkin, organizado por Iraurgi Berritzen y financiado por la Diputaci\u00f3n Foral de Gipuzkoa, se est\u00e1 ofreciendo un taller de construcci\u00f3n en Azpeitia, de la mano de Zabaltzen Sartu. Desde el \u00e1mbito de emprendizaje de Iraurgi Berritzen, el equipo t\u00e9cnico ha estado con las personas participantes, con el objetivo de visibilizar el autoempleo [&hellip;]","og_url":"https:\/\/iraurgiberritzen.eus\/es\/el-autoempleo-una-opcion-para-acceder-al-mercado-laboral-en-el-ambito-de-la-construccion\/","og_site_name":"Iraurgi Berritzen","article_published_time":"2023-05-22T09:49:13+00:00","author":"kudeatzailea","twitter_card":"summary_large_image","twitter_misc":{"Escrito por":"kudeatzailea","Tiempo de lectura":"1 minuto"},"schema":{"@context":"https:\/\/schema.org","@graph":[{"@type":"Article","@id":"https:\/\/iraurgiberritzen.eus\/es\/el-autoempleo-una-opcion-para-acceder-al-mercado-laboral-en-el-ambito-de-la-construccion\/#article","isPartOf":{"@id":"https:\/\/iraurgiberritzen.eus\/es\/el-autoempleo-una-opcion-para-acceder-al-mercado-laboral-en-el-ambito-de-la-construccion\/"},"author":{"name":"kudeatzailea","@id":"https:\/\/iraurgiberritzen.eus\/es\/#\/schema\/person\/5ab41aaf388a9097177601ebf45738d2"},"headline":"El autoempleo una opci\u00f3n para acceder al mercado laboral en el \u00e1mbito de la Construcci\u00f3n","datePublished":"2023-05-22T09:49:13+00:00","mainEntityOfPage":{"@id":"https:\/\/iraurgiberritzen.eus\/es\/el-autoempleo-una-opcion-para-acceder-al-mercado-laboral-en-el-ambito-de-la-construccion\/"},"wordCount":238,"publisher":{"@id":"https:\/\/iraurgiberritzen.eus\/es\/#organization"},"image":{"@id":"https:\/\/iraurgiberritzen.eus\/es\/el-autoempleo-una-opcion-para-acceder-al-mercado-laboral-en-el-ambito-de-la-construccion\/#primaryimage"},"thumbnailUrl":"https:\/\/iraurgiberritzen.eus\/wp-content\/uploads\/2023\/09\/20a12b3f495f4c872b2b108acea7b37f.jpg","articleSection":["Noticias"],"inLanguage":"es"},{"@type":"WebPage","@id":"https:\/\/iraurgiberritzen.eus\/es\/el-autoempleo-una-opcion-para-acceder-al-mercado-laboral-en-el-ambito-de-la-construccion\/","url":"https:\/\/iraurgiberritzen.eus\/es\/el-autoempleo-una-opcion-para-acceder-al-mercado-laboral-en-el-ambito-de-la-construccion\/","name":"El autoempleo una opci\u00f3n para acceder al mercado laboral en el \u00e1mbito de la Construcci\u00f3n - Iraurgi Berritzen","isPartOf":{"@id":"https:\/\/iraurgiberritzen.eus\/es\/#website"},"primaryImageOfPage":{"@id":"https:\/\/iraurgiberritzen.eus\/es\/el-autoempleo-una-opcion-para-acceder-al-mercado-laboral-en-el-ambito-de-la-construccion\/#primaryimage"},"image":{"@id":"https:\/\/iraurgiberritzen.eus\/es\/el-autoempleo-una-opcion-para-acceder-al-mercado-laboral-en-el-ambito-de-la-construccion\/#primaryimage"},"thumbnailUrl":"https:\/\/iraurgiberritzen.eus\/wp-content\/uploads\/2023\/09\/20a12b3f495f4c872b2b108acea7b37f.jpg","datePublished":"2023-05-22T09:49:13+00:00","breadcrumb":{"@id":"https:\/\/iraurgiberritzen.eus\/es\/el-autoempleo-una-opcion-para-acceder-al-mercado-laboral-en-el-ambito-de-la-construccion\/#breadcrumb"},"inLanguage":"es","potentialAction":[{"@type":"ReadAction","target":["https:\/\/iraurgiberritzen.eus\/es\/el-autoempleo-una-opcion-para-acceder-al-mercado-laboral-en-el-ambito-de-la-construccion\/"]}]},{"@type":"ImageObject","inLanguage":"es","@id":"https:\/\/iraurgiberritzen.eus\/es\/el-autoempleo-una-opcion-para-acceder-al-mercado-laboral-en-el-ambito-de-la-construccion\/#primaryimage","url":"https:\/\/iraurgiberritzen.eus\/wp-content\/uploads\/2023\/09\/20a12b3f495f4c872b2b108acea7b37f.jpg","contentUrl":"https:\/\/iraurgiberritzen.eus\/wp-content\/uploads\/2023\/09\/20a12b3f495f4c872b2b108acea7b37f.jpg","width":400,"height":257},{"@type":"BreadcrumbList","@id":"https:\/\/iraurgiberritzen.eus\/es\/el-autoempleo-una-opcion-para-acceder-al-mercado-laboral-en-el-ambito-de-la-construccion\/#breadcrumb","itemListElement":[{"@type":"ListItem","position":1,"name":"Home","item":"https:\/\/iraurgiberritzen.eus\/es\/"},{"@type":"ListItem","position":2,"name":"El autoempleo una opci\u00f3n para acceder al mercado laboral en el \u00e1mbito de la Construcci\u00f3n"}]},{"@type":"WebSite","@id":"https:\/\/iraurgiberritzen.eus\/es\/#website","url":"https:\/\/iraurgiberritzen.eus\/es\/","name":"Iraurgi Berritzen","description":"Urola Erdiko Garapen Agentzia","publisher":{"@id":"https:\/\/iraurgiberritzen.eus\/es\/#organization"},"potentialAction":[{"@type":"SearchAction","target":{"@type":"EntryPoint","urlTemplate":"https:\/\/iraurgiberritzen.eus\/es\/?s={search_term_string}"},"query-input":{"@type":"PropertyValueSpecification","valueRequired":true,"valueName":"search_term_string"}}],"inLanguage":"es"},{"@type":"Organization","@id":"https:\/\/iraurgiberritzen.eus\/es\/#organization","name":"Iraurgi Berritzen","url":"https:\/\/iraurgiberritzen.eus\/es\/","logo":{"@type":"ImageObject","inLanguage":"es","@id":"https:\/\/iraurgiberritzen.eus\/es\/#\/schema\/logo\/image\/","url":"https:\/\/iraurgiberritzen.eus\/wp-content\/uploads\/2024\/02\/IRAURGI-BERRITZEN-logotipoa_2.png","contentUrl":"https:\/\/iraurgiberritzen.eus\/wp-content\/uploads\/2024\/02\/IRAURGI-BERRITZEN-logotipoa_2.png","width":496,"height":190,"caption":"Iraurgi Berritzen"},"image":{"@id":"https:\/\/iraurgiberritzen.eus\/es\/#\/schema\/logo\/image\/"}},{"@type":"Person","@id":"https:\/\/iraurgiberritzen.eus\/es\/#\/schema\/person\/5ab41aaf388a9097177601ebf45738d2","name":"kudeatzailea","sameAs":["https:\/\/iraurgiberritzen.eus"]}]}},"_links":{"self":[{"href":"https:\/\/iraurgiberritzen.eus\/es\/wp-json\/wp\/v2\/posts\/14476","targetHints":{"allow":["GET"]}}],"collection":[{"href":"https:\/\/iraurgiberritzen.eus\/es\/wp-json\/wp\/v2\/posts"}],"about":[{"href":"https:\/\/iraurgiberritzen.eus\/es\/wp-json\/wp\/v2\/types\/post"}],"author":[{"embeddable":true,"href":"https:\/\/iraurgiberritzen.eus\/es\/wp-json\/wp\/v2\/users\/1"}],"replies":[{"embeddable":true,"href":"https:\/\/iraurgiberritzen.eus\/es\/wp-json\/wp\/v2\/comments?post=14476"}],"version-history":[{"count":0,"href":"https:\/\/iraurgiberritzen.eus\/es\/wp-json\/wp\/v2\/posts\/14476\/revisions"}],"wp:featuredmedia":[{"embeddable":true,"href":"https:\/\/iraurgiberritzen.eus\/es\/wp-json\/wp\/v2\/media\/17218"}],"wp:attachment":[{"href":"https:\/\/iraurgiberritzen.eus\/es\/wp-json\/wp\/v2\/media?parent=14476"}],"wp:term":[{"taxonomy":"category","embeddable":true,"href":"https:\/\/iraurgiberritzen.eus\/es\/wp-json\/wp\/v2\/categories?post=14476"},{"taxonomy":"post_tag","embeddable":true,"href":"https:\/\/iraurgiberritzen.eus\/es\/wp-json\/wp\/v2\/tags?post=14476"}],"curies":[{"name":"wp","href":"https:\/\/api.w.org\/{rel}","templated":true}]}}