{"id":14482,"date":"2023-05-25T11:00:51","date_gmt":"2023-05-25T09:00:51","guid":{"rendered":"https:\/\/iraurgiberritzen.eus\/dinamicas-de-trabajo-ib-harremanak-relacionando-centros-educativos-con-agentes\/"},"modified":"2023-05-25T11:00:51","modified_gmt":"2023-05-25T09:00:51","slug":"dinamicas-de-trabajo-ib-harremanak-relacionando-centros-educativos-con-agentes","status":"publish","type":"post","link":"https:\/\/iraurgiberritzen.eus\/es\/dinamicas-de-trabajo-ib-harremanak-relacionando-centros-educativos-con-agentes\/","title":{"rendered":"Dinamicas de trabajo IB HARREMANAK:  Relacionando centros educativos con agentes"},"content":{"rendered":"<p style=\"text-align: justify;\">Se han realizado <strong>5 din\u00e1micas de trabajo<\/strong>, en los 5 centros educativos en las que han participado un total de <strong>40 representantes de diferentes agentes que componen la comarca<\/strong> (empresa, empleo, comercio, sanidad, sector primario, emprendimiento, servicios sociales, cultura y comunicaci\u00f3n).<\/p>\n<p style=\"text-align: justify;\">Las dinamicas se engloban en el marco del \u00c1rea de Educaci\u00f3n de Iraurgi Berritzen, concretamente en el proyecto <strong>Ikastetxeak Saretzen<\/strong>, cuyo objetivo esta orientado a reforzar las relaciones entre los centros educativos y los diferentes agentes de la comarca,<\/p>\n<p style=\"text-align: justify;\">En este v\u00eddeo se resume el origen de este proyecto, sus objetivos, las conclusiones extra\u00eddas de las din\u00e1micas realizadas a lo largo del curso, as\u00ed como los principales retos de cara al futuro:<\/p>\n<div style=\"padding: 56.25% 0 0 0; position: relative;\"><iframe loading=\"lazy\" src=\"https:\/\/player.vimeo.com\/video\/829308087?h=9aa20cbea5&amp;badge=0&amp;autopause=0&amp;player_id=0&amp;app_id=58479\" width=\"560\" height=\"315\" style=\"position: absolute; top: 0; left: 0; width: 100%; height: 100%;\" title=\"Ikastetxeak Saretzen: IB Harremanak - Lan dinamikak\" allowfullscreen=\"allowfullscreen\" allow=\"autoplay; fullscreen; picture-in-picture\"><\/iframe><\/div>\n<p><script src=\"https:\/\/player.vimeo.com\/api\/player.js\" type=\"text\/javascript\"><\/script><\/p>\n","protected":false},"excerpt":{"rendered":"<p>Se han realizado 5 din\u00e1micas de trabajo, en los 5 centros educativos en las que han participado un total de 40 representantes de diferentes agentes que componen la comarca (empresa, empleo, comercio, sanidad, sector primario, emprendimiento, servicios sociales, cultura y comunicaci\u00f3n). Las dinamicas se engloban en el marco del \u00c1rea de Educaci\u00f3n de Iraurgi Berritzen, [&hellip;]<\/p>\n","protected":false},"author":1,"featured_media":17220,"comment_status":"","ping_status":"closed","sticky":false,"template":"","format":"standard","meta":{"_acf_changed":false,"footnotes":""},"categories":[4],"tags":[],"class_list":["post-14482","post","type-post","status-publish","format-standard","has-post-thumbnail","hentry","category-noticias"],"acf":[],"yoast_head":"<!-- This site is optimized with the Yoast SEO plugin v27.4 - https:\/\/yoast.com\/product\/yoast-seo-wordpress\/ -->\n<title>Dinamicas de trabajo IB HARREMANAK: Relacionando centros educativos con agentes - Iraurgi Berritzen<\/title>\n<meta name=\"robots\" content=\"index, follow, max-snippet:-1, max-image-preview:large, max-video-preview:-1\" \/>\n<link rel=\"canonical\" href=\"https:\/\/iraurgiberritzen.eus\/es\/dinamicas-de-trabajo-ib-harremanak-relacionando-centros-educativos-con-agentes\/\" \/>\n<meta property=\"og:locale\" content=\"es_ES\" \/>\n<meta property=\"og:type\" content=\"article\" \/>\n<meta property=\"og:title\" content=\"Dinamicas de trabajo IB HARREMANAK: Relacionando centros educativos con agentes - Iraurgi Berritzen\" \/>\n<meta property=\"og:description\" content=\"Se han realizado 5 din\u00e1micas de trabajo, en los 5 centros educativos en las que han participado un total de 40 representantes de diferentes agentes que componen la comarca (empresa, empleo, comercio, sanidad, sector primario, emprendimiento, servicios sociales, cultura y comunicaci\u00f3n). Las dinamicas se engloban en el marco del \u00c1rea de Educaci\u00f3n de Iraurgi Berritzen, [&hellip;]\" \/>\n<meta property=\"og:url\" content=\"https:\/\/iraurgiberritzen.eus\/es\/dinamicas-de-trabajo-ib-harremanak-relacionando-centros-educativos-con-agentes\/\" \/>\n<meta property=\"og:site_name\" content=\"Iraurgi Berritzen\" \/>\n<meta property=\"article:published_time\" content=\"2023-05-25T09:00:51+00:00\" \/>\n<meta name=\"author\" content=\"kudeatzailea\" \/>\n<meta name=\"twitter:card\" content=\"summary_large_image\" \/>\n<meta name=\"twitter:label1\" content=\"Escrito por\" \/>\n\t<meta name=\"twitter:data1\" content=\"kudeatzailea\" \/>\n\t<meta name=\"twitter:label2\" content=\"Tiempo de lectura\" \/>\n\t<meta name=\"twitter:data2\" content=\"1 minuto\" \/>\n<script type=\"application\/ld+json\" class=\"yoast-schema-graph\">{\"@context\":\"https:\\\/\\\/schema.org\",\"@graph\":[{\"@type\":\"Article\",\"@id\":\"https:\\\/\\\/iraurgiberritzen.eus\\\/es\\\/dinamicas-de-trabajo-ib-harremanak-relacionando-centros-educativos-con-agentes\\\/#article\",\"isPartOf\":{\"@id\":\"https:\\\/\\\/iraurgiberritzen.eus\\\/es\\\/dinamicas-de-trabajo-ib-harremanak-relacionando-centros-educativos-con-agentes\\\/\"},\"author\":{\"name\":\"kudeatzailea\",\"@id\":\"https:\\\/\\\/iraurgiberritzen.eus\\\/es\\\/#\\\/schema\\\/person\\\/5ab41aaf388a9097177601ebf45738d2\"},\"headline\":\"Dinamicas de trabajo IB HARREMANAK: Relacionando centros educativos con agentes\",\"datePublished\":\"2023-05-25T09:00:51+00:00\",\"mainEntityOfPage\":{\"@id\":\"https:\\\/\\\/iraurgiberritzen.eus\\\/es\\\/dinamicas-de-trabajo-ib-harremanak-relacionando-centros-educativos-con-agentes\\\/\"},\"wordCount\":126,\"publisher\":{\"@id\":\"https:\\\/\\\/iraurgiberritzen.eus\\\/es\\\/#organization\"},\"image\":{\"@id\":\"https:\\\/\\\/iraurgiberritzen.eus\\\/es\\\/dinamicas-de-trabajo-ib-harremanak-relacionando-centros-educativos-con-agentes\\\/#primaryimage\"},\"thumbnailUrl\":\"https:\\\/\\\/iraurgiberritzen.eus\\\/wp-content\\\/uploads\\\/2023\\\/09\\\/a39a5f0edcfb309f3f9932e4ec0845cb.jpg\",\"articleSection\":[\"Noticias\"],\"inLanguage\":\"es\"},{\"@type\":\"WebPage\",\"@id\":\"https:\\\/\\\/iraurgiberritzen.eus\\\/es\\\/dinamicas-de-trabajo-ib-harremanak-relacionando-centros-educativos-con-agentes\\\/\",\"url\":\"https:\\\/\\\/iraurgiberritzen.eus\\\/es\\\/dinamicas-de-trabajo-ib-harremanak-relacionando-centros-educativos-con-agentes\\\/\",\"name\":\"Dinamicas de trabajo IB HARREMANAK: Relacionando centros educativos con agentes - Iraurgi Berritzen\",\"isPartOf\":{\"@id\":\"https:\\\/\\\/iraurgiberritzen.eus\\\/es\\\/#website\"},\"primaryImageOfPage\":{\"@id\":\"https:\\\/\\\/iraurgiberritzen.eus\\\/es\\\/dinamicas-de-trabajo-ib-harremanak-relacionando-centros-educativos-con-agentes\\\/#primaryimage\"},\"image\":{\"@id\":\"https:\\\/\\\/iraurgiberritzen.eus\\\/es\\\/dinamicas-de-trabajo-ib-harremanak-relacionando-centros-educativos-con-agentes\\\/#primaryimage\"},\"thumbnailUrl\":\"https:\\\/\\\/iraurgiberritzen.eus\\\/wp-content\\\/uploads\\\/2023\\\/09\\\/a39a5f0edcfb309f3f9932e4ec0845cb.jpg\",\"datePublished\":\"2023-05-25T09:00:51+00:00\",\"breadcrumb\":{\"@id\":\"https:\\\/\\\/iraurgiberritzen.eus\\\/es\\\/dinamicas-de-trabajo-ib-harremanak-relacionando-centros-educativos-con-agentes\\\/#breadcrumb\"},\"inLanguage\":\"es\",\"potentialAction\":[{\"@type\":\"ReadAction\",\"target\":[\"https:\\\/\\\/iraurgiberritzen.eus\\\/es\\\/dinamicas-de-trabajo-ib-harremanak-relacionando-centros-educativos-con-agentes\\\/\"]}]},{\"@type\":\"ImageObject\",\"inLanguage\":\"es\",\"@id\":\"https:\\\/\\\/iraurgiberritzen.eus\\\/es\\\/dinamicas-de-trabajo-ib-harremanak-relacionando-centros-educativos-con-agentes\\\/#primaryimage\",\"url\":\"https:\\\/\\\/iraurgiberritzen.eus\\\/wp-content\\\/uploads\\\/2023\\\/09\\\/a39a5f0edcfb309f3f9932e4ec0845cb.jpg\",\"contentUrl\":\"https:\\\/\\\/iraurgiberritzen.eus\\\/wp-content\\\/uploads\\\/2023\\\/09\\\/a39a5f0edcfb309f3f9932e4ec0845cb.jpg\",\"width\":400,\"height\":257},{\"@type\":\"BreadcrumbList\",\"@id\":\"https:\\\/\\\/iraurgiberritzen.eus\\\/es\\\/dinamicas-de-trabajo-ib-harremanak-relacionando-centros-educativos-con-agentes\\\/#breadcrumb\",\"itemListElement\":[{\"@type\":\"ListItem\",\"position\":1,\"name\":\"Home\",\"item\":\"https:\\\/\\\/iraurgiberritzen.eus\\\/es\\\/\"},{\"@type\":\"ListItem\",\"position\":2,\"name\":\"Dinamicas de trabajo IB HARREMANAK: Relacionando centros educativos con agentes\"}]},{\"@type\":\"WebSite\",\"@id\":\"https:\\\/\\\/iraurgiberritzen.eus\\\/es\\\/#website\",\"url\":\"https:\\\/\\\/iraurgiberritzen.eus\\\/es\\\/\",\"name\":\"Iraurgi Berritzen\",\"description\":\"Urola Erdiko Garapen Agentzia\",\"publisher\":{\"@id\":\"https:\\\/\\\/iraurgiberritzen.eus\\\/es\\\/#organization\"},\"potentialAction\":[{\"@type\":\"SearchAction\",\"target\":{\"@type\":\"EntryPoint\",\"urlTemplate\":\"https:\\\/\\\/iraurgiberritzen.eus\\\/es\\\/?s={search_term_string}\"},\"query-input\":{\"@type\":\"PropertyValueSpecification\",\"valueRequired\":true,\"valueName\":\"search_term_string\"}}],\"inLanguage\":\"es\"},{\"@type\":\"Organization\",\"@id\":\"https:\\\/\\\/iraurgiberritzen.eus\\\/es\\\/#organization\",\"name\":\"Iraurgi Berritzen\",\"url\":\"https:\\\/\\\/iraurgiberritzen.eus\\\/es\\\/\",\"logo\":{\"@type\":\"ImageObject\",\"inLanguage\":\"es\",\"@id\":\"https:\\\/\\\/iraurgiberritzen.eus\\\/es\\\/#\\\/schema\\\/logo\\\/image\\\/\",\"url\":\"https:\\\/\\\/iraurgiberritzen.eus\\\/wp-content\\\/uploads\\\/2024\\\/02\\\/IRAURGI-BERRITZEN-logotipoa_2.png\",\"contentUrl\":\"https:\\\/\\\/iraurgiberritzen.eus\\\/wp-content\\\/uploads\\\/2024\\\/02\\\/IRAURGI-BERRITZEN-logotipoa_2.png\",\"width\":496,\"height\":190,\"caption\":\"Iraurgi Berritzen\"},\"image\":{\"@id\":\"https:\\\/\\\/iraurgiberritzen.eus\\\/es\\\/#\\\/schema\\\/logo\\\/image\\\/\"}},{\"@type\":\"Person\",\"@id\":\"https:\\\/\\\/iraurgiberritzen.eus\\\/es\\\/#\\\/schema\\\/person\\\/5ab41aaf388a9097177601ebf45738d2\",\"name\":\"kudeatzailea\",\"sameAs\":[\"https:\\\/\\\/iraurgiberritzen.eus\"]}]}<\/script>\n<!-- \/ Yoast SEO plugin. -->","yoast_head_json":{"title":"Dinamicas de trabajo IB HARREMANAK: Relacionando centros educativos con agentes - Iraurgi Berritzen","robots":{"index":"index","follow":"follow","max-snippet":"max-snippet:-1","max-image-preview":"max-image-preview:large","max-video-preview":"max-video-preview:-1"},"canonical":"https:\/\/iraurgiberritzen.eus\/es\/dinamicas-de-trabajo-ib-harremanak-relacionando-centros-educativos-con-agentes\/","og_locale":"es_ES","og_type":"article","og_title":"Dinamicas de trabajo IB HARREMANAK: Relacionando centros educativos con agentes - Iraurgi Berritzen","og_description":"Se han realizado 5 din\u00e1micas de trabajo, en los 5 centros educativos en las que han participado un total de 40 representantes de diferentes agentes que componen la comarca (empresa, empleo, comercio, sanidad, sector primario, emprendimiento, servicios sociales, cultura y comunicaci\u00f3n). Las dinamicas se engloban en el marco del \u00c1rea de Educaci\u00f3n de Iraurgi Berritzen, [&hellip;]","og_url":"https:\/\/iraurgiberritzen.eus\/es\/dinamicas-de-trabajo-ib-harremanak-relacionando-centros-educativos-con-agentes\/","og_site_name":"Iraurgi Berritzen","article_published_time":"2023-05-25T09:00:51+00:00","author":"kudeatzailea","twitter_card":"summary_large_image","twitter_misc":{"Escrito por":"kudeatzailea","Tiempo de lectura":"1 minuto"},"schema":{"@context":"https:\/\/schema.org","@graph":[{"@type":"Article","@id":"https:\/\/iraurgiberritzen.eus\/es\/dinamicas-de-trabajo-ib-harremanak-relacionando-centros-educativos-con-agentes\/#article","isPartOf":{"@id":"https:\/\/iraurgiberritzen.eus\/es\/dinamicas-de-trabajo-ib-harremanak-relacionando-centros-educativos-con-agentes\/"},"author":{"name":"kudeatzailea","@id":"https:\/\/iraurgiberritzen.eus\/es\/#\/schema\/person\/5ab41aaf388a9097177601ebf45738d2"},"headline":"Dinamicas de trabajo IB HARREMANAK: Relacionando centros educativos con agentes","datePublished":"2023-05-25T09:00:51+00:00","mainEntityOfPage":{"@id":"https:\/\/iraurgiberritzen.eus\/es\/dinamicas-de-trabajo-ib-harremanak-relacionando-centros-educativos-con-agentes\/"},"wordCount":126,"publisher":{"@id":"https:\/\/iraurgiberritzen.eus\/es\/#organization"},"image":{"@id":"https:\/\/iraurgiberritzen.eus\/es\/dinamicas-de-trabajo-ib-harremanak-relacionando-centros-educativos-con-agentes\/#primaryimage"},"thumbnailUrl":"https:\/\/iraurgiberritzen.eus\/wp-content\/uploads\/2023\/09\/a39a5f0edcfb309f3f9932e4ec0845cb.jpg","articleSection":["Noticias"],"inLanguage":"es"},{"@type":"WebPage","@id":"https:\/\/iraurgiberritzen.eus\/es\/dinamicas-de-trabajo-ib-harremanak-relacionando-centros-educativos-con-agentes\/","url":"https:\/\/iraurgiberritzen.eus\/es\/dinamicas-de-trabajo-ib-harremanak-relacionando-centros-educativos-con-agentes\/","name":"Dinamicas de trabajo IB HARREMANAK: Relacionando centros educativos con agentes - Iraurgi Berritzen","isPartOf":{"@id":"https:\/\/iraurgiberritzen.eus\/es\/#website"},"primaryImageOfPage":{"@id":"https:\/\/iraurgiberritzen.eus\/es\/dinamicas-de-trabajo-ib-harremanak-relacionando-centros-educativos-con-agentes\/#primaryimage"},"image":{"@id":"https:\/\/iraurgiberritzen.eus\/es\/dinamicas-de-trabajo-ib-harremanak-relacionando-centros-educativos-con-agentes\/#primaryimage"},"thumbnailUrl":"https:\/\/iraurgiberritzen.eus\/wp-content\/uploads\/2023\/09\/a39a5f0edcfb309f3f9932e4ec0845cb.jpg","datePublished":"2023-05-25T09:00:51+00:00","breadcrumb":{"@id":"https:\/\/iraurgiberritzen.eus\/es\/dinamicas-de-trabajo-ib-harremanak-relacionando-centros-educativos-con-agentes\/#breadcrumb"},"inLanguage":"es","potentialAction":[{"@type":"ReadAction","target":["https:\/\/iraurgiberritzen.eus\/es\/dinamicas-de-trabajo-ib-harremanak-relacionando-centros-educativos-con-agentes\/"]}]},{"@type":"ImageObject","inLanguage":"es","@id":"https:\/\/iraurgiberritzen.eus\/es\/dinamicas-de-trabajo-ib-harremanak-relacionando-centros-educativos-con-agentes\/#primaryimage","url":"https:\/\/iraurgiberritzen.eus\/wp-content\/uploads\/2023\/09\/a39a5f0edcfb309f3f9932e4ec0845cb.jpg","contentUrl":"https:\/\/iraurgiberritzen.eus\/wp-content\/uploads\/2023\/09\/a39a5f0edcfb309f3f9932e4ec0845cb.jpg","width":400,"height":257},{"@type":"BreadcrumbList","@id":"https:\/\/iraurgiberritzen.eus\/es\/dinamicas-de-trabajo-ib-harremanak-relacionando-centros-educativos-con-agentes\/#breadcrumb","itemListElement":[{"@type":"ListItem","position":1,"name":"Home","item":"https:\/\/iraurgiberritzen.eus\/es\/"},{"@type":"ListItem","position":2,"name":"Dinamicas de trabajo IB HARREMANAK: Relacionando centros educativos con agentes"}]},{"@type":"WebSite","@id":"https:\/\/iraurgiberritzen.eus\/es\/#website","url":"https:\/\/iraurgiberritzen.eus\/es\/","name":"Iraurgi Berritzen","description":"Urola Erdiko Garapen Agentzia","publisher":{"@id":"https:\/\/iraurgiberritzen.eus\/es\/#organization"},"potentialAction":[{"@type":"SearchAction","target":{"@type":"EntryPoint","urlTemplate":"https:\/\/iraurgiberritzen.eus\/es\/?s={search_term_string}"},"query-input":{"@type":"PropertyValueSpecification","valueRequired":true,"valueName":"search_term_string"}}],"inLanguage":"es"},{"@type":"Organization","@id":"https:\/\/iraurgiberritzen.eus\/es\/#organization","name":"Iraurgi Berritzen","url":"https:\/\/iraurgiberritzen.eus\/es\/","logo":{"@type":"ImageObject","inLanguage":"es","@id":"https:\/\/iraurgiberritzen.eus\/es\/#\/schema\/logo\/image\/","url":"https:\/\/iraurgiberritzen.eus\/wp-content\/uploads\/2024\/02\/IRAURGI-BERRITZEN-logotipoa_2.png","contentUrl":"https:\/\/iraurgiberritzen.eus\/wp-content\/uploads\/2024\/02\/IRAURGI-BERRITZEN-logotipoa_2.png","width":496,"height":190,"caption":"Iraurgi Berritzen"},"image":{"@id":"https:\/\/iraurgiberritzen.eus\/es\/#\/schema\/logo\/image\/"}},{"@type":"Person","@id":"https:\/\/iraurgiberritzen.eus\/es\/#\/schema\/person\/5ab41aaf388a9097177601ebf45738d2","name":"kudeatzailea","sameAs":["https:\/\/iraurgiberritzen.eus"]}]}},"_links":{"self":[{"href":"https:\/\/iraurgiberritzen.eus\/es\/wp-json\/wp\/v2\/posts\/14482","targetHints":{"allow":["GET"]}}],"collection":[{"href":"https:\/\/iraurgiberritzen.eus\/es\/wp-json\/wp\/v2\/posts"}],"about":[{"href":"https:\/\/iraurgiberritzen.eus\/es\/wp-json\/wp\/v2\/types\/post"}],"author":[{"embeddable":true,"href":"https:\/\/iraurgiberritzen.eus\/es\/wp-json\/wp\/v2\/users\/1"}],"replies":[{"embeddable":true,"href":"https:\/\/iraurgiberritzen.eus\/es\/wp-json\/wp\/v2\/comments?post=14482"}],"version-history":[{"count":0,"href":"https:\/\/iraurgiberritzen.eus\/es\/wp-json\/wp\/v2\/posts\/14482\/revisions"}],"wp:featuredmedia":[{"embeddable":true,"href":"https:\/\/iraurgiberritzen.eus\/es\/wp-json\/wp\/v2\/media\/17220"}],"wp:attachment":[{"href":"https:\/\/iraurgiberritzen.eus\/es\/wp-json\/wp\/v2\/media?parent=14482"}],"wp:term":[{"taxonomy":"category","embeddable":true,"href":"https:\/\/iraurgiberritzen.eus\/es\/wp-json\/wp\/v2\/categories?post=14482"},{"taxonomy":"post_tag","embeddable":true,"href":"https:\/\/iraurgiberritzen.eus\/es\/wp-json\/wp\/v2\/tags?post=14482"}],"curies":[{"name":"wp","href":"https:\/\/api.w.org\/{rel}","templated":true}]}}