{"id":14494,"date":"2023-06-01T08:11:58","date_gmt":"2023-06-01T06:11:58","guid":{"rendered":"https:\/\/iraurgiberritzen.eus\/resultados-definitivos-del-proceso-de-seleccion-para-el-puesto-de-tecnico-a-de-empresa-de-iraurgi-berritzen\/"},"modified":"2023-06-01T08:11:58","modified_gmt":"2023-06-01T06:11:58","slug":"resultados-definitivos-del-proceso-de-seleccion-para-el-puesto-de-tecnico-a-de-empresa-de-iraurgi-berritzen","status":"publish","type":"post","link":"https:\/\/iraurgiberritzen.eus\/es\/resultados-definitivos-del-proceso-de-seleccion-para-el-puesto-de-tecnico-a-de-empresa-de-iraurgi-berritzen\/","title":{"rendered":"Resultados definitivos del proceso de selecci\u00f3n para el puesto de T\u00e9cnico\/a de Empresa de Iraurgi Berritzen"},"content":{"rendered":"<p style=\"text-align: justify;\">Tras la publicaci\u00f3n de las puntuaciones provisionales de las <strong>Fases de Oposici\u00f3n y Concurso<\/strong> el 24 de Mayo de 2023, se estableci\u00f3 el 31 de Mayo como fecha l\u00edmite para la presentaci\u00f3n de reclamaciones, no habi\u00e9ndose presentado ninguna.<\/p>\n<p style=\"text-align: justify;\">En consecuencia, lo resuelto por el Tribunal Calificador el 1 de Junio de 2023 se encuentra disponible en el siguiente link: <a href=\"images\/iraurgiberritzen\/Lan_eskaintzak\/08._Hautaketa_Prozesua_Behin_BETIKOA_DEF.pdf\">Resultados definitivos del proceso de selecci\u00f3n<\/a>.<\/p>\n","protected":false},"excerpt":{"rendered":"<p>Tras la publicaci\u00f3n de las puntuaciones provisionales de las Fases de Oposici\u00f3n y Concurso el 24 de Mayo de 2023, se estableci\u00f3 el 31 de Mayo como fecha l\u00edmite para la presentaci\u00f3n de reclamaciones, no habi\u00e9ndose presentado ninguna. En consecuencia, lo resuelto por el Tribunal Calificador el 1 de Junio de 2023 se encuentra disponible [&hellip;]<\/p>\n","protected":false},"author":1,"featured_media":17204,"comment_status":"","ping_status":"closed","sticky":false,"template":"","format":"standard","meta":{"_acf_changed":false,"footnotes":""},"categories":[4],"tags":[],"class_list":["post-14494","post","type-post","status-publish","format-standard","has-post-thumbnail","hentry","category-noticias"],"acf":[],"yoast_head":"<!-- This site is optimized with the Yoast SEO plugin v27.4 - https:\/\/yoast.com\/product\/yoast-seo-wordpress\/ -->\n<title>Resultados definitivos del proceso de selecci\u00f3n para el puesto de T\u00e9cnico\/a de Empresa de Iraurgi Berritzen - Iraurgi Berritzen<\/title>\n<meta name=\"robots\" content=\"index, follow, max-snippet:-1, max-image-preview:large, max-video-preview:-1\" \/>\n<link rel=\"canonical\" href=\"https:\/\/iraurgiberritzen.eus\/es\/resultados-definitivos-del-proceso-de-seleccion-para-el-puesto-de-tecnico-a-de-empresa-de-iraurgi-berritzen\/\" \/>\n<meta property=\"og:locale\" content=\"es_ES\" \/>\n<meta property=\"og:type\" content=\"article\" \/>\n<meta property=\"og:title\" content=\"Resultados definitivos del proceso de selecci\u00f3n para el puesto de T\u00e9cnico\/a de Empresa de Iraurgi Berritzen - Iraurgi Berritzen\" \/>\n<meta property=\"og:description\" content=\"Tras la publicaci\u00f3n de las puntuaciones provisionales de las Fases de Oposici\u00f3n y Concurso el 24 de Mayo de 2023, se estableci\u00f3 el 31 de Mayo como fecha l\u00edmite para la presentaci\u00f3n de reclamaciones, no habi\u00e9ndose presentado ninguna. En consecuencia, lo resuelto por el Tribunal Calificador el 1 de Junio de 2023 se encuentra disponible [&hellip;]\" \/>\n<meta property=\"og:url\" content=\"https:\/\/iraurgiberritzen.eus\/es\/resultados-definitivos-del-proceso-de-seleccion-para-el-puesto-de-tecnico-a-de-empresa-de-iraurgi-berritzen\/\" \/>\n<meta property=\"og:site_name\" content=\"Iraurgi Berritzen\" \/>\n<meta property=\"article:published_time\" content=\"2023-06-01T06:11:58+00:00\" \/>\n<meta name=\"author\" content=\"kudeatzailea\" \/>\n<meta name=\"twitter:card\" content=\"summary_large_image\" \/>\n<meta name=\"twitter:label1\" content=\"Escrito por\" \/>\n\t<meta name=\"twitter:data1\" content=\"kudeatzailea\" \/>\n<script type=\"application\/ld+json\" class=\"yoast-schema-graph\">{\"@context\":\"https:\\\/\\\/schema.org\",\"@graph\":[{\"@type\":\"Article\",\"@id\":\"https:\\\/\\\/iraurgiberritzen.eus\\\/es\\\/resultados-definitivos-del-proceso-de-seleccion-para-el-puesto-de-tecnico-a-de-empresa-de-iraurgi-berritzen\\\/#article\",\"isPartOf\":{\"@id\":\"https:\\\/\\\/iraurgiberritzen.eus\\\/es\\\/resultados-definitivos-del-proceso-de-seleccion-para-el-puesto-de-tecnico-a-de-empresa-de-iraurgi-berritzen\\\/\"},\"author\":{\"name\":\"kudeatzailea\",\"@id\":\"https:\\\/\\\/iraurgiberritzen.eus\\\/es\\\/#\\\/schema\\\/person\\\/5ab41aaf388a9097177601ebf45738d2\"},\"headline\":\"Resultados definitivos del proceso de selecci\u00f3n para el puesto de T\u00e9cnico\\\/a de Empresa de Iraurgi Berritzen\",\"datePublished\":\"2023-06-01T06:11:58+00:00\",\"mainEntityOfPage\":{\"@id\":\"https:\\\/\\\/iraurgiberritzen.eus\\\/es\\\/resultados-definitivos-del-proceso-de-seleccion-para-el-puesto-de-tecnico-a-de-empresa-de-iraurgi-berritzen\\\/\"},\"wordCount\":85,\"publisher\":{\"@id\":\"https:\\\/\\\/iraurgiberritzen.eus\\\/es\\\/#organization\"},\"image\":{\"@id\":\"https:\\\/\\\/iraurgiberritzen.eus\\\/es\\\/resultados-definitivos-del-proceso-de-seleccion-para-el-puesto-de-tecnico-a-de-empresa-de-iraurgi-berritzen\\\/#primaryimage\"},\"thumbnailUrl\":\"https:\\\/\\\/iraurgiberritzen.eus\\\/wp-content\\\/uploads\\\/2023\\\/09\\\/56251faf6d61adc897c061a3c30ab153.jpg\",\"articleSection\":[\"Noticias\"],\"inLanguage\":\"es\"},{\"@type\":\"WebPage\",\"@id\":\"https:\\\/\\\/iraurgiberritzen.eus\\\/es\\\/resultados-definitivos-del-proceso-de-seleccion-para-el-puesto-de-tecnico-a-de-empresa-de-iraurgi-berritzen\\\/\",\"url\":\"https:\\\/\\\/iraurgiberritzen.eus\\\/es\\\/resultados-definitivos-del-proceso-de-seleccion-para-el-puesto-de-tecnico-a-de-empresa-de-iraurgi-berritzen\\\/\",\"name\":\"Resultados definitivos del proceso de selecci\u00f3n para el puesto de T\u00e9cnico\\\/a de Empresa de Iraurgi Berritzen - Iraurgi Berritzen\",\"isPartOf\":{\"@id\":\"https:\\\/\\\/iraurgiberritzen.eus\\\/es\\\/#website\"},\"primaryImageOfPage\":{\"@id\":\"https:\\\/\\\/iraurgiberritzen.eus\\\/es\\\/resultados-definitivos-del-proceso-de-seleccion-para-el-puesto-de-tecnico-a-de-empresa-de-iraurgi-berritzen\\\/#primaryimage\"},\"image\":{\"@id\":\"https:\\\/\\\/iraurgiberritzen.eus\\\/es\\\/resultados-definitivos-del-proceso-de-seleccion-para-el-puesto-de-tecnico-a-de-empresa-de-iraurgi-berritzen\\\/#primaryimage\"},\"thumbnailUrl\":\"https:\\\/\\\/iraurgiberritzen.eus\\\/wp-content\\\/uploads\\\/2023\\\/09\\\/56251faf6d61adc897c061a3c30ab153.jpg\",\"datePublished\":\"2023-06-01T06:11:58+00:00\",\"breadcrumb\":{\"@id\":\"https:\\\/\\\/iraurgiberritzen.eus\\\/es\\\/resultados-definitivos-del-proceso-de-seleccion-para-el-puesto-de-tecnico-a-de-empresa-de-iraurgi-berritzen\\\/#breadcrumb\"},\"inLanguage\":\"es\",\"potentialAction\":[{\"@type\":\"ReadAction\",\"target\":[\"https:\\\/\\\/iraurgiberritzen.eus\\\/es\\\/resultados-definitivos-del-proceso-de-seleccion-para-el-puesto-de-tecnico-a-de-empresa-de-iraurgi-berritzen\\\/\"]}]},{\"@type\":\"ImageObject\",\"inLanguage\":\"es\",\"@id\":\"https:\\\/\\\/iraurgiberritzen.eus\\\/es\\\/resultados-definitivos-del-proceso-de-seleccion-para-el-puesto-de-tecnico-a-de-empresa-de-iraurgi-berritzen\\\/#primaryimage\",\"url\":\"https:\\\/\\\/iraurgiberritzen.eus\\\/wp-content\\\/uploads\\\/2023\\\/09\\\/56251faf6d61adc897c061a3c30ab153.jpg\",\"contentUrl\":\"https:\\\/\\\/iraurgiberritzen.eus\\\/wp-content\\\/uploads\\\/2023\\\/09\\\/56251faf6d61adc897c061a3c30ab153.jpg\",\"width\":400,\"height\":257},{\"@type\":\"BreadcrumbList\",\"@id\":\"https:\\\/\\\/iraurgiberritzen.eus\\\/es\\\/resultados-definitivos-del-proceso-de-seleccion-para-el-puesto-de-tecnico-a-de-empresa-de-iraurgi-berritzen\\\/#breadcrumb\",\"itemListElement\":[{\"@type\":\"ListItem\",\"position\":1,\"name\":\"Home\",\"item\":\"https:\\\/\\\/iraurgiberritzen.eus\\\/es\\\/\"},{\"@type\":\"ListItem\",\"position\":2,\"name\":\"Resultados definitivos del proceso de selecci\u00f3n para el puesto de T\u00e9cnico\\\/a de Empresa de Iraurgi Berritzen\"}]},{\"@type\":\"WebSite\",\"@id\":\"https:\\\/\\\/iraurgiberritzen.eus\\\/es\\\/#website\",\"url\":\"https:\\\/\\\/iraurgiberritzen.eus\\\/es\\\/\",\"name\":\"Iraurgi Berritzen\",\"description\":\"Urola Erdiko Garapen Agentzia\",\"publisher\":{\"@id\":\"https:\\\/\\\/iraurgiberritzen.eus\\\/es\\\/#organization\"},\"potentialAction\":[{\"@type\":\"SearchAction\",\"target\":{\"@type\":\"EntryPoint\",\"urlTemplate\":\"https:\\\/\\\/iraurgiberritzen.eus\\\/es\\\/?s={search_term_string}\"},\"query-input\":{\"@type\":\"PropertyValueSpecification\",\"valueRequired\":true,\"valueName\":\"search_term_string\"}}],\"inLanguage\":\"es\"},{\"@type\":\"Organization\",\"@id\":\"https:\\\/\\\/iraurgiberritzen.eus\\\/es\\\/#organization\",\"name\":\"Iraurgi Berritzen\",\"url\":\"https:\\\/\\\/iraurgiberritzen.eus\\\/es\\\/\",\"logo\":{\"@type\":\"ImageObject\",\"inLanguage\":\"es\",\"@id\":\"https:\\\/\\\/iraurgiberritzen.eus\\\/es\\\/#\\\/schema\\\/logo\\\/image\\\/\",\"url\":\"https:\\\/\\\/iraurgiberritzen.eus\\\/wp-content\\\/uploads\\\/2024\\\/02\\\/IRAURGI-BERRITZEN-logotipoa_2.png\",\"contentUrl\":\"https:\\\/\\\/iraurgiberritzen.eus\\\/wp-content\\\/uploads\\\/2024\\\/02\\\/IRAURGI-BERRITZEN-logotipoa_2.png\",\"width\":496,\"height\":190,\"caption\":\"Iraurgi Berritzen\"},\"image\":{\"@id\":\"https:\\\/\\\/iraurgiberritzen.eus\\\/es\\\/#\\\/schema\\\/logo\\\/image\\\/\"}},{\"@type\":\"Person\",\"@id\":\"https:\\\/\\\/iraurgiberritzen.eus\\\/es\\\/#\\\/schema\\\/person\\\/5ab41aaf388a9097177601ebf45738d2\",\"name\":\"kudeatzailea\",\"sameAs\":[\"https:\\\/\\\/iraurgiberritzen.eus\"]}]}<\/script>\n<!-- \/ Yoast SEO plugin. -->","yoast_head_json":{"title":"Resultados definitivos del proceso de selecci\u00f3n para el puesto de T\u00e9cnico\/a de Empresa de Iraurgi Berritzen - Iraurgi Berritzen","robots":{"index":"index","follow":"follow","max-snippet":"max-snippet:-1","max-image-preview":"max-image-preview:large","max-video-preview":"max-video-preview:-1"},"canonical":"https:\/\/iraurgiberritzen.eus\/es\/resultados-definitivos-del-proceso-de-seleccion-para-el-puesto-de-tecnico-a-de-empresa-de-iraurgi-berritzen\/","og_locale":"es_ES","og_type":"article","og_title":"Resultados definitivos del proceso de selecci\u00f3n para el puesto de T\u00e9cnico\/a de Empresa de Iraurgi Berritzen - Iraurgi Berritzen","og_description":"Tras la publicaci\u00f3n de las puntuaciones provisionales de las Fases de Oposici\u00f3n y Concurso el 24 de Mayo de 2023, se estableci\u00f3 el 31 de Mayo como fecha l\u00edmite para la presentaci\u00f3n de reclamaciones, no habi\u00e9ndose presentado ninguna. En consecuencia, lo resuelto por el Tribunal Calificador el 1 de Junio de 2023 se encuentra disponible [&hellip;]","og_url":"https:\/\/iraurgiberritzen.eus\/es\/resultados-definitivos-del-proceso-de-seleccion-para-el-puesto-de-tecnico-a-de-empresa-de-iraurgi-berritzen\/","og_site_name":"Iraurgi Berritzen","article_published_time":"2023-06-01T06:11:58+00:00","author":"kudeatzailea","twitter_card":"summary_large_image","twitter_misc":{"Escrito por":"kudeatzailea"},"schema":{"@context":"https:\/\/schema.org","@graph":[{"@type":"Article","@id":"https:\/\/iraurgiberritzen.eus\/es\/resultados-definitivos-del-proceso-de-seleccion-para-el-puesto-de-tecnico-a-de-empresa-de-iraurgi-berritzen\/#article","isPartOf":{"@id":"https:\/\/iraurgiberritzen.eus\/es\/resultados-definitivos-del-proceso-de-seleccion-para-el-puesto-de-tecnico-a-de-empresa-de-iraurgi-berritzen\/"},"author":{"name":"kudeatzailea","@id":"https:\/\/iraurgiberritzen.eus\/es\/#\/schema\/person\/5ab41aaf388a9097177601ebf45738d2"},"headline":"Resultados definitivos del proceso de selecci\u00f3n para el puesto de T\u00e9cnico\/a de Empresa de Iraurgi Berritzen","datePublished":"2023-06-01T06:11:58+00:00","mainEntityOfPage":{"@id":"https:\/\/iraurgiberritzen.eus\/es\/resultados-definitivos-del-proceso-de-seleccion-para-el-puesto-de-tecnico-a-de-empresa-de-iraurgi-berritzen\/"},"wordCount":85,"publisher":{"@id":"https:\/\/iraurgiberritzen.eus\/es\/#organization"},"image":{"@id":"https:\/\/iraurgiberritzen.eus\/es\/resultados-definitivos-del-proceso-de-seleccion-para-el-puesto-de-tecnico-a-de-empresa-de-iraurgi-berritzen\/#primaryimage"},"thumbnailUrl":"https:\/\/iraurgiberritzen.eus\/wp-content\/uploads\/2023\/09\/56251faf6d61adc897c061a3c30ab153.jpg","articleSection":["Noticias"],"inLanguage":"es"},{"@type":"WebPage","@id":"https:\/\/iraurgiberritzen.eus\/es\/resultados-definitivos-del-proceso-de-seleccion-para-el-puesto-de-tecnico-a-de-empresa-de-iraurgi-berritzen\/","url":"https:\/\/iraurgiberritzen.eus\/es\/resultados-definitivos-del-proceso-de-seleccion-para-el-puesto-de-tecnico-a-de-empresa-de-iraurgi-berritzen\/","name":"Resultados definitivos del proceso de selecci\u00f3n para el puesto de T\u00e9cnico\/a de Empresa de Iraurgi Berritzen - Iraurgi Berritzen","isPartOf":{"@id":"https:\/\/iraurgiberritzen.eus\/es\/#website"},"primaryImageOfPage":{"@id":"https:\/\/iraurgiberritzen.eus\/es\/resultados-definitivos-del-proceso-de-seleccion-para-el-puesto-de-tecnico-a-de-empresa-de-iraurgi-berritzen\/#primaryimage"},"image":{"@id":"https:\/\/iraurgiberritzen.eus\/es\/resultados-definitivos-del-proceso-de-seleccion-para-el-puesto-de-tecnico-a-de-empresa-de-iraurgi-berritzen\/#primaryimage"},"thumbnailUrl":"https:\/\/iraurgiberritzen.eus\/wp-content\/uploads\/2023\/09\/56251faf6d61adc897c061a3c30ab153.jpg","datePublished":"2023-06-01T06:11:58+00:00","breadcrumb":{"@id":"https:\/\/iraurgiberritzen.eus\/es\/resultados-definitivos-del-proceso-de-seleccion-para-el-puesto-de-tecnico-a-de-empresa-de-iraurgi-berritzen\/#breadcrumb"},"inLanguage":"es","potentialAction":[{"@type":"ReadAction","target":["https:\/\/iraurgiberritzen.eus\/es\/resultados-definitivos-del-proceso-de-seleccion-para-el-puesto-de-tecnico-a-de-empresa-de-iraurgi-berritzen\/"]}]},{"@type":"ImageObject","inLanguage":"es","@id":"https:\/\/iraurgiberritzen.eus\/es\/resultados-definitivos-del-proceso-de-seleccion-para-el-puesto-de-tecnico-a-de-empresa-de-iraurgi-berritzen\/#primaryimage","url":"https:\/\/iraurgiberritzen.eus\/wp-content\/uploads\/2023\/09\/56251faf6d61adc897c061a3c30ab153.jpg","contentUrl":"https:\/\/iraurgiberritzen.eus\/wp-content\/uploads\/2023\/09\/56251faf6d61adc897c061a3c30ab153.jpg","width":400,"height":257},{"@type":"BreadcrumbList","@id":"https:\/\/iraurgiberritzen.eus\/es\/resultados-definitivos-del-proceso-de-seleccion-para-el-puesto-de-tecnico-a-de-empresa-de-iraurgi-berritzen\/#breadcrumb","itemListElement":[{"@type":"ListItem","position":1,"name":"Home","item":"https:\/\/iraurgiberritzen.eus\/es\/"},{"@type":"ListItem","position":2,"name":"Resultados definitivos del proceso de selecci\u00f3n para el puesto de T\u00e9cnico\/a de Empresa de Iraurgi Berritzen"}]},{"@type":"WebSite","@id":"https:\/\/iraurgiberritzen.eus\/es\/#website","url":"https:\/\/iraurgiberritzen.eus\/es\/","name":"Iraurgi Berritzen","description":"Urola Erdiko Garapen Agentzia","publisher":{"@id":"https:\/\/iraurgiberritzen.eus\/es\/#organization"},"potentialAction":[{"@type":"SearchAction","target":{"@type":"EntryPoint","urlTemplate":"https:\/\/iraurgiberritzen.eus\/es\/?s={search_term_string}"},"query-input":{"@type":"PropertyValueSpecification","valueRequired":true,"valueName":"search_term_string"}}],"inLanguage":"es"},{"@type":"Organization","@id":"https:\/\/iraurgiberritzen.eus\/es\/#organization","name":"Iraurgi Berritzen","url":"https:\/\/iraurgiberritzen.eus\/es\/","logo":{"@type":"ImageObject","inLanguage":"es","@id":"https:\/\/iraurgiberritzen.eus\/es\/#\/schema\/logo\/image\/","url":"https:\/\/iraurgiberritzen.eus\/wp-content\/uploads\/2024\/02\/IRAURGI-BERRITZEN-logotipoa_2.png","contentUrl":"https:\/\/iraurgiberritzen.eus\/wp-content\/uploads\/2024\/02\/IRAURGI-BERRITZEN-logotipoa_2.png","width":496,"height":190,"caption":"Iraurgi Berritzen"},"image":{"@id":"https:\/\/iraurgiberritzen.eus\/es\/#\/schema\/logo\/image\/"}},{"@type":"Person","@id":"https:\/\/iraurgiberritzen.eus\/es\/#\/schema\/person\/5ab41aaf388a9097177601ebf45738d2","name":"kudeatzailea","sameAs":["https:\/\/iraurgiberritzen.eus"]}]}},"_links":{"self":[{"href":"https:\/\/iraurgiberritzen.eus\/es\/wp-json\/wp\/v2\/posts\/14494","targetHints":{"allow":["GET"]}}],"collection":[{"href":"https:\/\/iraurgiberritzen.eus\/es\/wp-json\/wp\/v2\/posts"}],"about":[{"href":"https:\/\/iraurgiberritzen.eus\/es\/wp-json\/wp\/v2\/types\/post"}],"author":[{"embeddable":true,"href":"https:\/\/iraurgiberritzen.eus\/es\/wp-json\/wp\/v2\/users\/1"}],"replies":[{"embeddable":true,"href":"https:\/\/iraurgiberritzen.eus\/es\/wp-json\/wp\/v2\/comments?post=14494"}],"version-history":[{"count":0,"href":"https:\/\/iraurgiberritzen.eus\/es\/wp-json\/wp\/v2\/posts\/14494\/revisions"}],"wp:featuredmedia":[{"embeddable":true,"href":"https:\/\/iraurgiberritzen.eus\/es\/wp-json\/wp\/v2\/media\/17204"}],"wp:attachment":[{"href":"https:\/\/iraurgiberritzen.eus\/es\/wp-json\/wp\/v2\/media?parent=14494"}],"wp:term":[{"taxonomy":"category","embeddable":true,"href":"https:\/\/iraurgiberritzen.eus\/es\/wp-json\/wp\/v2\/categories?post=14494"},{"taxonomy":"post_tag","embeddable":true,"href":"https:\/\/iraurgiberritzen.eus\/es\/wp-json\/wp\/v2\/tags?post=14494"}],"curies":[{"name":"wp","href":"https:\/\/api.w.org\/{rel}","templated":true}]}}