{"id":14497,"date":"2023-06-01T10:02:57","date_gmt":"2023-06-01T08:02:57","guid":{"rendered":"https:\/\/iraurgiberritzen.eus\/el-desempleo-sigue-descendiendo-en-urola-erdia\/"},"modified":"2023-06-01T10:02:57","modified_gmt":"2023-06-01T08:02:57","slug":"el-desempleo-sigue-descendiendo-en-urola-erdia","status":"publish","type":"post","link":"https:\/\/iraurgiberritzen.eus\/es\/el-desempleo-sigue-descendiendo-en-urola-erdia\/","title":{"rendered":"El desempleo sigue descendiendo en Urola Erdia"},"content":{"rendered":"<p style=\"text-align: justify;\">En Urola Erdia, a finales de Abril de 2023, seg\u00fan el Servicio Vasco de Empleo Lanbide, se han contabilizado 1.171 personas en situaci\u00f3n de desempleo. Aunque aumenta ligeramente el n\u00famero de parados contabilizados entre Marzo y Abril, contin\u00faa la buena evoluci\u00f3n del \u00faltimo a\u00f1o. De hecho, en la comarca se han contabilizado 57 parados menos que a finales de abril del a\u00f1o pasado, un 4,6% menos.<\/p>\n<p style=\"text-align: justify;\">Seg\u00fan las estimaciones de Iraurgi Berritzen, el \u00edndice de desempleo de Urola Erdia se sit\u00faa a finales de Abril en el 7,4%. Por el contrario, el \u00edndice de desempleo de Gipuzkoa y la CAPV se sit\u00faa en el 8,1% y 10,1%, respectivamente, por encima en ambos casos del \u00edndice de Urola Erdia.<\/p>\n<p style=\"text-align: justify;\">Atendiendo al \u00edndice de desempleo seg\u00fan g\u00e9nero, el \u00edndice masculino es del 5,8% mientras que el \u00edndice femenino es del 9,2%. A finales de Abril, el \u00edndice de desempleo femenino es, por tanto, 3 puntos superior al masculino. En Gipuzkoa y la CAPV tambi\u00e9n se observa una brecha de alrededor de 3 puntos entre ambos g\u00e9neros.<\/p>\n<p style=\"text-align: justify;\"><span style=\"text-decoration: underline;\">Se registran diferentes evoluciones en los indicadores del Mercado de Trabajo<\/span><\/p>\n<p style=\"text-align: justify;\">En lo que respecta al \u00faltimo trimestre del a\u00f1o, se observan diferentes evoluciones en los diferentes indicadores del mercado laboral. Se pueden destacar, entre otros, los siguientes puntos:<\/p>\n<ul style=\"text-align: justify;\">\n<li style=\"text-align: justify;\">Se mantiene relativamente estable el n\u00famero de afiliaciones en Urola Erdia. No obstante, a finales de marzo se contabilizaron 13.117 afiliados en la comarca, un 0,3% menos que en el mismo mes del a\u00f1o pasado. En el mismo periodo, en Gipuzkoa y CAPV se registra un crecimiento del 1,2% y 1,4%.<\/li>\n<\/ul>\n<p style=\"padding-left: 30px; text-align: justify;\">Cabe destacar que, a finales de marzo, el 43,4% de los afiliados contabilizados en la comarca se destinaron a la industria. En el mismo mes se destina a este sector el 21,7% y 18,3%, respectivamente, de los afiliados a Gipuzkoa y a la CAPV.<\/p>\n<ul style=\"text-align: justify;\">\n<li>En cuanto a la evoluci\u00f3n de los contratos, en los 3 primeros meses de 2023 se han contabilizado 1.234 contratos en Urola Erdia, un 26,0% menos que en el mismo trimestre del a\u00f1o anterior. La mayor parte de los contratos se concentra en servicios, un 65,2% del total. Por otro lado, el 29,6% de los contratos registrados en el trimestre se han destinado al sector industrial. Asimismo, el 65,8% de los contratos contabilizados durante el primer trimestre han sido temporales.<\/li>\n<li>En cuanto a los Expedientes de Garant\u00eda de Ingresos (RGI), el n\u00famero de expedientes contabilizados en Urola Erdia ha crecido en el primer trimestre del a\u00f1o y se han contabilizado 10 expedientes m\u00e1s que en el mismo mes del a\u00f1o pasado, 559 expedientes en total.<\/li>\n<li>Para finalizar, en la comarca se han contabilizado 5 Expedientes de Regulaci\u00f3n Temporal de Empleo (ERTE) vigentes a finales de a\u00f1o. Estos expedientes afectan a un total de 111 trabajadores.<\/li>\n<\/ul>\n<p style=\"text-align: justify;\">Iraurgi Berritzen continuar\u00e1 en los pr\u00f3ximos meses analizando detenidamente los indicadores socioecon\u00f3micos de la comarca, con el objetivo de conocer en todo momento la evoluci\u00f3n del mercado de trabajo comarcal y adecuar las pol\u00edticas de promoci\u00f3n comarcal a las necesidades del momento.<\/p>\n<p style=\"text-align: center;\"><img loading=\"lazy\" decoding=\"async\" src=\"images\/LanMerkatua_2023_1H_V20230531.png\" alt=\"LanMerkatua_2023_1H_V20230531.png\" width=\"800\" height=\"1750\" \/><\/p>\n","protected":false},"excerpt":{"rendered":"<p>En Urola Erdia, a finales de Abril de 2023, seg\u00fan el Servicio Vasco de Empleo Lanbide, se han contabilizado 1.171 personas en situaci\u00f3n de desempleo. Aunque aumenta ligeramente el n\u00famero de parados contabilizados entre Marzo y Abril, contin\u00faa la buena evoluci\u00f3n del \u00faltimo a\u00f1o. De hecho, en la comarca se han contabilizado 57 parados menos [&hellip;]<\/p>\n","protected":false},"author":1,"featured_media":17205,"comment_status":"","ping_status":"closed","sticky":false,"template":"","format":"standard","meta":{"_acf_changed":false,"footnotes":""},"categories":[4],"tags":[],"class_list":["post-14497","post","type-post","status-publish","format-standard","has-post-thumbnail","hentry","category-noticias"],"acf":[],"yoast_head":"<!-- This site is optimized with the Yoast SEO plugin v27.4 - https:\/\/yoast.com\/product\/yoast-seo-wordpress\/ -->\n<title>El desempleo sigue descendiendo en Urola Erdia - Iraurgi Berritzen<\/title>\n<meta name=\"robots\" content=\"index, follow, max-snippet:-1, max-image-preview:large, max-video-preview:-1\" \/>\n<link rel=\"canonical\" href=\"https:\/\/iraurgiberritzen.eus\/es\/el-desempleo-sigue-descendiendo-en-urola-erdia\/\" \/>\n<meta property=\"og:locale\" content=\"es_ES\" \/>\n<meta property=\"og:type\" content=\"article\" \/>\n<meta property=\"og:title\" content=\"El desempleo sigue descendiendo en Urola Erdia - Iraurgi Berritzen\" \/>\n<meta property=\"og:description\" content=\"En Urola Erdia, a finales de Abril de 2023, seg\u00fan el Servicio Vasco de Empleo Lanbide, se han contabilizado 1.171 personas en situaci\u00f3n de desempleo. Aunque aumenta ligeramente el n\u00famero de parados contabilizados entre Marzo y Abril, contin\u00faa la buena evoluci\u00f3n del \u00faltimo a\u00f1o. De hecho, en la comarca se han contabilizado 57 parados menos [&hellip;]\" \/>\n<meta property=\"og:url\" content=\"https:\/\/iraurgiberritzen.eus\/es\/el-desempleo-sigue-descendiendo-en-urola-erdia\/\" \/>\n<meta property=\"og:site_name\" content=\"Iraurgi Berritzen\" \/>\n<meta property=\"article:published_time\" content=\"2023-06-01T08:02:57+00:00\" \/>\n<meta name=\"author\" content=\"kudeatzailea\" \/>\n<meta name=\"twitter:card\" content=\"summary_large_image\" \/>\n<meta name=\"twitter:label1\" content=\"Escrito por\" \/>\n\t<meta name=\"twitter:data1\" content=\"kudeatzailea\" \/>\n\t<meta name=\"twitter:label2\" content=\"Tiempo de lectura\" \/>\n\t<meta name=\"twitter:data2\" content=\"3 minutos\" \/>\n<script type=\"application\/ld+json\" class=\"yoast-schema-graph\">{\"@context\":\"https:\\\/\\\/schema.org\",\"@graph\":[{\"@type\":\"Article\",\"@id\":\"https:\\\/\\\/iraurgiberritzen.eus\\\/es\\\/el-desempleo-sigue-descendiendo-en-urola-erdia\\\/#article\",\"isPartOf\":{\"@id\":\"https:\\\/\\\/iraurgiberritzen.eus\\\/es\\\/el-desempleo-sigue-descendiendo-en-urola-erdia\\\/\"},\"author\":{\"name\":\"kudeatzailea\",\"@id\":\"https:\\\/\\\/iraurgiberritzen.eus\\\/es\\\/#\\\/schema\\\/person\\\/5ab41aaf388a9097177601ebf45738d2\"},\"headline\":\"El desempleo sigue descendiendo en Urola Erdia\",\"datePublished\":\"2023-06-01T08:02:57+00:00\",\"mainEntityOfPage\":{\"@id\":\"https:\\\/\\\/iraurgiberritzen.eus\\\/es\\\/el-desempleo-sigue-descendiendo-en-urola-erdia\\\/\"},\"wordCount\":514,\"publisher\":{\"@id\":\"https:\\\/\\\/iraurgiberritzen.eus\\\/es\\\/#organization\"},\"image\":{\"@id\":\"https:\\\/\\\/iraurgiberritzen.eus\\\/es\\\/el-desempleo-sigue-descendiendo-en-urola-erdia\\\/#primaryimage\"},\"thumbnailUrl\":\"https:\\\/\\\/iraurgiberritzen.eus\\\/wp-content\\\/uploads\\\/2023\\\/09\\\/44b8e294b797b5cf0e8d4bc59cfd40e3.jpg\",\"articleSection\":[\"Noticias\"],\"inLanguage\":\"es\"},{\"@type\":\"WebPage\",\"@id\":\"https:\\\/\\\/iraurgiberritzen.eus\\\/es\\\/el-desempleo-sigue-descendiendo-en-urola-erdia\\\/\",\"url\":\"https:\\\/\\\/iraurgiberritzen.eus\\\/es\\\/el-desempleo-sigue-descendiendo-en-urola-erdia\\\/\",\"name\":\"El desempleo sigue descendiendo en Urola Erdia - Iraurgi Berritzen\",\"isPartOf\":{\"@id\":\"https:\\\/\\\/iraurgiberritzen.eus\\\/es\\\/#website\"},\"primaryImageOfPage\":{\"@id\":\"https:\\\/\\\/iraurgiberritzen.eus\\\/es\\\/el-desempleo-sigue-descendiendo-en-urola-erdia\\\/#primaryimage\"},\"image\":{\"@id\":\"https:\\\/\\\/iraurgiberritzen.eus\\\/es\\\/el-desempleo-sigue-descendiendo-en-urola-erdia\\\/#primaryimage\"},\"thumbnailUrl\":\"https:\\\/\\\/iraurgiberritzen.eus\\\/wp-content\\\/uploads\\\/2023\\\/09\\\/44b8e294b797b5cf0e8d4bc59cfd40e3.jpg\",\"datePublished\":\"2023-06-01T08:02:57+00:00\",\"breadcrumb\":{\"@id\":\"https:\\\/\\\/iraurgiberritzen.eus\\\/es\\\/el-desempleo-sigue-descendiendo-en-urola-erdia\\\/#breadcrumb\"},\"inLanguage\":\"es\",\"potentialAction\":[{\"@type\":\"ReadAction\",\"target\":[\"https:\\\/\\\/iraurgiberritzen.eus\\\/es\\\/el-desempleo-sigue-descendiendo-en-urola-erdia\\\/\"]}]},{\"@type\":\"ImageObject\",\"inLanguage\":\"es\",\"@id\":\"https:\\\/\\\/iraurgiberritzen.eus\\\/es\\\/el-desempleo-sigue-descendiendo-en-urola-erdia\\\/#primaryimage\",\"url\":\"https:\\\/\\\/iraurgiberritzen.eus\\\/wp-content\\\/uploads\\\/2023\\\/09\\\/44b8e294b797b5cf0e8d4bc59cfd40e3.jpg\",\"contentUrl\":\"https:\\\/\\\/iraurgiberritzen.eus\\\/wp-content\\\/uploads\\\/2023\\\/09\\\/44b8e294b797b5cf0e8d4bc59cfd40e3.jpg\",\"width\":400,\"height\":259},{\"@type\":\"BreadcrumbList\",\"@id\":\"https:\\\/\\\/iraurgiberritzen.eus\\\/es\\\/el-desempleo-sigue-descendiendo-en-urola-erdia\\\/#breadcrumb\",\"itemListElement\":[{\"@type\":\"ListItem\",\"position\":1,\"name\":\"Home\",\"item\":\"https:\\\/\\\/iraurgiberritzen.eus\\\/es\\\/\"},{\"@type\":\"ListItem\",\"position\":2,\"name\":\"El desempleo sigue descendiendo en Urola Erdia\"}]},{\"@type\":\"WebSite\",\"@id\":\"https:\\\/\\\/iraurgiberritzen.eus\\\/es\\\/#website\",\"url\":\"https:\\\/\\\/iraurgiberritzen.eus\\\/es\\\/\",\"name\":\"Iraurgi Berritzen\",\"description\":\"Urola Erdiko Garapen Agentzia\",\"publisher\":{\"@id\":\"https:\\\/\\\/iraurgiberritzen.eus\\\/es\\\/#organization\"},\"potentialAction\":[{\"@type\":\"SearchAction\",\"target\":{\"@type\":\"EntryPoint\",\"urlTemplate\":\"https:\\\/\\\/iraurgiberritzen.eus\\\/es\\\/?s={search_term_string}\"},\"query-input\":{\"@type\":\"PropertyValueSpecification\",\"valueRequired\":true,\"valueName\":\"search_term_string\"}}],\"inLanguage\":\"es\"},{\"@type\":\"Organization\",\"@id\":\"https:\\\/\\\/iraurgiberritzen.eus\\\/es\\\/#organization\",\"name\":\"Iraurgi Berritzen\",\"url\":\"https:\\\/\\\/iraurgiberritzen.eus\\\/es\\\/\",\"logo\":{\"@type\":\"ImageObject\",\"inLanguage\":\"es\",\"@id\":\"https:\\\/\\\/iraurgiberritzen.eus\\\/es\\\/#\\\/schema\\\/logo\\\/image\\\/\",\"url\":\"https:\\\/\\\/iraurgiberritzen.eus\\\/wp-content\\\/uploads\\\/2024\\\/02\\\/IRAURGI-BERRITZEN-logotipoa_2.png\",\"contentUrl\":\"https:\\\/\\\/iraurgiberritzen.eus\\\/wp-content\\\/uploads\\\/2024\\\/02\\\/IRAURGI-BERRITZEN-logotipoa_2.png\",\"width\":496,\"height\":190,\"caption\":\"Iraurgi Berritzen\"},\"image\":{\"@id\":\"https:\\\/\\\/iraurgiberritzen.eus\\\/es\\\/#\\\/schema\\\/logo\\\/image\\\/\"}},{\"@type\":\"Person\",\"@id\":\"https:\\\/\\\/iraurgiberritzen.eus\\\/es\\\/#\\\/schema\\\/person\\\/5ab41aaf388a9097177601ebf45738d2\",\"name\":\"kudeatzailea\",\"sameAs\":[\"https:\\\/\\\/iraurgiberritzen.eus\"]}]}<\/script>\n<!-- \/ Yoast SEO plugin. -->","yoast_head_json":{"title":"El desempleo sigue descendiendo en Urola Erdia - Iraurgi Berritzen","robots":{"index":"index","follow":"follow","max-snippet":"max-snippet:-1","max-image-preview":"max-image-preview:large","max-video-preview":"max-video-preview:-1"},"canonical":"https:\/\/iraurgiberritzen.eus\/es\/el-desempleo-sigue-descendiendo-en-urola-erdia\/","og_locale":"es_ES","og_type":"article","og_title":"El desempleo sigue descendiendo en Urola Erdia - Iraurgi Berritzen","og_description":"En Urola Erdia, a finales de Abril de 2023, seg\u00fan el Servicio Vasco de Empleo Lanbide, se han contabilizado 1.171 personas en situaci\u00f3n de desempleo. Aunque aumenta ligeramente el n\u00famero de parados contabilizados entre Marzo y Abril, contin\u00faa la buena evoluci\u00f3n del \u00faltimo a\u00f1o. De hecho, en la comarca se han contabilizado 57 parados menos [&hellip;]","og_url":"https:\/\/iraurgiberritzen.eus\/es\/el-desempleo-sigue-descendiendo-en-urola-erdia\/","og_site_name":"Iraurgi Berritzen","article_published_time":"2023-06-01T08:02:57+00:00","author":"kudeatzailea","twitter_card":"summary_large_image","twitter_misc":{"Escrito por":"kudeatzailea","Tiempo de lectura":"3 minutos"},"schema":{"@context":"https:\/\/schema.org","@graph":[{"@type":"Article","@id":"https:\/\/iraurgiberritzen.eus\/es\/el-desempleo-sigue-descendiendo-en-urola-erdia\/#article","isPartOf":{"@id":"https:\/\/iraurgiberritzen.eus\/es\/el-desempleo-sigue-descendiendo-en-urola-erdia\/"},"author":{"name":"kudeatzailea","@id":"https:\/\/iraurgiberritzen.eus\/es\/#\/schema\/person\/5ab41aaf388a9097177601ebf45738d2"},"headline":"El desempleo sigue descendiendo en Urola Erdia","datePublished":"2023-06-01T08:02:57+00:00","mainEntityOfPage":{"@id":"https:\/\/iraurgiberritzen.eus\/es\/el-desempleo-sigue-descendiendo-en-urola-erdia\/"},"wordCount":514,"publisher":{"@id":"https:\/\/iraurgiberritzen.eus\/es\/#organization"},"image":{"@id":"https:\/\/iraurgiberritzen.eus\/es\/el-desempleo-sigue-descendiendo-en-urola-erdia\/#primaryimage"},"thumbnailUrl":"https:\/\/iraurgiberritzen.eus\/wp-content\/uploads\/2023\/09\/44b8e294b797b5cf0e8d4bc59cfd40e3.jpg","articleSection":["Noticias"],"inLanguage":"es"},{"@type":"WebPage","@id":"https:\/\/iraurgiberritzen.eus\/es\/el-desempleo-sigue-descendiendo-en-urola-erdia\/","url":"https:\/\/iraurgiberritzen.eus\/es\/el-desempleo-sigue-descendiendo-en-urola-erdia\/","name":"El desempleo sigue descendiendo en Urola Erdia - Iraurgi Berritzen","isPartOf":{"@id":"https:\/\/iraurgiberritzen.eus\/es\/#website"},"primaryImageOfPage":{"@id":"https:\/\/iraurgiberritzen.eus\/es\/el-desempleo-sigue-descendiendo-en-urola-erdia\/#primaryimage"},"image":{"@id":"https:\/\/iraurgiberritzen.eus\/es\/el-desempleo-sigue-descendiendo-en-urola-erdia\/#primaryimage"},"thumbnailUrl":"https:\/\/iraurgiberritzen.eus\/wp-content\/uploads\/2023\/09\/44b8e294b797b5cf0e8d4bc59cfd40e3.jpg","datePublished":"2023-06-01T08:02:57+00:00","breadcrumb":{"@id":"https:\/\/iraurgiberritzen.eus\/es\/el-desempleo-sigue-descendiendo-en-urola-erdia\/#breadcrumb"},"inLanguage":"es","potentialAction":[{"@type":"ReadAction","target":["https:\/\/iraurgiberritzen.eus\/es\/el-desempleo-sigue-descendiendo-en-urola-erdia\/"]}]},{"@type":"ImageObject","inLanguage":"es","@id":"https:\/\/iraurgiberritzen.eus\/es\/el-desempleo-sigue-descendiendo-en-urola-erdia\/#primaryimage","url":"https:\/\/iraurgiberritzen.eus\/wp-content\/uploads\/2023\/09\/44b8e294b797b5cf0e8d4bc59cfd40e3.jpg","contentUrl":"https:\/\/iraurgiberritzen.eus\/wp-content\/uploads\/2023\/09\/44b8e294b797b5cf0e8d4bc59cfd40e3.jpg","width":400,"height":259},{"@type":"BreadcrumbList","@id":"https:\/\/iraurgiberritzen.eus\/es\/el-desempleo-sigue-descendiendo-en-urola-erdia\/#breadcrumb","itemListElement":[{"@type":"ListItem","position":1,"name":"Home","item":"https:\/\/iraurgiberritzen.eus\/es\/"},{"@type":"ListItem","position":2,"name":"El desempleo sigue descendiendo en Urola Erdia"}]},{"@type":"WebSite","@id":"https:\/\/iraurgiberritzen.eus\/es\/#website","url":"https:\/\/iraurgiberritzen.eus\/es\/","name":"Iraurgi Berritzen","description":"Urola Erdiko Garapen Agentzia","publisher":{"@id":"https:\/\/iraurgiberritzen.eus\/es\/#organization"},"potentialAction":[{"@type":"SearchAction","target":{"@type":"EntryPoint","urlTemplate":"https:\/\/iraurgiberritzen.eus\/es\/?s={search_term_string}"},"query-input":{"@type":"PropertyValueSpecification","valueRequired":true,"valueName":"search_term_string"}}],"inLanguage":"es"},{"@type":"Organization","@id":"https:\/\/iraurgiberritzen.eus\/es\/#organization","name":"Iraurgi Berritzen","url":"https:\/\/iraurgiberritzen.eus\/es\/","logo":{"@type":"ImageObject","inLanguage":"es","@id":"https:\/\/iraurgiberritzen.eus\/es\/#\/schema\/logo\/image\/","url":"https:\/\/iraurgiberritzen.eus\/wp-content\/uploads\/2024\/02\/IRAURGI-BERRITZEN-logotipoa_2.png","contentUrl":"https:\/\/iraurgiberritzen.eus\/wp-content\/uploads\/2024\/02\/IRAURGI-BERRITZEN-logotipoa_2.png","width":496,"height":190,"caption":"Iraurgi Berritzen"},"image":{"@id":"https:\/\/iraurgiberritzen.eus\/es\/#\/schema\/logo\/image\/"}},{"@type":"Person","@id":"https:\/\/iraurgiberritzen.eus\/es\/#\/schema\/person\/5ab41aaf388a9097177601ebf45738d2","name":"kudeatzailea","sameAs":["https:\/\/iraurgiberritzen.eus"]}]}},"_links":{"self":[{"href":"https:\/\/iraurgiberritzen.eus\/es\/wp-json\/wp\/v2\/posts\/14497","targetHints":{"allow":["GET"]}}],"collection":[{"href":"https:\/\/iraurgiberritzen.eus\/es\/wp-json\/wp\/v2\/posts"}],"about":[{"href":"https:\/\/iraurgiberritzen.eus\/es\/wp-json\/wp\/v2\/types\/post"}],"author":[{"embeddable":true,"href":"https:\/\/iraurgiberritzen.eus\/es\/wp-json\/wp\/v2\/users\/1"}],"replies":[{"embeddable":true,"href":"https:\/\/iraurgiberritzen.eus\/es\/wp-json\/wp\/v2\/comments?post=14497"}],"version-history":[{"count":0,"href":"https:\/\/iraurgiberritzen.eus\/es\/wp-json\/wp\/v2\/posts\/14497\/revisions"}],"wp:featuredmedia":[{"embeddable":true,"href":"https:\/\/iraurgiberritzen.eus\/es\/wp-json\/wp\/v2\/media\/17205"}],"wp:attachment":[{"href":"https:\/\/iraurgiberritzen.eus\/es\/wp-json\/wp\/v2\/media?parent=14497"}],"wp:term":[{"taxonomy":"category","embeddable":true,"href":"https:\/\/iraurgiberritzen.eus\/es\/wp-json\/wp\/v2\/categories?post=14497"},{"taxonomy":"post_tag","embeddable":true,"href":"https:\/\/iraurgiberritzen.eus\/es\/wp-json\/wp\/v2\/tags?post=14497"}],"curies":[{"name":"wp","href":"https:\/\/api.w.org\/{rel}","templated":true}]}}