{"id":14506,"date":"2023-06-06T06:19:32","date_gmt":"2023-06-06T04:19:32","guid":{"rendered":"https:\/\/iraurgiberritzen.eus\/activadas-ls-subvenciones-dirigidas-a-personas-emprendedoras-que-han-puesto-en-marcha-nuevos-negocios\/"},"modified":"2023-06-06T06:19:32","modified_gmt":"2023-06-06T04:19:32","slug":"activadas-ls-subvenciones-dirigidas-a-personas-emprendedoras-que-han-puesto-en-marcha-nuevos-negocios","status":"publish","type":"post","link":"https:\/\/iraurgiberritzen.eus\/es\/activadas-ls-subvenciones-dirigidas-a-personas-emprendedoras-que-han-puesto-en-marcha-nuevos-negocios\/","title":{"rendered":"Activadas ls subvenciones dirigidas a personas emprendedoras que han puesto en marcha nuevos negocios"},"content":{"rendered":"<p style=\"text-align: justify;\">Lanbide-Servicio Vasco de Empleo, ha publicado la convocatoria de ayudas de apoyo a las personas emprendedoras para el ejercicio 2023. El objeto de la subvenci\u00f3n es apoyar a las personas emprendedoras que han abierto su centro de trabajo en la Comunidad Aut\u00f3noma del Pa\u00eds Vasco en dos \u00e1mbitos:<\/p>\n<p style=\"text-align: justify;\">SUBVENCION PARA LA INVERSI\u00d3N <\/p>\n<p>Por un lado, se subvencionar\u00e1n las inversiones realizadas a partir del 1 de enero de 2023. Para ello, la persona emprendedora deber\u00e1 realizar una inversi\u00f3n m\u00ednima de 5.000 \u20ac (IVA no incluido) para poder acceder a la ayuda de 3.500 \u20ac. Esta cuant\u00eda se ver\u00e1 incrementada en un 15 % si la persona promotora es mayor de 18 a\u00f1os y menor de 30 a\u00f1os, en el momento de iniciar el proceso de acompa\u00f1amiento y en otro 15 % adicional en el caso de que sea mujer.<\/p>\n<p style=\"text-align: justify;\">SUBVENCION PARA LOS GASTOS <\/p>\n<p>Por otro lado, habr\u00e1 ayudas para el pago de cuotas de aut\u00f3nomos de la Seguridad Social, gastos de asesoramiento, publicidad, alquiler, etc. Para ser beneficiario de la subvenci\u00f3n, la persona emprendedora deber\u00e1 constituir una nueva empresa entre el 1 de noviembre de 2022 y el 30 de octubre de 2023. Se conceder\u00e1 una ayuda m\u00e1xima de 2.500 \u20ac y esta cuant\u00eda se ver\u00e1 incrementada en un 15 % si la persona promotora es mayor de 18 a\u00f1os y menor de 30 a\u00f1os, en el momento de iniciar el proceso de acompa\u00f1amiento y en otro 15 % adicional en el caso de que sea mujer.<\/p>\n<p style=\"text-align: justify;\">Ambas subvenciones son compatibles entre s\u00ed y las personas beneficiarias podr\u00e1n presentar sus solicitudes hasta el 30 de octubre. Estas subvenciones est\u00e1n dirigidas a empresarios\/as, profesionales individuales y miembros de comunidades de bienes y sociedades civiles. <\/p>\n<p>Para m\u00e1s informaci\u00f3n contactar con el \u00e1rea de emprendimiento de Iraurgi Berritzen, Alazne Larra\u00f1aga 688 71 87 77 y Ione Eizagirre 688 601 299.<\/p>\n","protected":false},"excerpt":{"rendered":"<p>Lanbide-Servicio Vasco de Empleo, ha publicado la convocatoria de ayudas de apoyo a las personas emprendedoras para el ejercicio 2023. El objeto de la subvenci\u00f3n es apoyar a las personas emprendedoras que han abierto su centro de trabajo en la Comunidad Aut\u00f3noma del Pa\u00eds Vasco en dos \u00e1mbitos: SUBVENCION PARA LA INVERSI\u00d3N Por un lado, [&hellip;]<\/p>\n","protected":false},"author":1,"featured_media":17208,"comment_status":"","ping_status":"closed","sticky":false,"template":"","format":"standard","meta":{"_acf_changed":false,"footnotes":""},"categories":[4],"tags":[],"class_list":["post-14506","post","type-post","status-publish","format-standard","has-post-thumbnail","hentry","category-noticias"],"acf":[],"yoast_head":"<!-- This site is optimized with the Yoast SEO plugin v27.4 - https:\/\/yoast.com\/product\/yoast-seo-wordpress\/ -->\n<title>Activadas ls subvenciones dirigidas a personas emprendedoras que han puesto en marcha nuevos negocios - Iraurgi Berritzen<\/title>\n<meta name=\"robots\" content=\"index, follow, max-snippet:-1, max-image-preview:large, max-video-preview:-1\" \/>\n<link rel=\"canonical\" href=\"https:\/\/iraurgiberritzen.eus\/es\/activadas-ls-subvenciones-dirigidas-a-personas-emprendedoras-que-han-puesto-en-marcha-nuevos-negocios\/\" \/>\n<meta property=\"og:locale\" content=\"es_ES\" \/>\n<meta property=\"og:type\" content=\"article\" \/>\n<meta property=\"og:title\" content=\"Activadas ls subvenciones dirigidas a personas emprendedoras que han puesto en marcha nuevos negocios - Iraurgi Berritzen\" \/>\n<meta property=\"og:description\" content=\"Lanbide-Servicio Vasco de Empleo, ha publicado la convocatoria de ayudas de apoyo a las personas emprendedoras para el ejercicio 2023. El objeto de la subvenci\u00f3n es apoyar a las personas emprendedoras que han abierto su centro de trabajo en la Comunidad Aut\u00f3noma del Pa\u00eds Vasco en dos \u00e1mbitos: SUBVENCION PARA LA INVERSI\u00d3N Por un lado, [&hellip;]\" \/>\n<meta property=\"og:url\" content=\"https:\/\/iraurgiberritzen.eus\/es\/activadas-ls-subvenciones-dirigidas-a-personas-emprendedoras-que-han-puesto-en-marcha-nuevos-negocios\/\" \/>\n<meta property=\"og:site_name\" content=\"Iraurgi Berritzen\" \/>\n<meta property=\"article:published_time\" content=\"2023-06-06T04:19:32+00:00\" \/>\n<meta name=\"author\" content=\"kudeatzailea\" \/>\n<meta name=\"twitter:card\" content=\"summary_large_image\" \/>\n<meta name=\"twitter:label1\" content=\"Escrito por\" \/>\n\t<meta name=\"twitter:data1\" content=\"kudeatzailea\" \/>\n\t<meta name=\"twitter:label2\" content=\"Tiempo de lectura\" \/>\n\t<meta name=\"twitter:data2\" content=\"1 minuto\" \/>\n<script type=\"application\/ld+json\" class=\"yoast-schema-graph\">{\"@context\":\"https:\\\/\\\/schema.org\",\"@graph\":[{\"@type\":\"Article\",\"@id\":\"https:\\\/\\\/iraurgiberritzen.eus\\\/es\\\/activadas-ls-subvenciones-dirigidas-a-personas-emprendedoras-que-han-puesto-en-marcha-nuevos-negocios\\\/#article\",\"isPartOf\":{\"@id\":\"https:\\\/\\\/iraurgiberritzen.eus\\\/es\\\/activadas-ls-subvenciones-dirigidas-a-personas-emprendedoras-que-han-puesto-en-marcha-nuevos-negocios\\\/\"},\"author\":{\"name\":\"kudeatzailea\",\"@id\":\"https:\\\/\\\/iraurgiberritzen.eus\\\/es\\\/#\\\/schema\\\/person\\\/5ab41aaf388a9097177601ebf45738d2\"},\"headline\":\"Activadas ls subvenciones dirigidas a personas emprendedoras que han puesto en marcha nuevos negocios\",\"datePublished\":\"2023-06-06T04:19:32+00:00\",\"mainEntityOfPage\":{\"@id\":\"https:\\\/\\\/iraurgiberritzen.eus\\\/es\\\/activadas-ls-subvenciones-dirigidas-a-personas-emprendedoras-que-han-puesto-en-marcha-nuevos-negocios\\\/\"},\"wordCount\":311,\"publisher\":{\"@id\":\"https:\\\/\\\/iraurgiberritzen.eus\\\/es\\\/#organization\"},\"image\":{\"@id\":\"https:\\\/\\\/iraurgiberritzen.eus\\\/es\\\/activadas-ls-subvenciones-dirigidas-a-personas-emprendedoras-que-han-puesto-en-marcha-nuevos-negocios\\\/#primaryimage\"},\"thumbnailUrl\":\"https:\\\/\\\/iraurgiberritzen.eus\\\/wp-content\\\/uploads\\\/2023\\\/09\\\/f45d655575e97f094813cafeb5b8ded9.jpg\",\"articleSection\":[\"Noticias\"],\"inLanguage\":\"es\"},{\"@type\":\"WebPage\",\"@id\":\"https:\\\/\\\/iraurgiberritzen.eus\\\/es\\\/activadas-ls-subvenciones-dirigidas-a-personas-emprendedoras-que-han-puesto-en-marcha-nuevos-negocios\\\/\",\"url\":\"https:\\\/\\\/iraurgiberritzen.eus\\\/es\\\/activadas-ls-subvenciones-dirigidas-a-personas-emprendedoras-que-han-puesto-en-marcha-nuevos-negocios\\\/\",\"name\":\"Activadas ls subvenciones dirigidas a personas emprendedoras que han puesto en marcha nuevos negocios - Iraurgi Berritzen\",\"isPartOf\":{\"@id\":\"https:\\\/\\\/iraurgiberritzen.eus\\\/es\\\/#website\"},\"primaryImageOfPage\":{\"@id\":\"https:\\\/\\\/iraurgiberritzen.eus\\\/es\\\/activadas-ls-subvenciones-dirigidas-a-personas-emprendedoras-que-han-puesto-en-marcha-nuevos-negocios\\\/#primaryimage\"},\"image\":{\"@id\":\"https:\\\/\\\/iraurgiberritzen.eus\\\/es\\\/activadas-ls-subvenciones-dirigidas-a-personas-emprendedoras-que-han-puesto-en-marcha-nuevos-negocios\\\/#primaryimage\"},\"thumbnailUrl\":\"https:\\\/\\\/iraurgiberritzen.eus\\\/wp-content\\\/uploads\\\/2023\\\/09\\\/f45d655575e97f094813cafeb5b8ded9.jpg\",\"datePublished\":\"2023-06-06T04:19:32+00:00\",\"breadcrumb\":{\"@id\":\"https:\\\/\\\/iraurgiberritzen.eus\\\/es\\\/activadas-ls-subvenciones-dirigidas-a-personas-emprendedoras-que-han-puesto-en-marcha-nuevos-negocios\\\/#breadcrumb\"},\"inLanguage\":\"es\",\"potentialAction\":[{\"@type\":\"ReadAction\",\"target\":[\"https:\\\/\\\/iraurgiberritzen.eus\\\/es\\\/activadas-ls-subvenciones-dirigidas-a-personas-emprendedoras-que-han-puesto-en-marcha-nuevos-negocios\\\/\"]}]},{\"@type\":\"ImageObject\",\"inLanguage\":\"es\",\"@id\":\"https:\\\/\\\/iraurgiberritzen.eus\\\/es\\\/activadas-ls-subvenciones-dirigidas-a-personas-emprendedoras-que-han-puesto-en-marcha-nuevos-negocios\\\/#primaryimage\",\"url\":\"https:\\\/\\\/iraurgiberritzen.eus\\\/wp-content\\\/uploads\\\/2023\\\/09\\\/f45d655575e97f094813cafeb5b8ded9.jpg\",\"contentUrl\":\"https:\\\/\\\/iraurgiberritzen.eus\\\/wp-content\\\/uploads\\\/2023\\\/09\\\/f45d655575e97f094813cafeb5b8ded9.jpg\",\"width\":400,\"height\":257},{\"@type\":\"BreadcrumbList\",\"@id\":\"https:\\\/\\\/iraurgiberritzen.eus\\\/es\\\/activadas-ls-subvenciones-dirigidas-a-personas-emprendedoras-que-han-puesto-en-marcha-nuevos-negocios\\\/#breadcrumb\",\"itemListElement\":[{\"@type\":\"ListItem\",\"position\":1,\"name\":\"Home\",\"item\":\"https:\\\/\\\/iraurgiberritzen.eus\\\/es\\\/\"},{\"@type\":\"ListItem\",\"position\":2,\"name\":\"Activadas ls subvenciones dirigidas a personas emprendedoras que han puesto en marcha nuevos negocios\"}]},{\"@type\":\"WebSite\",\"@id\":\"https:\\\/\\\/iraurgiberritzen.eus\\\/es\\\/#website\",\"url\":\"https:\\\/\\\/iraurgiberritzen.eus\\\/es\\\/\",\"name\":\"Iraurgi Berritzen\",\"description\":\"Urola Erdiko Garapen Agentzia\",\"publisher\":{\"@id\":\"https:\\\/\\\/iraurgiberritzen.eus\\\/es\\\/#organization\"},\"potentialAction\":[{\"@type\":\"SearchAction\",\"target\":{\"@type\":\"EntryPoint\",\"urlTemplate\":\"https:\\\/\\\/iraurgiberritzen.eus\\\/es\\\/?s={search_term_string}\"},\"query-input\":{\"@type\":\"PropertyValueSpecification\",\"valueRequired\":true,\"valueName\":\"search_term_string\"}}],\"inLanguage\":\"es\"},{\"@type\":\"Organization\",\"@id\":\"https:\\\/\\\/iraurgiberritzen.eus\\\/es\\\/#organization\",\"name\":\"Iraurgi Berritzen\",\"url\":\"https:\\\/\\\/iraurgiberritzen.eus\\\/es\\\/\",\"logo\":{\"@type\":\"ImageObject\",\"inLanguage\":\"es\",\"@id\":\"https:\\\/\\\/iraurgiberritzen.eus\\\/es\\\/#\\\/schema\\\/logo\\\/image\\\/\",\"url\":\"https:\\\/\\\/iraurgiberritzen.eus\\\/wp-content\\\/uploads\\\/2024\\\/02\\\/IRAURGI-BERRITZEN-logotipoa_2.png\",\"contentUrl\":\"https:\\\/\\\/iraurgiberritzen.eus\\\/wp-content\\\/uploads\\\/2024\\\/02\\\/IRAURGI-BERRITZEN-logotipoa_2.png\",\"width\":496,\"height\":190,\"caption\":\"Iraurgi Berritzen\"},\"image\":{\"@id\":\"https:\\\/\\\/iraurgiberritzen.eus\\\/es\\\/#\\\/schema\\\/logo\\\/image\\\/\"}},{\"@type\":\"Person\",\"@id\":\"https:\\\/\\\/iraurgiberritzen.eus\\\/es\\\/#\\\/schema\\\/person\\\/5ab41aaf388a9097177601ebf45738d2\",\"name\":\"kudeatzailea\",\"sameAs\":[\"https:\\\/\\\/iraurgiberritzen.eus\"]}]}<\/script>\n<!-- \/ Yoast SEO plugin. -->","yoast_head_json":{"title":"Activadas ls subvenciones dirigidas a personas emprendedoras que han puesto en marcha nuevos negocios - Iraurgi Berritzen","robots":{"index":"index","follow":"follow","max-snippet":"max-snippet:-1","max-image-preview":"max-image-preview:large","max-video-preview":"max-video-preview:-1"},"canonical":"https:\/\/iraurgiberritzen.eus\/es\/activadas-ls-subvenciones-dirigidas-a-personas-emprendedoras-que-han-puesto-en-marcha-nuevos-negocios\/","og_locale":"es_ES","og_type":"article","og_title":"Activadas ls subvenciones dirigidas a personas emprendedoras que han puesto en marcha nuevos negocios - Iraurgi Berritzen","og_description":"Lanbide-Servicio Vasco de Empleo, ha publicado la convocatoria de ayudas de apoyo a las personas emprendedoras para el ejercicio 2023. El objeto de la subvenci\u00f3n es apoyar a las personas emprendedoras que han abierto su centro de trabajo en la Comunidad Aut\u00f3noma del Pa\u00eds Vasco en dos \u00e1mbitos: SUBVENCION PARA LA INVERSI\u00d3N Por un lado, [&hellip;]","og_url":"https:\/\/iraurgiberritzen.eus\/es\/activadas-ls-subvenciones-dirigidas-a-personas-emprendedoras-que-han-puesto-en-marcha-nuevos-negocios\/","og_site_name":"Iraurgi Berritzen","article_published_time":"2023-06-06T04:19:32+00:00","author":"kudeatzailea","twitter_card":"summary_large_image","twitter_misc":{"Escrito por":"kudeatzailea","Tiempo de lectura":"1 minuto"},"schema":{"@context":"https:\/\/schema.org","@graph":[{"@type":"Article","@id":"https:\/\/iraurgiberritzen.eus\/es\/activadas-ls-subvenciones-dirigidas-a-personas-emprendedoras-que-han-puesto-en-marcha-nuevos-negocios\/#article","isPartOf":{"@id":"https:\/\/iraurgiberritzen.eus\/es\/activadas-ls-subvenciones-dirigidas-a-personas-emprendedoras-que-han-puesto-en-marcha-nuevos-negocios\/"},"author":{"name":"kudeatzailea","@id":"https:\/\/iraurgiberritzen.eus\/es\/#\/schema\/person\/5ab41aaf388a9097177601ebf45738d2"},"headline":"Activadas ls subvenciones dirigidas a personas emprendedoras que han puesto en marcha nuevos negocios","datePublished":"2023-06-06T04:19:32+00:00","mainEntityOfPage":{"@id":"https:\/\/iraurgiberritzen.eus\/es\/activadas-ls-subvenciones-dirigidas-a-personas-emprendedoras-que-han-puesto-en-marcha-nuevos-negocios\/"},"wordCount":311,"publisher":{"@id":"https:\/\/iraurgiberritzen.eus\/es\/#organization"},"image":{"@id":"https:\/\/iraurgiberritzen.eus\/es\/activadas-ls-subvenciones-dirigidas-a-personas-emprendedoras-que-han-puesto-en-marcha-nuevos-negocios\/#primaryimage"},"thumbnailUrl":"https:\/\/iraurgiberritzen.eus\/wp-content\/uploads\/2023\/09\/f45d655575e97f094813cafeb5b8ded9.jpg","articleSection":["Noticias"],"inLanguage":"es"},{"@type":"WebPage","@id":"https:\/\/iraurgiberritzen.eus\/es\/activadas-ls-subvenciones-dirigidas-a-personas-emprendedoras-que-han-puesto-en-marcha-nuevos-negocios\/","url":"https:\/\/iraurgiberritzen.eus\/es\/activadas-ls-subvenciones-dirigidas-a-personas-emprendedoras-que-han-puesto-en-marcha-nuevos-negocios\/","name":"Activadas ls subvenciones dirigidas a personas emprendedoras que han puesto en marcha nuevos negocios - Iraurgi Berritzen","isPartOf":{"@id":"https:\/\/iraurgiberritzen.eus\/es\/#website"},"primaryImageOfPage":{"@id":"https:\/\/iraurgiberritzen.eus\/es\/activadas-ls-subvenciones-dirigidas-a-personas-emprendedoras-que-han-puesto-en-marcha-nuevos-negocios\/#primaryimage"},"image":{"@id":"https:\/\/iraurgiberritzen.eus\/es\/activadas-ls-subvenciones-dirigidas-a-personas-emprendedoras-que-han-puesto-en-marcha-nuevos-negocios\/#primaryimage"},"thumbnailUrl":"https:\/\/iraurgiberritzen.eus\/wp-content\/uploads\/2023\/09\/f45d655575e97f094813cafeb5b8ded9.jpg","datePublished":"2023-06-06T04:19:32+00:00","breadcrumb":{"@id":"https:\/\/iraurgiberritzen.eus\/es\/activadas-ls-subvenciones-dirigidas-a-personas-emprendedoras-que-han-puesto-en-marcha-nuevos-negocios\/#breadcrumb"},"inLanguage":"es","potentialAction":[{"@type":"ReadAction","target":["https:\/\/iraurgiberritzen.eus\/es\/activadas-ls-subvenciones-dirigidas-a-personas-emprendedoras-que-han-puesto-en-marcha-nuevos-negocios\/"]}]},{"@type":"ImageObject","inLanguage":"es","@id":"https:\/\/iraurgiberritzen.eus\/es\/activadas-ls-subvenciones-dirigidas-a-personas-emprendedoras-que-han-puesto-en-marcha-nuevos-negocios\/#primaryimage","url":"https:\/\/iraurgiberritzen.eus\/wp-content\/uploads\/2023\/09\/f45d655575e97f094813cafeb5b8ded9.jpg","contentUrl":"https:\/\/iraurgiberritzen.eus\/wp-content\/uploads\/2023\/09\/f45d655575e97f094813cafeb5b8ded9.jpg","width":400,"height":257},{"@type":"BreadcrumbList","@id":"https:\/\/iraurgiberritzen.eus\/es\/activadas-ls-subvenciones-dirigidas-a-personas-emprendedoras-que-han-puesto-en-marcha-nuevos-negocios\/#breadcrumb","itemListElement":[{"@type":"ListItem","position":1,"name":"Home","item":"https:\/\/iraurgiberritzen.eus\/es\/"},{"@type":"ListItem","position":2,"name":"Activadas ls subvenciones dirigidas a personas emprendedoras que han puesto en marcha nuevos negocios"}]},{"@type":"WebSite","@id":"https:\/\/iraurgiberritzen.eus\/es\/#website","url":"https:\/\/iraurgiberritzen.eus\/es\/","name":"Iraurgi Berritzen","description":"Urola Erdiko Garapen Agentzia","publisher":{"@id":"https:\/\/iraurgiberritzen.eus\/es\/#organization"},"potentialAction":[{"@type":"SearchAction","target":{"@type":"EntryPoint","urlTemplate":"https:\/\/iraurgiberritzen.eus\/es\/?s={search_term_string}"},"query-input":{"@type":"PropertyValueSpecification","valueRequired":true,"valueName":"search_term_string"}}],"inLanguage":"es"},{"@type":"Organization","@id":"https:\/\/iraurgiberritzen.eus\/es\/#organization","name":"Iraurgi Berritzen","url":"https:\/\/iraurgiberritzen.eus\/es\/","logo":{"@type":"ImageObject","inLanguage":"es","@id":"https:\/\/iraurgiberritzen.eus\/es\/#\/schema\/logo\/image\/","url":"https:\/\/iraurgiberritzen.eus\/wp-content\/uploads\/2024\/02\/IRAURGI-BERRITZEN-logotipoa_2.png","contentUrl":"https:\/\/iraurgiberritzen.eus\/wp-content\/uploads\/2024\/02\/IRAURGI-BERRITZEN-logotipoa_2.png","width":496,"height":190,"caption":"Iraurgi Berritzen"},"image":{"@id":"https:\/\/iraurgiberritzen.eus\/es\/#\/schema\/logo\/image\/"}},{"@type":"Person","@id":"https:\/\/iraurgiberritzen.eus\/es\/#\/schema\/person\/5ab41aaf388a9097177601ebf45738d2","name":"kudeatzailea","sameAs":["https:\/\/iraurgiberritzen.eus"]}]}},"_links":{"self":[{"href":"https:\/\/iraurgiberritzen.eus\/es\/wp-json\/wp\/v2\/posts\/14506","targetHints":{"allow":["GET"]}}],"collection":[{"href":"https:\/\/iraurgiberritzen.eus\/es\/wp-json\/wp\/v2\/posts"}],"about":[{"href":"https:\/\/iraurgiberritzen.eus\/es\/wp-json\/wp\/v2\/types\/post"}],"author":[{"embeddable":true,"href":"https:\/\/iraurgiberritzen.eus\/es\/wp-json\/wp\/v2\/users\/1"}],"replies":[{"embeddable":true,"href":"https:\/\/iraurgiberritzen.eus\/es\/wp-json\/wp\/v2\/comments?post=14506"}],"version-history":[{"count":0,"href":"https:\/\/iraurgiberritzen.eus\/es\/wp-json\/wp\/v2\/posts\/14506\/revisions"}],"wp:featuredmedia":[{"embeddable":true,"href":"https:\/\/iraurgiberritzen.eus\/es\/wp-json\/wp\/v2\/media\/17208"}],"wp:attachment":[{"href":"https:\/\/iraurgiberritzen.eus\/es\/wp-json\/wp\/v2\/media?parent=14506"}],"wp:term":[{"taxonomy":"category","embeddable":true,"href":"https:\/\/iraurgiberritzen.eus\/es\/wp-json\/wp\/v2\/categories?post=14506"},{"taxonomy":"post_tag","embeddable":true,"href":"https:\/\/iraurgiberritzen.eus\/es\/wp-json\/wp\/v2\/tags?post=14506"}],"curies":[{"name":"wp","href":"https:\/\/api.w.org\/{rel}","templated":true}]}}