{"id":14509,"date":"2023-06-07T10:53:11","date_gmt":"2023-06-07T08:53:11","guid":{"rendered":"https:\/\/iraurgiberritzen.eus\/el-foro-de-responsables-de-personas-de-ib-sarea-comparte-experiencias-y-aprendizajes-en-torno-a-la-capacitacion-y-desarrollo-de-personas-en-la-empresa\/"},"modified":"2023-06-07T10:53:11","modified_gmt":"2023-06-07T08:53:11","slug":"el-foro-de-responsables-de-personas-de-ib-sarea-comparte-experiencias-y-aprendizajes-en-torno-a-la-capacitacion-y-desarrollo-de-personas-en-la-empresa","status":"publish","type":"post","link":"https:\/\/iraurgiberritzen.eus\/es\/el-foro-de-responsables-de-personas-de-ib-sarea-comparte-experiencias-y-aprendizajes-en-torno-a-la-capacitacion-y-desarrollo-de-personas-en-la-empresa\/","title":{"rendered":"El Foro de Responsables de Personas de IB Sarea comparte experiencias y aprendizajes en torno a la capacitaci\u00f3n y desarrollo de personas en la empresa"},"content":{"rendered":"<p style=\"text-align: justify;\">El grupo de trabajo est\u00e1 formado por los Responsables de Personal de 20 empresas de la comarca de IB Sarea.<\/p>\n<p style=\"text-align: justify;\">Desde la creaci\u00f3n del grupo en 2021, el Foro define \u00e1mbitos de inter\u00e9s y comparte diferentes modelos de gesti\u00f3n de personas, conocimientos y aplicaciones pr\u00e1cticas, nuevas herramientas y experiencias en el \u00e1rea. A\u00f1o tras a\u00f1o, IB como facilitador del grupo de trabajo, elabora una agenda de sesiones de trabajo en base a los intereses de las empresas . <\/p>\n<p>En el encuentro de hoy, de la mano de la consultora Nerea Urcola, tuvieron la oportunidad de conocer nuevos modelos de gesti\u00f3n para promover la capacitaci\u00f3n y desarrollo de las personas , as\u00ed como de compartir experiencias pr\u00e1cticas. Entre los temas tratados:<\/p>\n<ul>\n<li>Plan anual de personas: C\u00f3mo realizarlo. Desarrollo de personas como funci\u00f3n clave.<\/li>\n<li>\u00bfC\u00f3mo identificar necesidades de formaci\u00f3n y capacitaci\u00f3n?.<\/li>\n<li>Conversaciones de mejora.<\/li>\n<li>Formas de desarrollar y capacitar a las personas en las organizaciones.<\/li>\n<li>Pr\u00e1cticas para capacitar personas fuera y dentro de la organizaci\u00f3n.<\/li>\n<li>Otras formas de desarrollar persona. L\u00edder coach.<\/li>\n<li>Planes de formaci\u00f3n.<\/li>\n<li>Formaci\u00f3n interna y externa.<\/li>\n<li>Identificaci\u00f3n de acciones para llevar a cabo antes de la pr\u00f3xima sesi\u00f3n.<\/li>\n<\/ul>\n<p>&nbsp;<\/p>\n<a href=\"https:\/\/www.flickr.com\/photos\/114305137@N06\/albums\/72177720308882831\" title=\"2023_06_07_Pertsonen Arduradunen Lan Taldea_Pertsonen Kapazitazioa eta garapena enpresan lan saioa \" data-flickr-embed=\"true\"><img loading=\"lazy\" decoding=\"async\" src=\"https:\/\/live.staticflickr.com\/65535\/52958160070_aa2d2843d1_z.jpg\" alt=\"2023_06_07_Pertsonen Arduradunen Lan Taldea_Pertsonen Kapazitazioa eta garapena enpresan lan saioa \" width=\"640\" height=\"480\" style=\"display: block; margin-left: auto; margin-right: auto;\" \/><\/a>\n<p><script src=\"\/\/embedr.flickr.com\/assets\/client-code.js\" async=\"async\" type=\"text\/javascript\" charset=\"utf-8\"><\/script><\/p>\n","protected":false},"excerpt":{"rendered":"<p>El grupo de trabajo est\u00e1 formado por los Responsables de Personal de 20 empresas de la comarca de IB Sarea. Desde la creaci\u00f3n del grupo en 2021, el Foro define \u00e1mbitos de inter\u00e9s y comparte diferentes modelos de gesti\u00f3n de personas, conocimientos y aplicaciones pr\u00e1cticas, nuevas herramientas y experiencias en el \u00e1rea. A\u00f1o tras a\u00f1o, [&hellip;]<\/p>\n","protected":false},"author":1,"featured_media":17209,"comment_status":"","ping_status":"closed","sticky":false,"template":"","format":"standard","meta":{"_acf_changed":false,"footnotes":""},"categories":[4],"tags":[],"class_list":["post-14509","post","type-post","status-publish","format-standard","has-post-thumbnail","hentry","category-noticias"],"acf":[],"yoast_head":"<!-- This site is optimized with the Yoast SEO plugin v27.4 - https:\/\/yoast.com\/product\/yoast-seo-wordpress\/ -->\n<title>El Foro de Responsables de Personas de IB Sarea comparte experiencias y aprendizajes en torno a la capacitaci\u00f3n y desarrollo de personas en la empresa - Iraurgi Berritzen<\/title>\n<meta name=\"robots\" content=\"index, follow, max-snippet:-1, max-image-preview:large, max-video-preview:-1\" \/>\n<link rel=\"canonical\" href=\"https:\/\/iraurgiberritzen.eus\/es\/el-foro-de-responsables-de-personas-de-ib-sarea-comparte-experiencias-y-aprendizajes-en-torno-a-la-capacitacion-y-desarrollo-de-personas-en-la-empresa\/\" \/>\n<meta property=\"og:locale\" content=\"es_ES\" \/>\n<meta property=\"og:type\" content=\"article\" \/>\n<meta property=\"og:title\" content=\"El Foro de Responsables de Personas de IB Sarea comparte experiencias y aprendizajes en torno a la capacitaci\u00f3n y desarrollo de personas en la empresa - Iraurgi Berritzen\" \/>\n<meta property=\"og:description\" content=\"El grupo de trabajo est\u00e1 formado por los Responsables de Personal de 20 empresas de la comarca de IB Sarea. Desde la creaci\u00f3n del grupo en 2021, el Foro define \u00e1mbitos de inter\u00e9s y comparte diferentes modelos de gesti\u00f3n de personas, conocimientos y aplicaciones pr\u00e1cticas, nuevas herramientas y experiencias en el \u00e1rea. A\u00f1o tras a\u00f1o, [&hellip;]\" \/>\n<meta property=\"og:url\" content=\"https:\/\/iraurgiberritzen.eus\/es\/el-foro-de-responsables-de-personas-de-ib-sarea-comparte-experiencias-y-aprendizajes-en-torno-a-la-capacitacion-y-desarrollo-de-personas-en-la-empresa\/\" \/>\n<meta property=\"og:site_name\" content=\"Iraurgi Berritzen\" \/>\n<meta property=\"article:published_time\" content=\"2023-06-07T08:53:11+00:00\" \/>\n<meta property=\"og:image\" content=\"https:\/\/live.staticflickr.com\/65535\/52958160070_aa2d2843d1_z.jpg\" \/>\n<meta name=\"author\" content=\"kudeatzailea\" \/>\n<meta name=\"twitter:card\" content=\"summary_large_image\" \/>\n<meta name=\"twitter:label1\" content=\"Escrito por\" \/>\n\t<meta name=\"twitter:data1\" content=\"kudeatzailea\" \/>\n\t<meta name=\"twitter:label2\" content=\"Tiempo de lectura\" \/>\n\t<meta name=\"twitter:data2\" content=\"1 minuto\" \/>\n<script type=\"application\/ld+json\" class=\"yoast-schema-graph\">{\"@context\":\"https:\\\/\\\/schema.org\",\"@graph\":[{\"@type\":\"Article\",\"@id\":\"https:\\\/\\\/iraurgiberritzen.eus\\\/es\\\/el-foro-de-responsables-de-personas-de-ib-sarea-comparte-experiencias-y-aprendizajes-en-torno-a-la-capacitacion-y-desarrollo-de-personas-en-la-empresa\\\/#article\",\"isPartOf\":{\"@id\":\"https:\\\/\\\/iraurgiberritzen.eus\\\/es\\\/el-foro-de-responsables-de-personas-de-ib-sarea-comparte-experiencias-y-aprendizajes-en-torno-a-la-capacitacion-y-desarrollo-de-personas-en-la-empresa\\\/\"},\"author\":{\"name\":\"kudeatzailea\",\"@id\":\"https:\\\/\\\/iraurgiberritzen.eus\\\/es\\\/#\\\/schema\\\/person\\\/5ab41aaf388a9097177601ebf45738d2\"},\"headline\":\"El Foro de Responsables de Personas de IB Sarea comparte experiencias y aprendizajes en torno a la capacitaci\u00f3n y desarrollo de personas en la empresa\",\"datePublished\":\"2023-06-07T08:53:11+00:00\",\"mainEntityOfPage\":{\"@id\":\"https:\\\/\\\/iraurgiberritzen.eus\\\/es\\\/el-foro-de-responsables-de-personas-de-ib-sarea-comparte-experiencias-y-aprendizajes-en-torno-a-la-capacitacion-y-desarrollo-de-personas-en-la-empresa\\\/\"},\"wordCount\":234,\"publisher\":{\"@id\":\"https:\\\/\\\/iraurgiberritzen.eus\\\/es\\\/#organization\"},\"image\":{\"@id\":\"https:\\\/\\\/iraurgiberritzen.eus\\\/es\\\/el-foro-de-responsables-de-personas-de-ib-sarea-comparte-experiencias-y-aprendizajes-en-torno-a-la-capacitacion-y-desarrollo-de-personas-en-la-empresa\\\/#primaryimage\"},\"thumbnailUrl\":\"https:\\\/\\\/iraurgiberritzen.eus\\\/wp-content\\\/uploads\\\/2023\\\/09\\\/9bdc2481e2ceb26bfd5eb52f9576d31d.jpg\",\"articleSection\":[\"Noticias\"],\"inLanguage\":\"es\"},{\"@type\":\"WebPage\",\"@id\":\"https:\\\/\\\/iraurgiberritzen.eus\\\/es\\\/el-foro-de-responsables-de-personas-de-ib-sarea-comparte-experiencias-y-aprendizajes-en-torno-a-la-capacitacion-y-desarrollo-de-personas-en-la-empresa\\\/\",\"url\":\"https:\\\/\\\/iraurgiberritzen.eus\\\/es\\\/el-foro-de-responsables-de-personas-de-ib-sarea-comparte-experiencias-y-aprendizajes-en-torno-a-la-capacitacion-y-desarrollo-de-personas-en-la-empresa\\\/\",\"name\":\"El Foro de Responsables de Personas de IB Sarea comparte experiencias y aprendizajes en torno a la capacitaci\u00f3n y desarrollo de personas en la empresa - Iraurgi Berritzen\",\"isPartOf\":{\"@id\":\"https:\\\/\\\/iraurgiberritzen.eus\\\/es\\\/#website\"},\"primaryImageOfPage\":{\"@id\":\"https:\\\/\\\/iraurgiberritzen.eus\\\/es\\\/el-foro-de-responsables-de-personas-de-ib-sarea-comparte-experiencias-y-aprendizajes-en-torno-a-la-capacitacion-y-desarrollo-de-personas-en-la-empresa\\\/#primaryimage\"},\"image\":{\"@id\":\"https:\\\/\\\/iraurgiberritzen.eus\\\/es\\\/el-foro-de-responsables-de-personas-de-ib-sarea-comparte-experiencias-y-aprendizajes-en-torno-a-la-capacitacion-y-desarrollo-de-personas-en-la-empresa\\\/#primaryimage\"},\"thumbnailUrl\":\"https:\\\/\\\/iraurgiberritzen.eus\\\/wp-content\\\/uploads\\\/2023\\\/09\\\/9bdc2481e2ceb26bfd5eb52f9576d31d.jpg\",\"datePublished\":\"2023-06-07T08:53:11+00:00\",\"breadcrumb\":{\"@id\":\"https:\\\/\\\/iraurgiberritzen.eus\\\/es\\\/el-foro-de-responsables-de-personas-de-ib-sarea-comparte-experiencias-y-aprendizajes-en-torno-a-la-capacitacion-y-desarrollo-de-personas-en-la-empresa\\\/#breadcrumb\"},\"inLanguage\":\"es\",\"potentialAction\":[{\"@type\":\"ReadAction\",\"target\":[\"https:\\\/\\\/iraurgiberritzen.eus\\\/es\\\/el-foro-de-responsables-de-personas-de-ib-sarea-comparte-experiencias-y-aprendizajes-en-torno-a-la-capacitacion-y-desarrollo-de-personas-en-la-empresa\\\/\"]}]},{\"@type\":\"ImageObject\",\"inLanguage\":\"es\",\"@id\":\"https:\\\/\\\/iraurgiberritzen.eus\\\/es\\\/el-foro-de-responsables-de-personas-de-ib-sarea-comparte-experiencias-y-aprendizajes-en-torno-a-la-capacitacion-y-desarrollo-de-personas-en-la-empresa\\\/#primaryimage\",\"url\":\"https:\\\/\\\/iraurgiberritzen.eus\\\/wp-content\\\/uploads\\\/2023\\\/09\\\/9bdc2481e2ceb26bfd5eb52f9576d31d.jpg\",\"contentUrl\":\"https:\\\/\\\/iraurgiberritzen.eus\\\/wp-content\\\/uploads\\\/2023\\\/09\\\/9bdc2481e2ceb26bfd5eb52f9576d31d.jpg\",\"width\":400,\"height\":257},{\"@type\":\"BreadcrumbList\",\"@id\":\"https:\\\/\\\/iraurgiberritzen.eus\\\/es\\\/el-foro-de-responsables-de-personas-de-ib-sarea-comparte-experiencias-y-aprendizajes-en-torno-a-la-capacitacion-y-desarrollo-de-personas-en-la-empresa\\\/#breadcrumb\",\"itemListElement\":[{\"@type\":\"ListItem\",\"position\":1,\"name\":\"Home\",\"item\":\"https:\\\/\\\/iraurgiberritzen.eus\\\/es\\\/\"},{\"@type\":\"ListItem\",\"position\":2,\"name\":\"El Foro de Responsables de Personas de IB Sarea comparte experiencias y aprendizajes en torno a la capacitaci\u00f3n y desarrollo de personas en la empresa\"}]},{\"@type\":\"WebSite\",\"@id\":\"https:\\\/\\\/iraurgiberritzen.eus\\\/es\\\/#website\",\"url\":\"https:\\\/\\\/iraurgiberritzen.eus\\\/es\\\/\",\"name\":\"Iraurgi Berritzen\",\"description\":\"Urola Erdiko Garapen Agentzia\",\"publisher\":{\"@id\":\"https:\\\/\\\/iraurgiberritzen.eus\\\/es\\\/#organization\"},\"potentialAction\":[{\"@type\":\"SearchAction\",\"target\":{\"@type\":\"EntryPoint\",\"urlTemplate\":\"https:\\\/\\\/iraurgiberritzen.eus\\\/es\\\/?s={search_term_string}\"},\"query-input\":{\"@type\":\"PropertyValueSpecification\",\"valueRequired\":true,\"valueName\":\"search_term_string\"}}],\"inLanguage\":\"es\"},{\"@type\":\"Organization\",\"@id\":\"https:\\\/\\\/iraurgiberritzen.eus\\\/es\\\/#organization\",\"name\":\"Iraurgi Berritzen\",\"url\":\"https:\\\/\\\/iraurgiberritzen.eus\\\/es\\\/\",\"logo\":{\"@type\":\"ImageObject\",\"inLanguage\":\"es\",\"@id\":\"https:\\\/\\\/iraurgiberritzen.eus\\\/es\\\/#\\\/schema\\\/logo\\\/image\\\/\",\"url\":\"https:\\\/\\\/iraurgiberritzen.eus\\\/wp-content\\\/uploads\\\/2024\\\/02\\\/IRAURGI-BERRITZEN-logotipoa_2.png\",\"contentUrl\":\"https:\\\/\\\/iraurgiberritzen.eus\\\/wp-content\\\/uploads\\\/2024\\\/02\\\/IRAURGI-BERRITZEN-logotipoa_2.png\",\"width\":496,\"height\":190,\"caption\":\"Iraurgi Berritzen\"},\"image\":{\"@id\":\"https:\\\/\\\/iraurgiberritzen.eus\\\/es\\\/#\\\/schema\\\/logo\\\/image\\\/\"}},{\"@type\":\"Person\",\"@id\":\"https:\\\/\\\/iraurgiberritzen.eus\\\/es\\\/#\\\/schema\\\/person\\\/5ab41aaf388a9097177601ebf45738d2\",\"name\":\"kudeatzailea\",\"sameAs\":[\"https:\\\/\\\/iraurgiberritzen.eus\"]}]}<\/script>\n<!-- \/ Yoast SEO plugin. -->","yoast_head_json":{"title":"El Foro de Responsables de Personas de IB Sarea comparte experiencias y aprendizajes en torno a la capacitaci\u00f3n y desarrollo de personas en la empresa - Iraurgi Berritzen","robots":{"index":"index","follow":"follow","max-snippet":"max-snippet:-1","max-image-preview":"max-image-preview:large","max-video-preview":"max-video-preview:-1"},"canonical":"https:\/\/iraurgiberritzen.eus\/es\/el-foro-de-responsables-de-personas-de-ib-sarea-comparte-experiencias-y-aprendizajes-en-torno-a-la-capacitacion-y-desarrollo-de-personas-en-la-empresa\/","og_locale":"es_ES","og_type":"article","og_title":"El Foro de Responsables de Personas de IB Sarea comparte experiencias y aprendizajes en torno a la capacitaci\u00f3n y desarrollo de personas en la empresa - Iraurgi Berritzen","og_description":"El grupo de trabajo est\u00e1 formado por los Responsables de Personal de 20 empresas de la comarca de IB Sarea. Desde la creaci\u00f3n del grupo en 2021, el Foro define \u00e1mbitos de inter\u00e9s y comparte diferentes modelos de gesti\u00f3n de personas, conocimientos y aplicaciones pr\u00e1cticas, nuevas herramientas y experiencias en el \u00e1rea. A\u00f1o tras a\u00f1o, [&hellip;]","og_url":"https:\/\/iraurgiberritzen.eus\/es\/el-foro-de-responsables-de-personas-de-ib-sarea-comparte-experiencias-y-aprendizajes-en-torno-a-la-capacitacion-y-desarrollo-de-personas-en-la-empresa\/","og_site_name":"Iraurgi Berritzen","article_published_time":"2023-06-07T08:53:11+00:00","og_image":[{"url":"https:\/\/live.staticflickr.com\/65535\/52958160070_aa2d2843d1_z.jpg","type":"","width":"","height":""}],"author":"kudeatzailea","twitter_card":"summary_large_image","twitter_misc":{"Escrito por":"kudeatzailea","Tiempo de lectura":"1 minuto"},"schema":{"@context":"https:\/\/schema.org","@graph":[{"@type":"Article","@id":"https:\/\/iraurgiberritzen.eus\/es\/el-foro-de-responsables-de-personas-de-ib-sarea-comparte-experiencias-y-aprendizajes-en-torno-a-la-capacitacion-y-desarrollo-de-personas-en-la-empresa\/#article","isPartOf":{"@id":"https:\/\/iraurgiberritzen.eus\/es\/el-foro-de-responsables-de-personas-de-ib-sarea-comparte-experiencias-y-aprendizajes-en-torno-a-la-capacitacion-y-desarrollo-de-personas-en-la-empresa\/"},"author":{"name":"kudeatzailea","@id":"https:\/\/iraurgiberritzen.eus\/es\/#\/schema\/person\/5ab41aaf388a9097177601ebf45738d2"},"headline":"El Foro de Responsables de Personas de IB Sarea comparte experiencias y aprendizajes en torno a la capacitaci\u00f3n y desarrollo de personas en la empresa","datePublished":"2023-06-07T08:53:11+00:00","mainEntityOfPage":{"@id":"https:\/\/iraurgiberritzen.eus\/es\/el-foro-de-responsables-de-personas-de-ib-sarea-comparte-experiencias-y-aprendizajes-en-torno-a-la-capacitacion-y-desarrollo-de-personas-en-la-empresa\/"},"wordCount":234,"publisher":{"@id":"https:\/\/iraurgiberritzen.eus\/es\/#organization"},"image":{"@id":"https:\/\/iraurgiberritzen.eus\/es\/el-foro-de-responsables-de-personas-de-ib-sarea-comparte-experiencias-y-aprendizajes-en-torno-a-la-capacitacion-y-desarrollo-de-personas-en-la-empresa\/#primaryimage"},"thumbnailUrl":"https:\/\/iraurgiberritzen.eus\/wp-content\/uploads\/2023\/09\/9bdc2481e2ceb26bfd5eb52f9576d31d.jpg","articleSection":["Noticias"],"inLanguage":"es"},{"@type":"WebPage","@id":"https:\/\/iraurgiberritzen.eus\/es\/el-foro-de-responsables-de-personas-de-ib-sarea-comparte-experiencias-y-aprendizajes-en-torno-a-la-capacitacion-y-desarrollo-de-personas-en-la-empresa\/","url":"https:\/\/iraurgiberritzen.eus\/es\/el-foro-de-responsables-de-personas-de-ib-sarea-comparte-experiencias-y-aprendizajes-en-torno-a-la-capacitacion-y-desarrollo-de-personas-en-la-empresa\/","name":"El Foro de Responsables de Personas de IB Sarea comparte experiencias y aprendizajes en torno a la capacitaci\u00f3n y desarrollo de personas en la empresa - Iraurgi Berritzen","isPartOf":{"@id":"https:\/\/iraurgiberritzen.eus\/es\/#website"},"primaryImageOfPage":{"@id":"https:\/\/iraurgiberritzen.eus\/es\/el-foro-de-responsables-de-personas-de-ib-sarea-comparte-experiencias-y-aprendizajes-en-torno-a-la-capacitacion-y-desarrollo-de-personas-en-la-empresa\/#primaryimage"},"image":{"@id":"https:\/\/iraurgiberritzen.eus\/es\/el-foro-de-responsables-de-personas-de-ib-sarea-comparte-experiencias-y-aprendizajes-en-torno-a-la-capacitacion-y-desarrollo-de-personas-en-la-empresa\/#primaryimage"},"thumbnailUrl":"https:\/\/iraurgiberritzen.eus\/wp-content\/uploads\/2023\/09\/9bdc2481e2ceb26bfd5eb52f9576d31d.jpg","datePublished":"2023-06-07T08:53:11+00:00","breadcrumb":{"@id":"https:\/\/iraurgiberritzen.eus\/es\/el-foro-de-responsables-de-personas-de-ib-sarea-comparte-experiencias-y-aprendizajes-en-torno-a-la-capacitacion-y-desarrollo-de-personas-en-la-empresa\/#breadcrumb"},"inLanguage":"es","potentialAction":[{"@type":"ReadAction","target":["https:\/\/iraurgiberritzen.eus\/es\/el-foro-de-responsables-de-personas-de-ib-sarea-comparte-experiencias-y-aprendizajes-en-torno-a-la-capacitacion-y-desarrollo-de-personas-en-la-empresa\/"]}]},{"@type":"ImageObject","inLanguage":"es","@id":"https:\/\/iraurgiberritzen.eus\/es\/el-foro-de-responsables-de-personas-de-ib-sarea-comparte-experiencias-y-aprendizajes-en-torno-a-la-capacitacion-y-desarrollo-de-personas-en-la-empresa\/#primaryimage","url":"https:\/\/iraurgiberritzen.eus\/wp-content\/uploads\/2023\/09\/9bdc2481e2ceb26bfd5eb52f9576d31d.jpg","contentUrl":"https:\/\/iraurgiberritzen.eus\/wp-content\/uploads\/2023\/09\/9bdc2481e2ceb26bfd5eb52f9576d31d.jpg","width":400,"height":257},{"@type":"BreadcrumbList","@id":"https:\/\/iraurgiberritzen.eus\/es\/el-foro-de-responsables-de-personas-de-ib-sarea-comparte-experiencias-y-aprendizajes-en-torno-a-la-capacitacion-y-desarrollo-de-personas-en-la-empresa\/#breadcrumb","itemListElement":[{"@type":"ListItem","position":1,"name":"Home","item":"https:\/\/iraurgiberritzen.eus\/es\/"},{"@type":"ListItem","position":2,"name":"El Foro de Responsables de Personas de IB Sarea comparte experiencias y aprendizajes en torno a la capacitaci\u00f3n y desarrollo de personas en la empresa"}]},{"@type":"WebSite","@id":"https:\/\/iraurgiberritzen.eus\/es\/#website","url":"https:\/\/iraurgiberritzen.eus\/es\/","name":"Iraurgi Berritzen","description":"Urola Erdiko Garapen Agentzia","publisher":{"@id":"https:\/\/iraurgiberritzen.eus\/es\/#organization"},"potentialAction":[{"@type":"SearchAction","target":{"@type":"EntryPoint","urlTemplate":"https:\/\/iraurgiberritzen.eus\/es\/?s={search_term_string}"},"query-input":{"@type":"PropertyValueSpecification","valueRequired":true,"valueName":"search_term_string"}}],"inLanguage":"es"},{"@type":"Organization","@id":"https:\/\/iraurgiberritzen.eus\/es\/#organization","name":"Iraurgi Berritzen","url":"https:\/\/iraurgiberritzen.eus\/es\/","logo":{"@type":"ImageObject","inLanguage":"es","@id":"https:\/\/iraurgiberritzen.eus\/es\/#\/schema\/logo\/image\/","url":"https:\/\/iraurgiberritzen.eus\/wp-content\/uploads\/2024\/02\/IRAURGI-BERRITZEN-logotipoa_2.png","contentUrl":"https:\/\/iraurgiberritzen.eus\/wp-content\/uploads\/2024\/02\/IRAURGI-BERRITZEN-logotipoa_2.png","width":496,"height":190,"caption":"Iraurgi Berritzen"},"image":{"@id":"https:\/\/iraurgiberritzen.eus\/es\/#\/schema\/logo\/image\/"}},{"@type":"Person","@id":"https:\/\/iraurgiberritzen.eus\/es\/#\/schema\/person\/5ab41aaf388a9097177601ebf45738d2","name":"kudeatzailea","sameAs":["https:\/\/iraurgiberritzen.eus"]}]}},"_links":{"self":[{"href":"https:\/\/iraurgiberritzen.eus\/es\/wp-json\/wp\/v2\/posts\/14509","targetHints":{"allow":["GET"]}}],"collection":[{"href":"https:\/\/iraurgiberritzen.eus\/es\/wp-json\/wp\/v2\/posts"}],"about":[{"href":"https:\/\/iraurgiberritzen.eus\/es\/wp-json\/wp\/v2\/types\/post"}],"author":[{"embeddable":true,"href":"https:\/\/iraurgiberritzen.eus\/es\/wp-json\/wp\/v2\/users\/1"}],"replies":[{"embeddable":true,"href":"https:\/\/iraurgiberritzen.eus\/es\/wp-json\/wp\/v2\/comments?post=14509"}],"version-history":[{"count":0,"href":"https:\/\/iraurgiberritzen.eus\/es\/wp-json\/wp\/v2\/posts\/14509\/revisions"}],"wp:featuredmedia":[{"embeddable":true,"href":"https:\/\/iraurgiberritzen.eus\/es\/wp-json\/wp\/v2\/media\/17209"}],"wp:attachment":[{"href":"https:\/\/iraurgiberritzen.eus\/es\/wp-json\/wp\/v2\/media?parent=14509"}],"wp:term":[{"taxonomy":"category","embeddable":true,"href":"https:\/\/iraurgiberritzen.eus\/es\/wp-json\/wp\/v2\/categories?post=14509"},{"taxonomy":"post_tag","embeddable":true,"href":"https:\/\/iraurgiberritzen.eus\/es\/wp-json\/wp\/v2\/tags?post=14509"}],"curies":[{"name":"wp","href":"https:\/\/api.w.org\/{rel}","templated":true}]}}