{"id":14512,"date":"2023-06-07T16:53:51","date_gmt":"2023-06-07T14:53:51","guid":{"rendered":"https:\/\/iraurgiberritzen.eus\/el-asesoramiento-la-cercania-y-la-formacion-son-los-elementos-mas-valorados-por-las-personas-emprendedoras-de-la-comarca\/"},"modified":"2023-06-07T16:53:51","modified_gmt":"2023-06-07T14:53:51","slug":"el-asesoramiento-la-cercania-y-la-formacion-son-los-elementos-mas-valorados-por-las-personas-emprendedoras-de-la-comarca","status":"publish","type":"post","link":"https:\/\/iraurgiberritzen.eus\/es\/el-asesoramiento-la-cercania-y-la-formacion-son-los-elementos-mas-valorados-por-las-personas-emprendedoras-de-la-comarca\/","title":{"rendered":"El asesoramiento, la cercan\u00eda y la formaci\u00f3n son los elementos m\u00e1s valorados por las personas emprendedoras de la comarca"},"content":{"rendered":"<p style=\"text-align: justify;\">El equipo del \u00c1rea de Emprendimiento de Iraurgi Berritzen ha realizado un diagn\u00f3stico de la actividad emprendedora con las personas emprendedoras que han creado su empresa a partir del 2018, con el objetivo de conocer su situaci\u00f3n actual y realizar una valoraci\u00f3n del servicio ofrecido.<\/p>\n<p style=\"text-align: justify;\">El objetivo del cuestionario ha sido doble, por un lado, realizar un seguimiento a las empresas creadas y, por otro, avanzar en la mejora continua del servicio del \u00e1rea de emprendimiento. <\/p>\n<p>De los resultados obtenidos, se ha identificado que las principales dificultades se centran en la captaci\u00f3n de los clientes, la obtenci\u00f3n de un salario y los tr\u00e1mites administrativos iniciales. Tambi\u00e9n merecen una menci\u00f3n, el tema de la experiencia y la vocaci\u00f3n. La mayor\u00eda de las personas que emprenden ten\u00edan experiencia previa en la actividad y tener vocaci\u00f3n es un elemento activador importante a la hora de crear una empresa. <\/p>\n<p>En cuanto a la valoraci\u00f3n del servicio que ofrece Iraurgi Berritzen, el asesoramiento que ofrecen, el apoyo y la cercan\u00eda del personal t\u00e9cnico son los elementos m\u00e1s valorados. En este sentido, el apoyar a las personas en toda su trayectoria, ser\u00e1 una de sus prioridades<\/p>\n<p style=\"text-align: center;\"><img loading=\"lazy\" decoding=\"async\" src=\"images\/2.png\" alt=\"2.png\" width=\"2500\" height=\"6250\" \/><\/p>\n","protected":false},"excerpt":{"rendered":"<p>El equipo del \u00c1rea de Emprendimiento de Iraurgi Berritzen ha realizado un diagn\u00f3stico de la actividad emprendedora con las personas emprendedoras que han creado su empresa a partir del 2018, con el objetivo de conocer su situaci\u00f3n actual y realizar una valoraci\u00f3n del servicio ofrecido. El objetivo del cuestionario ha sido doble, por un lado, [&hellip;]<\/p>\n","protected":false},"author":1,"featured_media":17210,"comment_status":"","ping_status":"closed","sticky":false,"template":"","format":"standard","meta":{"_acf_changed":false,"footnotes":""},"categories":[4],"tags":[],"class_list":["post-14512","post","type-post","status-publish","format-standard","has-post-thumbnail","hentry","category-noticias"],"acf":[],"yoast_head":"<!-- This site is optimized with the Yoast SEO plugin v27.4 - https:\/\/yoast.com\/product\/yoast-seo-wordpress\/ -->\n<title>El asesoramiento, la cercan\u00eda y la formaci\u00f3n son los elementos m\u00e1s valorados por las personas emprendedoras de la comarca - Iraurgi Berritzen<\/title>\n<meta name=\"robots\" content=\"index, follow, max-snippet:-1, max-image-preview:large, max-video-preview:-1\" \/>\n<link rel=\"canonical\" href=\"https:\/\/iraurgiberritzen.eus\/es\/el-asesoramiento-la-cercania-y-la-formacion-son-los-elementos-mas-valorados-por-las-personas-emprendedoras-de-la-comarca\/\" \/>\n<meta property=\"og:locale\" content=\"es_ES\" \/>\n<meta property=\"og:type\" content=\"article\" \/>\n<meta property=\"og:title\" content=\"El asesoramiento, la cercan\u00eda y la formaci\u00f3n son los elementos m\u00e1s valorados por las personas emprendedoras de la comarca - Iraurgi Berritzen\" \/>\n<meta property=\"og:description\" content=\"El equipo del \u00c1rea de Emprendimiento de Iraurgi Berritzen ha realizado un diagn\u00f3stico de la actividad emprendedora con las personas emprendedoras que han creado su empresa a partir del 2018, con el objetivo de conocer su situaci\u00f3n actual y realizar una valoraci\u00f3n del servicio ofrecido. El objetivo del cuestionario ha sido doble, por un lado, [&hellip;]\" \/>\n<meta property=\"og:url\" content=\"https:\/\/iraurgiberritzen.eus\/es\/el-asesoramiento-la-cercania-y-la-formacion-son-los-elementos-mas-valorados-por-las-personas-emprendedoras-de-la-comarca\/\" \/>\n<meta property=\"og:site_name\" content=\"Iraurgi Berritzen\" \/>\n<meta property=\"article:published_time\" content=\"2023-06-07T14:53:51+00:00\" \/>\n<meta name=\"author\" content=\"kudeatzailea\" \/>\n<meta name=\"twitter:card\" content=\"summary_large_image\" \/>\n<meta name=\"twitter:label1\" content=\"Escrito por\" \/>\n\t<meta name=\"twitter:data1\" content=\"kudeatzailea\" \/>\n\t<meta name=\"twitter:label2\" content=\"Tiempo de lectura\" \/>\n\t<meta name=\"twitter:data2\" content=\"1 minuto\" \/>\n<script type=\"application\/ld+json\" class=\"yoast-schema-graph\">{\"@context\":\"https:\\\/\\\/schema.org\",\"@graph\":[{\"@type\":\"Article\",\"@id\":\"https:\\\/\\\/iraurgiberritzen.eus\\\/es\\\/el-asesoramiento-la-cercania-y-la-formacion-son-los-elementos-mas-valorados-por-las-personas-emprendedoras-de-la-comarca\\\/#article\",\"isPartOf\":{\"@id\":\"https:\\\/\\\/iraurgiberritzen.eus\\\/es\\\/el-asesoramiento-la-cercania-y-la-formacion-son-los-elementos-mas-valorados-por-las-personas-emprendedoras-de-la-comarca\\\/\"},\"author\":{\"name\":\"kudeatzailea\",\"@id\":\"https:\\\/\\\/iraurgiberritzen.eus\\\/es\\\/#\\\/schema\\\/person\\\/5ab41aaf388a9097177601ebf45738d2\"},\"headline\":\"El asesoramiento, la cercan\u00eda y la formaci\u00f3n son los elementos m\u00e1s valorados por las personas emprendedoras de la comarca\",\"datePublished\":\"2023-06-07T14:53:51+00:00\",\"mainEntityOfPage\":{\"@id\":\"https:\\\/\\\/iraurgiberritzen.eus\\\/es\\\/el-asesoramiento-la-cercania-y-la-formacion-son-los-elementos-mas-valorados-por-las-personas-emprendedoras-de-la-comarca\\\/\"},\"wordCount\":227,\"publisher\":{\"@id\":\"https:\\\/\\\/iraurgiberritzen.eus\\\/es\\\/#organization\"},\"image\":{\"@id\":\"https:\\\/\\\/iraurgiberritzen.eus\\\/es\\\/el-asesoramiento-la-cercania-y-la-formacion-son-los-elementos-mas-valorados-por-las-personas-emprendedoras-de-la-comarca\\\/#primaryimage\"},\"thumbnailUrl\":\"https:\\\/\\\/iraurgiberritzen.eus\\\/wp-content\\\/uploads\\\/2023\\\/09\\\/ab90817470153a5e2d359e6dfb8f36a0.jpg\",\"articleSection\":[\"Noticias\"],\"inLanguage\":\"es\"},{\"@type\":\"WebPage\",\"@id\":\"https:\\\/\\\/iraurgiberritzen.eus\\\/es\\\/el-asesoramiento-la-cercania-y-la-formacion-son-los-elementos-mas-valorados-por-las-personas-emprendedoras-de-la-comarca\\\/\",\"url\":\"https:\\\/\\\/iraurgiberritzen.eus\\\/es\\\/el-asesoramiento-la-cercania-y-la-formacion-son-los-elementos-mas-valorados-por-las-personas-emprendedoras-de-la-comarca\\\/\",\"name\":\"El asesoramiento, la cercan\u00eda y la formaci\u00f3n son los elementos m\u00e1s valorados por las personas emprendedoras de la comarca - Iraurgi Berritzen\",\"isPartOf\":{\"@id\":\"https:\\\/\\\/iraurgiberritzen.eus\\\/es\\\/#website\"},\"primaryImageOfPage\":{\"@id\":\"https:\\\/\\\/iraurgiberritzen.eus\\\/es\\\/el-asesoramiento-la-cercania-y-la-formacion-son-los-elementos-mas-valorados-por-las-personas-emprendedoras-de-la-comarca\\\/#primaryimage\"},\"image\":{\"@id\":\"https:\\\/\\\/iraurgiberritzen.eus\\\/es\\\/el-asesoramiento-la-cercania-y-la-formacion-son-los-elementos-mas-valorados-por-las-personas-emprendedoras-de-la-comarca\\\/#primaryimage\"},\"thumbnailUrl\":\"https:\\\/\\\/iraurgiberritzen.eus\\\/wp-content\\\/uploads\\\/2023\\\/09\\\/ab90817470153a5e2d359e6dfb8f36a0.jpg\",\"datePublished\":\"2023-06-07T14:53:51+00:00\",\"breadcrumb\":{\"@id\":\"https:\\\/\\\/iraurgiberritzen.eus\\\/es\\\/el-asesoramiento-la-cercania-y-la-formacion-son-los-elementos-mas-valorados-por-las-personas-emprendedoras-de-la-comarca\\\/#breadcrumb\"},\"inLanguage\":\"es\",\"potentialAction\":[{\"@type\":\"ReadAction\",\"target\":[\"https:\\\/\\\/iraurgiberritzen.eus\\\/es\\\/el-asesoramiento-la-cercania-y-la-formacion-son-los-elementos-mas-valorados-por-las-personas-emprendedoras-de-la-comarca\\\/\"]}]},{\"@type\":\"ImageObject\",\"inLanguage\":\"es\",\"@id\":\"https:\\\/\\\/iraurgiberritzen.eus\\\/es\\\/el-asesoramiento-la-cercania-y-la-formacion-son-los-elementos-mas-valorados-por-las-personas-emprendedoras-de-la-comarca\\\/#primaryimage\",\"url\":\"https:\\\/\\\/iraurgiberritzen.eus\\\/wp-content\\\/uploads\\\/2023\\\/09\\\/ab90817470153a5e2d359e6dfb8f36a0.jpg\",\"contentUrl\":\"https:\\\/\\\/iraurgiberritzen.eus\\\/wp-content\\\/uploads\\\/2023\\\/09\\\/ab90817470153a5e2d359e6dfb8f36a0.jpg\",\"width\":400,\"height\":257},{\"@type\":\"BreadcrumbList\",\"@id\":\"https:\\\/\\\/iraurgiberritzen.eus\\\/es\\\/el-asesoramiento-la-cercania-y-la-formacion-son-los-elementos-mas-valorados-por-las-personas-emprendedoras-de-la-comarca\\\/#breadcrumb\",\"itemListElement\":[{\"@type\":\"ListItem\",\"position\":1,\"name\":\"Home\",\"item\":\"https:\\\/\\\/iraurgiberritzen.eus\\\/es\\\/\"},{\"@type\":\"ListItem\",\"position\":2,\"name\":\"El asesoramiento, la cercan\u00eda y la formaci\u00f3n son los elementos m\u00e1s valorados por las personas emprendedoras de la comarca\"}]},{\"@type\":\"WebSite\",\"@id\":\"https:\\\/\\\/iraurgiberritzen.eus\\\/es\\\/#website\",\"url\":\"https:\\\/\\\/iraurgiberritzen.eus\\\/es\\\/\",\"name\":\"Iraurgi Berritzen\",\"description\":\"Urola Erdiko Garapen Agentzia\",\"publisher\":{\"@id\":\"https:\\\/\\\/iraurgiberritzen.eus\\\/es\\\/#organization\"},\"potentialAction\":[{\"@type\":\"SearchAction\",\"target\":{\"@type\":\"EntryPoint\",\"urlTemplate\":\"https:\\\/\\\/iraurgiberritzen.eus\\\/es\\\/?s={search_term_string}\"},\"query-input\":{\"@type\":\"PropertyValueSpecification\",\"valueRequired\":true,\"valueName\":\"search_term_string\"}}],\"inLanguage\":\"es\"},{\"@type\":\"Organization\",\"@id\":\"https:\\\/\\\/iraurgiberritzen.eus\\\/es\\\/#organization\",\"name\":\"Iraurgi Berritzen\",\"url\":\"https:\\\/\\\/iraurgiberritzen.eus\\\/es\\\/\",\"logo\":{\"@type\":\"ImageObject\",\"inLanguage\":\"es\",\"@id\":\"https:\\\/\\\/iraurgiberritzen.eus\\\/es\\\/#\\\/schema\\\/logo\\\/image\\\/\",\"url\":\"https:\\\/\\\/iraurgiberritzen.eus\\\/wp-content\\\/uploads\\\/2024\\\/02\\\/IRAURGI-BERRITZEN-logotipoa_2.png\",\"contentUrl\":\"https:\\\/\\\/iraurgiberritzen.eus\\\/wp-content\\\/uploads\\\/2024\\\/02\\\/IRAURGI-BERRITZEN-logotipoa_2.png\",\"width\":496,\"height\":190,\"caption\":\"Iraurgi Berritzen\"},\"image\":{\"@id\":\"https:\\\/\\\/iraurgiberritzen.eus\\\/es\\\/#\\\/schema\\\/logo\\\/image\\\/\"}},{\"@type\":\"Person\",\"@id\":\"https:\\\/\\\/iraurgiberritzen.eus\\\/es\\\/#\\\/schema\\\/person\\\/5ab41aaf388a9097177601ebf45738d2\",\"name\":\"kudeatzailea\",\"sameAs\":[\"https:\\\/\\\/iraurgiberritzen.eus\"]}]}<\/script>\n<!-- \/ Yoast SEO plugin. -->","yoast_head_json":{"title":"El asesoramiento, la cercan\u00eda y la formaci\u00f3n son los elementos m\u00e1s valorados por las personas emprendedoras de la comarca - Iraurgi Berritzen","robots":{"index":"index","follow":"follow","max-snippet":"max-snippet:-1","max-image-preview":"max-image-preview:large","max-video-preview":"max-video-preview:-1"},"canonical":"https:\/\/iraurgiberritzen.eus\/es\/el-asesoramiento-la-cercania-y-la-formacion-son-los-elementos-mas-valorados-por-las-personas-emprendedoras-de-la-comarca\/","og_locale":"es_ES","og_type":"article","og_title":"El asesoramiento, la cercan\u00eda y la formaci\u00f3n son los elementos m\u00e1s valorados por las personas emprendedoras de la comarca - Iraurgi Berritzen","og_description":"El equipo del \u00c1rea de Emprendimiento de Iraurgi Berritzen ha realizado un diagn\u00f3stico de la actividad emprendedora con las personas emprendedoras que han creado su empresa a partir del 2018, con el objetivo de conocer su situaci\u00f3n actual y realizar una valoraci\u00f3n del servicio ofrecido. El objetivo del cuestionario ha sido doble, por un lado, [&hellip;]","og_url":"https:\/\/iraurgiberritzen.eus\/es\/el-asesoramiento-la-cercania-y-la-formacion-son-los-elementos-mas-valorados-por-las-personas-emprendedoras-de-la-comarca\/","og_site_name":"Iraurgi Berritzen","article_published_time":"2023-06-07T14:53:51+00:00","author":"kudeatzailea","twitter_card":"summary_large_image","twitter_misc":{"Escrito por":"kudeatzailea","Tiempo de lectura":"1 minuto"},"schema":{"@context":"https:\/\/schema.org","@graph":[{"@type":"Article","@id":"https:\/\/iraurgiberritzen.eus\/es\/el-asesoramiento-la-cercania-y-la-formacion-son-los-elementos-mas-valorados-por-las-personas-emprendedoras-de-la-comarca\/#article","isPartOf":{"@id":"https:\/\/iraurgiberritzen.eus\/es\/el-asesoramiento-la-cercania-y-la-formacion-son-los-elementos-mas-valorados-por-las-personas-emprendedoras-de-la-comarca\/"},"author":{"name":"kudeatzailea","@id":"https:\/\/iraurgiberritzen.eus\/es\/#\/schema\/person\/5ab41aaf388a9097177601ebf45738d2"},"headline":"El asesoramiento, la cercan\u00eda y la formaci\u00f3n son los elementos m\u00e1s valorados por las personas emprendedoras de la comarca","datePublished":"2023-06-07T14:53:51+00:00","mainEntityOfPage":{"@id":"https:\/\/iraurgiberritzen.eus\/es\/el-asesoramiento-la-cercania-y-la-formacion-son-los-elementos-mas-valorados-por-las-personas-emprendedoras-de-la-comarca\/"},"wordCount":227,"publisher":{"@id":"https:\/\/iraurgiberritzen.eus\/es\/#organization"},"image":{"@id":"https:\/\/iraurgiberritzen.eus\/es\/el-asesoramiento-la-cercania-y-la-formacion-son-los-elementos-mas-valorados-por-las-personas-emprendedoras-de-la-comarca\/#primaryimage"},"thumbnailUrl":"https:\/\/iraurgiberritzen.eus\/wp-content\/uploads\/2023\/09\/ab90817470153a5e2d359e6dfb8f36a0.jpg","articleSection":["Noticias"],"inLanguage":"es"},{"@type":"WebPage","@id":"https:\/\/iraurgiberritzen.eus\/es\/el-asesoramiento-la-cercania-y-la-formacion-son-los-elementos-mas-valorados-por-las-personas-emprendedoras-de-la-comarca\/","url":"https:\/\/iraurgiberritzen.eus\/es\/el-asesoramiento-la-cercania-y-la-formacion-son-los-elementos-mas-valorados-por-las-personas-emprendedoras-de-la-comarca\/","name":"El asesoramiento, la cercan\u00eda y la formaci\u00f3n son los elementos m\u00e1s valorados por las personas emprendedoras de la comarca - Iraurgi Berritzen","isPartOf":{"@id":"https:\/\/iraurgiberritzen.eus\/es\/#website"},"primaryImageOfPage":{"@id":"https:\/\/iraurgiberritzen.eus\/es\/el-asesoramiento-la-cercania-y-la-formacion-son-los-elementos-mas-valorados-por-las-personas-emprendedoras-de-la-comarca\/#primaryimage"},"image":{"@id":"https:\/\/iraurgiberritzen.eus\/es\/el-asesoramiento-la-cercania-y-la-formacion-son-los-elementos-mas-valorados-por-las-personas-emprendedoras-de-la-comarca\/#primaryimage"},"thumbnailUrl":"https:\/\/iraurgiberritzen.eus\/wp-content\/uploads\/2023\/09\/ab90817470153a5e2d359e6dfb8f36a0.jpg","datePublished":"2023-06-07T14:53:51+00:00","breadcrumb":{"@id":"https:\/\/iraurgiberritzen.eus\/es\/el-asesoramiento-la-cercania-y-la-formacion-son-los-elementos-mas-valorados-por-las-personas-emprendedoras-de-la-comarca\/#breadcrumb"},"inLanguage":"es","potentialAction":[{"@type":"ReadAction","target":["https:\/\/iraurgiberritzen.eus\/es\/el-asesoramiento-la-cercania-y-la-formacion-son-los-elementos-mas-valorados-por-las-personas-emprendedoras-de-la-comarca\/"]}]},{"@type":"ImageObject","inLanguage":"es","@id":"https:\/\/iraurgiberritzen.eus\/es\/el-asesoramiento-la-cercania-y-la-formacion-son-los-elementos-mas-valorados-por-las-personas-emprendedoras-de-la-comarca\/#primaryimage","url":"https:\/\/iraurgiberritzen.eus\/wp-content\/uploads\/2023\/09\/ab90817470153a5e2d359e6dfb8f36a0.jpg","contentUrl":"https:\/\/iraurgiberritzen.eus\/wp-content\/uploads\/2023\/09\/ab90817470153a5e2d359e6dfb8f36a0.jpg","width":400,"height":257},{"@type":"BreadcrumbList","@id":"https:\/\/iraurgiberritzen.eus\/es\/el-asesoramiento-la-cercania-y-la-formacion-son-los-elementos-mas-valorados-por-las-personas-emprendedoras-de-la-comarca\/#breadcrumb","itemListElement":[{"@type":"ListItem","position":1,"name":"Home","item":"https:\/\/iraurgiberritzen.eus\/es\/"},{"@type":"ListItem","position":2,"name":"El asesoramiento, la cercan\u00eda y la formaci\u00f3n son los elementos m\u00e1s valorados por las personas emprendedoras de la comarca"}]},{"@type":"WebSite","@id":"https:\/\/iraurgiberritzen.eus\/es\/#website","url":"https:\/\/iraurgiberritzen.eus\/es\/","name":"Iraurgi Berritzen","description":"Urola Erdiko Garapen Agentzia","publisher":{"@id":"https:\/\/iraurgiberritzen.eus\/es\/#organization"},"potentialAction":[{"@type":"SearchAction","target":{"@type":"EntryPoint","urlTemplate":"https:\/\/iraurgiberritzen.eus\/es\/?s={search_term_string}"},"query-input":{"@type":"PropertyValueSpecification","valueRequired":true,"valueName":"search_term_string"}}],"inLanguage":"es"},{"@type":"Organization","@id":"https:\/\/iraurgiberritzen.eus\/es\/#organization","name":"Iraurgi Berritzen","url":"https:\/\/iraurgiberritzen.eus\/es\/","logo":{"@type":"ImageObject","inLanguage":"es","@id":"https:\/\/iraurgiberritzen.eus\/es\/#\/schema\/logo\/image\/","url":"https:\/\/iraurgiberritzen.eus\/wp-content\/uploads\/2024\/02\/IRAURGI-BERRITZEN-logotipoa_2.png","contentUrl":"https:\/\/iraurgiberritzen.eus\/wp-content\/uploads\/2024\/02\/IRAURGI-BERRITZEN-logotipoa_2.png","width":496,"height":190,"caption":"Iraurgi Berritzen"},"image":{"@id":"https:\/\/iraurgiberritzen.eus\/es\/#\/schema\/logo\/image\/"}},{"@type":"Person","@id":"https:\/\/iraurgiberritzen.eus\/es\/#\/schema\/person\/5ab41aaf388a9097177601ebf45738d2","name":"kudeatzailea","sameAs":["https:\/\/iraurgiberritzen.eus"]}]}},"_links":{"self":[{"href":"https:\/\/iraurgiberritzen.eus\/es\/wp-json\/wp\/v2\/posts\/14512","targetHints":{"allow":["GET"]}}],"collection":[{"href":"https:\/\/iraurgiberritzen.eus\/es\/wp-json\/wp\/v2\/posts"}],"about":[{"href":"https:\/\/iraurgiberritzen.eus\/es\/wp-json\/wp\/v2\/types\/post"}],"author":[{"embeddable":true,"href":"https:\/\/iraurgiberritzen.eus\/es\/wp-json\/wp\/v2\/users\/1"}],"replies":[{"embeddable":true,"href":"https:\/\/iraurgiberritzen.eus\/es\/wp-json\/wp\/v2\/comments?post=14512"}],"version-history":[{"count":0,"href":"https:\/\/iraurgiberritzen.eus\/es\/wp-json\/wp\/v2\/posts\/14512\/revisions"}],"wp:featuredmedia":[{"embeddable":true,"href":"https:\/\/iraurgiberritzen.eus\/es\/wp-json\/wp\/v2\/media\/17210"}],"wp:attachment":[{"href":"https:\/\/iraurgiberritzen.eus\/es\/wp-json\/wp\/v2\/media?parent=14512"}],"wp:term":[{"taxonomy":"category","embeddable":true,"href":"https:\/\/iraurgiberritzen.eus\/es\/wp-json\/wp\/v2\/categories?post=14512"},{"taxonomy":"post_tag","embeddable":true,"href":"https:\/\/iraurgiberritzen.eus\/es\/wp-json\/wp\/v2\/tags?post=14512"}],"curies":[{"name":"wp","href":"https:\/\/api.w.org\/{rel}","templated":true}]}}