{"id":14524,"date":"2023-06-13T14:47:20","date_gmt":"2023-06-13T12:47:20","guid":{"rendered":"https:\/\/iraurgiberritzen.eus\/mas-de-60-entrevistas-segun-intereses-entre-jovenes-y-profesionales-de-la-comarca-en-el-marco-del-proyecto-elkarrekineraikitzen\/"},"modified":"2023-06-13T14:47:20","modified_gmt":"2023-06-13T12:47:20","slug":"mas-de-60-entrevistas-segun-intereses-entre-jovenes-y-profesionales-de-la-comarca-en-el-marco-del-proyecto-elkarrekineraikitzen","status":"publish","type":"post","link":"https:\/\/iraurgiberritzen.eus\/es\/mas-de-60-entrevistas-segun-intereses-entre-jovenes-y-profesionales-de-la-comarca-en-el-marco-del-proyecto-elkarrekineraikitzen\/","title":{"rendered":"M\u00e1s de 60 entrevistas seg\u00fan intereses entre j\u00f3venes y profesionales de la comarca en el marco del proyecto Elkarrekin Eraikitzen"},"content":{"rendered":"<p style=\"text-align: justify;\">Ekainak 13an ospatu da <strong>Elkarrekin Eraikitzen proiektuari dagokion 10. Ikasturte amaierako Ekitaldia.<\/strong> Proiektuan zehar, bailarako 5 ikastetxeek, 12 irakaslek, 300 ikasle inguruk eta sektore desberdinetako 60 eragile inguruk hartu dute parte (industria, Osasuna, enplegua, ekintzailetza, turismoa, lehen sektorea, gizarte zerbitzuak\u2026).<\/p>\n<p style=\"text-align: justify;\">Ekitaldia, bi atal nagusitan antolatu da. Lehenik eta behin, ikasleek ikasturtean zehar landu dituzten erronkak aurkezteko aukera izan dute (Prozesuaren nondik norakoak, Industria sektorea, osasun arloa, \u2026). Aurkezpenean, prozesuan zehar ikasitakoak eta euren bizipenak elkarbanatu dituzte bertaratutakoekin. Bigarren zatian berriz, ikastetxe ezberdinetako ikasleek lagunduta mahaingurua egin da. Ideia eta hausnarketa politak entzun ahal izan dira bertan:<\/p>\n<ul style=\"text-align: justify;\">\n<li style=\"text-align: justify;\">\u201cProzesuan zehar, taldean lan egiten ikasi dugu. Honetaz gain iniziatiba eta erabakiak hartzeko gaitasuna ere landu ditugu\u201d.<\/li>\n<li style=\"text-align: justify;\">\u2022 \u201cBenetan eskualdeko errealitate sozioekonomikoa ezagutzeko aukera ezin hobea\u201d.<\/li>\n<li style=\"text-align: justify;\">\u201cEgin dugun ibilbidean zehar, askatasuna izan dugu prozesua gure erara lantzeko, eta irakasleak laguntzaile papera izan dute\u201d.<\/li>\n<li style=\"text-align: justify;\">\u201cBisitak oso interesgarriak izan dira. Oso harrena ona egin digute eragileek. Gertukoak izan dira\u201d.<\/li>\n<li style=\"text-align: justify;\">\u201cHasieran proiektua lantzen hastean, ezjakintasuna sentitu dugu, baina oso interesgarria izan da lan mundua ezagutzeko. Etorkizunerako baliagarria egingo zaigu ikasketa hau\u201d.<\/li>\n<li style=\"text-align: justify;\">\u201cHobekuntzei dagokienez, aurreko ikasturteko ikasleek, beraiek, aurrez, prozesu berdina lantzean bizitako esperientzia edo ikasitakoa elkarbanatzea gustatuko litzaiguke. Honetaz gain, enpresetako langileak beraien ikastetxeetara gerturatzea ere egokia izango litzateke\u201d.<\/li>\n<\/ul>\n<p style=\"text-align: justify;\">Oro har, 2022\/23 ikasturteko edizioa oso positibo baloratu da eta datorren ikasturtera begira, Ikastetxe eta eskualdeko eragileen arteko harremanak estutzen jarraitzeko ahalegina indartzea aurreikusten da.<\/p>\n<p style=\"text-align: justify;\">Elkarrekin Eraikitzen proiektuak ikaslea proiektuaren garapenean nahiz honek dakarren ikasketa prozesuan protagonista egiteaz gain hiru helburu nagusi ditu. Batetik, ikasleen artean ekintzailetzari lotutako balioak eta gaitasunak sustatzea du helburu; besteak beste, iniziatiba edo komunikazio gaitasuna. Lehen helburu hori bete ahal izateko, proiektuak irakasleei metodologia berritzaileekin esperimentatzeko aukera eskaini die. Proiektuaren 3. eta azken helburua, berriz, ikasleek eskualdeko egoera sozioekonomikoaren berri izatea da, etorkizunean lan munduan sartu aurretik dagozkien erabakiak ahalik eta informazio gehienarekin har ditzaten.<\/p>\n<p><a href=\"https:\/\/www.flickr.com\/photos\/114305137@N06\/albums\/72177720309040673\" title=\"\u00c1lbum nuevo20232_06_13_Elkarrekin Eraikitzen ikasturte amaierako ekitaldia\" data-flickr-embed=\"true\"><img loading=\"lazy\" decoding=\"async\" src=\"https:\/\/live.staticflickr.com\/65535\/52971796911_65b0c2afb1_z.jpg\" alt=\"\u00c1lbum nuevo20232_06_13_Elkarrekin Eraikitzen ikasturte amaierako ekitaldia\" width=\"640\" height=\"480\" \/><\/a><br \/>\n<script src=\"\/\/embedr.flickr.com\/assets\/client-code.js\" async=\"async\" charset=\"utf-8\"><\/script><\/p>\n","protected":false},"excerpt":{"rendered":"<p>Ekainak 13an ospatu da Elkarrekin Eraikitzen proiektuari dagokion 10. Ikasturte amaierako Ekitaldia. Proiektuan zehar, bailarako 5 ikastetxeek, 12 irakaslek, 300 ikasle inguruk eta sektore desberdinetako 60 eragile inguruk hartu dute parte (industria, Osasuna, enplegua, ekintzailetza, turismoa, lehen sektorea, gizarte zerbitzuak\u2026). Ekitaldia, bi atal nagusitan antolatu da. Lehenik eta behin, ikasleek ikasturtean zehar landu dituzten erronkak [&hellip;]<\/p>\n","protected":false},"author":1,"featured_media":17194,"comment_status":"closed","ping_status":"closed","sticky":false,"template":"","format":"standard","meta":{"_acf_changed":false,"footnotes":""},"categories":[4],"tags":[],"class_list":["post-14524","post","type-post","status-publish","format-standard","has-post-thumbnail","hentry","category-noticias"],"acf":[],"yoast_head":"<!-- This site is optimized with the Yoast SEO plugin v27.4 - https:\/\/yoast.com\/product\/yoast-seo-wordpress\/ -->\n<title>M\u00e1s de 60 entrevistas seg\u00fan intereses entre j\u00f3venes y profesionales de la comarca en el marco del proyecto Elkarrekin Eraikitzen - Iraurgi Berritzen<\/title>\n<meta name=\"robots\" content=\"index, follow, max-snippet:-1, max-image-preview:large, max-video-preview:-1\" \/>\n<link rel=\"canonical\" href=\"https:\/\/iraurgiberritzen.eus\/es\/mas-de-60-entrevistas-segun-intereses-entre-jovenes-y-profesionales-de-la-comarca-en-el-marco-del-proyecto-elkarrekineraikitzen\/\" \/>\n<meta property=\"og:locale\" content=\"es_ES\" \/>\n<meta property=\"og:type\" content=\"article\" \/>\n<meta property=\"og:title\" content=\"M\u00e1s de 60 entrevistas seg\u00fan intereses entre j\u00f3venes y profesionales de la comarca en el marco del proyecto Elkarrekin Eraikitzen - Iraurgi Berritzen\" \/>\n<meta property=\"og:description\" content=\"Ekainak 13an ospatu da Elkarrekin Eraikitzen proiektuari dagokion 10. Ikasturte amaierako Ekitaldia. Proiektuan zehar, bailarako 5 ikastetxeek, 12 irakaslek, 300 ikasle inguruk eta sektore desberdinetako 60 eragile inguruk hartu dute parte (industria, Osasuna, enplegua, ekintzailetza, turismoa, lehen sektorea, gizarte zerbitzuak\u2026). Ekitaldia, bi atal nagusitan antolatu da. Lehenik eta behin, ikasleek ikasturtean zehar landu dituzten erronkak [&hellip;]\" \/>\n<meta property=\"og:url\" content=\"https:\/\/iraurgiberritzen.eus\/es\/mas-de-60-entrevistas-segun-intereses-entre-jovenes-y-profesionales-de-la-comarca-en-el-marco-del-proyecto-elkarrekineraikitzen\/\" \/>\n<meta property=\"og:site_name\" content=\"Iraurgi Berritzen\" \/>\n<meta property=\"article:published_time\" content=\"2023-06-13T12:47:20+00:00\" \/>\n<meta property=\"og:image\" content=\"https:\/\/live.staticflickr.com\/65535\/52971796911_65b0c2afb1_z.jpg\" \/>\n<meta name=\"author\" content=\"kudeatzailea\" \/>\n<meta name=\"twitter:card\" content=\"summary_large_image\" \/>\n<meta name=\"twitter:label1\" content=\"Escrito por\" \/>\n\t<meta name=\"twitter:data1\" content=\"kudeatzailea\" \/>\n\t<meta name=\"twitter:label2\" content=\"Tiempo de lectura\" \/>\n\t<meta name=\"twitter:data2\" content=\"1 minuto\" \/>\n<script type=\"application\/ld+json\" class=\"yoast-schema-graph\">{\"@context\":\"https:\\\/\\\/schema.org\",\"@graph\":[{\"@type\":\"Article\",\"@id\":\"https:\\\/\\\/iraurgiberritzen.eus\\\/es\\\/mas-de-60-entrevistas-segun-intereses-entre-jovenes-y-profesionales-de-la-comarca-en-el-marco-del-proyecto-elkarrekineraikitzen\\\/#article\",\"isPartOf\":{\"@id\":\"https:\\\/\\\/iraurgiberritzen.eus\\\/es\\\/mas-de-60-entrevistas-segun-intereses-entre-jovenes-y-profesionales-de-la-comarca-en-el-marco-del-proyecto-elkarrekineraikitzen\\\/\"},\"author\":{\"name\":\"kudeatzailea\",\"@id\":\"https:\\\/\\\/iraurgiberritzen.eus\\\/es\\\/#\\\/schema\\\/person\\\/5ab41aaf388a9097177601ebf45738d2\"},\"headline\":\"M\u00e1s de 60 entrevistas seg\u00fan intereses entre j\u00f3venes y profesionales de la comarca en el marco del proyecto Elkarrekin Eraikitzen\",\"datePublished\":\"2023-06-13T12:47:20+00:00\",\"mainEntityOfPage\":{\"@id\":\"https:\\\/\\\/iraurgiberritzen.eus\\\/es\\\/mas-de-60-entrevistas-segun-intereses-entre-jovenes-y-profesionales-de-la-comarca-en-el-marco-del-proyecto-elkarrekineraikitzen\\\/\"},\"wordCount\":315,\"publisher\":{\"@id\":\"https:\\\/\\\/iraurgiberritzen.eus\\\/es\\\/#organization\"},\"image\":{\"@id\":\"https:\\\/\\\/iraurgiberritzen.eus\\\/es\\\/mas-de-60-entrevistas-segun-intereses-entre-jovenes-y-profesionales-de-la-comarca-en-el-marco-del-proyecto-elkarrekineraikitzen\\\/#primaryimage\"},\"thumbnailUrl\":\"https:\\\/\\\/iraurgiberritzen.eus\\\/wp-content\\\/uploads\\\/2023\\\/09\\\/77535e3d475caea554658904633bd51e.jpg\",\"articleSection\":[\"Noticias\"],\"inLanguage\":\"es\"},{\"@type\":\"WebPage\",\"@id\":\"https:\\\/\\\/iraurgiberritzen.eus\\\/es\\\/mas-de-60-entrevistas-segun-intereses-entre-jovenes-y-profesionales-de-la-comarca-en-el-marco-del-proyecto-elkarrekineraikitzen\\\/\",\"url\":\"https:\\\/\\\/iraurgiberritzen.eus\\\/es\\\/mas-de-60-entrevistas-segun-intereses-entre-jovenes-y-profesionales-de-la-comarca-en-el-marco-del-proyecto-elkarrekineraikitzen\\\/\",\"name\":\"M\u00e1s de 60 entrevistas seg\u00fan intereses entre j\u00f3venes y profesionales de la comarca en el marco del proyecto Elkarrekin Eraikitzen - Iraurgi Berritzen\",\"isPartOf\":{\"@id\":\"https:\\\/\\\/iraurgiberritzen.eus\\\/es\\\/#website\"},\"primaryImageOfPage\":{\"@id\":\"https:\\\/\\\/iraurgiberritzen.eus\\\/es\\\/mas-de-60-entrevistas-segun-intereses-entre-jovenes-y-profesionales-de-la-comarca-en-el-marco-del-proyecto-elkarrekineraikitzen\\\/#primaryimage\"},\"image\":{\"@id\":\"https:\\\/\\\/iraurgiberritzen.eus\\\/es\\\/mas-de-60-entrevistas-segun-intereses-entre-jovenes-y-profesionales-de-la-comarca-en-el-marco-del-proyecto-elkarrekineraikitzen\\\/#primaryimage\"},\"thumbnailUrl\":\"https:\\\/\\\/iraurgiberritzen.eus\\\/wp-content\\\/uploads\\\/2023\\\/09\\\/77535e3d475caea554658904633bd51e.jpg\",\"datePublished\":\"2023-06-13T12:47:20+00:00\",\"breadcrumb\":{\"@id\":\"https:\\\/\\\/iraurgiberritzen.eus\\\/es\\\/mas-de-60-entrevistas-segun-intereses-entre-jovenes-y-profesionales-de-la-comarca-en-el-marco-del-proyecto-elkarrekineraikitzen\\\/#breadcrumb\"},\"inLanguage\":\"es\",\"potentialAction\":[{\"@type\":\"ReadAction\",\"target\":[\"https:\\\/\\\/iraurgiberritzen.eus\\\/es\\\/mas-de-60-entrevistas-segun-intereses-entre-jovenes-y-profesionales-de-la-comarca-en-el-marco-del-proyecto-elkarrekineraikitzen\\\/\"]}]},{\"@type\":\"ImageObject\",\"inLanguage\":\"es\",\"@id\":\"https:\\\/\\\/iraurgiberritzen.eus\\\/es\\\/mas-de-60-entrevistas-segun-intereses-entre-jovenes-y-profesionales-de-la-comarca-en-el-marco-del-proyecto-elkarrekineraikitzen\\\/#primaryimage\",\"url\":\"https:\\\/\\\/iraurgiberritzen.eus\\\/wp-content\\\/uploads\\\/2023\\\/09\\\/77535e3d475caea554658904633bd51e.jpg\",\"contentUrl\":\"https:\\\/\\\/iraurgiberritzen.eus\\\/wp-content\\\/uploads\\\/2023\\\/09\\\/77535e3d475caea554658904633bd51e.jpg\",\"width\":400,\"height\":257},{\"@type\":\"BreadcrumbList\",\"@id\":\"https:\\\/\\\/iraurgiberritzen.eus\\\/es\\\/mas-de-60-entrevistas-segun-intereses-entre-jovenes-y-profesionales-de-la-comarca-en-el-marco-del-proyecto-elkarrekineraikitzen\\\/#breadcrumb\",\"itemListElement\":[{\"@type\":\"ListItem\",\"position\":1,\"name\":\"Home\",\"item\":\"https:\\\/\\\/iraurgiberritzen.eus\\\/es\\\/\"},{\"@type\":\"ListItem\",\"position\":2,\"name\":\"M\u00e1s de 60 entrevistas seg\u00fan intereses entre j\u00f3venes y profesionales de la comarca en el marco del proyecto Elkarrekin Eraikitzen\"}]},{\"@type\":\"WebSite\",\"@id\":\"https:\\\/\\\/iraurgiberritzen.eus\\\/es\\\/#website\",\"url\":\"https:\\\/\\\/iraurgiberritzen.eus\\\/es\\\/\",\"name\":\"Iraurgi Berritzen\",\"description\":\"Urola Erdiko Garapen Agentzia\",\"publisher\":{\"@id\":\"https:\\\/\\\/iraurgiberritzen.eus\\\/es\\\/#organization\"},\"potentialAction\":[{\"@type\":\"SearchAction\",\"target\":{\"@type\":\"EntryPoint\",\"urlTemplate\":\"https:\\\/\\\/iraurgiberritzen.eus\\\/es\\\/?s={search_term_string}\"},\"query-input\":{\"@type\":\"PropertyValueSpecification\",\"valueRequired\":true,\"valueName\":\"search_term_string\"}}],\"inLanguage\":\"es\"},{\"@type\":\"Organization\",\"@id\":\"https:\\\/\\\/iraurgiberritzen.eus\\\/es\\\/#organization\",\"name\":\"Iraurgi Berritzen\",\"url\":\"https:\\\/\\\/iraurgiberritzen.eus\\\/es\\\/\",\"logo\":{\"@type\":\"ImageObject\",\"inLanguage\":\"es\",\"@id\":\"https:\\\/\\\/iraurgiberritzen.eus\\\/es\\\/#\\\/schema\\\/logo\\\/image\\\/\",\"url\":\"https:\\\/\\\/iraurgiberritzen.eus\\\/wp-content\\\/uploads\\\/2024\\\/02\\\/IRAURGI-BERRITZEN-logotipoa_2.png\",\"contentUrl\":\"https:\\\/\\\/iraurgiberritzen.eus\\\/wp-content\\\/uploads\\\/2024\\\/02\\\/IRAURGI-BERRITZEN-logotipoa_2.png\",\"width\":496,\"height\":190,\"caption\":\"Iraurgi Berritzen\"},\"image\":{\"@id\":\"https:\\\/\\\/iraurgiberritzen.eus\\\/es\\\/#\\\/schema\\\/logo\\\/image\\\/\"}},{\"@type\":\"Person\",\"@id\":\"https:\\\/\\\/iraurgiberritzen.eus\\\/es\\\/#\\\/schema\\\/person\\\/5ab41aaf388a9097177601ebf45738d2\",\"name\":\"kudeatzailea\",\"sameAs\":[\"https:\\\/\\\/iraurgiberritzen.eus\"]}]}<\/script>\n<!-- \/ Yoast SEO plugin. -->","yoast_head_json":{"title":"M\u00e1s de 60 entrevistas seg\u00fan intereses entre j\u00f3venes y profesionales de la comarca en el marco del proyecto Elkarrekin Eraikitzen - Iraurgi Berritzen","robots":{"index":"index","follow":"follow","max-snippet":"max-snippet:-1","max-image-preview":"max-image-preview:large","max-video-preview":"max-video-preview:-1"},"canonical":"https:\/\/iraurgiberritzen.eus\/es\/mas-de-60-entrevistas-segun-intereses-entre-jovenes-y-profesionales-de-la-comarca-en-el-marco-del-proyecto-elkarrekineraikitzen\/","og_locale":"es_ES","og_type":"article","og_title":"M\u00e1s de 60 entrevistas seg\u00fan intereses entre j\u00f3venes y profesionales de la comarca en el marco del proyecto Elkarrekin Eraikitzen - Iraurgi Berritzen","og_description":"Ekainak 13an ospatu da Elkarrekin Eraikitzen proiektuari dagokion 10. Ikasturte amaierako Ekitaldia. Proiektuan zehar, bailarako 5 ikastetxeek, 12 irakaslek, 300 ikasle inguruk eta sektore desberdinetako 60 eragile inguruk hartu dute parte (industria, Osasuna, enplegua, ekintzailetza, turismoa, lehen sektorea, gizarte zerbitzuak\u2026). Ekitaldia, bi atal nagusitan antolatu da. Lehenik eta behin, ikasleek ikasturtean zehar landu dituzten erronkak [&hellip;]","og_url":"https:\/\/iraurgiberritzen.eus\/es\/mas-de-60-entrevistas-segun-intereses-entre-jovenes-y-profesionales-de-la-comarca-en-el-marco-del-proyecto-elkarrekineraikitzen\/","og_site_name":"Iraurgi Berritzen","article_published_time":"2023-06-13T12:47:20+00:00","og_image":[{"url":"https:\/\/live.staticflickr.com\/65535\/52971796911_65b0c2afb1_z.jpg","type":"","width":"","height":""}],"author":"kudeatzailea","twitter_card":"summary_large_image","twitter_misc":{"Escrito por":"kudeatzailea","Tiempo de lectura":"1 minuto"},"schema":{"@context":"https:\/\/schema.org","@graph":[{"@type":"Article","@id":"https:\/\/iraurgiberritzen.eus\/es\/mas-de-60-entrevistas-segun-intereses-entre-jovenes-y-profesionales-de-la-comarca-en-el-marco-del-proyecto-elkarrekineraikitzen\/#article","isPartOf":{"@id":"https:\/\/iraurgiberritzen.eus\/es\/mas-de-60-entrevistas-segun-intereses-entre-jovenes-y-profesionales-de-la-comarca-en-el-marco-del-proyecto-elkarrekineraikitzen\/"},"author":{"name":"kudeatzailea","@id":"https:\/\/iraurgiberritzen.eus\/es\/#\/schema\/person\/5ab41aaf388a9097177601ebf45738d2"},"headline":"M\u00e1s de 60 entrevistas seg\u00fan intereses entre j\u00f3venes y profesionales de la comarca en el marco del proyecto Elkarrekin Eraikitzen","datePublished":"2023-06-13T12:47:20+00:00","mainEntityOfPage":{"@id":"https:\/\/iraurgiberritzen.eus\/es\/mas-de-60-entrevistas-segun-intereses-entre-jovenes-y-profesionales-de-la-comarca-en-el-marco-del-proyecto-elkarrekineraikitzen\/"},"wordCount":315,"publisher":{"@id":"https:\/\/iraurgiberritzen.eus\/es\/#organization"},"image":{"@id":"https:\/\/iraurgiberritzen.eus\/es\/mas-de-60-entrevistas-segun-intereses-entre-jovenes-y-profesionales-de-la-comarca-en-el-marco-del-proyecto-elkarrekineraikitzen\/#primaryimage"},"thumbnailUrl":"https:\/\/iraurgiberritzen.eus\/wp-content\/uploads\/2023\/09\/77535e3d475caea554658904633bd51e.jpg","articleSection":["Noticias"],"inLanguage":"es"},{"@type":"WebPage","@id":"https:\/\/iraurgiberritzen.eus\/es\/mas-de-60-entrevistas-segun-intereses-entre-jovenes-y-profesionales-de-la-comarca-en-el-marco-del-proyecto-elkarrekineraikitzen\/","url":"https:\/\/iraurgiberritzen.eus\/es\/mas-de-60-entrevistas-segun-intereses-entre-jovenes-y-profesionales-de-la-comarca-en-el-marco-del-proyecto-elkarrekineraikitzen\/","name":"M\u00e1s de 60 entrevistas seg\u00fan intereses entre j\u00f3venes y profesionales de la comarca en el marco del proyecto Elkarrekin Eraikitzen - Iraurgi Berritzen","isPartOf":{"@id":"https:\/\/iraurgiberritzen.eus\/es\/#website"},"primaryImageOfPage":{"@id":"https:\/\/iraurgiberritzen.eus\/es\/mas-de-60-entrevistas-segun-intereses-entre-jovenes-y-profesionales-de-la-comarca-en-el-marco-del-proyecto-elkarrekineraikitzen\/#primaryimage"},"image":{"@id":"https:\/\/iraurgiberritzen.eus\/es\/mas-de-60-entrevistas-segun-intereses-entre-jovenes-y-profesionales-de-la-comarca-en-el-marco-del-proyecto-elkarrekineraikitzen\/#primaryimage"},"thumbnailUrl":"https:\/\/iraurgiberritzen.eus\/wp-content\/uploads\/2023\/09\/77535e3d475caea554658904633bd51e.jpg","datePublished":"2023-06-13T12:47:20+00:00","breadcrumb":{"@id":"https:\/\/iraurgiberritzen.eus\/es\/mas-de-60-entrevistas-segun-intereses-entre-jovenes-y-profesionales-de-la-comarca-en-el-marco-del-proyecto-elkarrekineraikitzen\/#breadcrumb"},"inLanguage":"es","potentialAction":[{"@type":"ReadAction","target":["https:\/\/iraurgiberritzen.eus\/es\/mas-de-60-entrevistas-segun-intereses-entre-jovenes-y-profesionales-de-la-comarca-en-el-marco-del-proyecto-elkarrekineraikitzen\/"]}]},{"@type":"ImageObject","inLanguage":"es","@id":"https:\/\/iraurgiberritzen.eus\/es\/mas-de-60-entrevistas-segun-intereses-entre-jovenes-y-profesionales-de-la-comarca-en-el-marco-del-proyecto-elkarrekineraikitzen\/#primaryimage","url":"https:\/\/iraurgiberritzen.eus\/wp-content\/uploads\/2023\/09\/77535e3d475caea554658904633bd51e.jpg","contentUrl":"https:\/\/iraurgiberritzen.eus\/wp-content\/uploads\/2023\/09\/77535e3d475caea554658904633bd51e.jpg","width":400,"height":257},{"@type":"BreadcrumbList","@id":"https:\/\/iraurgiberritzen.eus\/es\/mas-de-60-entrevistas-segun-intereses-entre-jovenes-y-profesionales-de-la-comarca-en-el-marco-del-proyecto-elkarrekineraikitzen\/#breadcrumb","itemListElement":[{"@type":"ListItem","position":1,"name":"Home","item":"https:\/\/iraurgiberritzen.eus\/es\/"},{"@type":"ListItem","position":2,"name":"M\u00e1s de 60 entrevistas seg\u00fan intereses entre j\u00f3venes y profesionales de la comarca en el marco del proyecto Elkarrekin Eraikitzen"}]},{"@type":"WebSite","@id":"https:\/\/iraurgiberritzen.eus\/es\/#website","url":"https:\/\/iraurgiberritzen.eus\/es\/","name":"Iraurgi Berritzen","description":"Urola Erdiko Garapen Agentzia","publisher":{"@id":"https:\/\/iraurgiberritzen.eus\/es\/#organization"},"potentialAction":[{"@type":"SearchAction","target":{"@type":"EntryPoint","urlTemplate":"https:\/\/iraurgiberritzen.eus\/es\/?s={search_term_string}"},"query-input":{"@type":"PropertyValueSpecification","valueRequired":true,"valueName":"search_term_string"}}],"inLanguage":"es"},{"@type":"Organization","@id":"https:\/\/iraurgiberritzen.eus\/es\/#organization","name":"Iraurgi Berritzen","url":"https:\/\/iraurgiberritzen.eus\/es\/","logo":{"@type":"ImageObject","inLanguage":"es","@id":"https:\/\/iraurgiberritzen.eus\/es\/#\/schema\/logo\/image\/","url":"https:\/\/iraurgiberritzen.eus\/wp-content\/uploads\/2024\/02\/IRAURGI-BERRITZEN-logotipoa_2.png","contentUrl":"https:\/\/iraurgiberritzen.eus\/wp-content\/uploads\/2024\/02\/IRAURGI-BERRITZEN-logotipoa_2.png","width":496,"height":190,"caption":"Iraurgi Berritzen"},"image":{"@id":"https:\/\/iraurgiberritzen.eus\/es\/#\/schema\/logo\/image\/"}},{"@type":"Person","@id":"https:\/\/iraurgiberritzen.eus\/es\/#\/schema\/person\/5ab41aaf388a9097177601ebf45738d2","name":"kudeatzailea","sameAs":["https:\/\/iraurgiberritzen.eus"]}]}},"_links":{"self":[{"href":"https:\/\/iraurgiberritzen.eus\/es\/wp-json\/wp\/v2\/posts\/14524","targetHints":{"allow":["GET"]}}],"collection":[{"href":"https:\/\/iraurgiberritzen.eus\/es\/wp-json\/wp\/v2\/posts"}],"about":[{"href":"https:\/\/iraurgiberritzen.eus\/es\/wp-json\/wp\/v2\/types\/post"}],"author":[{"embeddable":true,"href":"https:\/\/iraurgiberritzen.eus\/es\/wp-json\/wp\/v2\/users\/1"}],"replies":[{"embeddable":true,"href":"https:\/\/iraurgiberritzen.eus\/es\/wp-json\/wp\/v2\/comments?post=14524"}],"version-history":[{"count":0,"href":"https:\/\/iraurgiberritzen.eus\/es\/wp-json\/wp\/v2\/posts\/14524\/revisions"}],"wp:featuredmedia":[{"embeddable":true,"href":"https:\/\/iraurgiberritzen.eus\/es\/wp-json\/wp\/v2\/media\/17194"}],"wp:attachment":[{"href":"https:\/\/iraurgiberritzen.eus\/es\/wp-json\/wp\/v2\/media?parent=14524"}],"wp:term":[{"taxonomy":"category","embeddable":true,"href":"https:\/\/iraurgiberritzen.eus\/es\/wp-json\/wp\/v2\/categories?post=14524"},{"taxonomy":"post_tag","embeddable":true,"href":"https:\/\/iraurgiberritzen.eus\/es\/wp-json\/wp\/v2\/tags?post=14524"}],"curies":[{"name":"wp","href":"https:\/\/api.w.org\/{rel}","templated":true}]}}