{"id":14539,"date":"2023-06-23T05:40:48","date_gmt":"2023-06-23T03:40:48","guid":{"rendered":"https:\/\/iraurgiberritzen.eus\/hezkuntza-gunea-hace-una-valoracion-positiva-de-los-diferentes-proyectos-y-dinamicas-trabajados-a-lo-largo-del-curso-en-el-marco-de-ib-educacion\/"},"modified":"2023-06-23T05:40:48","modified_gmt":"2023-06-23T03:40:48","slug":"hezkuntza-gunea-hace-una-valoracion-positiva-de-los-diferentes-proyectos-y-dinamicas-trabajados-a-lo-largo-del-curso-en-el-marco-de-ib-educacion","status":"publish","type":"post","link":"https:\/\/iraurgiberritzen.eus\/es\/hezkuntza-gunea-hace-una-valoracion-positiva-de-los-diferentes-proyectos-y-dinamicas-trabajados-a-lo-largo-del-curso-en-el-marco-de-ib-educacion\/","title":{"rendered":"HEZKUNTZA GUNEA hace una valoraci\u00f3n positiva de los diferentes proyectos y din\u00e1micas trabajadas a lo largo del curso en el marco de IB Educaci\u00f3n"},"content":{"rendered":"<p style=\"text-align: justify;\">Los directores de los 5 centros escolares de la comarca han realizado una valoraci\u00f3n muy positiva de los proyectos desarrollados seg\u00fan las l\u00edneas de trabajo definidas conjuntamente al inicio del curso, en la reuni\u00f3n de trabajo que han mantenido hoy jueves, 22 de junio, en el Palacio Intsausti de Azkoitia.<\/p>\n<p>&nbsp;<\/p>\n<p style=\"text-align: justify;\">Se ha puesto el foco en tres l\u00edneas de trabajo:<\/p>\n<ul>\n<li><strong>La l\u00ednea de trabajo \u202fIKASIZ (Modelos de Gesti\u00f3n en Centros Educativos)<\/strong>: Sensibilizaci\u00f3n y Capacitaci\u00f3n, creaci\u00f3n de espacios colectivos e individuales.<\/li>\n<li><strong>Proyecto Ikastetxeak Saretzen (IB Harremanak)<\/strong>. Crear din\u00e1micas y espacios orientados a fortalecer las relaciones entre los centros educativos y los diferentes agentes de la comarca. Identificaci\u00f3n de nuevas din\u00e1micas de relaci\u00f3n.<\/li>\n<li><strong>Consolidaci\u00f3n y mejora de proyectos\u202fen marcha<\/strong>:\u202f Elkarrekin Eraikitzen, Gerolan Orientazioa, STEAM Urola Erdian e Izan Ekintzaile.&nbsp;<\/li>\n<\/ul>\n<p style=\"text-align: justify;\">El proceso de aprendizaje de este curso ha sido una experiencia enriquecedora. El personal t\u00e9cnico del \u00c1rea de Educaci\u00f3n abordar\u00e1 tambi\u00e9n con ganas el que se nos presenta, dando respuesta a las l\u00edneas de mejora identificadas en la reuni\u00f3n de hoy por parte del grupo de trabajo de directores de los centros escolares.<\/p>\n","protected":false},"excerpt":{"rendered":"<p>Los directores de los 5 centros escolares de la comarca han realizado una valoraci\u00f3n muy positiva de los proyectos desarrollados seg\u00fan las l\u00edneas de trabajo definidas conjuntamente al inicio del curso, en la reuni\u00f3n de trabajo que han mantenido hoy jueves, 22 de junio, en el Palacio Intsausti de Azkoitia. &nbsp; Se ha puesto el [&hellip;]<\/p>\n","protected":false},"author":1,"featured_media":17199,"comment_status":"","ping_status":"closed","sticky":false,"template":"","format":"standard","meta":{"_acf_changed":false,"footnotes":""},"categories":[4],"tags":[],"class_list":["post-14539","post","type-post","status-publish","format-standard","has-post-thumbnail","hentry","category-noticias"],"acf":[],"yoast_head":"<!-- This site is optimized with the Yoast SEO plugin v27.4 - https:\/\/yoast.com\/product\/yoast-seo-wordpress\/ -->\n<title>HEZKUNTZA GUNEA hace una valoraci\u00f3n positiva de los diferentes proyectos y din\u00e1micas trabajadas a lo largo del curso en el marco de IB Educaci\u00f3n - Iraurgi Berritzen<\/title>\n<meta name=\"robots\" content=\"index, follow, max-snippet:-1, max-image-preview:large, max-video-preview:-1\" \/>\n<link rel=\"canonical\" href=\"https:\/\/iraurgiberritzen.eus\/es\/hezkuntza-gunea-hace-una-valoracion-positiva-de-los-diferentes-proyectos-y-dinamicas-trabajados-a-lo-largo-del-curso-en-el-marco-de-ib-educacion\/\" \/>\n<meta property=\"og:locale\" content=\"es_ES\" \/>\n<meta property=\"og:type\" content=\"article\" \/>\n<meta property=\"og:title\" content=\"HEZKUNTZA GUNEA hace una valoraci\u00f3n positiva de los diferentes proyectos y din\u00e1micas trabajadas a lo largo del curso en el marco de IB Educaci\u00f3n - Iraurgi Berritzen\" \/>\n<meta property=\"og:description\" content=\"Los directores de los 5 centros escolares de la comarca han realizado una valoraci\u00f3n muy positiva de los proyectos desarrollados seg\u00fan las l\u00edneas de trabajo definidas conjuntamente al inicio del curso, en la reuni\u00f3n de trabajo que han mantenido hoy jueves, 22 de junio, en el Palacio Intsausti de Azkoitia. &nbsp; Se ha puesto el [&hellip;]\" \/>\n<meta property=\"og:url\" content=\"https:\/\/iraurgiberritzen.eus\/es\/hezkuntza-gunea-hace-una-valoracion-positiva-de-los-diferentes-proyectos-y-dinamicas-trabajados-a-lo-largo-del-curso-en-el-marco-de-ib-educacion\/\" \/>\n<meta property=\"og:site_name\" content=\"Iraurgi Berritzen\" \/>\n<meta property=\"article:published_time\" content=\"2023-06-23T03:40:48+00:00\" \/>\n<meta name=\"author\" content=\"kudeatzailea\" \/>\n<meta name=\"twitter:card\" content=\"summary_large_image\" \/>\n<meta name=\"twitter:label1\" content=\"Escrito por\" \/>\n\t<meta name=\"twitter:data1\" content=\"kudeatzailea\" \/>\n\t<meta name=\"twitter:label2\" content=\"Tiempo de lectura\" \/>\n\t<meta name=\"twitter:data2\" content=\"1 minuto\" \/>\n<script type=\"application\/ld+json\" class=\"yoast-schema-graph\">{\"@context\":\"https:\\\/\\\/schema.org\",\"@graph\":[{\"@type\":\"Article\",\"@id\":\"https:\\\/\\\/iraurgiberritzen.eus\\\/es\\\/hezkuntza-gunea-hace-una-valoracion-positiva-de-los-diferentes-proyectos-y-dinamicas-trabajados-a-lo-largo-del-curso-en-el-marco-de-ib-educacion\\\/#article\",\"isPartOf\":{\"@id\":\"https:\\\/\\\/iraurgiberritzen.eus\\\/es\\\/hezkuntza-gunea-hace-una-valoracion-positiva-de-los-diferentes-proyectos-y-dinamicas-trabajados-a-lo-largo-del-curso-en-el-marco-de-ib-educacion\\\/\"},\"author\":{\"name\":\"kudeatzailea\",\"@id\":\"https:\\\/\\\/iraurgiberritzen.eus\\\/es\\\/#\\\/schema\\\/person\\\/5ab41aaf388a9097177601ebf45738d2\"},\"headline\":\"HEZKUNTZA GUNEA hace una valoraci\u00f3n positiva de los diferentes proyectos y din\u00e1micas trabajadas a lo largo del curso en el marco de IB Educaci\u00f3n\",\"datePublished\":\"2023-06-23T03:40:48+00:00\",\"mainEntityOfPage\":{\"@id\":\"https:\\\/\\\/iraurgiberritzen.eus\\\/es\\\/hezkuntza-gunea-hace-una-valoracion-positiva-de-los-diferentes-proyectos-y-dinamicas-trabajados-a-lo-largo-del-curso-en-el-marco-de-ib-educacion\\\/\"},\"wordCount\":228,\"publisher\":{\"@id\":\"https:\\\/\\\/iraurgiberritzen.eus\\\/es\\\/#organization\"},\"image\":{\"@id\":\"https:\\\/\\\/iraurgiberritzen.eus\\\/es\\\/hezkuntza-gunea-hace-una-valoracion-positiva-de-los-diferentes-proyectos-y-dinamicas-trabajados-a-lo-largo-del-curso-en-el-marco-de-ib-educacion\\\/#primaryimage\"},\"thumbnailUrl\":\"https:\\\/\\\/iraurgiberritzen.eus\\\/wp-content\\\/uploads\\\/2023\\\/09\\\/55423d648d980fcd038f6cfb754692c1.jpg\",\"articleSection\":[\"Noticias\"],\"inLanguage\":\"es\"},{\"@type\":\"WebPage\",\"@id\":\"https:\\\/\\\/iraurgiberritzen.eus\\\/es\\\/hezkuntza-gunea-hace-una-valoracion-positiva-de-los-diferentes-proyectos-y-dinamicas-trabajados-a-lo-largo-del-curso-en-el-marco-de-ib-educacion\\\/\",\"url\":\"https:\\\/\\\/iraurgiberritzen.eus\\\/es\\\/hezkuntza-gunea-hace-una-valoracion-positiva-de-los-diferentes-proyectos-y-dinamicas-trabajados-a-lo-largo-del-curso-en-el-marco-de-ib-educacion\\\/\",\"name\":\"HEZKUNTZA GUNEA hace una valoraci\u00f3n positiva de los diferentes proyectos y din\u00e1micas trabajadas a lo largo del curso en el marco de IB Educaci\u00f3n - Iraurgi Berritzen\",\"isPartOf\":{\"@id\":\"https:\\\/\\\/iraurgiberritzen.eus\\\/es\\\/#website\"},\"primaryImageOfPage\":{\"@id\":\"https:\\\/\\\/iraurgiberritzen.eus\\\/es\\\/hezkuntza-gunea-hace-una-valoracion-positiva-de-los-diferentes-proyectos-y-dinamicas-trabajados-a-lo-largo-del-curso-en-el-marco-de-ib-educacion\\\/#primaryimage\"},\"image\":{\"@id\":\"https:\\\/\\\/iraurgiberritzen.eus\\\/es\\\/hezkuntza-gunea-hace-una-valoracion-positiva-de-los-diferentes-proyectos-y-dinamicas-trabajados-a-lo-largo-del-curso-en-el-marco-de-ib-educacion\\\/#primaryimage\"},\"thumbnailUrl\":\"https:\\\/\\\/iraurgiberritzen.eus\\\/wp-content\\\/uploads\\\/2023\\\/09\\\/55423d648d980fcd038f6cfb754692c1.jpg\",\"datePublished\":\"2023-06-23T03:40:48+00:00\",\"breadcrumb\":{\"@id\":\"https:\\\/\\\/iraurgiberritzen.eus\\\/es\\\/hezkuntza-gunea-hace-una-valoracion-positiva-de-los-diferentes-proyectos-y-dinamicas-trabajados-a-lo-largo-del-curso-en-el-marco-de-ib-educacion\\\/#breadcrumb\"},\"inLanguage\":\"es\",\"potentialAction\":[{\"@type\":\"ReadAction\",\"target\":[\"https:\\\/\\\/iraurgiberritzen.eus\\\/es\\\/hezkuntza-gunea-hace-una-valoracion-positiva-de-los-diferentes-proyectos-y-dinamicas-trabajados-a-lo-largo-del-curso-en-el-marco-de-ib-educacion\\\/\"]}]},{\"@type\":\"ImageObject\",\"inLanguage\":\"es\",\"@id\":\"https:\\\/\\\/iraurgiberritzen.eus\\\/es\\\/hezkuntza-gunea-hace-una-valoracion-positiva-de-los-diferentes-proyectos-y-dinamicas-trabajados-a-lo-largo-del-curso-en-el-marco-de-ib-educacion\\\/#primaryimage\",\"url\":\"https:\\\/\\\/iraurgiberritzen.eus\\\/wp-content\\\/uploads\\\/2023\\\/09\\\/55423d648d980fcd038f6cfb754692c1.jpg\",\"contentUrl\":\"https:\\\/\\\/iraurgiberritzen.eus\\\/wp-content\\\/uploads\\\/2023\\\/09\\\/55423d648d980fcd038f6cfb754692c1.jpg\",\"width\":400,\"height\":257},{\"@type\":\"BreadcrumbList\",\"@id\":\"https:\\\/\\\/iraurgiberritzen.eus\\\/es\\\/hezkuntza-gunea-hace-una-valoracion-positiva-de-los-diferentes-proyectos-y-dinamicas-trabajados-a-lo-largo-del-curso-en-el-marco-de-ib-educacion\\\/#breadcrumb\",\"itemListElement\":[{\"@type\":\"ListItem\",\"position\":1,\"name\":\"Home\",\"item\":\"https:\\\/\\\/iraurgiberritzen.eus\\\/es\\\/\"},{\"@type\":\"ListItem\",\"position\":2,\"name\":\"HEZKUNTZA GUNEA hace una valoraci\u00f3n positiva de los diferentes proyectos y din\u00e1micas trabajadas a lo largo del curso en el marco de IB Educaci\u00f3n\"}]},{\"@type\":\"WebSite\",\"@id\":\"https:\\\/\\\/iraurgiberritzen.eus\\\/es\\\/#website\",\"url\":\"https:\\\/\\\/iraurgiberritzen.eus\\\/es\\\/\",\"name\":\"Iraurgi Berritzen\",\"description\":\"Urola Erdiko Garapen Agentzia\",\"publisher\":{\"@id\":\"https:\\\/\\\/iraurgiberritzen.eus\\\/es\\\/#organization\"},\"potentialAction\":[{\"@type\":\"SearchAction\",\"target\":{\"@type\":\"EntryPoint\",\"urlTemplate\":\"https:\\\/\\\/iraurgiberritzen.eus\\\/es\\\/?s={search_term_string}\"},\"query-input\":{\"@type\":\"PropertyValueSpecification\",\"valueRequired\":true,\"valueName\":\"search_term_string\"}}],\"inLanguage\":\"es\"},{\"@type\":\"Organization\",\"@id\":\"https:\\\/\\\/iraurgiberritzen.eus\\\/es\\\/#organization\",\"name\":\"Iraurgi Berritzen\",\"url\":\"https:\\\/\\\/iraurgiberritzen.eus\\\/es\\\/\",\"logo\":{\"@type\":\"ImageObject\",\"inLanguage\":\"es\",\"@id\":\"https:\\\/\\\/iraurgiberritzen.eus\\\/es\\\/#\\\/schema\\\/logo\\\/image\\\/\",\"url\":\"https:\\\/\\\/iraurgiberritzen.eus\\\/wp-content\\\/uploads\\\/2024\\\/02\\\/IRAURGI-BERRITZEN-logotipoa_2.png\",\"contentUrl\":\"https:\\\/\\\/iraurgiberritzen.eus\\\/wp-content\\\/uploads\\\/2024\\\/02\\\/IRAURGI-BERRITZEN-logotipoa_2.png\",\"width\":496,\"height\":190,\"caption\":\"Iraurgi Berritzen\"},\"image\":{\"@id\":\"https:\\\/\\\/iraurgiberritzen.eus\\\/es\\\/#\\\/schema\\\/logo\\\/image\\\/\"}},{\"@type\":\"Person\",\"@id\":\"https:\\\/\\\/iraurgiberritzen.eus\\\/es\\\/#\\\/schema\\\/person\\\/5ab41aaf388a9097177601ebf45738d2\",\"name\":\"kudeatzailea\",\"sameAs\":[\"https:\\\/\\\/iraurgiberritzen.eus\"]}]}<\/script>\n<!-- \/ Yoast SEO plugin. -->","yoast_head_json":{"title":"HEZKUNTZA GUNEA hace una valoraci\u00f3n positiva de los diferentes proyectos y din\u00e1micas trabajadas a lo largo del curso en el marco de IB Educaci\u00f3n - Iraurgi Berritzen","robots":{"index":"index","follow":"follow","max-snippet":"max-snippet:-1","max-image-preview":"max-image-preview:large","max-video-preview":"max-video-preview:-1"},"canonical":"https:\/\/iraurgiberritzen.eus\/es\/hezkuntza-gunea-hace-una-valoracion-positiva-de-los-diferentes-proyectos-y-dinamicas-trabajados-a-lo-largo-del-curso-en-el-marco-de-ib-educacion\/","og_locale":"es_ES","og_type":"article","og_title":"HEZKUNTZA GUNEA hace una valoraci\u00f3n positiva de los diferentes proyectos y din\u00e1micas trabajadas a lo largo del curso en el marco de IB Educaci\u00f3n - Iraurgi Berritzen","og_description":"Los directores de los 5 centros escolares de la comarca han realizado una valoraci\u00f3n muy positiva de los proyectos desarrollados seg\u00fan las l\u00edneas de trabajo definidas conjuntamente al inicio del curso, en la reuni\u00f3n de trabajo que han mantenido hoy jueves, 22 de junio, en el Palacio Intsausti de Azkoitia. &nbsp; Se ha puesto el [&hellip;]","og_url":"https:\/\/iraurgiberritzen.eus\/es\/hezkuntza-gunea-hace-una-valoracion-positiva-de-los-diferentes-proyectos-y-dinamicas-trabajados-a-lo-largo-del-curso-en-el-marco-de-ib-educacion\/","og_site_name":"Iraurgi Berritzen","article_published_time":"2023-06-23T03:40:48+00:00","author":"kudeatzailea","twitter_card":"summary_large_image","twitter_misc":{"Escrito por":"kudeatzailea","Tiempo de lectura":"1 minuto"},"schema":{"@context":"https:\/\/schema.org","@graph":[{"@type":"Article","@id":"https:\/\/iraurgiberritzen.eus\/es\/hezkuntza-gunea-hace-una-valoracion-positiva-de-los-diferentes-proyectos-y-dinamicas-trabajados-a-lo-largo-del-curso-en-el-marco-de-ib-educacion\/#article","isPartOf":{"@id":"https:\/\/iraurgiberritzen.eus\/es\/hezkuntza-gunea-hace-una-valoracion-positiva-de-los-diferentes-proyectos-y-dinamicas-trabajados-a-lo-largo-del-curso-en-el-marco-de-ib-educacion\/"},"author":{"name":"kudeatzailea","@id":"https:\/\/iraurgiberritzen.eus\/es\/#\/schema\/person\/5ab41aaf388a9097177601ebf45738d2"},"headline":"HEZKUNTZA GUNEA hace una valoraci\u00f3n positiva de los diferentes proyectos y din\u00e1micas trabajadas a lo largo del curso en el marco de IB Educaci\u00f3n","datePublished":"2023-06-23T03:40:48+00:00","mainEntityOfPage":{"@id":"https:\/\/iraurgiberritzen.eus\/es\/hezkuntza-gunea-hace-una-valoracion-positiva-de-los-diferentes-proyectos-y-dinamicas-trabajados-a-lo-largo-del-curso-en-el-marco-de-ib-educacion\/"},"wordCount":228,"publisher":{"@id":"https:\/\/iraurgiberritzen.eus\/es\/#organization"},"image":{"@id":"https:\/\/iraurgiberritzen.eus\/es\/hezkuntza-gunea-hace-una-valoracion-positiva-de-los-diferentes-proyectos-y-dinamicas-trabajados-a-lo-largo-del-curso-en-el-marco-de-ib-educacion\/#primaryimage"},"thumbnailUrl":"https:\/\/iraurgiberritzen.eus\/wp-content\/uploads\/2023\/09\/55423d648d980fcd038f6cfb754692c1.jpg","articleSection":["Noticias"],"inLanguage":"es"},{"@type":"WebPage","@id":"https:\/\/iraurgiberritzen.eus\/es\/hezkuntza-gunea-hace-una-valoracion-positiva-de-los-diferentes-proyectos-y-dinamicas-trabajados-a-lo-largo-del-curso-en-el-marco-de-ib-educacion\/","url":"https:\/\/iraurgiberritzen.eus\/es\/hezkuntza-gunea-hace-una-valoracion-positiva-de-los-diferentes-proyectos-y-dinamicas-trabajados-a-lo-largo-del-curso-en-el-marco-de-ib-educacion\/","name":"HEZKUNTZA GUNEA hace una valoraci\u00f3n positiva de los diferentes proyectos y din\u00e1micas trabajadas a lo largo del curso en el marco de IB Educaci\u00f3n - Iraurgi Berritzen","isPartOf":{"@id":"https:\/\/iraurgiberritzen.eus\/es\/#website"},"primaryImageOfPage":{"@id":"https:\/\/iraurgiberritzen.eus\/es\/hezkuntza-gunea-hace-una-valoracion-positiva-de-los-diferentes-proyectos-y-dinamicas-trabajados-a-lo-largo-del-curso-en-el-marco-de-ib-educacion\/#primaryimage"},"image":{"@id":"https:\/\/iraurgiberritzen.eus\/es\/hezkuntza-gunea-hace-una-valoracion-positiva-de-los-diferentes-proyectos-y-dinamicas-trabajados-a-lo-largo-del-curso-en-el-marco-de-ib-educacion\/#primaryimage"},"thumbnailUrl":"https:\/\/iraurgiberritzen.eus\/wp-content\/uploads\/2023\/09\/55423d648d980fcd038f6cfb754692c1.jpg","datePublished":"2023-06-23T03:40:48+00:00","breadcrumb":{"@id":"https:\/\/iraurgiberritzen.eus\/es\/hezkuntza-gunea-hace-una-valoracion-positiva-de-los-diferentes-proyectos-y-dinamicas-trabajados-a-lo-largo-del-curso-en-el-marco-de-ib-educacion\/#breadcrumb"},"inLanguage":"es","potentialAction":[{"@type":"ReadAction","target":["https:\/\/iraurgiberritzen.eus\/es\/hezkuntza-gunea-hace-una-valoracion-positiva-de-los-diferentes-proyectos-y-dinamicas-trabajados-a-lo-largo-del-curso-en-el-marco-de-ib-educacion\/"]}]},{"@type":"ImageObject","inLanguage":"es","@id":"https:\/\/iraurgiberritzen.eus\/es\/hezkuntza-gunea-hace-una-valoracion-positiva-de-los-diferentes-proyectos-y-dinamicas-trabajados-a-lo-largo-del-curso-en-el-marco-de-ib-educacion\/#primaryimage","url":"https:\/\/iraurgiberritzen.eus\/wp-content\/uploads\/2023\/09\/55423d648d980fcd038f6cfb754692c1.jpg","contentUrl":"https:\/\/iraurgiberritzen.eus\/wp-content\/uploads\/2023\/09\/55423d648d980fcd038f6cfb754692c1.jpg","width":400,"height":257},{"@type":"BreadcrumbList","@id":"https:\/\/iraurgiberritzen.eus\/es\/hezkuntza-gunea-hace-una-valoracion-positiva-de-los-diferentes-proyectos-y-dinamicas-trabajados-a-lo-largo-del-curso-en-el-marco-de-ib-educacion\/#breadcrumb","itemListElement":[{"@type":"ListItem","position":1,"name":"Home","item":"https:\/\/iraurgiberritzen.eus\/es\/"},{"@type":"ListItem","position":2,"name":"HEZKUNTZA GUNEA hace una valoraci\u00f3n positiva de los diferentes proyectos y din\u00e1micas trabajadas a lo largo del curso en el marco de IB Educaci\u00f3n"}]},{"@type":"WebSite","@id":"https:\/\/iraurgiberritzen.eus\/es\/#website","url":"https:\/\/iraurgiberritzen.eus\/es\/","name":"Iraurgi Berritzen","description":"Urola Erdiko Garapen Agentzia","publisher":{"@id":"https:\/\/iraurgiberritzen.eus\/es\/#organization"},"potentialAction":[{"@type":"SearchAction","target":{"@type":"EntryPoint","urlTemplate":"https:\/\/iraurgiberritzen.eus\/es\/?s={search_term_string}"},"query-input":{"@type":"PropertyValueSpecification","valueRequired":true,"valueName":"search_term_string"}}],"inLanguage":"es"},{"@type":"Organization","@id":"https:\/\/iraurgiberritzen.eus\/es\/#organization","name":"Iraurgi Berritzen","url":"https:\/\/iraurgiberritzen.eus\/es\/","logo":{"@type":"ImageObject","inLanguage":"es","@id":"https:\/\/iraurgiberritzen.eus\/es\/#\/schema\/logo\/image\/","url":"https:\/\/iraurgiberritzen.eus\/wp-content\/uploads\/2024\/02\/IRAURGI-BERRITZEN-logotipoa_2.png","contentUrl":"https:\/\/iraurgiberritzen.eus\/wp-content\/uploads\/2024\/02\/IRAURGI-BERRITZEN-logotipoa_2.png","width":496,"height":190,"caption":"Iraurgi Berritzen"},"image":{"@id":"https:\/\/iraurgiberritzen.eus\/es\/#\/schema\/logo\/image\/"}},{"@type":"Person","@id":"https:\/\/iraurgiberritzen.eus\/es\/#\/schema\/person\/5ab41aaf388a9097177601ebf45738d2","name":"kudeatzailea","sameAs":["https:\/\/iraurgiberritzen.eus"]}]}},"_links":{"self":[{"href":"https:\/\/iraurgiberritzen.eus\/es\/wp-json\/wp\/v2\/posts\/14539","targetHints":{"allow":["GET"]}}],"collection":[{"href":"https:\/\/iraurgiberritzen.eus\/es\/wp-json\/wp\/v2\/posts"}],"about":[{"href":"https:\/\/iraurgiberritzen.eus\/es\/wp-json\/wp\/v2\/types\/post"}],"author":[{"embeddable":true,"href":"https:\/\/iraurgiberritzen.eus\/es\/wp-json\/wp\/v2\/users\/1"}],"replies":[{"embeddable":true,"href":"https:\/\/iraurgiberritzen.eus\/es\/wp-json\/wp\/v2\/comments?post=14539"}],"version-history":[{"count":0,"href":"https:\/\/iraurgiberritzen.eus\/es\/wp-json\/wp\/v2\/posts\/14539\/revisions"}],"wp:featuredmedia":[{"embeddable":true,"href":"https:\/\/iraurgiberritzen.eus\/es\/wp-json\/wp\/v2\/media\/17199"}],"wp:attachment":[{"href":"https:\/\/iraurgiberritzen.eus\/es\/wp-json\/wp\/v2\/media?parent=14539"}],"wp:term":[{"taxonomy":"category","embeddable":true,"href":"https:\/\/iraurgiberritzen.eus\/es\/wp-json\/wp\/v2\/categories?post=14539"},{"taxonomy":"post_tag","embeddable":true,"href":"https:\/\/iraurgiberritzen.eus\/es\/wp-json\/wp\/v2\/tags?post=14539"}],"curies":[{"name":"wp","href":"https:\/\/api.w.org\/{rel}","templated":true}]}}