{"id":14545,"date":"2023-06-26T09:28:23","date_gmt":"2023-06-26T07:28:23","guid":{"rendered":"https:\/\/iraurgiberritzen.eus\/de-la-idea-a-la-empresa-pildoras-de-formacion-para-aquellas-personas-emprendedoras-que-tengan-una-idea-de-negocio-y-quieran-dar-un-paso-mas\/"},"modified":"2023-06-26T09:28:23","modified_gmt":"2023-06-26T07:28:23","slug":"de-la-idea-a-la-empresa-pildoras-de-formacion-para-aquellas-personas-emprendedoras-que-tengan-una-idea-de-negocio-y-quieran-dar-un-paso-mas","status":"publish","type":"post","link":"https:\/\/iraurgiberritzen.eus\/es\/de-la-idea-a-la-empresa-pildoras-de-formacion-para-aquellas-personas-emprendedoras-que-tengan-una-idea-de-negocio-y-quieran-dar-un-paso-mas\/","title":{"rendered":"\u201cDe la idea a la empresa\u201d, p\u00edldoras de formaci\u00f3n para aquellas personas emprendedoras que tengan una idea de negocio y quieran dar un paso m\u00e1s"},"content":{"rendered":"<p style=\"text-align: justify;\">A lo largo del mes de julio se ha organizado un itinerario formativo para aquellas personas que est\u00e9n pensando en emprender. Durante el recorrido se ver\u00e1n los pasos a dar a la hora de crear una empresa y en cada bloque se trabajar\u00e1n diferentes tem\u00e1ticas.<\/p>\n<p style=\"text-align: justify;\">El primer bloque, estar\u00e1 compuesto por dos sesiones y estar\u00e1 dirigido a aquellas personas que tengan una idea de negocio en mente y quieran desarrollarla m\u00e1s.<\/p>\n<p style=\"text-align: justify;\">En el segundo bloque, la persona emprendedora empezar\u00e1 a planificar los pasos a dar a la hora de hacer realidad la idea. En 3 sesiones se trabajar\u00e1n diferentes canales y estrategias para llegar a la clientela y se ver\u00e1n los conceptos y herramientas para realizar el an\u00e1lisis econ\u00f3mico.<\/p>\n<p style=\"text-align: justify;\">Y, por \u00faltimo, en el tercer bloque se ver\u00e1n los tr\u00e1mites que hay que realizar en cuanto a la creaci\u00f3n de empresas. En dos sesiones de trabajo se ver\u00e1n diferentes formas jur\u00eddicas, tr\u00e1mites y las obligaciones con Hacienda y la Seguridad Social (Cuota Aut\u00f3nomos).<\/p>\n<p style=\"text-align: justify;\">El primer bloque dar\u00e1 inicio los d\u00edas 4 y 7 de Julio. El 11, 13 y 18 de julio, se impartir\u00e1 el segundo bloque y las \u00faltimas sesiones ser\u00e1n el 20 y 27 de Julio. El horario ser\u00e1 de 9:30 a 11:30 y la formaci\u00f3n se impartir\u00e1 en el Palacio Intsausti de Azkoitia.<\/p>\n<p style=\"text-align: justify;\">La persona emprendedora, dependiendo en la fase que est\u00e9, podr\u00e1 realizar el itinerario completo o participar en cualquiera de los bloques que sea de su inter\u00e9s.<\/p>\n<p style=\"text-align: justify;\">Las personas interesadas podr\u00e1n recibir m\u00e1s informaci\u00f3n o inscribirse al curso contactando con Iraurgi Berritzen a trav\u00e9s del tel\u00e9fono 688 601 299 (Ione Eizagirre) o escribiendo a <a href=\"mailto:ieizagirre@iraurgiberritzen.eus.\">ieizagirre@iraurgiberritzen.eus.<\/a><\/p>\n","protected":false},"excerpt":{"rendered":"<p>A lo largo del mes de julio se ha organizado un itinerario formativo para aquellas personas que est\u00e9n pensando en emprender. Durante el recorrido se ver\u00e1n los pasos a dar a la hora de crear una empresa y en cada bloque se trabajar\u00e1n diferentes tem\u00e1ticas. El primer bloque, estar\u00e1 compuesto por dos sesiones y estar\u00e1 [&hellip;]<\/p>\n","protected":false},"author":1,"featured_media":17201,"comment_status":"","ping_status":"closed","sticky":false,"template":"","format":"standard","meta":{"_acf_changed":false,"footnotes":""},"categories":[4],"tags":[],"class_list":["post-14545","post","type-post","status-publish","format-standard","has-post-thumbnail","hentry","category-noticias"],"acf":[],"yoast_head":"<!-- This site is optimized with the Yoast SEO plugin v27.4 - https:\/\/yoast.com\/product\/yoast-seo-wordpress\/ -->\n<title>\u201cDe la idea a la empresa\u201d, p\u00edldoras de formaci\u00f3n para aquellas personas emprendedoras que tengan una idea de negocio y quieran dar un paso m\u00e1s - Iraurgi Berritzen<\/title>\n<meta name=\"robots\" content=\"index, follow, max-snippet:-1, max-image-preview:large, max-video-preview:-1\" \/>\n<link rel=\"canonical\" href=\"https:\/\/iraurgiberritzen.eus\/es\/de-la-idea-a-la-empresa-pildoras-de-formacion-para-aquellas-personas-emprendedoras-que-tengan-una-idea-de-negocio-y-quieran-dar-un-paso-mas\/\" \/>\n<meta property=\"og:locale\" content=\"es_ES\" \/>\n<meta property=\"og:type\" content=\"article\" \/>\n<meta property=\"og:title\" content=\"\u201cDe la idea a la empresa\u201d, p\u00edldoras de formaci\u00f3n para aquellas personas emprendedoras que tengan una idea de negocio y quieran dar un paso m\u00e1s - Iraurgi Berritzen\" \/>\n<meta property=\"og:description\" content=\"A lo largo del mes de julio se ha organizado un itinerario formativo para aquellas personas que est\u00e9n pensando en emprender. Durante el recorrido se ver\u00e1n los pasos a dar a la hora de crear una empresa y en cada bloque se trabajar\u00e1n diferentes tem\u00e1ticas. El primer bloque, estar\u00e1 compuesto por dos sesiones y estar\u00e1 [&hellip;]\" \/>\n<meta property=\"og:url\" content=\"https:\/\/iraurgiberritzen.eus\/es\/de-la-idea-a-la-empresa-pildoras-de-formacion-para-aquellas-personas-emprendedoras-que-tengan-una-idea-de-negocio-y-quieran-dar-un-paso-mas\/\" \/>\n<meta property=\"og:site_name\" content=\"Iraurgi Berritzen\" \/>\n<meta property=\"article:published_time\" content=\"2023-06-26T07:28:23+00:00\" \/>\n<meta name=\"author\" content=\"kudeatzailea\" \/>\n<meta name=\"twitter:card\" content=\"summary_large_image\" \/>\n<meta name=\"twitter:label1\" content=\"Escrito por\" \/>\n\t<meta name=\"twitter:data1\" content=\"kudeatzailea\" \/>\n\t<meta name=\"twitter:label2\" content=\"Tiempo de lectura\" \/>\n\t<meta name=\"twitter:data2\" content=\"1 minuto\" \/>\n<script type=\"application\/ld+json\" class=\"yoast-schema-graph\">{\"@context\":\"https:\\\/\\\/schema.org\",\"@graph\":[{\"@type\":\"Article\",\"@id\":\"https:\\\/\\\/iraurgiberritzen.eus\\\/es\\\/de-la-idea-a-la-empresa-pildoras-de-formacion-para-aquellas-personas-emprendedoras-que-tengan-una-idea-de-negocio-y-quieran-dar-un-paso-mas\\\/#article\",\"isPartOf\":{\"@id\":\"https:\\\/\\\/iraurgiberritzen.eus\\\/es\\\/de-la-idea-a-la-empresa-pildoras-de-formacion-para-aquellas-personas-emprendedoras-que-tengan-una-idea-de-negocio-y-quieran-dar-un-paso-mas\\\/\"},\"author\":{\"name\":\"kudeatzailea\",\"@id\":\"https:\\\/\\\/iraurgiberritzen.eus\\\/es\\\/#\\\/schema\\\/person\\\/5ab41aaf388a9097177601ebf45738d2\"},\"headline\":\"\u201cDe la idea a la empresa\u201d, p\u00edldoras de formaci\u00f3n para aquellas personas emprendedoras que tengan una idea de negocio y quieran dar un paso m\u00e1s\",\"datePublished\":\"2023-06-26T07:28:23+00:00\",\"mainEntityOfPage\":{\"@id\":\"https:\\\/\\\/iraurgiberritzen.eus\\\/es\\\/de-la-idea-a-la-empresa-pildoras-de-formacion-para-aquellas-personas-emprendedoras-que-tengan-una-idea-de-negocio-y-quieran-dar-un-paso-mas\\\/\"},\"wordCount\":312,\"publisher\":{\"@id\":\"https:\\\/\\\/iraurgiberritzen.eus\\\/es\\\/#organization\"},\"image\":{\"@id\":\"https:\\\/\\\/iraurgiberritzen.eus\\\/es\\\/de-la-idea-a-la-empresa-pildoras-de-formacion-para-aquellas-personas-emprendedoras-que-tengan-una-idea-de-negocio-y-quieran-dar-un-paso-mas\\\/#primaryimage\"},\"thumbnailUrl\":\"https:\\\/\\\/iraurgiberritzen.eus\\\/wp-content\\\/uploads\\\/2023\\\/09\\\/41b3e1c9a72563adbb791550ecdbe3a5.jpg\",\"articleSection\":[\"Noticias\"],\"inLanguage\":\"es\"},{\"@type\":\"WebPage\",\"@id\":\"https:\\\/\\\/iraurgiberritzen.eus\\\/es\\\/de-la-idea-a-la-empresa-pildoras-de-formacion-para-aquellas-personas-emprendedoras-que-tengan-una-idea-de-negocio-y-quieran-dar-un-paso-mas\\\/\",\"url\":\"https:\\\/\\\/iraurgiberritzen.eus\\\/es\\\/de-la-idea-a-la-empresa-pildoras-de-formacion-para-aquellas-personas-emprendedoras-que-tengan-una-idea-de-negocio-y-quieran-dar-un-paso-mas\\\/\",\"name\":\"\u201cDe la idea a la empresa\u201d, p\u00edldoras de formaci\u00f3n para aquellas personas emprendedoras que tengan una idea de negocio y quieran dar un paso m\u00e1s - Iraurgi Berritzen\",\"isPartOf\":{\"@id\":\"https:\\\/\\\/iraurgiberritzen.eus\\\/es\\\/#website\"},\"primaryImageOfPage\":{\"@id\":\"https:\\\/\\\/iraurgiberritzen.eus\\\/es\\\/de-la-idea-a-la-empresa-pildoras-de-formacion-para-aquellas-personas-emprendedoras-que-tengan-una-idea-de-negocio-y-quieran-dar-un-paso-mas\\\/#primaryimage\"},\"image\":{\"@id\":\"https:\\\/\\\/iraurgiberritzen.eus\\\/es\\\/de-la-idea-a-la-empresa-pildoras-de-formacion-para-aquellas-personas-emprendedoras-que-tengan-una-idea-de-negocio-y-quieran-dar-un-paso-mas\\\/#primaryimage\"},\"thumbnailUrl\":\"https:\\\/\\\/iraurgiberritzen.eus\\\/wp-content\\\/uploads\\\/2023\\\/09\\\/41b3e1c9a72563adbb791550ecdbe3a5.jpg\",\"datePublished\":\"2023-06-26T07:28:23+00:00\",\"breadcrumb\":{\"@id\":\"https:\\\/\\\/iraurgiberritzen.eus\\\/es\\\/de-la-idea-a-la-empresa-pildoras-de-formacion-para-aquellas-personas-emprendedoras-que-tengan-una-idea-de-negocio-y-quieran-dar-un-paso-mas\\\/#breadcrumb\"},\"inLanguage\":\"es\",\"potentialAction\":[{\"@type\":\"ReadAction\",\"target\":[\"https:\\\/\\\/iraurgiberritzen.eus\\\/es\\\/de-la-idea-a-la-empresa-pildoras-de-formacion-para-aquellas-personas-emprendedoras-que-tengan-una-idea-de-negocio-y-quieran-dar-un-paso-mas\\\/\"]}]},{\"@type\":\"ImageObject\",\"inLanguage\":\"es\",\"@id\":\"https:\\\/\\\/iraurgiberritzen.eus\\\/es\\\/de-la-idea-a-la-empresa-pildoras-de-formacion-para-aquellas-personas-emprendedoras-que-tengan-una-idea-de-negocio-y-quieran-dar-un-paso-mas\\\/#primaryimage\",\"url\":\"https:\\\/\\\/iraurgiberritzen.eus\\\/wp-content\\\/uploads\\\/2023\\\/09\\\/41b3e1c9a72563adbb791550ecdbe3a5.jpg\",\"contentUrl\":\"https:\\\/\\\/iraurgiberritzen.eus\\\/wp-content\\\/uploads\\\/2023\\\/09\\\/41b3e1c9a72563adbb791550ecdbe3a5.jpg\",\"width\":400,\"height\":257},{\"@type\":\"BreadcrumbList\",\"@id\":\"https:\\\/\\\/iraurgiberritzen.eus\\\/es\\\/de-la-idea-a-la-empresa-pildoras-de-formacion-para-aquellas-personas-emprendedoras-que-tengan-una-idea-de-negocio-y-quieran-dar-un-paso-mas\\\/#breadcrumb\",\"itemListElement\":[{\"@type\":\"ListItem\",\"position\":1,\"name\":\"Home\",\"item\":\"https:\\\/\\\/iraurgiberritzen.eus\\\/es\\\/\"},{\"@type\":\"ListItem\",\"position\":2,\"name\":\"\u201cDe la idea a la empresa\u201d, p\u00edldoras de formaci\u00f3n para aquellas personas emprendedoras que tengan una idea de negocio y quieran dar un paso m\u00e1s\"}]},{\"@type\":\"WebSite\",\"@id\":\"https:\\\/\\\/iraurgiberritzen.eus\\\/es\\\/#website\",\"url\":\"https:\\\/\\\/iraurgiberritzen.eus\\\/es\\\/\",\"name\":\"Iraurgi Berritzen\",\"description\":\"Urola Erdiko Garapen Agentzia\",\"publisher\":{\"@id\":\"https:\\\/\\\/iraurgiberritzen.eus\\\/es\\\/#organization\"},\"potentialAction\":[{\"@type\":\"SearchAction\",\"target\":{\"@type\":\"EntryPoint\",\"urlTemplate\":\"https:\\\/\\\/iraurgiberritzen.eus\\\/es\\\/?s={search_term_string}\"},\"query-input\":{\"@type\":\"PropertyValueSpecification\",\"valueRequired\":true,\"valueName\":\"search_term_string\"}}],\"inLanguage\":\"es\"},{\"@type\":\"Organization\",\"@id\":\"https:\\\/\\\/iraurgiberritzen.eus\\\/es\\\/#organization\",\"name\":\"Iraurgi Berritzen\",\"url\":\"https:\\\/\\\/iraurgiberritzen.eus\\\/es\\\/\",\"logo\":{\"@type\":\"ImageObject\",\"inLanguage\":\"es\",\"@id\":\"https:\\\/\\\/iraurgiberritzen.eus\\\/es\\\/#\\\/schema\\\/logo\\\/image\\\/\",\"url\":\"https:\\\/\\\/iraurgiberritzen.eus\\\/wp-content\\\/uploads\\\/2024\\\/02\\\/IRAURGI-BERRITZEN-logotipoa_2.png\",\"contentUrl\":\"https:\\\/\\\/iraurgiberritzen.eus\\\/wp-content\\\/uploads\\\/2024\\\/02\\\/IRAURGI-BERRITZEN-logotipoa_2.png\",\"width\":496,\"height\":190,\"caption\":\"Iraurgi Berritzen\"},\"image\":{\"@id\":\"https:\\\/\\\/iraurgiberritzen.eus\\\/es\\\/#\\\/schema\\\/logo\\\/image\\\/\"}},{\"@type\":\"Person\",\"@id\":\"https:\\\/\\\/iraurgiberritzen.eus\\\/es\\\/#\\\/schema\\\/person\\\/5ab41aaf388a9097177601ebf45738d2\",\"name\":\"kudeatzailea\",\"sameAs\":[\"https:\\\/\\\/iraurgiberritzen.eus\"]}]}<\/script>\n<!-- \/ Yoast SEO plugin. -->","yoast_head_json":{"title":"\u201cDe la idea a la empresa\u201d, p\u00edldoras de formaci\u00f3n para aquellas personas emprendedoras que tengan una idea de negocio y quieran dar un paso m\u00e1s - Iraurgi Berritzen","robots":{"index":"index","follow":"follow","max-snippet":"max-snippet:-1","max-image-preview":"max-image-preview:large","max-video-preview":"max-video-preview:-1"},"canonical":"https:\/\/iraurgiberritzen.eus\/es\/de-la-idea-a-la-empresa-pildoras-de-formacion-para-aquellas-personas-emprendedoras-que-tengan-una-idea-de-negocio-y-quieran-dar-un-paso-mas\/","og_locale":"es_ES","og_type":"article","og_title":"\u201cDe la idea a la empresa\u201d, p\u00edldoras de formaci\u00f3n para aquellas personas emprendedoras que tengan una idea de negocio y quieran dar un paso m\u00e1s - Iraurgi Berritzen","og_description":"A lo largo del mes de julio se ha organizado un itinerario formativo para aquellas personas que est\u00e9n pensando en emprender. Durante el recorrido se ver\u00e1n los pasos a dar a la hora de crear una empresa y en cada bloque se trabajar\u00e1n diferentes tem\u00e1ticas. El primer bloque, estar\u00e1 compuesto por dos sesiones y estar\u00e1 [&hellip;]","og_url":"https:\/\/iraurgiberritzen.eus\/es\/de-la-idea-a-la-empresa-pildoras-de-formacion-para-aquellas-personas-emprendedoras-que-tengan-una-idea-de-negocio-y-quieran-dar-un-paso-mas\/","og_site_name":"Iraurgi Berritzen","article_published_time":"2023-06-26T07:28:23+00:00","author":"kudeatzailea","twitter_card":"summary_large_image","twitter_misc":{"Escrito por":"kudeatzailea","Tiempo de lectura":"1 minuto"},"schema":{"@context":"https:\/\/schema.org","@graph":[{"@type":"Article","@id":"https:\/\/iraurgiberritzen.eus\/es\/de-la-idea-a-la-empresa-pildoras-de-formacion-para-aquellas-personas-emprendedoras-que-tengan-una-idea-de-negocio-y-quieran-dar-un-paso-mas\/#article","isPartOf":{"@id":"https:\/\/iraurgiberritzen.eus\/es\/de-la-idea-a-la-empresa-pildoras-de-formacion-para-aquellas-personas-emprendedoras-que-tengan-una-idea-de-negocio-y-quieran-dar-un-paso-mas\/"},"author":{"name":"kudeatzailea","@id":"https:\/\/iraurgiberritzen.eus\/es\/#\/schema\/person\/5ab41aaf388a9097177601ebf45738d2"},"headline":"\u201cDe la idea a la empresa\u201d, p\u00edldoras de formaci\u00f3n para aquellas personas emprendedoras que tengan una idea de negocio y quieran dar un paso m\u00e1s","datePublished":"2023-06-26T07:28:23+00:00","mainEntityOfPage":{"@id":"https:\/\/iraurgiberritzen.eus\/es\/de-la-idea-a-la-empresa-pildoras-de-formacion-para-aquellas-personas-emprendedoras-que-tengan-una-idea-de-negocio-y-quieran-dar-un-paso-mas\/"},"wordCount":312,"publisher":{"@id":"https:\/\/iraurgiberritzen.eus\/es\/#organization"},"image":{"@id":"https:\/\/iraurgiberritzen.eus\/es\/de-la-idea-a-la-empresa-pildoras-de-formacion-para-aquellas-personas-emprendedoras-que-tengan-una-idea-de-negocio-y-quieran-dar-un-paso-mas\/#primaryimage"},"thumbnailUrl":"https:\/\/iraurgiberritzen.eus\/wp-content\/uploads\/2023\/09\/41b3e1c9a72563adbb791550ecdbe3a5.jpg","articleSection":["Noticias"],"inLanguage":"es"},{"@type":"WebPage","@id":"https:\/\/iraurgiberritzen.eus\/es\/de-la-idea-a-la-empresa-pildoras-de-formacion-para-aquellas-personas-emprendedoras-que-tengan-una-idea-de-negocio-y-quieran-dar-un-paso-mas\/","url":"https:\/\/iraurgiberritzen.eus\/es\/de-la-idea-a-la-empresa-pildoras-de-formacion-para-aquellas-personas-emprendedoras-que-tengan-una-idea-de-negocio-y-quieran-dar-un-paso-mas\/","name":"\u201cDe la idea a la empresa\u201d, p\u00edldoras de formaci\u00f3n para aquellas personas emprendedoras que tengan una idea de negocio y quieran dar un paso m\u00e1s - Iraurgi Berritzen","isPartOf":{"@id":"https:\/\/iraurgiberritzen.eus\/es\/#website"},"primaryImageOfPage":{"@id":"https:\/\/iraurgiberritzen.eus\/es\/de-la-idea-a-la-empresa-pildoras-de-formacion-para-aquellas-personas-emprendedoras-que-tengan-una-idea-de-negocio-y-quieran-dar-un-paso-mas\/#primaryimage"},"image":{"@id":"https:\/\/iraurgiberritzen.eus\/es\/de-la-idea-a-la-empresa-pildoras-de-formacion-para-aquellas-personas-emprendedoras-que-tengan-una-idea-de-negocio-y-quieran-dar-un-paso-mas\/#primaryimage"},"thumbnailUrl":"https:\/\/iraurgiberritzen.eus\/wp-content\/uploads\/2023\/09\/41b3e1c9a72563adbb791550ecdbe3a5.jpg","datePublished":"2023-06-26T07:28:23+00:00","breadcrumb":{"@id":"https:\/\/iraurgiberritzen.eus\/es\/de-la-idea-a-la-empresa-pildoras-de-formacion-para-aquellas-personas-emprendedoras-que-tengan-una-idea-de-negocio-y-quieran-dar-un-paso-mas\/#breadcrumb"},"inLanguage":"es","potentialAction":[{"@type":"ReadAction","target":["https:\/\/iraurgiberritzen.eus\/es\/de-la-idea-a-la-empresa-pildoras-de-formacion-para-aquellas-personas-emprendedoras-que-tengan-una-idea-de-negocio-y-quieran-dar-un-paso-mas\/"]}]},{"@type":"ImageObject","inLanguage":"es","@id":"https:\/\/iraurgiberritzen.eus\/es\/de-la-idea-a-la-empresa-pildoras-de-formacion-para-aquellas-personas-emprendedoras-que-tengan-una-idea-de-negocio-y-quieran-dar-un-paso-mas\/#primaryimage","url":"https:\/\/iraurgiberritzen.eus\/wp-content\/uploads\/2023\/09\/41b3e1c9a72563adbb791550ecdbe3a5.jpg","contentUrl":"https:\/\/iraurgiberritzen.eus\/wp-content\/uploads\/2023\/09\/41b3e1c9a72563adbb791550ecdbe3a5.jpg","width":400,"height":257},{"@type":"BreadcrumbList","@id":"https:\/\/iraurgiberritzen.eus\/es\/de-la-idea-a-la-empresa-pildoras-de-formacion-para-aquellas-personas-emprendedoras-que-tengan-una-idea-de-negocio-y-quieran-dar-un-paso-mas\/#breadcrumb","itemListElement":[{"@type":"ListItem","position":1,"name":"Home","item":"https:\/\/iraurgiberritzen.eus\/es\/"},{"@type":"ListItem","position":2,"name":"\u201cDe la idea a la empresa\u201d, p\u00edldoras de formaci\u00f3n para aquellas personas emprendedoras que tengan una idea de negocio y quieran dar un paso m\u00e1s"}]},{"@type":"WebSite","@id":"https:\/\/iraurgiberritzen.eus\/es\/#website","url":"https:\/\/iraurgiberritzen.eus\/es\/","name":"Iraurgi Berritzen","description":"Urola Erdiko Garapen Agentzia","publisher":{"@id":"https:\/\/iraurgiberritzen.eus\/es\/#organization"},"potentialAction":[{"@type":"SearchAction","target":{"@type":"EntryPoint","urlTemplate":"https:\/\/iraurgiberritzen.eus\/es\/?s={search_term_string}"},"query-input":{"@type":"PropertyValueSpecification","valueRequired":true,"valueName":"search_term_string"}}],"inLanguage":"es"},{"@type":"Organization","@id":"https:\/\/iraurgiberritzen.eus\/es\/#organization","name":"Iraurgi Berritzen","url":"https:\/\/iraurgiberritzen.eus\/es\/","logo":{"@type":"ImageObject","inLanguage":"es","@id":"https:\/\/iraurgiberritzen.eus\/es\/#\/schema\/logo\/image\/","url":"https:\/\/iraurgiberritzen.eus\/wp-content\/uploads\/2024\/02\/IRAURGI-BERRITZEN-logotipoa_2.png","contentUrl":"https:\/\/iraurgiberritzen.eus\/wp-content\/uploads\/2024\/02\/IRAURGI-BERRITZEN-logotipoa_2.png","width":496,"height":190,"caption":"Iraurgi Berritzen"},"image":{"@id":"https:\/\/iraurgiberritzen.eus\/es\/#\/schema\/logo\/image\/"}},{"@type":"Person","@id":"https:\/\/iraurgiberritzen.eus\/es\/#\/schema\/person\/5ab41aaf388a9097177601ebf45738d2","name":"kudeatzailea","sameAs":["https:\/\/iraurgiberritzen.eus"]}]}},"_links":{"self":[{"href":"https:\/\/iraurgiberritzen.eus\/es\/wp-json\/wp\/v2\/posts\/14545","targetHints":{"allow":["GET"]}}],"collection":[{"href":"https:\/\/iraurgiberritzen.eus\/es\/wp-json\/wp\/v2\/posts"}],"about":[{"href":"https:\/\/iraurgiberritzen.eus\/es\/wp-json\/wp\/v2\/types\/post"}],"author":[{"embeddable":true,"href":"https:\/\/iraurgiberritzen.eus\/es\/wp-json\/wp\/v2\/users\/1"}],"replies":[{"embeddable":true,"href":"https:\/\/iraurgiberritzen.eus\/es\/wp-json\/wp\/v2\/comments?post=14545"}],"version-history":[{"count":0,"href":"https:\/\/iraurgiberritzen.eus\/es\/wp-json\/wp\/v2\/posts\/14545\/revisions"}],"wp:featuredmedia":[{"embeddable":true,"href":"https:\/\/iraurgiberritzen.eus\/es\/wp-json\/wp\/v2\/media\/17201"}],"wp:attachment":[{"href":"https:\/\/iraurgiberritzen.eus\/es\/wp-json\/wp\/v2\/media?parent=14545"}],"wp:term":[{"taxonomy":"category","embeddable":true,"href":"https:\/\/iraurgiberritzen.eus\/es\/wp-json\/wp\/v2\/categories?post=14545"},{"taxonomy":"post_tag","embeddable":true,"href":"https:\/\/iraurgiberritzen.eus\/es\/wp-json\/wp\/v2\/tags?post=14545"}],"curies":[{"name":"wp","href":"https:\/\/api.w.org\/{rel}","templated":true}]}}