{"id":14551,"date":"2023-07-06T11:27:15","date_gmt":"2023-07-06T09:27:15","guid":{"rendered":"https:\/\/iraurgiberritzen.eus\/las-personas-participantes-en-el-taller-de-construccion-dirigido-a-personas-vulnerables-o-en-situacion-de-exclusion-social-en-urola-erdia-preparadas-para-la-insercion-laboral\/"},"modified":"2023-07-06T11:27:15","modified_gmt":"2023-07-06T09:27:15","slug":"las-personas-participantes-en-el-taller-de-construccion-dirigido-a-personas-vulnerables-o-en-situacion-de-exclusion-social-en-urola-erdia-preparadas-para-la-insercion-laboral","status":"publish","type":"post","link":"https:\/\/iraurgiberritzen.eus\/es\/las-personas-participantes-en-el-taller-de-construccion-dirigido-a-personas-vulnerables-o-en-situacion-de-exclusion-social-en-urola-erdia-preparadas-para-la-insercion-laboral\/","title":{"rendered":"Las personas participantes en el Taller de Construcci\u00f3n dirigido a personas vulnerables o en situaci\u00f3n de exclusi\u00f3n social en Urola Erdia preparadas para la inserci\u00f3n laboral"},"content":{"rendered":"<p style=\"text-align: justify;\">En el taller de Construcci\u00f3n, que comenz\u00f3 en noviembre y finaliz\u00f3 en mayo, se han realizado diferentes trabajos relacionados con la construcci\u00f3n, con 13 personas desempleadas de la comarca que han participado en el mismo.<\/p>\n<p style=\"text-align: justify;\">Instalaci\u00f3n de mamparas de oficina, instalaci\u00f3n b\u00e1sica de techo desmontable, instalaci\u00f3n de trasdosado de pladur, divisi\u00f3n de la tabiquer\u00eda, o trabajos de enlucimiento, \u2026<\/p>\n<p style=\"text-align: justify;\">En total han recibido 500 horas de formaci\u00f3n, de las cuales 20 se han dirigido a la prevenci\u00f3n.<\/p>\n<p style=\"text-align: justify;\">Esta formaci\u00f3n se enmarca dentro del proyecto \u00abUrola Erdian ElkarEkin Eraginez III-UE3\u00bb que se est\u00e1 trabajando desde el \u00c1rea de Empleo y Formaci\u00f3n de Iraurgi Berritzen y una vez recibida esta formaci\u00f3n, el principal reto ser\u00e1 la inserci\u00f3n laboral de estas personas.<\/p>\n<p style=\"text-align: justify;\">Para la consecuci\u00f3n de este objetivo IB ha dado los siguientes pasos: Por un lado, se han identificado las necesidades de las empresas de construcci\u00f3n de la comarca y se han recibido ofertas de trabajo. Por otro lado, se han realizado visitas al taller de empresas que necesitan personal con este perfil, para que el alumnado conozca de primera mano a las empresas, y viceversa.<\/p>\n<p style=\"text-align: justify;\">Por lo tanto, finalizado este taller, las personas participantes est\u00e1n preparadas para la inserci\u00f3n laboral, ya que adem\u00e1s de recibir el t\u00edtulo de 20 horas de prevenci\u00f3n, han adquirido conocimientos relacionados con la fontaner\u00eda, la alba\u00f1iler\u00eda y la electricidad.<\/p>\n<p>&nbsp;<\/p>\n","protected":false},"excerpt":{"rendered":"<p>En el taller de Construcci\u00f3n, que comenz\u00f3 en noviembre y finaliz\u00f3 en mayo, se han realizado diferentes trabajos relacionados con la construcci\u00f3n, con 13 personas desempleadas de la comarca que han participado en el mismo. Instalaci\u00f3n de mamparas de oficina, instalaci\u00f3n b\u00e1sica de techo desmontable, instalaci\u00f3n de trasdosado de pladur, divisi\u00f3n de la tabiquer\u00eda, o [&hellip;]<\/p>\n","protected":false},"author":1,"featured_media":17183,"comment_status":"","ping_status":"closed","sticky":false,"template":"","format":"standard","meta":{"_acf_changed":false,"footnotes":""},"categories":[4],"tags":[],"class_list":["post-14551","post","type-post","status-publish","format-standard","has-post-thumbnail","hentry","category-noticias"],"acf":[],"yoast_head":"<!-- This site is optimized with the Yoast SEO plugin v27.4 - https:\/\/yoast.com\/product\/yoast-seo-wordpress\/ -->\n<title>Las personas participantes en el Taller de Construcci\u00f3n dirigido a personas vulnerables o en situaci\u00f3n de exclusi\u00f3n social en Urola Erdia preparadas para la inserci\u00f3n laboral - Iraurgi Berritzen<\/title>\n<meta name=\"robots\" content=\"index, follow, max-snippet:-1, max-image-preview:large, max-video-preview:-1\" \/>\n<link rel=\"canonical\" href=\"https:\/\/iraurgiberritzen.eus\/es\/las-personas-participantes-en-el-taller-de-construccion-dirigido-a-personas-vulnerables-o-en-situacion-de-exclusion-social-en-urola-erdia-preparadas-para-la-insercion-laboral\/\" \/>\n<meta property=\"og:locale\" content=\"es_ES\" \/>\n<meta property=\"og:type\" content=\"article\" \/>\n<meta property=\"og:title\" content=\"Las personas participantes en el Taller de Construcci\u00f3n dirigido a personas vulnerables o en situaci\u00f3n de exclusi\u00f3n social en Urola Erdia preparadas para la inserci\u00f3n laboral - Iraurgi Berritzen\" \/>\n<meta property=\"og:description\" content=\"En el taller de Construcci\u00f3n, que comenz\u00f3 en noviembre y finaliz\u00f3 en mayo, se han realizado diferentes trabajos relacionados con la construcci\u00f3n, con 13 personas desempleadas de la comarca que han participado en el mismo. Instalaci\u00f3n de mamparas de oficina, instalaci\u00f3n b\u00e1sica de techo desmontable, instalaci\u00f3n de trasdosado de pladur, divisi\u00f3n de la tabiquer\u00eda, o [&hellip;]\" \/>\n<meta property=\"og:url\" content=\"https:\/\/iraurgiberritzen.eus\/es\/las-personas-participantes-en-el-taller-de-construccion-dirigido-a-personas-vulnerables-o-en-situacion-de-exclusion-social-en-urola-erdia-preparadas-para-la-insercion-laboral\/\" \/>\n<meta property=\"og:site_name\" content=\"Iraurgi Berritzen\" \/>\n<meta property=\"article:published_time\" content=\"2023-07-06T09:27:15+00:00\" \/>\n<meta name=\"author\" content=\"kudeatzailea\" \/>\n<meta name=\"twitter:card\" content=\"summary_large_image\" \/>\n<meta name=\"twitter:label1\" content=\"Escrito por\" \/>\n\t<meta name=\"twitter:data1\" content=\"kudeatzailea\" \/>\n\t<meta name=\"twitter:label2\" content=\"Tiempo de lectura\" \/>\n\t<meta name=\"twitter:data2\" content=\"1 minuto\" \/>\n<script type=\"application\/ld+json\" class=\"yoast-schema-graph\">{\"@context\":\"https:\\\/\\\/schema.org\",\"@graph\":[{\"@type\":\"Article\",\"@id\":\"https:\\\/\\\/iraurgiberritzen.eus\\\/es\\\/las-personas-participantes-en-el-taller-de-construccion-dirigido-a-personas-vulnerables-o-en-situacion-de-exclusion-social-en-urola-erdia-preparadas-para-la-insercion-laboral\\\/#article\",\"isPartOf\":{\"@id\":\"https:\\\/\\\/iraurgiberritzen.eus\\\/es\\\/las-personas-participantes-en-el-taller-de-construccion-dirigido-a-personas-vulnerables-o-en-situacion-de-exclusion-social-en-urola-erdia-preparadas-para-la-insercion-laboral\\\/\"},\"author\":{\"name\":\"kudeatzailea\",\"@id\":\"https:\\\/\\\/iraurgiberritzen.eus\\\/es\\\/#\\\/schema\\\/person\\\/5ab41aaf388a9097177601ebf45738d2\"},\"headline\":\"Las personas participantes en el Taller de Construcci\u00f3n dirigido a personas vulnerables o en situaci\u00f3n de exclusi\u00f3n social en Urola Erdia preparadas para la inserci\u00f3n laboral\",\"datePublished\":\"2023-07-06T09:27:15+00:00\",\"mainEntityOfPage\":{\"@id\":\"https:\\\/\\\/iraurgiberritzen.eus\\\/es\\\/las-personas-participantes-en-el-taller-de-construccion-dirigido-a-personas-vulnerables-o-en-situacion-de-exclusion-social-en-urola-erdia-preparadas-para-la-insercion-laboral\\\/\"},\"wordCount\":273,\"publisher\":{\"@id\":\"https:\\\/\\\/iraurgiberritzen.eus\\\/es\\\/#organization\"},\"image\":{\"@id\":\"https:\\\/\\\/iraurgiberritzen.eus\\\/es\\\/las-personas-participantes-en-el-taller-de-construccion-dirigido-a-personas-vulnerables-o-en-situacion-de-exclusion-social-en-urola-erdia-preparadas-para-la-insercion-laboral\\\/#primaryimage\"},\"thumbnailUrl\":\"https:\\\/\\\/iraurgiberritzen.eus\\\/wp-content\\\/uploads\\\/2023\\\/09\\\/1d3368631835406d8a82be332dc49ee5.jpg\",\"articleSection\":[\"Noticias\"],\"inLanguage\":\"es\"},{\"@type\":\"WebPage\",\"@id\":\"https:\\\/\\\/iraurgiberritzen.eus\\\/es\\\/las-personas-participantes-en-el-taller-de-construccion-dirigido-a-personas-vulnerables-o-en-situacion-de-exclusion-social-en-urola-erdia-preparadas-para-la-insercion-laboral\\\/\",\"url\":\"https:\\\/\\\/iraurgiberritzen.eus\\\/es\\\/las-personas-participantes-en-el-taller-de-construccion-dirigido-a-personas-vulnerables-o-en-situacion-de-exclusion-social-en-urola-erdia-preparadas-para-la-insercion-laboral\\\/\",\"name\":\"Las personas participantes en el Taller de Construcci\u00f3n dirigido a personas vulnerables o en situaci\u00f3n de exclusi\u00f3n social en Urola Erdia preparadas para la inserci\u00f3n laboral - Iraurgi Berritzen\",\"isPartOf\":{\"@id\":\"https:\\\/\\\/iraurgiberritzen.eus\\\/es\\\/#website\"},\"primaryImageOfPage\":{\"@id\":\"https:\\\/\\\/iraurgiberritzen.eus\\\/es\\\/las-personas-participantes-en-el-taller-de-construccion-dirigido-a-personas-vulnerables-o-en-situacion-de-exclusion-social-en-urola-erdia-preparadas-para-la-insercion-laboral\\\/#primaryimage\"},\"image\":{\"@id\":\"https:\\\/\\\/iraurgiberritzen.eus\\\/es\\\/las-personas-participantes-en-el-taller-de-construccion-dirigido-a-personas-vulnerables-o-en-situacion-de-exclusion-social-en-urola-erdia-preparadas-para-la-insercion-laboral\\\/#primaryimage\"},\"thumbnailUrl\":\"https:\\\/\\\/iraurgiberritzen.eus\\\/wp-content\\\/uploads\\\/2023\\\/09\\\/1d3368631835406d8a82be332dc49ee5.jpg\",\"datePublished\":\"2023-07-06T09:27:15+00:00\",\"breadcrumb\":{\"@id\":\"https:\\\/\\\/iraurgiberritzen.eus\\\/es\\\/las-personas-participantes-en-el-taller-de-construccion-dirigido-a-personas-vulnerables-o-en-situacion-de-exclusion-social-en-urola-erdia-preparadas-para-la-insercion-laboral\\\/#breadcrumb\"},\"inLanguage\":\"es\",\"potentialAction\":[{\"@type\":\"ReadAction\",\"target\":[\"https:\\\/\\\/iraurgiberritzen.eus\\\/es\\\/las-personas-participantes-en-el-taller-de-construccion-dirigido-a-personas-vulnerables-o-en-situacion-de-exclusion-social-en-urola-erdia-preparadas-para-la-insercion-laboral\\\/\"]}]},{\"@type\":\"ImageObject\",\"inLanguage\":\"es\",\"@id\":\"https:\\\/\\\/iraurgiberritzen.eus\\\/es\\\/las-personas-participantes-en-el-taller-de-construccion-dirigido-a-personas-vulnerables-o-en-situacion-de-exclusion-social-en-urola-erdia-preparadas-para-la-insercion-laboral\\\/#primaryimage\",\"url\":\"https:\\\/\\\/iraurgiberritzen.eus\\\/wp-content\\\/uploads\\\/2023\\\/09\\\/1d3368631835406d8a82be332dc49ee5.jpg\",\"contentUrl\":\"https:\\\/\\\/iraurgiberritzen.eus\\\/wp-content\\\/uploads\\\/2023\\\/09\\\/1d3368631835406d8a82be332dc49ee5.jpg\",\"width\":400,\"height\":257},{\"@type\":\"BreadcrumbList\",\"@id\":\"https:\\\/\\\/iraurgiberritzen.eus\\\/es\\\/las-personas-participantes-en-el-taller-de-construccion-dirigido-a-personas-vulnerables-o-en-situacion-de-exclusion-social-en-urola-erdia-preparadas-para-la-insercion-laboral\\\/#breadcrumb\",\"itemListElement\":[{\"@type\":\"ListItem\",\"position\":1,\"name\":\"Home\",\"item\":\"https:\\\/\\\/iraurgiberritzen.eus\\\/es\\\/\"},{\"@type\":\"ListItem\",\"position\":2,\"name\":\"Las personas participantes en el Taller de Construcci\u00f3n dirigido a personas vulnerables o en situaci\u00f3n de exclusi\u00f3n social en Urola Erdia preparadas para la inserci\u00f3n laboral\"}]},{\"@type\":\"WebSite\",\"@id\":\"https:\\\/\\\/iraurgiberritzen.eus\\\/es\\\/#website\",\"url\":\"https:\\\/\\\/iraurgiberritzen.eus\\\/es\\\/\",\"name\":\"Iraurgi Berritzen\",\"description\":\"Urola Erdiko Garapen Agentzia\",\"publisher\":{\"@id\":\"https:\\\/\\\/iraurgiberritzen.eus\\\/es\\\/#organization\"},\"potentialAction\":[{\"@type\":\"SearchAction\",\"target\":{\"@type\":\"EntryPoint\",\"urlTemplate\":\"https:\\\/\\\/iraurgiberritzen.eus\\\/es\\\/?s={search_term_string}\"},\"query-input\":{\"@type\":\"PropertyValueSpecification\",\"valueRequired\":true,\"valueName\":\"search_term_string\"}}],\"inLanguage\":\"es\"},{\"@type\":\"Organization\",\"@id\":\"https:\\\/\\\/iraurgiberritzen.eus\\\/es\\\/#organization\",\"name\":\"Iraurgi Berritzen\",\"url\":\"https:\\\/\\\/iraurgiberritzen.eus\\\/es\\\/\",\"logo\":{\"@type\":\"ImageObject\",\"inLanguage\":\"es\",\"@id\":\"https:\\\/\\\/iraurgiberritzen.eus\\\/es\\\/#\\\/schema\\\/logo\\\/image\\\/\",\"url\":\"https:\\\/\\\/iraurgiberritzen.eus\\\/wp-content\\\/uploads\\\/2024\\\/02\\\/IRAURGI-BERRITZEN-logotipoa_2.png\",\"contentUrl\":\"https:\\\/\\\/iraurgiberritzen.eus\\\/wp-content\\\/uploads\\\/2024\\\/02\\\/IRAURGI-BERRITZEN-logotipoa_2.png\",\"width\":496,\"height\":190,\"caption\":\"Iraurgi Berritzen\"},\"image\":{\"@id\":\"https:\\\/\\\/iraurgiberritzen.eus\\\/es\\\/#\\\/schema\\\/logo\\\/image\\\/\"}},{\"@type\":\"Person\",\"@id\":\"https:\\\/\\\/iraurgiberritzen.eus\\\/es\\\/#\\\/schema\\\/person\\\/5ab41aaf388a9097177601ebf45738d2\",\"name\":\"kudeatzailea\",\"sameAs\":[\"https:\\\/\\\/iraurgiberritzen.eus\"]}]}<\/script>\n<!-- \/ Yoast SEO plugin. -->","yoast_head_json":{"title":"Las personas participantes en el Taller de Construcci\u00f3n dirigido a personas vulnerables o en situaci\u00f3n de exclusi\u00f3n social en Urola Erdia preparadas para la inserci\u00f3n laboral - Iraurgi Berritzen","robots":{"index":"index","follow":"follow","max-snippet":"max-snippet:-1","max-image-preview":"max-image-preview:large","max-video-preview":"max-video-preview:-1"},"canonical":"https:\/\/iraurgiberritzen.eus\/es\/las-personas-participantes-en-el-taller-de-construccion-dirigido-a-personas-vulnerables-o-en-situacion-de-exclusion-social-en-urola-erdia-preparadas-para-la-insercion-laboral\/","og_locale":"es_ES","og_type":"article","og_title":"Las personas participantes en el Taller de Construcci\u00f3n dirigido a personas vulnerables o en situaci\u00f3n de exclusi\u00f3n social en Urola Erdia preparadas para la inserci\u00f3n laboral - Iraurgi Berritzen","og_description":"En el taller de Construcci\u00f3n, que comenz\u00f3 en noviembre y finaliz\u00f3 en mayo, se han realizado diferentes trabajos relacionados con la construcci\u00f3n, con 13 personas desempleadas de la comarca que han participado en el mismo. Instalaci\u00f3n de mamparas de oficina, instalaci\u00f3n b\u00e1sica de techo desmontable, instalaci\u00f3n de trasdosado de pladur, divisi\u00f3n de la tabiquer\u00eda, o [&hellip;]","og_url":"https:\/\/iraurgiberritzen.eus\/es\/las-personas-participantes-en-el-taller-de-construccion-dirigido-a-personas-vulnerables-o-en-situacion-de-exclusion-social-en-urola-erdia-preparadas-para-la-insercion-laboral\/","og_site_name":"Iraurgi Berritzen","article_published_time":"2023-07-06T09:27:15+00:00","author":"kudeatzailea","twitter_card":"summary_large_image","twitter_misc":{"Escrito por":"kudeatzailea","Tiempo de lectura":"1 minuto"},"schema":{"@context":"https:\/\/schema.org","@graph":[{"@type":"Article","@id":"https:\/\/iraurgiberritzen.eus\/es\/las-personas-participantes-en-el-taller-de-construccion-dirigido-a-personas-vulnerables-o-en-situacion-de-exclusion-social-en-urola-erdia-preparadas-para-la-insercion-laboral\/#article","isPartOf":{"@id":"https:\/\/iraurgiberritzen.eus\/es\/las-personas-participantes-en-el-taller-de-construccion-dirigido-a-personas-vulnerables-o-en-situacion-de-exclusion-social-en-urola-erdia-preparadas-para-la-insercion-laboral\/"},"author":{"name":"kudeatzailea","@id":"https:\/\/iraurgiberritzen.eus\/es\/#\/schema\/person\/5ab41aaf388a9097177601ebf45738d2"},"headline":"Las personas participantes en el Taller de Construcci\u00f3n dirigido a personas vulnerables o en situaci\u00f3n de exclusi\u00f3n social en Urola Erdia preparadas para la inserci\u00f3n laboral","datePublished":"2023-07-06T09:27:15+00:00","mainEntityOfPage":{"@id":"https:\/\/iraurgiberritzen.eus\/es\/las-personas-participantes-en-el-taller-de-construccion-dirigido-a-personas-vulnerables-o-en-situacion-de-exclusion-social-en-urola-erdia-preparadas-para-la-insercion-laboral\/"},"wordCount":273,"publisher":{"@id":"https:\/\/iraurgiberritzen.eus\/es\/#organization"},"image":{"@id":"https:\/\/iraurgiberritzen.eus\/es\/las-personas-participantes-en-el-taller-de-construccion-dirigido-a-personas-vulnerables-o-en-situacion-de-exclusion-social-en-urola-erdia-preparadas-para-la-insercion-laboral\/#primaryimage"},"thumbnailUrl":"https:\/\/iraurgiberritzen.eus\/wp-content\/uploads\/2023\/09\/1d3368631835406d8a82be332dc49ee5.jpg","articleSection":["Noticias"],"inLanguage":"es"},{"@type":"WebPage","@id":"https:\/\/iraurgiberritzen.eus\/es\/las-personas-participantes-en-el-taller-de-construccion-dirigido-a-personas-vulnerables-o-en-situacion-de-exclusion-social-en-urola-erdia-preparadas-para-la-insercion-laboral\/","url":"https:\/\/iraurgiberritzen.eus\/es\/las-personas-participantes-en-el-taller-de-construccion-dirigido-a-personas-vulnerables-o-en-situacion-de-exclusion-social-en-urola-erdia-preparadas-para-la-insercion-laboral\/","name":"Las personas participantes en el Taller de Construcci\u00f3n dirigido a personas vulnerables o en situaci\u00f3n de exclusi\u00f3n social en Urola Erdia preparadas para la inserci\u00f3n laboral - Iraurgi Berritzen","isPartOf":{"@id":"https:\/\/iraurgiberritzen.eus\/es\/#website"},"primaryImageOfPage":{"@id":"https:\/\/iraurgiberritzen.eus\/es\/las-personas-participantes-en-el-taller-de-construccion-dirigido-a-personas-vulnerables-o-en-situacion-de-exclusion-social-en-urola-erdia-preparadas-para-la-insercion-laboral\/#primaryimage"},"image":{"@id":"https:\/\/iraurgiberritzen.eus\/es\/las-personas-participantes-en-el-taller-de-construccion-dirigido-a-personas-vulnerables-o-en-situacion-de-exclusion-social-en-urola-erdia-preparadas-para-la-insercion-laboral\/#primaryimage"},"thumbnailUrl":"https:\/\/iraurgiberritzen.eus\/wp-content\/uploads\/2023\/09\/1d3368631835406d8a82be332dc49ee5.jpg","datePublished":"2023-07-06T09:27:15+00:00","breadcrumb":{"@id":"https:\/\/iraurgiberritzen.eus\/es\/las-personas-participantes-en-el-taller-de-construccion-dirigido-a-personas-vulnerables-o-en-situacion-de-exclusion-social-en-urola-erdia-preparadas-para-la-insercion-laboral\/#breadcrumb"},"inLanguage":"es","potentialAction":[{"@type":"ReadAction","target":["https:\/\/iraurgiberritzen.eus\/es\/las-personas-participantes-en-el-taller-de-construccion-dirigido-a-personas-vulnerables-o-en-situacion-de-exclusion-social-en-urola-erdia-preparadas-para-la-insercion-laboral\/"]}]},{"@type":"ImageObject","inLanguage":"es","@id":"https:\/\/iraurgiberritzen.eus\/es\/las-personas-participantes-en-el-taller-de-construccion-dirigido-a-personas-vulnerables-o-en-situacion-de-exclusion-social-en-urola-erdia-preparadas-para-la-insercion-laboral\/#primaryimage","url":"https:\/\/iraurgiberritzen.eus\/wp-content\/uploads\/2023\/09\/1d3368631835406d8a82be332dc49ee5.jpg","contentUrl":"https:\/\/iraurgiberritzen.eus\/wp-content\/uploads\/2023\/09\/1d3368631835406d8a82be332dc49ee5.jpg","width":400,"height":257},{"@type":"BreadcrumbList","@id":"https:\/\/iraurgiberritzen.eus\/es\/las-personas-participantes-en-el-taller-de-construccion-dirigido-a-personas-vulnerables-o-en-situacion-de-exclusion-social-en-urola-erdia-preparadas-para-la-insercion-laboral\/#breadcrumb","itemListElement":[{"@type":"ListItem","position":1,"name":"Home","item":"https:\/\/iraurgiberritzen.eus\/es\/"},{"@type":"ListItem","position":2,"name":"Las personas participantes en el Taller de Construcci\u00f3n dirigido a personas vulnerables o en situaci\u00f3n de exclusi\u00f3n social en Urola Erdia preparadas para la inserci\u00f3n laboral"}]},{"@type":"WebSite","@id":"https:\/\/iraurgiberritzen.eus\/es\/#website","url":"https:\/\/iraurgiberritzen.eus\/es\/","name":"Iraurgi Berritzen","description":"Urola Erdiko Garapen Agentzia","publisher":{"@id":"https:\/\/iraurgiberritzen.eus\/es\/#organization"},"potentialAction":[{"@type":"SearchAction","target":{"@type":"EntryPoint","urlTemplate":"https:\/\/iraurgiberritzen.eus\/es\/?s={search_term_string}"},"query-input":{"@type":"PropertyValueSpecification","valueRequired":true,"valueName":"search_term_string"}}],"inLanguage":"es"},{"@type":"Organization","@id":"https:\/\/iraurgiberritzen.eus\/es\/#organization","name":"Iraurgi Berritzen","url":"https:\/\/iraurgiberritzen.eus\/es\/","logo":{"@type":"ImageObject","inLanguage":"es","@id":"https:\/\/iraurgiberritzen.eus\/es\/#\/schema\/logo\/image\/","url":"https:\/\/iraurgiberritzen.eus\/wp-content\/uploads\/2024\/02\/IRAURGI-BERRITZEN-logotipoa_2.png","contentUrl":"https:\/\/iraurgiberritzen.eus\/wp-content\/uploads\/2024\/02\/IRAURGI-BERRITZEN-logotipoa_2.png","width":496,"height":190,"caption":"Iraurgi Berritzen"},"image":{"@id":"https:\/\/iraurgiberritzen.eus\/es\/#\/schema\/logo\/image\/"}},{"@type":"Person","@id":"https:\/\/iraurgiberritzen.eus\/es\/#\/schema\/person\/5ab41aaf388a9097177601ebf45738d2","name":"kudeatzailea","sameAs":["https:\/\/iraurgiberritzen.eus"]}]}},"_links":{"self":[{"href":"https:\/\/iraurgiberritzen.eus\/es\/wp-json\/wp\/v2\/posts\/14551","targetHints":{"allow":["GET"]}}],"collection":[{"href":"https:\/\/iraurgiberritzen.eus\/es\/wp-json\/wp\/v2\/posts"}],"about":[{"href":"https:\/\/iraurgiberritzen.eus\/es\/wp-json\/wp\/v2\/types\/post"}],"author":[{"embeddable":true,"href":"https:\/\/iraurgiberritzen.eus\/es\/wp-json\/wp\/v2\/users\/1"}],"replies":[{"embeddable":true,"href":"https:\/\/iraurgiberritzen.eus\/es\/wp-json\/wp\/v2\/comments?post=14551"}],"version-history":[{"count":0,"href":"https:\/\/iraurgiberritzen.eus\/es\/wp-json\/wp\/v2\/posts\/14551\/revisions"}],"wp:featuredmedia":[{"embeddable":true,"href":"https:\/\/iraurgiberritzen.eus\/es\/wp-json\/wp\/v2\/media\/17183"}],"wp:attachment":[{"href":"https:\/\/iraurgiberritzen.eus\/es\/wp-json\/wp\/v2\/media?parent=14551"}],"wp:term":[{"taxonomy":"category","embeddable":true,"href":"https:\/\/iraurgiberritzen.eus\/es\/wp-json\/wp\/v2\/categories?post=14551"},{"taxonomy":"post_tag","embeddable":true,"href":"https:\/\/iraurgiberritzen.eus\/es\/wp-json\/wp\/v2\/tags?post=14551"}],"curies":[{"name":"wp","href":"https:\/\/api.w.org\/{rel}","templated":true}]}}