{"id":14554,"date":"2023-07-05T06:05:26","date_gmt":"2023-07-05T04:05:26","guid":{"rendered":"https:\/\/iraurgiberritzen.eus\/el-programa-europeo-lanzituz-que-ha-tenido-como-objetivo-impulsar-la-economia-social-da-por-finalizada-su-andadura\/"},"modified":"2023-07-05T06:05:26","modified_gmt":"2023-07-05T04:05:26","slug":"el-programa-europeo-lanzituz-que-ha-tenido-como-objetivo-impulsar-la-economia-social-da-por-finalizada-su-andadura","status":"publish","type":"post","link":"https:\/\/iraurgiberritzen.eus\/es\/el-programa-europeo-lanzituz-que-ha-tenido-como-objetivo-impulsar-la-economia-social-da-por-finalizada-su-andadura\/","title":{"rendered":"El Programa Europeo LANZITUZ que ha tenido como objetivo impulsar la Econom\u00eda Social da por finalizada su andadura"},"content":{"rendered":"<p style=\"text-align: justify;\">Tras 6 a\u00f1os de recorrido y despu\u00e9s de dar un seguimiento a las personas emprendedoras que han participado en el programa, se da por terminado el Programa Europea \u201cLANZITUZ, lan sozietateak sortuz\u201d.<\/p>\n<p style=\"text-align: justify;\">El programa ha buscado favorecer la inserci\u00f3n laboral o la reincorporaci\u00f3n al mercado de trabajo de personas desempleadas a trav\u00e9s de la promoci\u00f3n y el apoyo al emprendimiento en Econom\u00eda Social, y en concreto por medio de empresas basadas en la participaci\u00f3n como las sociedades laborales. Con este modelo se ha pretendido impulsar los valores de la econom\u00eda social, una forma de organizaci\u00f3n empresarial basada en la estructura y funcionamiento democr\u00e1ticos, donde las personas est\u00e1n en el centro.<\/p>\n<p style=\"text-align: justify;\">La iniciativa, financiada por el Fondo Social Europeo, ha contado inicialmente con la participaci\u00f3n de ASLE (Asociaci\u00f3n de Sociedades Laborales de Euskadi), Iraurgi Berritzen, C\u00e1mara de Gipuzkoa, GEZKI (Instituto de Derecho Cooperativo y Econom\u00eda Social) de la UPV\/EHU y CCOO de Euskadi.<\/p>\n<p style=\"text-align: justify;\">El programa ha constado de dos acciones que han pretendido promover el emprendimiento social. Por un lado, el curso \u201cDe la idea a la empresa\u201d ha tratado de impartir conocimientos acerca de la creaci\u00f3n de una empresa y, por otro lado, se ha ofrecido un asesoramiento personalizado a las personas promotoras que han querido emprender en colectivo.<\/p>\n<p style=\"text-align: justify;\">A lo largo del periodo se han organizado <strong>19 cursos<\/strong> en los que han participado <strong>103 personas<\/strong>. Por otro lado, en el <strong>servicio de asesoramiento<\/strong> han participado<strong> 81 personas<\/strong> y <strong>en total<\/strong> se han trabajado <strong>39 proyectos<\/strong> diferentes. De estos proyectos, <strong>se han constituido 24 empresas<\/strong> y <strong>6 han sido de econom\u00eda social<\/strong>. <\/p>\n<p>En el programa han participado <strong>un total de 184 personas<\/strong> (en cursos + consultor\u00eda). 1<strong>06 mujeres<\/strong> y <strong>78 hombres<\/strong>. De ellos, <strong>117<\/strong> han sido <strong>personas que estaban en desempleo<\/strong> y de las cuales <strong>83 personas han conseguido un trabajo<\/strong> tras finalizar el programa.<\/p>\n","protected":false},"excerpt":{"rendered":"<p>Tras 6 a\u00f1os de recorrido y despu\u00e9s de dar un seguimiento a las personas emprendedoras que han participado en el programa, se da por terminado el Programa Europea \u201cLANZITUZ, lan sozietateak sortuz\u201d. El programa ha buscado favorecer la inserci\u00f3n laboral o la reincorporaci\u00f3n al mercado de trabajo de personas desempleadas a trav\u00e9s de la promoci\u00f3n [&hellip;]<\/p>\n","protected":false},"author":1,"featured_media":17184,"comment_status":"","ping_status":"closed","sticky":false,"template":"","format":"standard","meta":{"_acf_changed":false,"footnotes":""},"categories":[4],"tags":[],"class_list":["post-14554","post","type-post","status-publish","format-standard","has-post-thumbnail","hentry","category-noticias"],"acf":[],"yoast_head":"<!-- This site is optimized with the Yoast SEO plugin v27.4 - https:\/\/yoast.com\/product\/yoast-seo-wordpress\/ -->\n<title>El Programa Europeo LANZITUZ que ha tenido como objetivo impulsar la Econom\u00eda Social da por finalizada su andadura - Iraurgi Berritzen<\/title>\n<meta name=\"robots\" content=\"index, follow, max-snippet:-1, max-image-preview:large, max-video-preview:-1\" \/>\n<link rel=\"canonical\" href=\"https:\/\/iraurgiberritzen.eus\/es\/el-programa-europeo-lanzituz-que-ha-tenido-como-objetivo-impulsar-la-economia-social-da-por-finalizada-su-andadura\/\" \/>\n<meta property=\"og:locale\" content=\"es_ES\" \/>\n<meta property=\"og:type\" content=\"article\" \/>\n<meta property=\"og:title\" content=\"El Programa Europeo LANZITUZ que ha tenido como objetivo impulsar la Econom\u00eda Social da por finalizada su andadura - Iraurgi Berritzen\" \/>\n<meta property=\"og:description\" content=\"Tras 6 a\u00f1os de recorrido y despu\u00e9s de dar un seguimiento a las personas emprendedoras que han participado en el programa, se da por terminado el Programa Europea \u201cLANZITUZ, lan sozietateak sortuz\u201d. El programa ha buscado favorecer la inserci\u00f3n laboral o la reincorporaci\u00f3n al mercado de trabajo de personas desempleadas a trav\u00e9s de la promoci\u00f3n [&hellip;]\" \/>\n<meta property=\"og:url\" content=\"https:\/\/iraurgiberritzen.eus\/es\/el-programa-europeo-lanzituz-que-ha-tenido-como-objetivo-impulsar-la-economia-social-da-por-finalizada-su-andadura\/\" \/>\n<meta property=\"og:site_name\" content=\"Iraurgi Berritzen\" \/>\n<meta property=\"article:published_time\" content=\"2023-07-05T04:05:26+00:00\" \/>\n<meta name=\"author\" content=\"kudeatzailea\" \/>\n<meta name=\"twitter:card\" content=\"summary_large_image\" \/>\n<meta name=\"twitter:label1\" content=\"Escrito por\" \/>\n\t<meta name=\"twitter:data1\" content=\"kudeatzailea\" \/>\n\t<meta name=\"twitter:label2\" content=\"Tiempo de lectura\" \/>\n\t<meta name=\"twitter:data2\" content=\"2 minutos\" \/>\n<script type=\"application\/ld+json\" class=\"yoast-schema-graph\">{\"@context\":\"https:\\\/\\\/schema.org\",\"@graph\":[{\"@type\":\"Article\",\"@id\":\"https:\\\/\\\/iraurgiberritzen.eus\\\/es\\\/el-programa-europeo-lanzituz-que-ha-tenido-como-objetivo-impulsar-la-economia-social-da-por-finalizada-su-andadura\\\/#article\",\"isPartOf\":{\"@id\":\"https:\\\/\\\/iraurgiberritzen.eus\\\/es\\\/el-programa-europeo-lanzituz-que-ha-tenido-como-objetivo-impulsar-la-economia-social-da-por-finalizada-su-andadura\\\/\"},\"author\":{\"name\":\"kudeatzailea\",\"@id\":\"https:\\\/\\\/iraurgiberritzen.eus\\\/es\\\/#\\\/schema\\\/person\\\/5ab41aaf388a9097177601ebf45738d2\"},\"headline\":\"El Programa Europeo LANZITUZ que ha tenido como objetivo impulsar la Econom\u00eda Social da por finalizada su andadura\",\"datePublished\":\"2023-07-05T04:05:26+00:00\",\"mainEntityOfPage\":{\"@id\":\"https:\\\/\\\/iraurgiberritzen.eus\\\/es\\\/el-programa-europeo-lanzituz-que-ha-tenido-como-objetivo-impulsar-la-economia-social-da-por-finalizada-su-andadura\\\/\"},\"wordCount\":331,\"publisher\":{\"@id\":\"https:\\\/\\\/iraurgiberritzen.eus\\\/es\\\/#organization\"},\"image\":{\"@id\":\"https:\\\/\\\/iraurgiberritzen.eus\\\/es\\\/el-programa-europeo-lanzituz-que-ha-tenido-como-objetivo-impulsar-la-economia-social-da-por-finalizada-su-andadura\\\/#primaryimage\"},\"thumbnailUrl\":\"https:\\\/\\\/iraurgiberritzen.eus\\\/wp-content\\\/uploads\\\/2023\\\/09\\\/51bfc9a1b080d1f314d0d70e4d86c1a1.jpg\",\"articleSection\":[\"Noticias\"],\"inLanguage\":\"es\"},{\"@type\":\"WebPage\",\"@id\":\"https:\\\/\\\/iraurgiberritzen.eus\\\/es\\\/el-programa-europeo-lanzituz-que-ha-tenido-como-objetivo-impulsar-la-economia-social-da-por-finalizada-su-andadura\\\/\",\"url\":\"https:\\\/\\\/iraurgiberritzen.eus\\\/es\\\/el-programa-europeo-lanzituz-que-ha-tenido-como-objetivo-impulsar-la-economia-social-da-por-finalizada-su-andadura\\\/\",\"name\":\"El Programa Europeo LANZITUZ que ha tenido como objetivo impulsar la Econom\u00eda Social da por finalizada su andadura - Iraurgi Berritzen\",\"isPartOf\":{\"@id\":\"https:\\\/\\\/iraurgiberritzen.eus\\\/es\\\/#website\"},\"primaryImageOfPage\":{\"@id\":\"https:\\\/\\\/iraurgiberritzen.eus\\\/es\\\/el-programa-europeo-lanzituz-que-ha-tenido-como-objetivo-impulsar-la-economia-social-da-por-finalizada-su-andadura\\\/#primaryimage\"},\"image\":{\"@id\":\"https:\\\/\\\/iraurgiberritzen.eus\\\/es\\\/el-programa-europeo-lanzituz-que-ha-tenido-como-objetivo-impulsar-la-economia-social-da-por-finalizada-su-andadura\\\/#primaryimage\"},\"thumbnailUrl\":\"https:\\\/\\\/iraurgiberritzen.eus\\\/wp-content\\\/uploads\\\/2023\\\/09\\\/51bfc9a1b080d1f314d0d70e4d86c1a1.jpg\",\"datePublished\":\"2023-07-05T04:05:26+00:00\",\"breadcrumb\":{\"@id\":\"https:\\\/\\\/iraurgiberritzen.eus\\\/es\\\/el-programa-europeo-lanzituz-que-ha-tenido-como-objetivo-impulsar-la-economia-social-da-por-finalizada-su-andadura\\\/#breadcrumb\"},\"inLanguage\":\"es\",\"potentialAction\":[{\"@type\":\"ReadAction\",\"target\":[\"https:\\\/\\\/iraurgiberritzen.eus\\\/es\\\/el-programa-europeo-lanzituz-que-ha-tenido-como-objetivo-impulsar-la-economia-social-da-por-finalizada-su-andadura\\\/\"]}]},{\"@type\":\"ImageObject\",\"inLanguage\":\"es\",\"@id\":\"https:\\\/\\\/iraurgiberritzen.eus\\\/es\\\/el-programa-europeo-lanzituz-que-ha-tenido-como-objetivo-impulsar-la-economia-social-da-por-finalizada-su-andadura\\\/#primaryimage\",\"url\":\"https:\\\/\\\/iraurgiberritzen.eus\\\/wp-content\\\/uploads\\\/2023\\\/09\\\/51bfc9a1b080d1f314d0d70e4d86c1a1.jpg\",\"contentUrl\":\"https:\\\/\\\/iraurgiberritzen.eus\\\/wp-content\\\/uploads\\\/2023\\\/09\\\/51bfc9a1b080d1f314d0d70e4d86c1a1.jpg\",\"width\":400,\"height\":257},{\"@type\":\"BreadcrumbList\",\"@id\":\"https:\\\/\\\/iraurgiberritzen.eus\\\/es\\\/el-programa-europeo-lanzituz-que-ha-tenido-como-objetivo-impulsar-la-economia-social-da-por-finalizada-su-andadura\\\/#breadcrumb\",\"itemListElement\":[{\"@type\":\"ListItem\",\"position\":1,\"name\":\"Home\",\"item\":\"https:\\\/\\\/iraurgiberritzen.eus\\\/es\\\/\"},{\"@type\":\"ListItem\",\"position\":2,\"name\":\"El Programa Europeo LANZITUZ que ha tenido como objetivo impulsar la Econom\u00eda Social da por finalizada su andadura\"}]},{\"@type\":\"WebSite\",\"@id\":\"https:\\\/\\\/iraurgiberritzen.eus\\\/es\\\/#website\",\"url\":\"https:\\\/\\\/iraurgiberritzen.eus\\\/es\\\/\",\"name\":\"Iraurgi Berritzen\",\"description\":\"Urola Erdiko Garapen Agentzia\",\"publisher\":{\"@id\":\"https:\\\/\\\/iraurgiberritzen.eus\\\/es\\\/#organization\"},\"potentialAction\":[{\"@type\":\"SearchAction\",\"target\":{\"@type\":\"EntryPoint\",\"urlTemplate\":\"https:\\\/\\\/iraurgiberritzen.eus\\\/es\\\/?s={search_term_string}\"},\"query-input\":{\"@type\":\"PropertyValueSpecification\",\"valueRequired\":true,\"valueName\":\"search_term_string\"}}],\"inLanguage\":\"es\"},{\"@type\":\"Organization\",\"@id\":\"https:\\\/\\\/iraurgiberritzen.eus\\\/es\\\/#organization\",\"name\":\"Iraurgi Berritzen\",\"url\":\"https:\\\/\\\/iraurgiberritzen.eus\\\/es\\\/\",\"logo\":{\"@type\":\"ImageObject\",\"inLanguage\":\"es\",\"@id\":\"https:\\\/\\\/iraurgiberritzen.eus\\\/es\\\/#\\\/schema\\\/logo\\\/image\\\/\",\"url\":\"https:\\\/\\\/iraurgiberritzen.eus\\\/wp-content\\\/uploads\\\/2024\\\/02\\\/IRAURGI-BERRITZEN-logotipoa_2.png\",\"contentUrl\":\"https:\\\/\\\/iraurgiberritzen.eus\\\/wp-content\\\/uploads\\\/2024\\\/02\\\/IRAURGI-BERRITZEN-logotipoa_2.png\",\"width\":496,\"height\":190,\"caption\":\"Iraurgi Berritzen\"},\"image\":{\"@id\":\"https:\\\/\\\/iraurgiberritzen.eus\\\/es\\\/#\\\/schema\\\/logo\\\/image\\\/\"}},{\"@type\":\"Person\",\"@id\":\"https:\\\/\\\/iraurgiberritzen.eus\\\/es\\\/#\\\/schema\\\/person\\\/5ab41aaf388a9097177601ebf45738d2\",\"name\":\"kudeatzailea\",\"sameAs\":[\"https:\\\/\\\/iraurgiberritzen.eus\"]}]}<\/script>\n<!-- \/ Yoast SEO plugin. -->","yoast_head_json":{"title":"El Programa Europeo LANZITUZ que ha tenido como objetivo impulsar la Econom\u00eda Social da por finalizada su andadura - Iraurgi Berritzen","robots":{"index":"index","follow":"follow","max-snippet":"max-snippet:-1","max-image-preview":"max-image-preview:large","max-video-preview":"max-video-preview:-1"},"canonical":"https:\/\/iraurgiberritzen.eus\/es\/el-programa-europeo-lanzituz-que-ha-tenido-como-objetivo-impulsar-la-economia-social-da-por-finalizada-su-andadura\/","og_locale":"es_ES","og_type":"article","og_title":"El Programa Europeo LANZITUZ que ha tenido como objetivo impulsar la Econom\u00eda Social da por finalizada su andadura - Iraurgi Berritzen","og_description":"Tras 6 a\u00f1os de recorrido y despu\u00e9s de dar un seguimiento a las personas emprendedoras que han participado en el programa, se da por terminado el Programa Europea \u201cLANZITUZ, lan sozietateak sortuz\u201d. El programa ha buscado favorecer la inserci\u00f3n laboral o la reincorporaci\u00f3n al mercado de trabajo de personas desempleadas a trav\u00e9s de la promoci\u00f3n [&hellip;]","og_url":"https:\/\/iraurgiberritzen.eus\/es\/el-programa-europeo-lanzituz-que-ha-tenido-como-objetivo-impulsar-la-economia-social-da-por-finalizada-su-andadura\/","og_site_name":"Iraurgi Berritzen","article_published_time":"2023-07-05T04:05:26+00:00","author":"kudeatzailea","twitter_card":"summary_large_image","twitter_misc":{"Escrito por":"kudeatzailea","Tiempo de lectura":"2 minutos"},"schema":{"@context":"https:\/\/schema.org","@graph":[{"@type":"Article","@id":"https:\/\/iraurgiberritzen.eus\/es\/el-programa-europeo-lanzituz-que-ha-tenido-como-objetivo-impulsar-la-economia-social-da-por-finalizada-su-andadura\/#article","isPartOf":{"@id":"https:\/\/iraurgiberritzen.eus\/es\/el-programa-europeo-lanzituz-que-ha-tenido-como-objetivo-impulsar-la-economia-social-da-por-finalizada-su-andadura\/"},"author":{"name":"kudeatzailea","@id":"https:\/\/iraurgiberritzen.eus\/es\/#\/schema\/person\/5ab41aaf388a9097177601ebf45738d2"},"headline":"El Programa Europeo LANZITUZ que ha tenido como objetivo impulsar la Econom\u00eda Social da por finalizada su andadura","datePublished":"2023-07-05T04:05:26+00:00","mainEntityOfPage":{"@id":"https:\/\/iraurgiberritzen.eus\/es\/el-programa-europeo-lanzituz-que-ha-tenido-como-objetivo-impulsar-la-economia-social-da-por-finalizada-su-andadura\/"},"wordCount":331,"publisher":{"@id":"https:\/\/iraurgiberritzen.eus\/es\/#organization"},"image":{"@id":"https:\/\/iraurgiberritzen.eus\/es\/el-programa-europeo-lanzituz-que-ha-tenido-como-objetivo-impulsar-la-economia-social-da-por-finalizada-su-andadura\/#primaryimage"},"thumbnailUrl":"https:\/\/iraurgiberritzen.eus\/wp-content\/uploads\/2023\/09\/51bfc9a1b080d1f314d0d70e4d86c1a1.jpg","articleSection":["Noticias"],"inLanguage":"es"},{"@type":"WebPage","@id":"https:\/\/iraurgiberritzen.eus\/es\/el-programa-europeo-lanzituz-que-ha-tenido-como-objetivo-impulsar-la-economia-social-da-por-finalizada-su-andadura\/","url":"https:\/\/iraurgiberritzen.eus\/es\/el-programa-europeo-lanzituz-que-ha-tenido-como-objetivo-impulsar-la-economia-social-da-por-finalizada-su-andadura\/","name":"El Programa Europeo LANZITUZ que ha tenido como objetivo impulsar la Econom\u00eda Social da por finalizada su andadura - Iraurgi Berritzen","isPartOf":{"@id":"https:\/\/iraurgiberritzen.eus\/es\/#website"},"primaryImageOfPage":{"@id":"https:\/\/iraurgiberritzen.eus\/es\/el-programa-europeo-lanzituz-que-ha-tenido-como-objetivo-impulsar-la-economia-social-da-por-finalizada-su-andadura\/#primaryimage"},"image":{"@id":"https:\/\/iraurgiberritzen.eus\/es\/el-programa-europeo-lanzituz-que-ha-tenido-como-objetivo-impulsar-la-economia-social-da-por-finalizada-su-andadura\/#primaryimage"},"thumbnailUrl":"https:\/\/iraurgiberritzen.eus\/wp-content\/uploads\/2023\/09\/51bfc9a1b080d1f314d0d70e4d86c1a1.jpg","datePublished":"2023-07-05T04:05:26+00:00","breadcrumb":{"@id":"https:\/\/iraurgiberritzen.eus\/es\/el-programa-europeo-lanzituz-que-ha-tenido-como-objetivo-impulsar-la-economia-social-da-por-finalizada-su-andadura\/#breadcrumb"},"inLanguage":"es","potentialAction":[{"@type":"ReadAction","target":["https:\/\/iraurgiberritzen.eus\/es\/el-programa-europeo-lanzituz-que-ha-tenido-como-objetivo-impulsar-la-economia-social-da-por-finalizada-su-andadura\/"]}]},{"@type":"ImageObject","inLanguage":"es","@id":"https:\/\/iraurgiberritzen.eus\/es\/el-programa-europeo-lanzituz-que-ha-tenido-como-objetivo-impulsar-la-economia-social-da-por-finalizada-su-andadura\/#primaryimage","url":"https:\/\/iraurgiberritzen.eus\/wp-content\/uploads\/2023\/09\/51bfc9a1b080d1f314d0d70e4d86c1a1.jpg","contentUrl":"https:\/\/iraurgiberritzen.eus\/wp-content\/uploads\/2023\/09\/51bfc9a1b080d1f314d0d70e4d86c1a1.jpg","width":400,"height":257},{"@type":"BreadcrumbList","@id":"https:\/\/iraurgiberritzen.eus\/es\/el-programa-europeo-lanzituz-que-ha-tenido-como-objetivo-impulsar-la-economia-social-da-por-finalizada-su-andadura\/#breadcrumb","itemListElement":[{"@type":"ListItem","position":1,"name":"Home","item":"https:\/\/iraurgiberritzen.eus\/es\/"},{"@type":"ListItem","position":2,"name":"El Programa Europeo LANZITUZ que ha tenido como objetivo impulsar la Econom\u00eda Social da por finalizada su andadura"}]},{"@type":"WebSite","@id":"https:\/\/iraurgiberritzen.eus\/es\/#website","url":"https:\/\/iraurgiberritzen.eus\/es\/","name":"Iraurgi Berritzen","description":"Urola Erdiko Garapen Agentzia","publisher":{"@id":"https:\/\/iraurgiberritzen.eus\/es\/#organization"},"potentialAction":[{"@type":"SearchAction","target":{"@type":"EntryPoint","urlTemplate":"https:\/\/iraurgiberritzen.eus\/es\/?s={search_term_string}"},"query-input":{"@type":"PropertyValueSpecification","valueRequired":true,"valueName":"search_term_string"}}],"inLanguage":"es"},{"@type":"Organization","@id":"https:\/\/iraurgiberritzen.eus\/es\/#organization","name":"Iraurgi Berritzen","url":"https:\/\/iraurgiberritzen.eus\/es\/","logo":{"@type":"ImageObject","inLanguage":"es","@id":"https:\/\/iraurgiberritzen.eus\/es\/#\/schema\/logo\/image\/","url":"https:\/\/iraurgiberritzen.eus\/wp-content\/uploads\/2024\/02\/IRAURGI-BERRITZEN-logotipoa_2.png","contentUrl":"https:\/\/iraurgiberritzen.eus\/wp-content\/uploads\/2024\/02\/IRAURGI-BERRITZEN-logotipoa_2.png","width":496,"height":190,"caption":"Iraurgi Berritzen"},"image":{"@id":"https:\/\/iraurgiberritzen.eus\/es\/#\/schema\/logo\/image\/"}},{"@type":"Person","@id":"https:\/\/iraurgiberritzen.eus\/es\/#\/schema\/person\/5ab41aaf388a9097177601ebf45738d2","name":"kudeatzailea","sameAs":["https:\/\/iraurgiberritzen.eus"]}]}},"_links":{"self":[{"href":"https:\/\/iraurgiberritzen.eus\/es\/wp-json\/wp\/v2\/posts\/14554","targetHints":{"allow":["GET"]}}],"collection":[{"href":"https:\/\/iraurgiberritzen.eus\/es\/wp-json\/wp\/v2\/posts"}],"about":[{"href":"https:\/\/iraurgiberritzen.eus\/es\/wp-json\/wp\/v2\/types\/post"}],"author":[{"embeddable":true,"href":"https:\/\/iraurgiberritzen.eus\/es\/wp-json\/wp\/v2\/users\/1"}],"replies":[{"embeddable":true,"href":"https:\/\/iraurgiberritzen.eus\/es\/wp-json\/wp\/v2\/comments?post=14554"}],"version-history":[{"count":0,"href":"https:\/\/iraurgiberritzen.eus\/es\/wp-json\/wp\/v2\/posts\/14554\/revisions"}],"wp:featuredmedia":[{"embeddable":true,"href":"https:\/\/iraurgiberritzen.eus\/es\/wp-json\/wp\/v2\/media\/17184"}],"wp:attachment":[{"href":"https:\/\/iraurgiberritzen.eus\/es\/wp-json\/wp\/v2\/media?parent=14554"}],"wp:term":[{"taxonomy":"category","embeddable":true,"href":"https:\/\/iraurgiberritzen.eus\/es\/wp-json\/wp\/v2\/categories?post=14554"},{"taxonomy":"post_tag","embeddable":true,"href":"https:\/\/iraurgiberritzen.eus\/es\/wp-json\/wp\/v2\/tags?post=14554"}],"curies":[{"name":"wp","href":"https:\/\/api.w.org\/{rel}","templated":true}]}}