{"id":14566,"date":"2023-07-11T11:16:50","date_gmt":"2023-07-11T09:16:50","guid":{"rendered":"https:\/\/iraurgiberritzen.eus\/arranca-el-proyecto-urola-zirkularra-en-el-ambito-de-la-economia-circular\/"},"modified":"2023-07-11T11:16:50","modified_gmt":"2023-07-11T09:16:50","slug":"arranca-el-proyecto-urola-zirkularra-en-el-ambito-de-la-economia-circular","status":"publish","type":"post","link":"https:\/\/iraurgiberritzen.eus\/es\/arranca-el-proyecto-urola-zirkularra-en-el-ambito-de-la-economia-circular\/","title":{"rendered":"Arranca el proyecto \u201cUrola Zirkularra\u201d en el \u00e1mbito de la Econom\u00eda Circular"},"content":{"rendered":"<p style=\"text-align: justify;\">Un a\u00f1o m\u00e1s el Gobierno Vasco a trav\u00e9s de la entidade p\u00fablica IHOBE ha puesto en marcha el programa PYME Circular de apoyo a las pymes de Euskadi.<\/p>\n<p style=\"text-align: justify;\">Gracias a la subvenci\u00f3n recibida en el marco de este programa, Iraurgi Berritzen y Uggasa, Agencias de Desarrollo e Innovaci\u00f3n de las comarcas de Urola Erdia y Urola Garaia, podr\u00e1n desarrollar experiencias piloto en 5 pymes de ambas comarcas con el fin de impulsar la econom\u00eda circular.<\/p>\n<p style=\"text-align: justify;\">El objetivo del proyecto Urola Zirkularra es identificar, valorar y priorizar nuevas oportunidades y nichos de mercado asociados a la econom\u00eda circular en las pymes industriales de las comarcas de Urola Erdia y Urola Garaia, mediante la creaci\u00f3n de un plan de acci\u00f3n individual para impulsar estas oportunidades.<\/p>\n<p style=\"text-align: justify;\">Este proyecto, que Iraurgi Berritzen trabajar\u00e1 en colaboraci\u00f3n con Uggasa, ha arrancado mediante la reuni\u00f3n de lanzamiento del proyecto que se ha celebrado hoy, 11 de julio. Su fin ha sido planificar conjuntamente el proyecto, analizando brevemente los objetivos, las fases y la metodolog\u00eda; definir el calendario general de reuniones de grupo y de los principales hitos; los compromisos asumidos por cada una de las partes, y resolver las dudas que pudieran existir.<\/p>\n<p style=\"text-align: justify;\">Cada empresa participante contar\u00e1 con la colaboraci\u00f3n de expertos de B+I Strategy para elaborar su proyecto concreto, adapt\u00e1ndose a la realidad, necesidades y agendas de cada empresa.<\/p>\n<p style=\"text-align: justify;\">A lo largo del proceso tambi\u00e9n se prev\u00e9 la realizaci\u00f3n de varias sesiones conjuntas con las pymes participantes para intercambiar experiencias y aprendizajes.<\/p>\n","protected":false},"excerpt":{"rendered":"<p>Un a\u00f1o m\u00e1s el Gobierno Vasco a trav\u00e9s de la entidade p\u00fablica IHOBE ha puesto en marcha el programa PYME Circular de apoyo a las pymes de Euskadi. Gracias a la subvenci\u00f3n recibida en el marco de este programa, Iraurgi Berritzen y Uggasa, Agencias de Desarrollo e Innovaci\u00f3n de las comarcas de Urola Erdia y [&hellip;]<\/p>\n","protected":false},"author":1,"featured_media":17188,"comment_status":"","ping_status":"closed","sticky":false,"template":"","format":"standard","meta":{"_acf_changed":false,"footnotes":""},"categories":[4],"tags":[],"class_list":["post-14566","post","type-post","status-publish","format-standard","has-post-thumbnail","hentry","category-noticias"],"acf":[],"yoast_head":"<!-- This site is optimized with the Yoast SEO plugin v27.4 - https:\/\/yoast.com\/product\/yoast-seo-wordpress\/ -->\n<title>Arranca el proyecto \u201cUrola Zirkularra\u201d en el \u00e1mbito de la Econom\u00eda Circular - Iraurgi Berritzen<\/title>\n<meta name=\"robots\" content=\"index, follow, max-snippet:-1, max-image-preview:large, max-video-preview:-1\" \/>\n<link rel=\"canonical\" href=\"https:\/\/iraurgiberritzen.eus\/es\/arranca-el-proyecto-urola-zirkularra-en-el-ambito-de-la-economia-circular\/\" \/>\n<meta property=\"og:locale\" content=\"es_ES\" \/>\n<meta property=\"og:type\" content=\"article\" \/>\n<meta property=\"og:title\" content=\"Arranca el proyecto \u201cUrola Zirkularra\u201d en el \u00e1mbito de la Econom\u00eda Circular - Iraurgi Berritzen\" \/>\n<meta property=\"og:description\" content=\"Un a\u00f1o m\u00e1s el Gobierno Vasco a trav\u00e9s de la entidade p\u00fablica IHOBE ha puesto en marcha el programa PYME Circular de apoyo a las pymes de Euskadi. Gracias a la subvenci\u00f3n recibida en el marco de este programa, Iraurgi Berritzen y Uggasa, Agencias de Desarrollo e Innovaci\u00f3n de las comarcas de Urola Erdia y [&hellip;]\" \/>\n<meta property=\"og:url\" content=\"https:\/\/iraurgiberritzen.eus\/es\/arranca-el-proyecto-urola-zirkularra-en-el-ambito-de-la-economia-circular\/\" \/>\n<meta property=\"og:site_name\" content=\"Iraurgi Berritzen\" \/>\n<meta property=\"article:published_time\" content=\"2023-07-11T09:16:50+00:00\" \/>\n<meta name=\"author\" content=\"kudeatzailea\" \/>\n<meta name=\"twitter:card\" content=\"summary_large_image\" \/>\n<meta name=\"twitter:label1\" content=\"Escrito por\" \/>\n\t<meta name=\"twitter:data1\" content=\"kudeatzailea\" \/>\n\t<meta name=\"twitter:label2\" content=\"Tiempo de lectura\" \/>\n\t<meta name=\"twitter:data2\" content=\"1 minuto\" \/>\n<script type=\"application\/ld+json\" class=\"yoast-schema-graph\">{\"@context\":\"https:\\\/\\\/schema.org\",\"@graph\":[{\"@type\":\"Article\",\"@id\":\"https:\\\/\\\/iraurgiberritzen.eus\\\/es\\\/arranca-el-proyecto-urola-zirkularra-en-el-ambito-de-la-economia-circular\\\/#article\",\"isPartOf\":{\"@id\":\"https:\\\/\\\/iraurgiberritzen.eus\\\/es\\\/arranca-el-proyecto-urola-zirkularra-en-el-ambito-de-la-economia-circular\\\/\"},\"author\":{\"name\":\"kudeatzailea\",\"@id\":\"https:\\\/\\\/iraurgiberritzen.eus\\\/es\\\/#\\\/schema\\\/person\\\/5ab41aaf388a9097177601ebf45738d2\"},\"headline\":\"Arranca el proyecto \u201cUrola Zirkularra\u201d en el \u00e1mbito de la Econom\u00eda Circular\",\"datePublished\":\"2023-07-11T09:16:50+00:00\",\"mainEntityOfPage\":{\"@id\":\"https:\\\/\\\/iraurgiberritzen.eus\\\/es\\\/arranca-el-proyecto-urola-zirkularra-en-el-ambito-de-la-economia-circular\\\/\"},\"wordCount\":276,\"publisher\":{\"@id\":\"https:\\\/\\\/iraurgiberritzen.eus\\\/es\\\/#organization\"},\"image\":{\"@id\":\"https:\\\/\\\/iraurgiberritzen.eus\\\/es\\\/arranca-el-proyecto-urola-zirkularra-en-el-ambito-de-la-economia-circular\\\/#primaryimage\"},\"thumbnailUrl\":\"https:\\\/\\\/iraurgiberritzen.eus\\\/wp-content\\\/uploads\\\/2023\\\/09\\\/1d78dab465011a17861883fe75b60c35.jpg\",\"articleSection\":[\"Noticias\"],\"inLanguage\":\"es\"},{\"@type\":\"WebPage\",\"@id\":\"https:\\\/\\\/iraurgiberritzen.eus\\\/es\\\/arranca-el-proyecto-urola-zirkularra-en-el-ambito-de-la-economia-circular\\\/\",\"url\":\"https:\\\/\\\/iraurgiberritzen.eus\\\/es\\\/arranca-el-proyecto-urola-zirkularra-en-el-ambito-de-la-economia-circular\\\/\",\"name\":\"Arranca el proyecto \u201cUrola Zirkularra\u201d en el \u00e1mbito de la Econom\u00eda Circular - Iraurgi Berritzen\",\"isPartOf\":{\"@id\":\"https:\\\/\\\/iraurgiberritzen.eus\\\/es\\\/#website\"},\"primaryImageOfPage\":{\"@id\":\"https:\\\/\\\/iraurgiberritzen.eus\\\/es\\\/arranca-el-proyecto-urola-zirkularra-en-el-ambito-de-la-economia-circular\\\/#primaryimage\"},\"image\":{\"@id\":\"https:\\\/\\\/iraurgiberritzen.eus\\\/es\\\/arranca-el-proyecto-urola-zirkularra-en-el-ambito-de-la-economia-circular\\\/#primaryimage\"},\"thumbnailUrl\":\"https:\\\/\\\/iraurgiberritzen.eus\\\/wp-content\\\/uploads\\\/2023\\\/09\\\/1d78dab465011a17861883fe75b60c35.jpg\",\"datePublished\":\"2023-07-11T09:16:50+00:00\",\"breadcrumb\":{\"@id\":\"https:\\\/\\\/iraurgiberritzen.eus\\\/es\\\/arranca-el-proyecto-urola-zirkularra-en-el-ambito-de-la-economia-circular\\\/#breadcrumb\"},\"inLanguage\":\"es\",\"potentialAction\":[{\"@type\":\"ReadAction\",\"target\":[\"https:\\\/\\\/iraurgiberritzen.eus\\\/es\\\/arranca-el-proyecto-urola-zirkularra-en-el-ambito-de-la-economia-circular\\\/\"]}]},{\"@type\":\"ImageObject\",\"inLanguage\":\"es\",\"@id\":\"https:\\\/\\\/iraurgiberritzen.eus\\\/es\\\/arranca-el-proyecto-urola-zirkularra-en-el-ambito-de-la-economia-circular\\\/#primaryimage\",\"url\":\"https:\\\/\\\/iraurgiberritzen.eus\\\/wp-content\\\/uploads\\\/2023\\\/09\\\/1d78dab465011a17861883fe75b60c35.jpg\",\"contentUrl\":\"https:\\\/\\\/iraurgiberritzen.eus\\\/wp-content\\\/uploads\\\/2023\\\/09\\\/1d78dab465011a17861883fe75b60c35.jpg\",\"width\":400,\"height\":257},{\"@type\":\"BreadcrumbList\",\"@id\":\"https:\\\/\\\/iraurgiberritzen.eus\\\/es\\\/arranca-el-proyecto-urola-zirkularra-en-el-ambito-de-la-economia-circular\\\/#breadcrumb\",\"itemListElement\":[{\"@type\":\"ListItem\",\"position\":1,\"name\":\"Home\",\"item\":\"https:\\\/\\\/iraurgiberritzen.eus\\\/es\\\/\"},{\"@type\":\"ListItem\",\"position\":2,\"name\":\"Arranca el proyecto \u201cUrola Zirkularra\u201d en el \u00e1mbito de la Econom\u00eda Circular\"}]},{\"@type\":\"WebSite\",\"@id\":\"https:\\\/\\\/iraurgiberritzen.eus\\\/es\\\/#website\",\"url\":\"https:\\\/\\\/iraurgiberritzen.eus\\\/es\\\/\",\"name\":\"Iraurgi Berritzen\",\"description\":\"Urola Erdiko Garapen Agentzia\",\"publisher\":{\"@id\":\"https:\\\/\\\/iraurgiberritzen.eus\\\/es\\\/#organization\"},\"potentialAction\":[{\"@type\":\"SearchAction\",\"target\":{\"@type\":\"EntryPoint\",\"urlTemplate\":\"https:\\\/\\\/iraurgiberritzen.eus\\\/es\\\/?s={search_term_string}\"},\"query-input\":{\"@type\":\"PropertyValueSpecification\",\"valueRequired\":true,\"valueName\":\"search_term_string\"}}],\"inLanguage\":\"es\"},{\"@type\":\"Organization\",\"@id\":\"https:\\\/\\\/iraurgiberritzen.eus\\\/es\\\/#organization\",\"name\":\"Iraurgi Berritzen\",\"url\":\"https:\\\/\\\/iraurgiberritzen.eus\\\/es\\\/\",\"logo\":{\"@type\":\"ImageObject\",\"inLanguage\":\"es\",\"@id\":\"https:\\\/\\\/iraurgiberritzen.eus\\\/es\\\/#\\\/schema\\\/logo\\\/image\\\/\",\"url\":\"https:\\\/\\\/iraurgiberritzen.eus\\\/wp-content\\\/uploads\\\/2024\\\/02\\\/IRAURGI-BERRITZEN-logotipoa_2.png\",\"contentUrl\":\"https:\\\/\\\/iraurgiberritzen.eus\\\/wp-content\\\/uploads\\\/2024\\\/02\\\/IRAURGI-BERRITZEN-logotipoa_2.png\",\"width\":496,\"height\":190,\"caption\":\"Iraurgi Berritzen\"},\"image\":{\"@id\":\"https:\\\/\\\/iraurgiberritzen.eus\\\/es\\\/#\\\/schema\\\/logo\\\/image\\\/\"}},{\"@type\":\"Person\",\"@id\":\"https:\\\/\\\/iraurgiberritzen.eus\\\/es\\\/#\\\/schema\\\/person\\\/5ab41aaf388a9097177601ebf45738d2\",\"name\":\"kudeatzailea\",\"sameAs\":[\"https:\\\/\\\/iraurgiberritzen.eus\"]}]}<\/script>\n<!-- \/ Yoast SEO plugin. -->","yoast_head_json":{"title":"Arranca el proyecto \u201cUrola Zirkularra\u201d en el \u00e1mbito de la Econom\u00eda Circular - Iraurgi Berritzen","robots":{"index":"index","follow":"follow","max-snippet":"max-snippet:-1","max-image-preview":"max-image-preview:large","max-video-preview":"max-video-preview:-1"},"canonical":"https:\/\/iraurgiberritzen.eus\/es\/arranca-el-proyecto-urola-zirkularra-en-el-ambito-de-la-economia-circular\/","og_locale":"es_ES","og_type":"article","og_title":"Arranca el proyecto \u201cUrola Zirkularra\u201d en el \u00e1mbito de la Econom\u00eda Circular - Iraurgi Berritzen","og_description":"Un a\u00f1o m\u00e1s el Gobierno Vasco a trav\u00e9s de la entidade p\u00fablica IHOBE ha puesto en marcha el programa PYME Circular de apoyo a las pymes de Euskadi. Gracias a la subvenci\u00f3n recibida en el marco de este programa, Iraurgi Berritzen y Uggasa, Agencias de Desarrollo e Innovaci\u00f3n de las comarcas de Urola Erdia y [&hellip;]","og_url":"https:\/\/iraurgiberritzen.eus\/es\/arranca-el-proyecto-urola-zirkularra-en-el-ambito-de-la-economia-circular\/","og_site_name":"Iraurgi Berritzen","article_published_time":"2023-07-11T09:16:50+00:00","author":"kudeatzailea","twitter_card":"summary_large_image","twitter_misc":{"Escrito por":"kudeatzailea","Tiempo de lectura":"1 minuto"},"schema":{"@context":"https:\/\/schema.org","@graph":[{"@type":"Article","@id":"https:\/\/iraurgiberritzen.eus\/es\/arranca-el-proyecto-urola-zirkularra-en-el-ambito-de-la-economia-circular\/#article","isPartOf":{"@id":"https:\/\/iraurgiberritzen.eus\/es\/arranca-el-proyecto-urola-zirkularra-en-el-ambito-de-la-economia-circular\/"},"author":{"name":"kudeatzailea","@id":"https:\/\/iraurgiberritzen.eus\/es\/#\/schema\/person\/5ab41aaf388a9097177601ebf45738d2"},"headline":"Arranca el proyecto \u201cUrola Zirkularra\u201d en el \u00e1mbito de la Econom\u00eda Circular","datePublished":"2023-07-11T09:16:50+00:00","mainEntityOfPage":{"@id":"https:\/\/iraurgiberritzen.eus\/es\/arranca-el-proyecto-urola-zirkularra-en-el-ambito-de-la-economia-circular\/"},"wordCount":276,"publisher":{"@id":"https:\/\/iraurgiberritzen.eus\/es\/#organization"},"image":{"@id":"https:\/\/iraurgiberritzen.eus\/es\/arranca-el-proyecto-urola-zirkularra-en-el-ambito-de-la-economia-circular\/#primaryimage"},"thumbnailUrl":"https:\/\/iraurgiberritzen.eus\/wp-content\/uploads\/2023\/09\/1d78dab465011a17861883fe75b60c35.jpg","articleSection":["Noticias"],"inLanguage":"es"},{"@type":"WebPage","@id":"https:\/\/iraurgiberritzen.eus\/es\/arranca-el-proyecto-urola-zirkularra-en-el-ambito-de-la-economia-circular\/","url":"https:\/\/iraurgiberritzen.eus\/es\/arranca-el-proyecto-urola-zirkularra-en-el-ambito-de-la-economia-circular\/","name":"Arranca el proyecto \u201cUrola Zirkularra\u201d en el \u00e1mbito de la Econom\u00eda Circular - Iraurgi Berritzen","isPartOf":{"@id":"https:\/\/iraurgiberritzen.eus\/es\/#website"},"primaryImageOfPage":{"@id":"https:\/\/iraurgiberritzen.eus\/es\/arranca-el-proyecto-urola-zirkularra-en-el-ambito-de-la-economia-circular\/#primaryimage"},"image":{"@id":"https:\/\/iraurgiberritzen.eus\/es\/arranca-el-proyecto-urola-zirkularra-en-el-ambito-de-la-economia-circular\/#primaryimage"},"thumbnailUrl":"https:\/\/iraurgiberritzen.eus\/wp-content\/uploads\/2023\/09\/1d78dab465011a17861883fe75b60c35.jpg","datePublished":"2023-07-11T09:16:50+00:00","breadcrumb":{"@id":"https:\/\/iraurgiberritzen.eus\/es\/arranca-el-proyecto-urola-zirkularra-en-el-ambito-de-la-economia-circular\/#breadcrumb"},"inLanguage":"es","potentialAction":[{"@type":"ReadAction","target":["https:\/\/iraurgiberritzen.eus\/es\/arranca-el-proyecto-urola-zirkularra-en-el-ambito-de-la-economia-circular\/"]}]},{"@type":"ImageObject","inLanguage":"es","@id":"https:\/\/iraurgiberritzen.eus\/es\/arranca-el-proyecto-urola-zirkularra-en-el-ambito-de-la-economia-circular\/#primaryimage","url":"https:\/\/iraurgiberritzen.eus\/wp-content\/uploads\/2023\/09\/1d78dab465011a17861883fe75b60c35.jpg","contentUrl":"https:\/\/iraurgiberritzen.eus\/wp-content\/uploads\/2023\/09\/1d78dab465011a17861883fe75b60c35.jpg","width":400,"height":257},{"@type":"BreadcrumbList","@id":"https:\/\/iraurgiberritzen.eus\/es\/arranca-el-proyecto-urola-zirkularra-en-el-ambito-de-la-economia-circular\/#breadcrumb","itemListElement":[{"@type":"ListItem","position":1,"name":"Home","item":"https:\/\/iraurgiberritzen.eus\/es\/"},{"@type":"ListItem","position":2,"name":"Arranca el proyecto \u201cUrola Zirkularra\u201d en el \u00e1mbito de la Econom\u00eda Circular"}]},{"@type":"WebSite","@id":"https:\/\/iraurgiberritzen.eus\/es\/#website","url":"https:\/\/iraurgiberritzen.eus\/es\/","name":"Iraurgi Berritzen","description":"Urola Erdiko Garapen Agentzia","publisher":{"@id":"https:\/\/iraurgiberritzen.eus\/es\/#organization"},"potentialAction":[{"@type":"SearchAction","target":{"@type":"EntryPoint","urlTemplate":"https:\/\/iraurgiberritzen.eus\/es\/?s={search_term_string}"},"query-input":{"@type":"PropertyValueSpecification","valueRequired":true,"valueName":"search_term_string"}}],"inLanguage":"es"},{"@type":"Organization","@id":"https:\/\/iraurgiberritzen.eus\/es\/#organization","name":"Iraurgi Berritzen","url":"https:\/\/iraurgiberritzen.eus\/es\/","logo":{"@type":"ImageObject","inLanguage":"es","@id":"https:\/\/iraurgiberritzen.eus\/es\/#\/schema\/logo\/image\/","url":"https:\/\/iraurgiberritzen.eus\/wp-content\/uploads\/2024\/02\/IRAURGI-BERRITZEN-logotipoa_2.png","contentUrl":"https:\/\/iraurgiberritzen.eus\/wp-content\/uploads\/2024\/02\/IRAURGI-BERRITZEN-logotipoa_2.png","width":496,"height":190,"caption":"Iraurgi Berritzen"},"image":{"@id":"https:\/\/iraurgiberritzen.eus\/es\/#\/schema\/logo\/image\/"}},{"@type":"Person","@id":"https:\/\/iraurgiberritzen.eus\/es\/#\/schema\/person\/5ab41aaf388a9097177601ebf45738d2","name":"kudeatzailea","sameAs":["https:\/\/iraurgiberritzen.eus"]}]}},"_links":{"self":[{"href":"https:\/\/iraurgiberritzen.eus\/es\/wp-json\/wp\/v2\/posts\/14566","targetHints":{"allow":["GET"]}}],"collection":[{"href":"https:\/\/iraurgiberritzen.eus\/es\/wp-json\/wp\/v2\/posts"}],"about":[{"href":"https:\/\/iraurgiberritzen.eus\/es\/wp-json\/wp\/v2\/types\/post"}],"author":[{"embeddable":true,"href":"https:\/\/iraurgiberritzen.eus\/es\/wp-json\/wp\/v2\/users\/1"}],"replies":[{"embeddable":true,"href":"https:\/\/iraurgiberritzen.eus\/es\/wp-json\/wp\/v2\/comments?post=14566"}],"version-history":[{"count":0,"href":"https:\/\/iraurgiberritzen.eus\/es\/wp-json\/wp\/v2\/posts\/14566\/revisions"}],"wp:featuredmedia":[{"embeddable":true,"href":"https:\/\/iraurgiberritzen.eus\/es\/wp-json\/wp\/v2\/media\/17188"}],"wp:attachment":[{"href":"https:\/\/iraurgiberritzen.eus\/es\/wp-json\/wp\/v2\/media?parent=14566"}],"wp:term":[{"taxonomy":"category","embeddable":true,"href":"https:\/\/iraurgiberritzen.eus\/es\/wp-json\/wp\/v2\/categories?post=14566"},{"taxonomy":"post_tag","embeddable":true,"href":"https:\/\/iraurgiberritzen.eus\/es\/wp-json\/wp\/v2\/tags?post=14566"}],"curies":[{"name":"wp","href":"https:\/\/api.w.org\/{rel}","templated":true}]}}