{"id":14575,"date":"2023-07-21T11:52:53","date_gmt":"2023-07-21T09:52:53","guid":{"rendered":"https:\/\/iraurgiberritzen.eus\/resumen-de-actividad-del-area-de-empleo-y-formacion-en-el-primer-semestre-de-2023\/"},"modified":"2023-07-21T11:52:53","modified_gmt":"2023-07-21T09:52:53","slug":"resumen-de-actividad-del-area-de-empleo-y-formacion-en-el-primer-semestre-de-2023","status":"publish","type":"post","link":"https:\/\/iraurgiberritzen.eus\/es\/resumen-de-actividad-del-area-de-empleo-y-formacion-en-el-primer-semestre-de-2023\/","title":{"rendered":"Resumen de actividad del \u00e1rea de Empleo y Formaci\u00f3n en el primer semestre de 2023"},"content":{"rendered":"<p style=\"text-align: justify;\">A continuaci\u00f3n, un resumen de los resultados obtenidos a trav\u00e9s de los diferentes proyectos desarrollados desde el \u00e1rea de empleo en el primer semestre de 2023:<\/p>\n<ol>\n<li style=\"text-align: justify;\"><strong>Enplegu Gunea<\/strong>:\n<ul>\n<li>Gune de agentes de empleo-formaci\u00f3n: <strong>1<\/strong> encuentro.<\/li>\n<\/ul>\n<\/li>\n<li style=\"text-align: justify;\"><strong>Centro de Empleo<\/strong>:\n<ul>\n<li><strong>1.988<\/strong> perfiles activos (<strong>1.110<\/strong> personas desempleadas).<\/li>\n<li><strong>243<\/strong> n\u00ba Acciones atenci\u00f3n presencial.<\/li>\n<li><strong>1.322<\/strong> n\u00ba Acciones de atenci\u00f3n en total.<\/li>\n<li>1<strong>90<\/strong> ofertas de empleo gestionadas. <strong>52<\/strong> ofertas cubiertas a trav\u00e9s de IB.<\/li>\n<li><strong>110<\/strong> personas contratadas.<\/li>\n<\/ul>\n<\/li>\n<li style=\"text-align: justify;\"><strong>Servicio de Orientaci\u00f3n<\/strong>:\n<ul>\n<li><strong>255<\/strong> personas usuarias \u00fanicas.<\/li>\n<li><strong>463<\/strong> n\u00ba acciones de atenci\u00f3n realizadas.<\/li>\n<li>Tasa de empleo.<strong> 48%<\/strong> (Lanbide)<\/li>\n<\/ul>\n<\/li>\n<li style=\"text-align: justify;\"><strong>Comunicaci\u00f3n y difusi\u00f3n<\/strong>:\n<ul>\n<li>Gesti\u00f3n de la p\u00e1gina web Urolanprest. N\u00ba Visitantes: <strong>2.003<\/strong> (media mensual).<\/li>\n<li>Boletines de suscripci\u00f3n.<\/li>\n<li>Gesti\u00f3n de redes sociales. Facebook, Instagram.<\/li>\n<li>Publicaciones en medios de comunicaci\u00f3n comarcales.<\/li>\n<\/ul>\n<\/li>\n<li style=\"text-align: justify;\"><strong>Programas de Inserci\u00f3n Laboral: GAP (Pr\u00e1cticas y Proyectos de Fin Grado)<\/strong>.\n<ul>\n<li>N\u00ba empresas participantes: <strong>34<\/strong>.<\/li>\n<li>N\u00ba Personas participantes: <strong>32<\/strong>.<\/li>\n<li>Solicitudes cerradas a trav\u00e9s de IB: <strong>26<\/strong>.<\/li>\n<\/ul>\n<\/li>\n<li style=\"text-align: justify;\"><strong>Subvenciones Lehen Aukera<\/strong>\n<ul>\n<li>N\u00ba contrataciones subvencionadas a trav\u00e9s de Lehen Aukera: <strong>10<\/strong>.<\/li>\n<\/ul>\n<\/li>\n<li style=\"text-align: justify;\"><strong>Proyecto UE-ElkarEkinez Lanean dirigido a personas desempleadas en riesgo de exclusi\u00f3n social<\/strong>.\n<ul>\n<li><strong>&nbsp;7<\/strong> nuevos cursos de formaci\u00f3n de competencias b\u00e1sicas y t\u00e9cnicas (Soldadura, Atenci\u00f3n sociosanitaria y Construcci\u00f3n).<\/li>\n<li>9<strong>5<\/strong> itinerarios de inserci\u00f3n laboral para personas desempleadas en exclusi\u00f3n social, a trav\u00e9s de formaci\u00f3n, orientaci\u00f3n y participaci\u00f3n de empresas.<\/li>\n<\/ul>\n<\/li>\n<li><strong>Evoluci\u00f3n del desempleo en Urola Erdia.<\/strong>\n<ul>\n<li style=\"text-align: justify;\">El \u00edndice de desempleo de Urola Erdia en junio de 2023 es el<strong> 7,5%<\/strong>; Entre los hombres un <strong>6,0%<\/strong>, y <strong>9,3% <\/strong>en las mujeres.&nbsp;<\/li>\n<\/ul>\n<\/li>\n<\/ol>\n<img loading=\"lazy\" decoding=\"async\" src=\"images\/Captura_de_pantalla_2023-07-20_a_las_15.32.54.png\" alt=\"Captura_de_pantalla_2023-07-20_a_las_15.32.54.png\" width=\"847\" height=\"241\" \/>\n","protected":false},"excerpt":{"rendered":"<p>A continuaci\u00f3n, un resumen de los resultados obtenidos a trav\u00e9s de los diferentes proyectos desarrollados desde el \u00e1rea de empleo en el primer semestre de 2023: Enplegu Gunea: Gune de agentes de empleo-formaci\u00f3n: 1 encuentro. Centro de Empleo: 1.988 perfiles activos (1.110 personas desempleadas). 243 n\u00ba Acciones atenci\u00f3n presencial. 1.322 n\u00ba Acciones de atenci\u00f3n en [&hellip;]<\/p>\n","protected":false},"author":1,"featured_media":17191,"comment_status":"closed","ping_status":"closed","sticky":false,"template":"","format":"standard","meta":{"_acf_changed":false,"footnotes":""},"categories":[4],"tags":[],"class_list":["post-14575","post","type-post","status-publish","format-standard","has-post-thumbnail","hentry","category-noticias"],"acf":[],"yoast_head":"<!-- This site is optimized with the Yoast SEO plugin v27.4 - https:\/\/yoast.com\/product\/yoast-seo-wordpress\/ -->\n<title>Resumen de actividad del \u00e1rea de Empleo y Formaci\u00f3n en el primer semestre de 2023 - Iraurgi Berritzen<\/title>\n<meta name=\"robots\" content=\"index, follow, max-snippet:-1, max-image-preview:large, max-video-preview:-1\" \/>\n<link rel=\"canonical\" href=\"https:\/\/iraurgiberritzen.eus\/es\/resumen-de-actividad-del-area-de-empleo-y-formacion-en-el-primer-semestre-de-2023\/\" \/>\n<meta property=\"og:locale\" content=\"es_ES\" \/>\n<meta property=\"og:type\" content=\"article\" \/>\n<meta property=\"og:title\" content=\"Resumen de actividad del \u00e1rea de Empleo y Formaci\u00f3n en el primer semestre de 2023 - Iraurgi Berritzen\" \/>\n<meta property=\"og:description\" content=\"A continuaci\u00f3n, un resumen de los resultados obtenidos a trav\u00e9s de los diferentes proyectos desarrollados desde el \u00e1rea de empleo en el primer semestre de 2023: Enplegu Gunea: Gune de agentes de empleo-formaci\u00f3n: 1 encuentro. Centro de Empleo: 1.988 perfiles activos (1.110 personas desempleadas). 243 n\u00ba Acciones atenci\u00f3n presencial. 1.322 n\u00ba Acciones de atenci\u00f3n en [&hellip;]\" \/>\n<meta property=\"og:url\" content=\"https:\/\/iraurgiberritzen.eus\/es\/resumen-de-actividad-del-area-de-empleo-y-formacion-en-el-primer-semestre-de-2023\/\" \/>\n<meta property=\"og:site_name\" content=\"Iraurgi Berritzen\" \/>\n<meta property=\"article:published_time\" content=\"2023-07-21T09:52:53+00:00\" \/>\n<meta name=\"author\" content=\"kudeatzailea\" \/>\n<meta name=\"twitter:card\" content=\"summary_large_image\" \/>\n<meta name=\"twitter:label1\" content=\"Escrito por\" \/>\n\t<meta name=\"twitter:data1\" content=\"kudeatzailea\" \/>\n\t<meta name=\"twitter:label2\" content=\"Tiempo de lectura\" \/>\n\t<meta name=\"twitter:data2\" content=\"1 minuto\" \/>\n<script type=\"application\/ld+json\" class=\"yoast-schema-graph\">{\"@context\":\"https:\\\/\\\/schema.org\",\"@graph\":[{\"@type\":\"Article\",\"@id\":\"https:\\\/\\\/iraurgiberritzen.eus\\\/es\\\/resumen-de-actividad-del-area-de-empleo-y-formacion-en-el-primer-semestre-de-2023\\\/#article\",\"isPartOf\":{\"@id\":\"https:\\\/\\\/iraurgiberritzen.eus\\\/es\\\/resumen-de-actividad-del-area-de-empleo-y-formacion-en-el-primer-semestre-de-2023\\\/\"},\"author\":{\"name\":\"kudeatzailea\",\"@id\":\"https:\\\/\\\/iraurgiberritzen.eus\\\/es\\\/#\\\/schema\\\/person\\\/5ab41aaf388a9097177601ebf45738d2\"},\"headline\":\"Resumen de actividad del \u00e1rea de Empleo y Formaci\u00f3n en el primer semestre de 2023\",\"datePublished\":\"2023-07-21T09:52:53+00:00\",\"mainEntityOfPage\":{\"@id\":\"https:\\\/\\\/iraurgiberritzen.eus\\\/es\\\/resumen-de-actividad-del-area-de-empleo-y-formacion-en-el-primer-semestre-de-2023\\\/\"},\"wordCount\":259,\"publisher\":{\"@id\":\"https:\\\/\\\/iraurgiberritzen.eus\\\/es\\\/#organization\"},\"image\":{\"@id\":\"https:\\\/\\\/iraurgiberritzen.eus\\\/es\\\/resumen-de-actividad-del-area-de-empleo-y-formacion-en-el-primer-semestre-de-2023\\\/#primaryimage\"},\"thumbnailUrl\":\"https:\\\/\\\/iraurgiberritzen.eus\\\/wp-content\\\/uploads\\\/2023\\\/09\\\/49365831e31f4f44649c206ca9ead85d.jpg\",\"articleSection\":[\"Noticias\"],\"inLanguage\":\"es\"},{\"@type\":\"WebPage\",\"@id\":\"https:\\\/\\\/iraurgiberritzen.eus\\\/es\\\/resumen-de-actividad-del-area-de-empleo-y-formacion-en-el-primer-semestre-de-2023\\\/\",\"url\":\"https:\\\/\\\/iraurgiberritzen.eus\\\/es\\\/resumen-de-actividad-del-area-de-empleo-y-formacion-en-el-primer-semestre-de-2023\\\/\",\"name\":\"Resumen de actividad del \u00e1rea de Empleo y Formaci\u00f3n en el primer semestre de 2023 - Iraurgi Berritzen\",\"isPartOf\":{\"@id\":\"https:\\\/\\\/iraurgiberritzen.eus\\\/es\\\/#website\"},\"primaryImageOfPage\":{\"@id\":\"https:\\\/\\\/iraurgiberritzen.eus\\\/es\\\/resumen-de-actividad-del-area-de-empleo-y-formacion-en-el-primer-semestre-de-2023\\\/#primaryimage\"},\"image\":{\"@id\":\"https:\\\/\\\/iraurgiberritzen.eus\\\/es\\\/resumen-de-actividad-del-area-de-empleo-y-formacion-en-el-primer-semestre-de-2023\\\/#primaryimage\"},\"thumbnailUrl\":\"https:\\\/\\\/iraurgiberritzen.eus\\\/wp-content\\\/uploads\\\/2023\\\/09\\\/49365831e31f4f44649c206ca9ead85d.jpg\",\"datePublished\":\"2023-07-21T09:52:53+00:00\",\"breadcrumb\":{\"@id\":\"https:\\\/\\\/iraurgiberritzen.eus\\\/es\\\/resumen-de-actividad-del-area-de-empleo-y-formacion-en-el-primer-semestre-de-2023\\\/#breadcrumb\"},\"inLanguage\":\"es\",\"potentialAction\":[{\"@type\":\"ReadAction\",\"target\":[\"https:\\\/\\\/iraurgiberritzen.eus\\\/es\\\/resumen-de-actividad-del-area-de-empleo-y-formacion-en-el-primer-semestre-de-2023\\\/\"]}]},{\"@type\":\"ImageObject\",\"inLanguage\":\"es\",\"@id\":\"https:\\\/\\\/iraurgiberritzen.eus\\\/es\\\/resumen-de-actividad-del-area-de-empleo-y-formacion-en-el-primer-semestre-de-2023\\\/#primaryimage\",\"url\":\"https:\\\/\\\/iraurgiberritzen.eus\\\/wp-content\\\/uploads\\\/2023\\\/09\\\/49365831e31f4f44649c206ca9ead85d.jpg\",\"contentUrl\":\"https:\\\/\\\/iraurgiberritzen.eus\\\/wp-content\\\/uploads\\\/2023\\\/09\\\/49365831e31f4f44649c206ca9ead85d.jpg\",\"width\":400,\"height\":257},{\"@type\":\"BreadcrumbList\",\"@id\":\"https:\\\/\\\/iraurgiberritzen.eus\\\/es\\\/resumen-de-actividad-del-area-de-empleo-y-formacion-en-el-primer-semestre-de-2023\\\/#breadcrumb\",\"itemListElement\":[{\"@type\":\"ListItem\",\"position\":1,\"name\":\"Home\",\"item\":\"https:\\\/\\\/iraurgiberritzen.eus\\\/es\\\/\"},{\"@type\":\"ListItem\",\"position\":2,\"name\":\"Resumen de actividad del \u00e1rea de Empleo y Formaci\u00f3n en el primer semestre de 2023\"}]},{\"@type\":\"WebSite\",\"@id\":\"https:\\\/\\\/iraurgiberritzen.eus\\\/es\\\/#website\",\"url\":\"https:\\\/\\\/iraurgiberritzen.eus\\\/es\\\/\",\"name\":\"Iraurgi Berritzen\",\"description\":\"Urola Erdiko Garapen Agentzia\",\"publisher\":{\"@id\":\"https:\\\/\\\/iraurgiberritzen.eus\\\/es\\\/#organization\"},\"potentialAction\":[{\"@type\":\"SearchAction\",\"target\":{\"@type\":\"EntryPoint\",\"urlTemplate\":\"https:\\\/\\\/iraurgiberritzen.eus\\\/es\\\/?s={search_term_string}\"},\"query-input\":{\"@type\":\"PropertyValueSpecification\",\"valueRequired\":true,\"valueName\":\"search_term_string\"}}],\"inLanguage\":\"es\"},{\"@type\":\"Organization\",\"@id\":\"https:\\\/\\\/iraurgiberritzen.eus\\\/es\\\/#organization\",\"name\":\"Iraurgi Berritzen\",\"url\":\"https:\\\/\\\/iraurgiberritzen.eus\\\/es\\\/\",\"logo\":{\"@type\":\"ImageObject\",\"inLanguage\":\"es\",\"@id\":\"https:\\\/\\\/iraurgiberritzen.eus\\\/es\\\/#\\\/schema\\\/logo\\\/image\\\/\",\"url\":\"https:\\\/\\\/iraurgiberritzen.eus\\\/wp-content\\\/uploads\\\/2024\\\/02\\\/IRAURGI-BERRITZEN-logotipoa_2.png\",\"contentUrl\":\"https:\\\/\\\/iraurgiberritzen.eus\\\/wp-content\\\/uploads\\\/2024\\\/02\\\/IRAURGI-BERRITZEN-logotipoa_2.png\",\"width\":496,\"height\":190,\"caption\":\"Iraurgi Berritzen\"},\"image\":{\"@id\":\"https:\\\/\\\/iraurgiberritzen.eus\\\/es\\\/#\\\/schema\\\/logo\\\/image\\\/\"}},{\"@type\":\"Person\",\"@id\":\"https:\\\/\\\/iraurgiberritzen.eus\\\/es\\\/#\\\/schema\\\/person\\\/5ab41aaf388a9097177601ebf45738d2\",\"name\":\"kudeatzailea\",\"sameAs\":[\"https:\\\/\\\/iraurgiberritzen.eus\"]}]}<\/script>\n<!-- \/ Yoast SEO plugin. -->","yoast_head_json":{"title":"Resumen de actividad del \u00e1rea de Empleo y Formaci\u00f3n en el primer semestre de 2023 - Iraurgi Berritzen","robots":{"index":"index","follow":"follow","max-snippet":"max-snippet:-1","max-image-preview":"max-image-preview:large","max-video-preview":"max-video-preview:-1"},"canonical":"https:\/\/iraurgiberritzen.eus\/es\/resumen-de-actividad-del-area-de-empleo-y-formacion-en-el-primer-semestre-de-2023\/","og_locale":"es_ES","og_type":"article","og_title":"Resumen de actividad del \u00e1rea de Empleo y Formaci\u00f3n en el primer semestre de 2023 - Iraurgi Berritzen","og_description":"A continuaci\u00f3n, un resumen de los resultados obtenidos a trav\u00e9s de los diferentes proyectos desarrollados desde el \u00e1rea de empleo en el primer semestre de 2023: Enplegu Gunea: Gune de agentes de empleo-formaci\u00f3n: 1 encuentro. Centro de Empleo: 1.988 perfiles activos (1.110 personas desempleadas). 243 n\u00ba Acciones atenci\u00f3n presencial. 1.322 n\u00ba Acciones de atenci\u00f3n en [&hellip;]","og_url":"https:\/\/iraurgiberritzen.eus\/es\/resumen-de-actividad-del-area-de-empleo-y-formacion-en-el-primer-semestre-de-2023\/","og_site_name":"Iraurgi Berritzen","article_published_time":"2023-07-21T09:52:53+00:00","author":"kudeatzailea","twitter_card":"summary_large_image","twitter_misc":{"Escrito por":"kudeatzailea","Tiempo de lectura":"1 minuto"},"schema":{"@context":"https:\/\/schema.org","@graph":[{"@type":"Article","@id":"https:\/\/iraurgiberritzen.eus\/es\/resumen-de-actividad-del-area-de-empleo-y-formacion-en-el-primer-semestre-de-2023\/#article","isPartOf":{"@id":"https:\/\/iraurgiberritzen.eus\/es\/resumen-de-actividad-del-area-de-empleo-y-formacion-en-el-primer-semestre-de-2023\/"},"author":{"name":"kudeatzailea","@id":"https:\/\/iraurgiberritzen.eus\/es\/#\/schema\/person\/5ab41aaf388a9097177601ebf45738d2"},"headline":"Resumen de actividad del \u00e1rea de Empleo y Formaci\u00f3n en el primer semestre de 2023","datePublished":"2023-07-21T09:52:53+00:00","mainEntityOfPage":{"@id":"https:\/\/iraurgiberritzen.eus\/es\/resumen-de-actividad-del-area-de-empleo-y-formacion-en-el-primer-semestre-de-2023\/"},"wordCount":259,"publisher":{"@id":"https:\/\/iraurgiberritzen.eus\/es\/#organization"},"image":{"@id":"https:\/\/iraurgiberritzen.eus\/es\/resumen-de-actividad-del-area-de-empleo-y-formacion-en-el-primer-semestre-de-2023\/#primaryimage"},"thumbnailUrl":"https:\/\/iraurgiberritzen.eus\/wp-content\/uploads\/2023\/09\/49365831e31f4f44649c206ca9ead85d.jpg","articleSection":["Noticias"],"inLanguage":"es"},{"@type":"WebPage","@id":"https:\/\/iraurgiberritzen.eus\/es\/resumen-de-actividad-del-area-de-empleo-y-formacion-en-el-primer-semestre-de-2023\/","url":"https:\/\/iraurgiberritzen.eus\/es\/resumen-de-actividad-del-area-de-empleo-y-formacion-en-el-primer-semestre-de-2023\/","name":"Resumen de actividad del \u00e1rea de Empleo y Formaci\u00f3n en el primer semestre de 2023 - Iraurgi Berritzen","isPartOf":{"@id":"https:\/\/iraurgiberritzen.eus\/es\/#website"},"primaryImageOfPage":{"@id":"https:\/\/iraurgiberritzen.eus\/es\/resumen-de-actividad-del-area-de-empleo-y-formacion-en-el-primer-semestre-de-2023\/#primaryimage"},"image":{"@id":"https:\/\/iraurgiberritzen.eus\/es\/resumen-de-actividad-del-area-de-empleo-y-formacion-en-el-primer-semestre-de-2023\/#primaryimage"},"thumbnailUrl":"https:\/\/iraurgiberritzen.eus\/wp-content\/uploads\/2023\/09\/49365831e31f4f44649c206ca9ead85d.jpg","datePublished":"2023-07-21T09:52:53+00:00","breadcrumb":{"@id":"https:\/\/iraurgiberritzen.eus\/es\/resumen-de-actividad-del-area-de-empleo-y-formacion-en-el-primer-semestre-de-2023\/#breadcrumb"},"inLanguage":"es","potentialAction":[{"@type":"ReadAction","target":["https:\/\/iraurgiberritzen.eus\/es\/resumen-de-actividad-del-area-de-empleo-y-formacion-en-el-primer-semestre-de-2023\/"]}]},{"@type":"ImageObject","inLanguage":"es","@id":"https:\/\/iraurgiberritzen.eus\/es\/resumen-de-actividad-del-area-de-empleo-y-formacion-en-el-primer-semestre-de-2023\/#primaryimage","url":"https:\/\/iraurgiberritzen.eus\/wp-content\/uploads\/2023\/09\/49365831e31f4f44649c206ca9ead85d.jpg","contentUrl":"https:\/\/iraurgiberritzen.eus\/wp-content\/uploads\/2023\/09\/49365831e31f4f44649c206ca9ead85d.jpg","width":400,"height":257},{"@type":"BreadcrumbList","@id":"https:\/\/iraurgiberritzen.eus\/es\/resumen-de-actividad-del-area-de-empleo-y-formacion-en-el-primer-semestre-de-2023\/#breadcrumb","itemListElement":[{"@type":"ListItem","position":1,"name":"Home","item":"https:\/\/iraurgiberritzen.eus\/es\/"},{"@type":"ListItem","position":2,"name":"Resumen de actividad del \u00e1rea de Empleo y Formaci\u00f3n en el primer semestre de 2023"}]},{"@type":"WebSite","@id":"https:\/\/iraurgiberritzen.eus\/es\/#website","url":"https:\/\/iraurgiberritzen.eus\/es\/","name":"Iraurgi Berritzen","description":"Urola Erdiko Garapen Agentzia","publisher":{"@id":"https:\/\/iraurgiberritzen.eus\/es\/#organization"},"potentialAction":[{"@type":"SearchAction","target":{"@type":"EntryPoint","urlTemplate":"https:\/\/iraurgiberritzen.eus\/es\/?s={search_term_string}"},"query-input":{"@type":"PropertyValueSpecification","valueRequired":true,"valueName":"search_term_string"}}],"inLanguage":"es"},{"@type":"Organization","@id":"https:\/\/iraurgiberritzen.eus\/es\/#organization","name":"Iraurgi Berritzen","url":"https:\/\/iraurgiberritzen.eus\/es\/","logo":{"@type":"ImageObject","inLanguage":"es","@id":"https:\/\/iraurgiberritzen.eus\/es\/#\/schema\/logo\/image\/","url":"https:\/\/iraurgiberritzen.eus\/wp-content\/uploads\/2024\/02\/IRAURGI-BERRITZEN-logotipoa_2.png","contentUrl":"https:\/\/iraurgiberritzen.eus\/wp-content\/uploads\/2024\/02\/IRAURGI-BERRITZEN-logotipoa_2.png","width":496,"height":190,"caption":"Iraurgi Berritzen"},"image":{"@id":"https:\/\/iraurgiberritzen.eus\/es\/#\/schema\/logo\/image\/"}},{"@type":"Person","@id":"https:\/\/iraurgiberritzen.eus\/es\/#\/schema\/person\/5ab41aaf388a9097177601ebf45738d2","name":"kudeatzailea","sameAs":["https:\/\/iraurgiberritzen.eus"]}]}},"_links":{"self":[{"href":"https:\/\/iraurgiberritzen.eus\/es\/wp-json\/wp\/v2\/posts\/14575","targetHints":{"allow":["GET"]}}],"collection":[{"href":"https:\/\/iraurgiberritzen.eus\/es\/wp-json\/wp\/v2\/posts"}],"about":[{"href":"https:\/\/iraurgiberritzen.eus\/es\/wp-json\/wp\/v2\/types\/post"}],"author":[{"embeddable":true,"href":"https:\/\/iraurgiberritzen.eus\/es\/wp-json\/wp\/v2\/users\/1"}],"replies":[{"embeddable":true,"href":"https:\/\/iraurgiberritzen.eus\/es\/wp-json\/wp\/v2\/comments?post=14575"}],"version-history":[{"count":0,"href":"https:\/\/iraurgiberritzen.eus\/es\/wp-json\/wp\/v2\/posts\/14575\/revisions"}],"wp:featuredmedia":[{"embeddable":true,"href":"https:\/\/iraurgiberritzen.eus\/es\/wp-json\/wp\/v2\/media\/17191"}],"wp:attachment":[{"href":"https:\/\/iraurgiberritzen.eus\/es\/wp-json\/wp\/v2\/media?parent=14575"}],"wp:term":[{"taxonomy":"category","embeddable":true,"href":"https:\/\/iraurgiberritzen.eus\/es\/wp-json\/wp\/v2\/categories?post=14575"},{"taxonomy":"post_tag","embeddable":true,"href":"https:\/\/iraurgiberritzen.eus\/es\/wp-json\/wp\/v2\/tags?post=14575"}],"curies":[{"name":"wp","href":"https:\/\/api.w.org\/{rel}","templated":true}]}}