{"id":17016,"date":"2023-09-13T12:56:23","date_gmt":"2023-09-13T10:56:23","guid":{"rendered":"https:\/\/iraurgiberritzen.eus\/como-utilizar-la-digitalizacion-para-agilizar-nuestro-dia-a-dia-oferta-formativa-dirigida-a-empresas-de-la-construccion-pequenas-empresas-personas-emprendedoras-y-comerciantes\/"},"modified":"2023-09-13T12:56:23","modified_gmt":"2023-09-13T10:56:23","slug":"como-utilizar-la-digitalizacion-para-agilizar-nuestro-dia-a-dia-oferta-formativa-dirigida-a-empresas-de-la-construccion-pequenas-empresas-personas-emprendedoras-y-comerciantes","status":"publish","type":"post","link":"https:\/\/iraurgiberritzen.eus\/es\/como-utilizar-la-digitalizacion-para-agilizar-nuestro-dia-a-dia-oferta-formativa-dirigida-a-empresas-de-la-construccion-pequenas-empresas-personas-emprendedoras-y-comerciantes\/","title":{"rendered":"\u201cC\u00f3mo utilizar la digitalizaci\u00f3n para agilizar nuestro d\u00eda a d\u00eda\u201d. Oferta formativa dirigida a empresas de la construcci\u00f3n, personas emprendedoras y comerciantes"},"content":{"rendered":"<p style=\"text-align: justify\">La Agencia de Desarrollo e Innovaci\u00f3n de Urola Erdia, Iraurgi Berritzen quiere informar sobre la oferta formativa dirigida a empresas de la construcci\u00f3n, personas emprendedoras y comerciantes de la comarca.<\/p>\n<p style=\"text-align: justify\">En el 2\u00ba semestre de 2023, el eje ser\u00e1 la digitalizaci\u00f3n y especialmente la agilizaci\u00f3n de las tareas que realizan en el d\u00eda a d\u00eda y las distintas herramientas disponibles para ello.<\/p>\n<p style=\"text-align: justify\">Las 3 primeras sesiones, las ofrecer\u00e1 Mondragon Unibertsitatea y se centraran en como agilizar las tareas de oficina. En noviembre hablar\u00e1n sobre Instagram, y las posibilidades que da para visibilizar nuestros negocios, y en diciembre, se ver\u00e1n las posibilidades que ofrece el m\u00f3vil para poder trabajar desde fuera de la oficina.<\/p>\n<p style=\"text-align: justify\">Esta oferta formativa se enmarca en los programas KLINK Bide y ERAIKILAN. El objetivo de KLINK Bide es acompa\u00f1ar a las personas emprendedoras de la comarca en su recorrido emprendedor, ofreciendo los recursos necesarios. A su vez, el programa ERAIKILAN pretende fomentar la competitividad de los gremios de construcci\u00f3n de la comarca, y llevar a cabo acciones que permitan los procesos de traspaso.<\/p>\n<p style=\"text-align: justify\">En funci\u00f3n del contenido, las formaciones, tendr\u00e1n horarios y ubicaciones diferentes y siempre ser\u00e1 necesario inscribirse. Para ello, contacta con el \u00c1rea de Emprendimiento de Iraurgi Berritzen en los siguientes tel\u00e9fonos: Alazne Larra\u00f1aga 688 71 87 77, Ione Eizagirre 688 60 12 99.<\/p>\n<p style=\"text-align: justify\">Para m\u00e1s informaci\u00f3n:&nbsp;<a href=\"https:\/\/klinkekintzailetasuna.wordpress.com\/sarrera-2\/formakuntzak\/\">https:\/\/klinkekintzailetasuna.wordpress.com\/sarrera-2\/formakuntzak\/<\/a><\/p>\n<p>&nbsp;<\/p>\n","protected":false},"excerpt":{"rendered":"<p>La Agencia de Desarrollo e Innovaci\u00f3n de Urola Erdia, Iraurgi Berritzen quiere informar sobre la oferta formativa dirigida a empresas de la construcci\u00f3n, personas emprendedoras y comerciantes de la comarca. En el 2\u00ba semestre de 2023, el eje ser\u00e1 la digitalizaci\u00f3n y especialmente la agilizaci\u00f3n de las tareas que realizan en el d\u00eda a d\u00eda [&hellip;]<\/p>\n","protected":false},"author":0,"featured_media":17015,"comment_status":"","ping_status":"closed","sticky":false,"template":"","format":"standard","meta":{"_acf_changed":false,"footnotes":""},"categories":[4],"tags":[],"class_list":["post-17016","post","type-post","status-publish","format-standard","has-post-thumbnail","hentry","category-noticias"],"acf":[],"yoast_head":"<!-- This site is optimized with the Yoast SEO plugin v27.4 - https:\/\/yoast.com\/product\/yoast-seo-wordpress\/ -->\n<title>\u201cC\u00f3mo utilizar la digitalizaci\u00f3n para agilizar nuestro d\u00eda a d\u00eda\u201d. Oferta formativa dirigida a empresas de la construcci\u00f3n, personas emprendedoras y comerciantes - Iraurgi Berritzen<\/title>\n<meta name=\"robots\" content=\"index, follow, max-snippet:-1, max-image-preview:large, max-video-preview:-1\" \/>\n<link rel=\"canonical\" href=\"https:\/\/iraurgiberritzen.eus\/es\/como-utilizar-la-digitalizacion-para-agilizar-nuestro-dia-a-dia-oferta-formativa-dirigida-a-empresas-de-la-construccion-pequenas-empresas-personas-emprendedoras-y-comerciantes\/\" \/>\n<meta property=\"og:locale\" content=\"es_ES\" \/>\n<meta property=\"og:type\" content=\"article\" \/>\n<meta property=\"og:title\" content=\"\u201cC\u00f3mo utilizar la digitalizaci\u00f3n para agilizar nuestro d\u00eda a d\u00eda\u201d. Oferta formativa dirigida a empresas de la construcci\u00f3n, personas emprendedoras y comerciantes - Iraurgi Berritzen\" \/>\n<meta property=\"og:description\" content=\"La Agencia de Desarrollo e Innovaci\u00f3n de Urola Erdia, Iraurgi Berritzen quiere informar sobre la oferta formativa dirigida a empresas de la construcci\u00f3n, personas emprendedoras y comerciantes de la comarca. En el 2\u00ba semestre de 2023, el eje ser\u00e1 la digitalizaci\u00f3n y especialmente la agilizaci\u00f3n de las tareas que realizan en el d\u00eda a d\u00eda [&hellip;]\" \/>\n<meta property=\"og:url\" content=\"https:\/\/iraurgiberritzen.eus\/es\/como-utilizar-la-digitalizacion-para-agilizar-nuestro-dia-a-dia-oferta-formativa-dirigida-a-empresas-de-la-construccion-pequenas-empresas-personas-emprendedoras-y-comerciantes\/\" \/>\n<meta property=\"og:site_name\" content=\"Iraurgi Berritzen\" \/>\n<meta property=\"article:published_time\" content=\"2023-09-13T10:56:23+00:00\" \/>\n<meta name=\"twitter:card\" content=\"summary_large_image\" \/>\n<meta name=\"twitter:label1\" content=\"Tiempo de lectura\" \/>\n\t<meta name=\"twitter:data1\" content=\"1 minuto\" \/>\n<script type=\"application\/ld+json\" class=\"yoast-schema-graph\">{\"@context\":\"https:\\\/\\\/schema.org\",\"@graph\":[{\"@type\":\"Article\",\"@id\":\"https:\\\/\\\/iraurgiberritzen.eus\\\/es\\\/como-utilizar-la-digitalizacion-para-agilizar-nuestro-dia-a-dia-oferta-formativa-dirigida-a-empresas-de-la-construccion-pequenas-empresas-personas-emprendedoras-y-comerciantes\\\/#article\",\"isPartOf\":{\"@id\":\"https:\\\/\\\/iraurgiberritzen.eus\\\/es\\\/como-utilizar-la-digitalizacion-para-agilizar-nuestro-dia-a-dia-oferta-formativa-dirigida-a-empresas-de-la-construccion-pequenas-empresas-personas-emprendedoras-y-comerciantes\\\/\"},\"author\":{\"name\":\"\",\"@id\":\"\"},\"headline\":\"\u201cC\u00f3mo utilizar la digitalizaci\u00f3n para agilizar nuestro d\u00eda a d\u00eda\u201d. Oferta formativa dirigida a empresas de la construcci\u00f3n, personas emprendedoras y comerciantes\",\"datePublished\":\"2023-09-13T10:56:23+00:00\",\"mainEntityOfPage\":{\"@id\":\"https:\\\/\\\/iraurgiberritzen.eus\\\/es\\\/como-utilizar-la-digitalizacion-para-agilizar-nuestro-dia-a-dia-oferta-formativa-dirigida-a-empresas-de-la-construccion-pequenas-empresas-personas-emprendedoras-y-comerciantes\\\/\"},\"wordCount\":263,\"publisher\":{\"@id\":\"https:\\\/\\\/iraurgiberritzen.eus\\\/es\\\/#organization\"},\"image\":{\"@id\":\"https:\\\/\\\/iraurgiberritzen.eus\\\/es\\\/como-utilizar-la-digitalizacion-para-agilizar-nuestro-dia-a-dia-oferta-formativa-dirigida-a-empresas-de-la-construccion-pequenas-empresas-personas-emprendedoras-y-comerciantes\\\/#primaryimage\"},\"thumbnailUrl\":\"https:\\\/\\\/iraurgiberritzen.eus\\\/wp-content\\\/uploads\\\/2024\\\/01\\\/31ab9add10fbfc0fcd2ca409a4405b92.jpg\",\"articleSection\":[\"Noticias\"],\"inLanguage\":\"es\"},{\"@type\":\"WebPage\",\"@id\":\"https:\\\/\\\/iraurgiberritzen.eus\\\/es\\\/como-utilizar-la-digitalizacion-para-agilizar-nuestro-dia-a-dia-oferta-formativa-dirigida-a-empresas-de-la-construccion-pequenas-empresas-personas-emprendedoras-y-comerciantes\\\/\",\"url\":\"https:\\\/\\\/iraurgiberritzen.eus\\\/es\\\/como-utilizar-la-digitalizacion-para-agilizar-nuestro-dia-a-dia-oferta-formativa-dirigida-a-empresas-de-la-construccion-pequenas-empresas-personas-emprendedoras-y-comerciantes\\\/\",\"name\":\"\u201cC\u00f3mo utilizar la digitalizaci\u00f3n para agilizar nuestro d\u00eda a d\u00eda\u201d. Oferta formativa dirigida a empresas de la construcci\u00f3n, personas emprendedoras y comerciantes - Iraurgi Berritzen\",\"isPartOf\":{\"@id\":\"https:\\\/\\\/iraurgiberritzen.eus\\\/es\\\/#website\"},\"primaryImageOfPage\":{\"@id\":\"https:\\\/\\\/iraurgiberritzen.eus\\\/es\\\/como-utilizar-la-digitalizacion-para-agilizar-nuestro-dia-a-dia-oferta-formativa-dirigida-a-empresas-de-la-construccion-pequenas-empresas-personas-emprendedoras-y-comerciantes\\\/#primaryimage\"},\"image\":{\"@id\":\"https:\\\/\\\/iraurgiberritzen.eus\\\/es\\\/como-utilizar-la-digitalizacion-para-agilizar-nuestro-dia-a-dia-oferta-formativa-dirigida-a-empresas-de-la-construccion-pequenas-empresas-personas-emprendedoras-y-comerciantes\\\/#primaryimage\"},\"thumbnailUrl\":\"https:\\\/\\\/iraurgiberritzen.eus\\\/wp-content\\\/uploads\\\/2024\\\/01\\\/31ab9add10fbfc0fcd2ca409a4405b92.jpg\",\"datePublished\":\"2023-09-13T10:56:23+00:00\",\"breadcrumb\":{\"@id\":\"https:\\\/\\\/iraurgiberritzen.eus\\\/es\\\/como-utilizar-la-digitalizacion-para-agilizar-nuestro-dia-a-dia-oferta-formativa-dirigida-a-empresas-de-la-construccion-pequenas-empresas-personas-emprendedoras-y-comerciantes\\\/#breadcrumb\"},\"inLanguage\":\"es\",\"potentialAction\":[{\"@type\":\"ReadAction\",\"target\":[\"https:\\\/\\\/iraurgiberritzen.eus\\\/es\\\/como-utilizar-la-digitalizacion-para-agilizar-nuestro-dia-a-dia-oferta-formativa-dirigida-a-empresas-de-la-construccion-pequenas-empresas-personas-emprendedoras-y-comerciantes\\\/\"]}]},{\"@type\":\"ImageObject\",\"inLanguage\":\"es\",\"@id\":\"https:\\\/\\\/iraurgiberritzen.eus\\\/es\\\/como-utilizar-la-digitalizacion-para-agilizar-nuestro-dia-a-dia-oferta-formativa-dirigida-a-empresas-de-la-construccion-pequenas-empresas-personas-emprendedoras-y-comerciantes\\\/#primaryimage\",\"url\":\"https:\\\/\\\/iraurgiberritzen.eus\\\/wp-content\\\/uploads\\\/2024\\\/01\\\/31ab9add10fbfc0fcd2ca409a4405b92.jpg\",\"contentUrl\":\"https:\\\/\\\/iraurgiberritzen.eus\\\/wp-content\\\/uploads\\\/2024\\\/01\\\/31ab9add10fbfc0fcd2ca409a4405b92.jpg\",\"width\":400,\"height\":257},{\"@type\":\"BreadcrumbList\",\"@id\":\"https:\\\/\\\/iraurgiberritzen.eus\\\/es\\\/como-utilizar-la-digitalizacion-para-agilizar-nuestro-dia-a-dia-oferta-formativa-dirigida-a-empresas-de-la-construccion-pequenas-empresas-personas-emprendedoras-y-comerciantes\\\/#breadcrumb\",\"itemListElement\":[{\"@type\":\"ListItem\",\"position\":1,\"name\":\"Home\",\"item\":\"https:\\\/\\\/iraurgiberritzen.eus\\\/es\\\/\"},{\"@type\":\"ListItem\",\"position\":2,\"name\":\"\u201cC\u00f3mo utilizar la digitalizaci\u00f3n para agilizar nuestro d\u00eda a d\u00eda\u201d. Oferta formativa dirigida a empresas de la construcci\u00f3n, personas emprendedoras y comerciantes\"}]},{\"@type\":\"WebSite\",\"@id\":\"https:\\\/\\\/iraurgiberritzen.eus\\\/es\\\/#website\",\"url\":\"https:\\\/\\\/iraurgiberritzen.eus\\\/es\\\/\",\"name\":\"Iraurgi Berritzen\",\"description\":\"Urola Erdiko Garapen Agentzia\",\"publisher\":{\"@id\":\"https:\\\/\\\/iraurgiberritzen.eus\\\/es\\\/#organization\"},\"potentialAction\":[{\"@type\":\"SearchAction\",\"target\":{\"@type\":\"EntryPoint\",\"urlTemplate\":\"https:\\\/\\\/iraurgiberritzen.eus\\\/es\\\/?s={search_term_string}\"},\"query-input\":{\"@type\":\"PropertyValueSpecification\",\"valueRequired\":true,\"valueName\":\"search_term_string\"}}],\"inLanguage\":\"es\"},{\"@type\":\"Organization\",\"@id\":\"https:\\\/\\\/iraurgiberritzen.eus\\\/es\\\/#organization\",\"name\":\"Iraurgi Berritzen\",\"url\":\"https:\\\/\\\/iraurgiberritzen.eus\\\/es\\\/\",\"logo\":{\"@type\":\"ImageObject\",\"inLanguage\":\"es\",\"@id\":\"https:\\\/\\\/iraurgiberritzen.eus\\\/es\\\/#\\\/schema\\\/logo\\\/image\\\/\",\"url\":\"https:\\\/\\\/iraurgiberritzen.eus\\\/wp-content\\\/uploads\\\/2024\\\/02\\\/IRAURGI-BERRITZEN-logotipoa_2.png\",\"contentUrl\":\"https:\\\/\\\/iraurgiberritzen.eus\\\/wp-content\\\/uploads\\\/2024\\\/02\\\/IRAURGI-BERRITZEN-logotipoa_2.png\",\"width\":496,\"height\":190,\"caption\":\"Iraurgi Berritzen\"},\"image\":{\"@id\":\"https:\\\/\\\/iraurgiberritzen.eus\\\/es\\\/#\\\/schema\\\/logo\\\/image\\\/\"}}]}<\/script>\n<!-- \/ Yoast SEO plugin. -->","yoast_head_json":{"title":"\u201cC\u00f3mo utilizar la digitalizaci\u00f3n para agilizar nuestro d\u00eda a d\u00eda\u201d. Oferta formativa dirigida a empresas de la construcci\u00f3n, personas emprendedoras y comerciantes - Iraurgi Berritzen","robots":{"index":"index","follow":"follow","max-snippet":"max-snippet:-1","max-image-preview":"max-image-preview:large","max-video-preview":"max-video-preview:-1"},"canonical":"https:\/\/iraurgiberritzen.eus\/es\/como-utilizar-la-digitalizacion-para-agilizar-nuestro-dia-a-dia-oferta-formativa-dirigida-a-empresas-de-la-construccion-pequenas-empresas-personas-emprendedoras-y-comerciantes\/","og_locale":"es_ES","og_type":"article","og_title":"\u201cC\u00f3mo utilizar la digitalizaci\u00f3n para agilizar nuestro d\u00eda a d\u00eda\u201d. Oferta formativa dirigida a empresas de la construcci\u00f3n, personas emprendedoras y comerciantes - Iraurgi Berritzen","og_description":"La Agencia de Desarrollo e Innovaci\u00f3n de Urola Erdia, Iraurgi Berritzen quiere informar sobre la oferta formativa dirigida a empresas de la construcci\u00f3n, personas emprendedoras y comerciantes de la comarca. En el 2\u00ba semestre de 2023, el eje ser\u00e1 la digitalizaci\u00f3n y especialmente la agilizaci\u00f3n de las tareas que realizan en el d\u00eda a d\u00eda [&hellip;]","og_url":"https:\/\/iraurgiberritzen.eus\/es\/como-utilizar-la-digitalizacion-para-agilizar-nuestro-dia-a-dia-oferta-formativa-dirigida-a-empresas-de-la-construccion-pequenas-empresas-personas-emprendedoras-y-comerciantes\/","og_site_name":"Iraurgi Berritzen","article_published_time":"2023-09-13T10:56:23+00:00","twitter_card":"summary_large_image","twitter_misc":{"Tiempo de lectura":"1 minuto"},"schema":{"@context":"https:\/\/schema.org","@graph":[{"@type":"Article","@id":"https:\/\/iraurgiberritzen.eus\/es\/como-utilizar-la-digitalizacion-para-agilizar-nuestro-dia-a-dia-oferta-formativa-dirigida-a-empresas-de-la-construccion-pequenas-empresas-personas-emprendedoras-y-comerciantes\/#article","isPartOf":{"@id":"https:\/\/iraurgiberritzen.eus\/es\/como-utilizar-la-digitalizacion-para-agilizar-nuestro-dia-a-dia-oferta-formativa-dirigida-a-empresas-de-la-construccion-pequenas-empresas-personas-emprendedoras-y-comerciantes\/"},"author":{"name":"","@id":""},"headline":"\u201cC\u00f3mo utilizar la digitalizaci\u00f3n para agilizar nuestro d\u00eda a d\u00eda\u201d. Oferta formativa dirigida a empresas de la construcci\u00f3n, personas emprendedoras y comerciantes","datePublished":"2023-09-13T10:56:23+00:00","mainEntityOfPage":{"@id":"https:\/\/iraurgiberritzen.eus\/es\/como-utilizar-la-digitalizacion-para-agilizar-nuestro-dia-a-dia-oferta-formativa-dirigida-a-empresas-de-la-construccion-pequenas-empresas-personas-emprendedoras-y-comerciantes\/"},"wordCount":263,"publisher":{"@id":"https:\/\/iraurgiberritzen.eus\/es\/#organization"},"image":{"@id":"https:\/\/iraurgiberritzen.eus\/es\/como-utilizar-la-digitalizacion-para-agilizar-nuestro-dia-a-dia-oferta-formativa-dirigida-a-empresas-de-la-construccion-pequenas-empresas-personas-emprendedoras-y-comerciantes\/#primaryimage"},"thumbnailUrl":"https:\/\/iraurgiberritzen.eus\/wp-content\/uploads\/2024\/01\/31ab9add10fbfc0fcd2ca409a4405b92.jpg","articleSection":["Noticias"],"inLanguage":"es"},{"@type":"WebPage","@id":"https:\/\/iraurgiberritzen.eus\/es\/como-utilizar-la-digitalizacion-para-agilizar-nuestro-dia-a-dia-oferta-formativa-dirigida-a-empresas-de-la-construccion-pequenas-empresas-personas-emprendedoras-y-comerciantes\/","url":"https:\/\/iraurgiberritzen.eus\/es\/como-utilizar-la-digitalizacion-para-agilizar-nuestro-dia-a-dia-oferta-formativa-dirigida-a-empresas-de-la-construccion-pequenas-empresas-personas-emprendedoras-y-comerciantes\/","name":"\u201cC\u00f3mo utilizar la digitalizaci\u00f3n para agilizar nuestro d\u00eda a d\u00eda\u201d. Oferta formativa dirigida a empresas de la construcci\u00f3n, personas emprendedoras y comerciantes - Iraurgi Berritzen","isPartOf":{"@id":"https:\/\/iraurgiberritzen.eus\/es\/#website"},"primaryImageOfPage":{"@id":"https:\/\/iraurgiberritzen.eus\/es\/como-utilizar-la-digitalizacion-para-agilizar-nuestro-dia-a-dia-oferta-formativa-dirigida-a-empresas-de-la-construccion-pequenas-empresas-personas-emprendedoras-y-comerciantes\/#primaryimage"},"image":{"@id":"https:\/\/iraurgiberritzen.eus\/es\/como-utilizar-la-digitalizacion-para-agilizar-nuestro-dia-a-dia-oferta-formativa-dirigida-a-empresas-de-la-construccion-pequenas-empresas-personas-emprendedoras-y-comerciantes\/#primaryimage"},"thumbnailUrl":"https:\/\/iraurgiberritzen.eus\/wp-content\/uploads\/2024\/01\/31ab9add10fbfc0fcd2ca409a4405b92.jpg","datePublished":"2023-09-13T10:56:23+00:00","breadcrumb":{"@id":"https:\/\/iraurgiberritzen.eus\/es\/como-utilizar-la-digitalizacion-para-agilizar-nuestro-dia-a-dia-oferta-formativa-dirigida-a-empresas-de-la-construccion-pequenas-empresas-personas-emprendedoras-y-comerciantes\/#breadcrumb"},"inLanguage":"es","potentialAction":[{"@type":"ReadAction","target":["https:\/\/iraurgiberritzen.eus\/es\/como-utilizar-la-digitalizacion-para-agilizar-nuestro-dia-a-dia-oferta-formativa-dirigida-a-empresas-de-la-construccion-pequenas-empresas-personas-emprendedoras-y-comerciantes\/"]}]},{"@type":"ImageObject","inLanguage":"es","@id":"https:\/\/iraurgiberritzen.eus\/es\/como-utilizar-la-digitalizacion-para-agilizar-nuestro-dia-a-dia-oferta-formativa-dirigida-a-empresas-de-la-construccion-pequenas-empresas-personas-emprendedoras-y-comerciantes\/#primaryimage","url":"https:\/\/iraurgiberritzen.eus\/wp-content\/uploads\/2024\/01\/31ab9add10fbfc0fcd2ca409a4405b92.jpg","contentUrl":"https:\/\/iraurgiberritzen.eus\/wp-content\/uploads\/2024\/01\/31ab9add10fbfc0fcd2ca409a4405b92.jpg","width":400,"height":257},{"@type":"BreadcrumbList","@id":"https:\/\/iraurgiberritzen.eus\/es\/como-utilizar-la-digitalizacion-para-agilizar-nuestro-dia-a-dia-oferta-formativa-dirigida-a-empresas-de-la-construccion-pequenas-empresas-personas-emprendedoras-y-comerciantes\/#breadcrumb","itemListElement":[{"@type":"ListItem","position":1,"name":"Home","item":"https:\/\/iraurgiberritzen.eus\/es\/"},{"@type":"ListItem","position":2,"name":"\u201cC\u00f3mo utilizar la digitalizaci\u00f3n para agilizar nuestro d\u00eda a d\u00eda\u201d. Oferta formativa dirigida a empresas de la construcci\u00f3n, personas emprendedoras y comerciantes"}]},{"@type":"WebSite","@id":"https:\/\/iraurgiberritzen.eus\/es\/#website","url":"https:\/\/iraurgiberritzen.eus\/es\/","name":"Iraurgi Berritzen","description":"Urola Erdiko Garapen Agentzia","publisher":{"@id":"https:\/\/iraurgiberritzen.eus\/es\/#organization"},"potentialAction":[{"@type":"SearchAction","target":{"@type":"EntryPoint","urlTemplate":"https:\/\/iraurgiberritzen.eus\/es\/?s={search_term_string}"},"query-input":{"@type":"PropertyValueSpecification","valueRequired":true,"valueName":"search_term_string"}}],"inLanguage":"es"},{"@type":"Organization","@id":"https:\/\/iraurgiberritzen.eus\/es\/#organization","name":"Iraurgi Berritzen","url":"https:\/\/iraurgiberritzen.eus\/es\/","logo":{"@type":"ImageObject","inLanguage":"es","@id":"https:\/\/iraurgiberritzen.eus\/es\/#\/schema\/logo\/image\/","url":"https:\/\/iraurgiberritzen.eus\/wp-content\/uploads\/2024\/02\/IRAURGI-BERRITZEN-logotipoa_2.png","contentUrl":"https:\/\/iraurgiberritzen.eus\/wp-content\/uploads\/2024\/02\/IRAURGI-BERRITZEN-logotipoa_2.png","width":496,"height":190,"caption":"Iraurgi Berritzen"},"image":{"@id":"https:\/\/iraurgiberritzen.eus\/es\/#\/schema\/logo\/image\/"}}]}},"_links":{"self":[{"href":"https:\/\/iraurgiberritzen.eus\/es\/wp-json\/wp\/v2\/posts\/17016","targetHints":{"allow":["GET"]}}],"collection":[{"href":"https:\/\/iraurgiberritzen.eus\/es\/wp-json\/wp\/v2\/posts"}],"about":[{"href":"https:\/\/iraurgiberritzen.eus\/es\/wp-json\/wp\/v2\/types\/post"}],"replies":[{"embeddable":true,"href":"https:\/\/iraurgiberritzen.eus\/es\/wp-json\/wp\/v2\/comments?post=17016"}],"version-history":[{"count":0,"href":"https:\/\/iraurgiberritzen.eus\/es\/wp-json\/wp\/v2\/posts\/17016\/revisions"}],"wp:featuredmedia":[{"embeddable":true,"href":"https:\/\/iraurgiberritzen.eus\/es\/wp-json\/wp\/v2\/media\/17015"}],"wp:attachment":[{"href":"https:\/\/iraurgiberritzen.eus\/es\/wp-json\/wp\/v2\/media?parent=17016"}],"wp:term":[{"taxonomy":"category","embeddable":true,"href":"https:\/\/iraurgiberritzen.eus\/es\/wp-json\/wp\/v2\/categories?post=17016"},{"taxonomy":"post_tag","embeddable":true,"href":"https:\/\/iraurgiberritzen.eus\/es\/wp-json\/wp\/v2\/tags?post=17016"}],"curies":[{"name":"wp","href":"https:\/\/api.w.org\/{rel}","templated":true}]}}