{"id":17020,"date":"2023-09-15T05:20:30","date_gmt":"2023-09-15T03:20:30","guid":{"rendered":"https:\/\/iraurgiberritzen.eus\/a-finales-de-septiembre-finalizaran-los-cursos-de-soldadura-mig-mag-y-atencion-sociosanitaria-a-personas-dependientes-en-instituciones-sociales-organizados-dentro-del-proyecto-elkar-ekin-lanean\/"},"modified":"2023-09-15T05:20:30","modified_gmt":"2023-09-15T03:20:30","slug":"a-finales-de-septiembre-finalizaran-los-cursos-de-soldadura-mig-mag-y-atencion-sociosanitaria-a-personas-dependientes-en-instituciones-sociales-organizados-dentro-del-proyecto-elkar-ekin-lanean","status":"publish","type":"post","link":"https:\/\/iraurgiberritzen.eus\/es\/a-finales-de-septiembre-finalizaran-los-cursos-de-soldadura-mig-mag-y-atencion-sociosanitaria-a-personas-dependientes-en-instituciones-sociales-organizados-dentro-del-proyecto-elkar-ekin-lanean\/","title":{"rendered":"A finales de septiembre finalizar\u00e1n los cursos de Soldadura MIG-MAG y Atenci\u00f3n Sociosanitaria a Personas Dependientes en Instituciones Sociales organizados dentro del Proyecto Elkar EKIN Lanean"},"content":{"rendered":"<p style=\"text-align: justify\">El \u00c1rea de Empleo y Formaci\u00f3n de Iraurgi Berritzen, con el objetivo de reducir el desempleo en Urola Erdia, est\u00e1 desarrollando en los \u00faltimos a\u00f1os diferentes l\u00edneas estrat\u00e9gicas de acci\u00f3n por perfiles en colaboraci\u00f3n con agentes de la comarca.<\/p>\n<p style=\"text-align: justify\">Entre ellos se encuentra el proyecto&nbsp;\u00abUrola Erdian ElkarEkinez UE3 2022-2024\u00bb, dirigido a personas desempleadas en situaci\u00f3n o riesgo de vulnerabilidad. En este marco, en mayo, se pusieron en marcha los cursos de Soldadura MIG-MAG y Atenci\u00f3n Sociosanitaria a Personas Dependientes en Instituciones Sociales que finalizar\u00e1n a finales de septiembre.<\/p>\n<p style=\"text-align: justify\">El curso de Soldadura MIG-MAG ha tenido una duraci\u00f3n de 430 horas y han participado 12 personas. A su vez, el curso de Atenci\u00f3n Sociosanitaria a Personas Dependientes en Instituciones Sociales ha tenido una duraci\u00f3n de 370 horas y ha contado con la participaci\u00f3n de 15 personas.<\/p>\n<p style=\"text-align: justify\">Una vez finalizado los cursos, la inserci\u00f3n laboral de este alumnado ser\u00e1 el gran reto de los pr\u00f3ximos meses. Para ello, los\/as alumnos\/as est\u00e1n recibiendo visitas de las empresas de la comarca que trabajan en est\u00e1s \u00e1rea.<\/p>\n<p style=\"text-align: justify\">Esta semana, por ejemplo, han recibido la visita de la empresa Biharko de las personas que han realizado el curso de Atenci\u00f3n Sociosanitaria a Personas Dependientes en Instituciones Sociales, y la pr\u00f3xima semana recibir\u00e1n la visita de la Asociaci\u00f3n Mugat y de la empresa Arreta Zerbitzuak.<\/p>\n<p style=\"text-align: justify\">Por su parte, las personas que han realizado el Soldadura MIG-MAG han recibido la visita de las empresas Grupo Iriarte, Landeta Burdin Lanak y Mendiaraiz en el Centro de Formaci\u00f3n Profesional Izarraitz.<\/p>\n<p style=\"text-align: justify\">En caso de que alguna empresa de la comarca necesite personas de este perfil contacte con el \u00c1rea de Empleo y Formaci\u00f3n de Iraurgi Berritzen en el n\u00famero <strong>688 75 95 90<\/strong>.<\/p>\n","protected":false},"excerpt":{"rendered":"<p>El \u00c1rea de Empleo y Formaci\u00f3n de Iraurgi Berritzen, con el objetivo de reducir el desempleo en Urola Erdia, est\u00e1 desarrollando en los \u00faltimos a\u00f1os diferentes l\u00edneas estrat\u00e9gicas de acci\u00f3n por perfiles en colaboraci\u00f3n con agentes de la comarca. Entre ellos se encuentra el proyecto&nbsp;\u00abUrola Erdian ElkarEkinez UE3 2022-2024\u00bb, dirigido a personas desempleadas en situaci\u00f3n [&hellip;]<\/p>\n","protected":false},"author":0,"featured_media":17019,"comment_status":"","ping_status":"closed","sticky":false,"template":"","format":"standard","meta":{"_acf_changed":false,"footnotes":""},"categories":[4],"tags":[],"class_list":["post-17020","post","type-post","status-publish","format-standard","has-post-thumbnail","hentry","category-noticias"],"acf":[],"yoast_head":"<!-- This site is optimized with the Yoast SEO plugin v27.4 - https:\/\/yoast.com\/product\/yoast-seo-wordpress\/ -->\n<title>A finales de septiembre finalizar\u00e1n los cursos de Soldadura MIG-MAG y Atenci\u00f3n Sociosanitaria a Personas Dependientes en Instituciones Sociales organizados dentro del Proyecto Elkar EKIN Lanean - Iraurgi Berritzen<\/title>\n<meta name=\"robots\" content=\"index, follow, max-snippet:-1, max-image-preview:large, max-video-preview:-1\" \/>\n<link rel=\"canonical\" href=\"https:\/\/iraurgiberritzen.eus\/es\/a-finales-de-septiembre-finalizaran-los-cursos-de-soldadura-mig-mag-y-atencion-sociosanitaria-a-personas-dependientes-en-instituciones-sociales-organizados-dentro-del-proyecto-elkar-ekin-lanean\/\" \/>\n<meta property=\"og:locale\" content=\"es_ES\" \/>\n<meta property=\"og:type\" content=\"article\" \/>\n<meta property=\"og:title\" content=\"A finales de septiembre finalizar\u00e1n los cursos de Soldadura MIG-MAG y Atenci\u00f3n Sociosanitaria a Personas Dependientes en Instituciones Sociales organizados dentro del Proyecto Elkar EKIN Lanean - Iraurgi Berritzen\" \/>\n<meta property=\"og:description\" content=\"El \u00c1rea de Empleo y Formaci\u00f3n de Iraurgi Berritzen, con el objetivo de reducir el desempleo en Urola Erdia, est\u00e1 desarrollando en los \u00faltimos a\u00f1os diferentes l\u00edneas estrat\u00e9gicas de acci\u00f3n por perfiles en colaboraci\u00f3n con agentes de la comarca. Entre ellos se encuentra el proyecto&nbsp;\u00abUrola Erdian ElkarEkinez UE3 2022-2024\u00bb, dirigido a personas desempleadas en situaci\u00f3n [&hellip;]\" \/>\n<meta property=\"og:url\" content=\"https:\/\/iraurgiberritzen.eus\/es\/a-finales-de-septiembre-finalizaran-los-cursos-de-soldadura-mig-mag-y-atencion-sociosanitaria-a-personas-dependientes-en-instituciones-sociales-organizados-dentro-del-proyecto-elkar-ekin-lanean\/\" \/>\n<meta property=\"og:site_name\" content=\"Iraurgi Berritzen\" \/>\n<meta property=\"article:published_time\" content=\"2023-09-15T03:20:30+00:00\" \/>\n<meta name=\"twitter:card\" content=\"summary_large_image\" \/>\n<meta name=\"twitter:label1\" content=\"Tiempo de lectura\" \/>\n\t<meta name=\"twitter:data1\" content=\"2 minutos\" \/>\n<script type=\"application\/ld+json\" class=\"yoast-schema-graph\">{\"@context\":\"https:\\\/\\\/schema.org\",\"@graph\":[{\"@type\":\"Article\",\"@id\":\"https:\\\/\\\/iraurgiberritzen.eus\\\/es\\\/a-finales-de-septiembre-finalizaran-los-cursos-de-soldadura-mig-mag-y-atencion-sociosanitaria-a-personas-dependientes-en-instituciones-sociales-organizados-dentro-del-proyecto-elkar-ekin-lanean\\\/#article\",\"isPartOf\":{\"@id\":\"https:\\\/\\\/iraurgiberritzen.eus\\\/es\\\/a-finales-de-septiembre-finalizaran-los-cursos-de-soldadura-mig-mag-y-atencion-sociosanitaria-a-personas-dependientes-en-instituciones-sociales-organizados-dentro-del-proyecto-elkar-ekin-lanean\\\/\"},\"author\":{\"name\":\"\",\"@id\":\"\"},\"headline\":\"A finales de septiembre finalizar\u00e1n los cursos de Soldadura MIG-MAG y Atenci\u00f3n Sociosanitaria a Personas Dependientes en Instituciones Sociales organizados dentro del Proyecto Elkar EKIN Lanean\",\"datePublished\":\"2023-09-15T03:20:30+00:00\",\"mainEntityOfPage\":{\"@id\":\"https:\\\/\\\/iraurgiberritzen.eus\\\/es\\\/a-finales-de-septiembre-finalizaran-los-cursos-de-soldadura-mig-mag-y-atencion-sociosanitaria-a-personas-dependientes-en-instituciones-sociales-organizados-dentro-del-proyecto-elkar-ekin-lanean\\\/\"},\"wordCount\":330,\"publisher\":{\"@id\":\"https:\\\/\\\/iraurgiberritzen.eus\\\/es\\\/#organization\"},\"image\":{\"@id\":\"https:\\\/\\\/iraurgiberritzen.eus\\\/es\\\/a-finales-de-septiembre-finalizaran-los-cursos-de-soldadura-mig-mag-y-atencion-sociosanitaria-a-personas-dependientes-en-instituciones-sociales-organizados-dentro-del-proyecto-elkar-ekin-lanean\\\/#primaryimage\"},\"thumbnailUrl\":\"https:\\\/\\\/iraurgiberritzen.eus\\\/wp-content\\\/uploads\\\/2024\\\/01\\\/8f01312079ceed4936f440f6a633a0e2.jpg\",\"articleSection\":[\"Noticias\"],\"inLanguage\":\"es\"},{\"@type\":\"WebPage\",\"@id\":\"https:\\\/\\\/iraurgiberritzen.eus\\\/es\\\/a-finales-de-septiembre-finalizaran-los-cursos-de-soldadura-mig-mag-y-atencion-sociosanitaria-a-personas-dependientes-en-instituciones-sociales-organizados-dentro-del-proyecto-elkar-ekin-lanean\\\/\",\"url\":\"https:\\\/\\\/iraurgiberritzen.eus\\\/es\\\/a-finales-de-septiembre-finalizaran-los-cursos-de-soldadura-mig-mag-y-atencion-sociosanitaria-a-personas-dependientes-en-instituciones-sociales-organizados-dentro-del-proyecto-elkar-ekin-lanean\\\/\",\"name\":\"A finales de septiembre finalizar\u00e1n los cursos de Soldadura MIG-MAG y Atenci\u00f3n Sociosanitaria a Personas Dependientes en Instituciones Sociales organizados dentro del Proyecto Elkar EKIN Lanean - Iraurgi Berritzen\",\"isPartOf\":{\"@id\":\"https:\\\/\\\/iraurgiberritzen.eus\\\/es\\\/#website\"},\"primaryImageOfPage\":{\"@id\":\"https:\\\/\\\/iraurgiberritzen.eus\\\/es\\\/a-finales-de-septiembre-finalizaran-los-cursos-de-soldadura-mig-mag-y-atencion-sociosanitaria-a-personas-dependientes-en-instituciones-sociales-organizados-dentro-del-proyecto-elkar-ekin-lanean\\\/#primaryimage\"},\"image\":{\"@id\":\"https:\\\/\\\/iraurgiberritzen.eus\\\/es\\\/a-finales-de-septiembre-finalizaran-los-cursos-de-soldadura-mig-mag-y-atencion-sociosanitaria-a-personas-dependientes-en-instituciones-sociales-organizados-dentro-del-proyecto-elkar-ekin-lanean\\\/#primaryimage\"},\"thumbnailUrl\":\"https:\\\/\\\/iraurgiberritzen.eus\\\/wp-content\\\/uploads\\\/2024\\\/01\\\/8f01312079ceed4936f440f6a633a0e2.jpg\",\"datePublished\":\"2023-09-15T03:20:30+00:00\",\"breadcrumb\":{\"@id\":\"https:\\\/\\\/iraurgiberritzen.eus\\\/es\\\/a-finales-de-septiembre-finalizaran-los-cursos-de-soldadura-mig-mag-y-atencion-sociosanitaria-a-personas-dependientes-en-instituciones-sociales-organizados-dentro-del-proyecto-elkar-ekin-lanean\\\/#breadcrumb\"},\"inLanguage\":\"es\",\"potentialAction\":[{\"@type\":\"ReadAction\",\"target\":[\"https:\\\/\\\/iraurgiberritzen.eus\\\/es\\\/a-finales-de-septiembre-finalizaran-los-cursos-de-soldadura-mig-mag-y-atencion-sociosanitaria-a-personas-dependientes-en-instituciones-sociales-organizados-dentro-del-proyecto-elkar-ekin-lanean\\\/\"]}]},{\"@type\":\"ImageObject\",\"inLanguage\":\"es\",\"@id\":\"https:\\\/\\\/iraurgiberritzen.eus\\\/es\\\/a-finales-de-septiembre-finalizaran-los-cursos-de-soldadura-mig-mag-y-atencion-sociosanitaria-a-personas-dependientes-en-instituciones-sociales-organizados-dentro-del-proyecto-elkar-ekin-lanean\\\/#primaryimage\",\"url\":\"https:\\\/\\\/iraurgiberritzen.eus\\\/wp-content\\\/uploads\\\/2024\\\/01\\\/8f01312079ceed4936f440f6a633a0e2.jpg\",\"contentUrl\":\"https:\\\/\\\/iraurgiberritzen.eus\\\/wp-content\\\/uploads\\\/2024\\\/01\\\/8f01312079ceed4936f440f6a633a0e2.jpg\",\"width\":400,\"height\":257},{\"@type\":\"BreadcrumbList\",\"@id\":\"https:\\\/\\\/iraurgiberritzen.eus\\\/es\\\/a-finales-de-septiembre-finalizaran-los-cursos-de-soldadura-mig-mag-y-atencion-sociosanitaria-a-personas-dependientes-en-instituciones-sociales-organizados-dentro-del-proyecto-elkar-ekin-lanean\\\/#breadcrumb\",\"itemListElement\":[{\"@type\":\"ListItem\",\"position\":1,\"name\":\"Home\",\"item\":\"https:\\\/\\\/iraurgiberritzen.eus\\\/es\\\/\"},{\"@type\":\"ListItem\",\"position\":2,\"name\":\"A finales de septiembre finalizar\u00e1n los cursos de Soldadura MIG-MAG y Atenci\u00f3n Sociosanitaria a Personas Dependientes en Instituciones Sociales organizados dentro del Proyecto Elkar EKIN Lanean\"}]},{\"@type\":\"WebSite\",\"@id\":\"https:\\\/\\\/iraurgiberritzen.eus\\\/es\\\/#website\",\"url\":\"https:\\\/\\\/iraurgiberritzen.eus\\\/es\\\/\",\"name\":\"Iraurgi Berritzen\",\"description\":\"Urola Erdiko Garapen Agentzia\",\"publisher\":{\"@id\":\"https:\\\/\\\/iraurgiberritzen.eus\\\/es\\\/#organization\"},\"potentialAction\":[{\"@type\":\"SearchAction\",\"target\":{\"@type\":\"EntryPoint\",\"urlTemplate\":\"https:\\\/\\\/iraurgiberritzen.eus\\\/es\\\/?s={search_term_string}\"},\"query-input\":{\"@type\":\"PropertyValueSpecification\",\"valueRequired\":true,\"valueName\":\"search_term_string\"}}],\"inLanguage\":\"es\"},{\"@type\":\"Organization\",\"@id\":\"https:\\\/\\\/iraurgiberritzen.eus\\\/es\\\/#organization\",\"name\":\"Iraurgi Berritzen\",\"url\":\"https:\\\/\\\/iraurgiberritzen.eus\\\/es\\\/\",\"logo\":{\"@type\":\"ImageObject\",\"inLanguage\":\"es\",\"@id\":\"https:\\\/\\\/iraurgiberritzen.eus\\\/es\\\/#\\\/schema\\\/logo\\\/image\\\/\",\"url\":\"https:\\\/\\\/iraurgiberritzen.eus\\\/wp-content\\\/uploads\\\/2024\\\/02\\\/IRAURGI-BERRITZEN-logotipoa_2.png\",\"contentUrl\":\"https:\\\/\\\/iraurgiberritzen.eus\\\/wp-content\\\/uploads\\\/2024\\\/02\\\/IRAURGI-BERRITZEN-logotipoa_2.png\",\"width\":496,\"height\":190,\"caption\":\"Iraurgi Berritzen\"},\"image\":{\"@id\":\"https:\\\/\\\/iraurgiberritzen.eus\\\/es\\\/#\\\/schema\\\/logo\\\/image\\\/\"}}]}<\/script>\n<!-- \/ Yoast SEO plugin. -->","yoast_head_json":{"title":"A finales de septiembre finalizar\u00e1n los cursos de Soldadura MIG-MAG y Atenci\u00f3n Sociosanitaria a Personas Dependientes en Instituciones Sociales organizados dentro del Proyecto Elkar EKIN Lanean - Iraurgi Berritzen","robots":{"index":"index","follow":"follow","max-snippet":"max-snippet:-1","max-image-preview":"max-image-preview:large","max-video-preview":"max-video-preview:-1"},"canonical":"https:\/\/iraurgiberritzen.eus\/es\/a-finales-de-septiembre-finalizaran-los-cursos-de-soldadura-mig-mag-y-atencion-sociosanitaria-a-personas-dependientes-en-instituciones-sociales-organizados-dentro-del-proyecto-elkar-ekin-lanean\/","og_locale":"es_ES","og_type":"article","og_title":"A finales de septiembre finalizar\u00e1n los cursos de Soldadura MIG-MAG y Atenci\u00f3n Sociosanitaria a Personas Dependientes en Instituciones Sociales organizados dentro del Proyecto Elkar EKIN Lanean - Iraurgi Berritzen","og_description":"El \u00c1rea de Empleo y Formaci\u00f3n de Iraurgi Berritzen, con el objetivo de reducir el desempleo en Urola Erdia, est\u00e1 desarrollando en los \u00faltimos a\u00f1os diferentes l\u00edneas estrat\u00e9gicas de acci\u00f3n por perfiles en colaboraci\u00f3n con agentes de la comarca. Entre ellos se encuentra el proyecto&nbsp;\u00abUrola Erdian ElkarEkinez UE3 2022-2024\u00bb, dirigido a personas desempleadas en situaci\u00f3n [&hellip;]","og_url":"https:\/\/iraurgiberritzen.eus\/es\/a-finales-de-septiembre-finalizaran-los-cursos-de-soldadura-mig-mag-y-atencion-sociosanitaria-a-personas-dependientes-en-instituciones-sociales-organizados-dentro-del-proyecto-elkar-ekin-lanean\/","og_site_name":"Iraurgi Berritzen","article_published_time":"2023-09-15T03:20:30+00:00","twitter_card":"summary_large_image","twitter_misc":{"Tiempo de lectura":"2 minutos"},"schema":{"@context":"https:\/\/schema.org","@graph":[{"@type":"Article","@id":"https:\/\/iraurgiberritzen.eus\/es\/a-finales-de-septiembre-finalizaran-los-cursos-de-soldadura-mig-mag-y-atencion-sociosanitaria-a-personas-dependientes-en-instituciones-sociales-organizados-dentro-del-proyecto-elkar-ekin-lanean\/#article","isPartOf":{"@id":"https:\/\/iraurgiberritzen.eus\/es\/a-finales-de-septiembre-finalizaran-los-cursos-de-soldadura-mig-mag-y-atencion-sociosanitaria-a-personas-dependientes-en-instituciones-sociales-organizados-dentro-del-proyecto-elkar-ekin-lanean\/"},"author":{"name":"","@id":""},"headline":"A finales de septiembre finalizar\u00e1n los cursos de Soldadura MIG-MAG y Atenci\u00f3n Sociosanitaria a Personas Dependientes en Instituciones Sociales organizados dentro del Proyecto Elkar EKIN Lanean","datePublished":"2023-09-15T03:20:30+00:00","mainEntityOfPage":{"@id":"https:\/\/iraurgiberritzen.eus\/es\/a-finales-de-septiembre-finalizaran-los-cursos-de-soldadura-mig-mag-y-atencion-sociosanitaria-a-personas-dependientes-en-instituciones-sociales-organizados-dentro-del-proyecto-elkar-ekin-lanean\/"},"wordCount":330,"publisher":{"@id":"https:\/\/iraurgiberritzen.eus\/es\/#organization"},"image":{"@id":"https:\/\/iraurgiberritzen.eus\/es\/a-finales-de-septiembre-finalizaran-los-cursos-de-soldadura-mig-mag-y-atencion-sociosanitaria-a-personas-dependientes-en-instituciones-sociales-organizados-dentro-del-proyecto-elkar-ekin-lanean\/#primaryimage"},"thumbnailUrl":"https:\/\/iraurgiberritzen.eus\/wp-content\/uploads\/2024\/01\/8f01312079ceed4936f440f6a633a0e2.jpg","articleSection":["Noticias"],"inLanguage":"es"},{"@type":"WebPage","@id":"https:\/\/iraurgiberritzen.eus\/es\/a-finales-de-septiembre-finalizaran-los-cursos-de-soldadura-mig-mag-y-atencion-sociosanitaria-a-personas-dependientes-en-instituciones-sociales-organizados-dentro-del-proyecto-elkar-ekin-lanean\/","url":"https:\/\/iraurgiberritzen.eus\/es\/a-finales-de-septiembre-finalizaran-los-cursos-de-soldadura-mig-mag-y-atencion-sociosanitaria-a-personas-dependientes-en-instituciones-sociales-organizados-dentro-del-proyecto-elkar-ekin-lanean\/","name":"A finales de septiembre finalizar\u00e1n los cursos de Soldadura MIG-MAG y Atenci\u00f3n Sociosanitaria a Personas Dependientes en Instituciones Sociales organizados dentro del Proyecto Elkar EKIN Lanean - Iraurgi Berritzen","isPartOf":{"@id":"https:\/\/iraurgiberritzen.eus\/es\/#website"},"primaryImageOfPage":{"@id":"https:\/\/iraurgiberritzen.eus\/es\/a-finales-de-septiembre-finalizaran-los-cursos-de-soldadura-mig-mag-y-atencion-sociosanitaria-a-personas-dependientes-en-instituciones-sociales-organizados-dentro-del-proyecto-elkar-ekin-lanean\/#primaryimage"},"image":{"@id":"https:\/\/iraurgiberritzen.eus\/es\/a-finales-de-septiembre-finalizaran-los-cursos-de-soldadura-mig-mag-y-atencion-sociosanitaria-a-personas-dependientes-en-instituciones-sociales-organizados-dentro-del-proyecto-elkar-ekin-lanean\/#primaryimage"},"thumbnailUrl":"https:\/\/iraurgiberritzen.eus\/wp-content\/uploads\/2024\/01\/8f01312079ceed4936f440f6a633a0e2.jpg","datePublished":"2023-09-15T03:20:30+00:00","breadcrumb":{"@id":"https:\/\/iraurgiberritzen.eus\/es\/a-finales-de-septiembre-finalizaran-los-cursos-de-soldadura-mig-mag-y-atencion-sociosanitaria-a-personas-dependientes-en-instituciones-sociales-organizados-dentro-del-proyecto-elkar-ekin-lanean\/#breadcrumb"},"inLanguage":"es","potentialAction":[{"@type":"ReadAction","target":["https:\/\/iraurgiberritzen.eus\/es\/a-finales-de-septiembre-finalizaran-los-cursos-de-soldadura-mig-mag-y-atencion-sociosanitaria-a-personas-dependientes-en-instituciones-sociales-organizados-dentro-del-proyecto-elkar-ekin-lanean\/"]}]},{"@type":"ImageObject","inLanguage":"es","@id":"https:\/\/iraurgiberritzen.eus\/es\/a-finales-de-septiembre-finalizaran-los-cursos-de-soldadura-mig-mag-y-atencion-sociosanitaria-a-personas-dependientes-en-instituciones-sociales-organizados-dentro-del-proyecto-elkar-ekin-lanean\/#primaryimage","url":"https:\/\/iraurgiberritzen.eus\/wp-content\/uploads\/2024\/01\/8f01312079ceed4936f440f6a633a0e2.jpg","contentUrl":"https:\/\/iraurgiberritzen.eus\/wp-content\/uploads\/2024\/01\/8f01312079ceed4936f440f6a633a0e2.jpg","width":400,"height":257},{"@type":"BreadcrumbList","@id":"https:\/\/iraurgiberritzen.eus\/es\/a-finales-de-septiembre-finalizaran-los-cursos-de-soldadura-mig-mag-y-atencion-sociosanitaria-a-personas-dependientes-en-instituciones-sociales-organizados-dentro-del-proyecto-elkar-ekin-lanean\/#breadcrumb","itemListElement":[{"@type":"ListItem","position":1,"name":"Home","item":"https:\/\/iraurgiberritzen.eus\/es\/"},{"@type":"ListItem","position":2,"name":"A finales de septiembre finalizar\u00e1n los cursos de Soldadura MIG-MAG y Atenci\u00f3n Sociosanitaria a Personas Dependientes en Instituciones Sociales organizados dentro del Proyecto Elkar EKIN Lanean"}]},{"@type":"WebSite","@id":"https:\/\/iraurgiberritzen.eus\/es\/#website","url":"https:\/\/iraurgiberritzen.eus\/es\/","name":"Iraurgi Berritzen","description":"Urola Erdiko Garapen Agentzia","publisher":{"@id":"https:\/\/iraurgiberritzen.eus\/es\/#organization"},"potentialAction":[{"@type":"SearchAction","target":{"@type":"EntryPoint","urlTemplate":"https:\/\/iraurgiberritzen.eus\/es\/?s={search_term_string}"},"query-input":{"@type":"PropertyValueSpecification","valueRequired":true,"valueName":"search_term_string"}}],"inLanguage":"es"},{"@type":"Organization","@id":"https:\/\/iraurgiberritzen.eus\/es\/#organization","name":"Iraurgi Berritzen","url":"https:\/\/iraurgiberritzen.eus\/es\/","logo":{"@type":"ImageObject","inLanguage":"es","@id":"https:\/\/iraurgiberritzen.eus\/es\/#\/schema\/logo\/image\/","url":"https:\/\/iraurgiberritzen.eus\/wp-content\/uploads\/2024\/02\/IRAURGI-BERRITZEN-logotipoa_2.png","contentUrl":"https:\/\/iraurgiberritzen.eus\/wp-content\/uploads\/2024\/02\/IRAURGI-BERRITZEN-logotipoa_2.png","width":496,"height":190,"caption":"Iraurgi Berritzen"},"image":{"@id":"https:\/\/iraurgiberritzen.eus\/es\/#\/schema\/logo\/image\/"}}]}},"_links":{"self":[{"href":"https:\/\/iraurgiberritzen.eus\/es\/wp-json\/wp\/v2\/posts\/17020","targetHints":{"allow":["GET"]}}],"collection":[{"href":"https:\/\/iraurgiberritzen.eus\/es\/wp-json\/wp\/v2\/posts"}],"about":[{"href":"https:\/\/iraurgiberritzen.eus\/es\/wp-json\/wp\/v2\/types\/post"}],"replies":[{"embeddable":true,"href":"https:\/\/iraurgiberritzen.eus\/es\/wp-json\/wp\/v2\/comments?post=17020"}],"version-history":[{"count":0,"href":"https:\/\/iraurgiberritzen.eus\/es\/wp-json\/wp\/v2\/posts\/17020\/revisions"}],"wp:featuredmedia":[{"embeddable":true,"href":"https:\/\/iraurgiberritzen.eus\/es\/wp-json\/wp\/v2\/media\/17019"}],"wp:attachment":[{"href":"https:\/\/iraurgiberritzen.eus\/es\/wp-json\/wp\/v2\/media?parent=17020"}],"wp:term":[{"taxonomy":"category","embeddable":true,"href":"https:\/\/iraurgiberritzen.eus\/es\/wp-json\/wp\/v2\/categories?post=17020"},{"taxonomy":"post_tag","embeddable":true,"href":"https:\/\/iraurgiberritzen.eus\/es\/wp-json\/wp\/v2\/tags?post=17020"}],"curies":[{"name":"wp","href":"https:\/\/api.w.org\/{rel}","templated":true}]}}