{"id":17032,"date":"2023-09-21T15:51:28","date_gmt":"2023-09-21T13:51:28","guid":{"rendered":"https:\/\/iraurgiberritzen.eus\/el-grupo-de-responsables-de-orientacion-ha-consensuado-las-acciones-a-desarrollar-durante-el-curso-2023-24\/"},"modified":"2023-09-21T15:51:28","modified_gmt":"2023-09-21T13:51:28","slug":"el-grupo-de-responsables-de-orientacion-ha-consensuado-las-acciones-a-desarrollar-durante-el-curso-2023-24","status":"publish","type":"post","link":"https:\/\/iraurgiberritzen.eus\/es\/el-grupo-de-responsables-de-orientacion-ha-consensuado-las-acciones-a-desarrollar-durante-el-curso-2023-24\/","title":{"rendered":"El grupo de responsables de orientaci\u00f3n ha consensuado las acciones a desarrollar durante el curso 2023\/24"},"content":{"rendered":"<p style=\"text-align: justify\">Hoy, jueves, 21 de septiembre, t\u00e9cnicos del \u00c1rea de Educaci\u00f3n se han reunido con Orientadores de los 5 centros de la comarca, dentro del proyecto GEROLAN-ORIENTAZIOA. Este proyecto tiene como objetivo reforzar la orientaci\u00f3n acad\u00e9mica y profesional del alumnado, y las acciones que se llevan a cabo a lo largo del curso se acuerdan en colaboraci\u00f3n con los orientadores de los centros.<\/p>\n<p style=\"text-align: justify\">De cara al nuevo curso escolar, se han definido acciones para seguir reforzando los planes de orientaci\u00f3n de los centros, as\u00ed como consensuar las principales l\u00edneas de mejora identificadas en el curso anterior. Con el objetivo de mejorar el proceso, se han consensuado las siguientes mejoras: adelantar las fechas del proyecto, crear nuevo material de apoyo, y aumentar la participaci\u00f3n de los diferentes perfiles de los centros, entre otros.<\/p>\n<p style=\"text-align: justify\">La primera fase del proyecto se pondr\u00e1 en marcha el mismo mes de octubre, y en los pr\u00f3ximos meses se ir\u00e1n desarrollando los dem\u00e1s pasos. Entre ellos se encuentran las sesiones de reflexi\u00f3n con el alumnado, la identificaci\u00f3n de sus intereses en cuanto a grados universitarios y ciclos de educaci\u00f3n profesional, o la organizaci\u00f3n de visitas a diferentes agentes de la comarca. Al igual que el curso anterior, el proyecto GEROLAN se trabajar\u00e1 tanto en 2\u00ba de Bachillerato como en 4\u00ba de ESO.<\/p>\n","protected":false},"excerpt":{"rendered":"<p>Hoy, jueves, 21 de septiembre, t\u00e9cnicos del \u00c1rea de Educaci\u00f3n se han reunido con Orientadores de los 5 centros de la comarca, dentro del proyecto GEROLAN-ORIENTAZIOA. Este proyecto tiene como objetivo reforzar la orientaci\u00f3n acad\u00e9mica y profesional del alumnado, y las acciones que se llevan a cabo a lo largo del curso se acuerdan en [&hellip;]<\/p>\n","protected":false},"author":0,"featured_media":17031,"comment_status":"","ping_status":"closed","sticky":false,"template":"","format":"standard","meta":{"_acf_changed":false,"footnotes":""},"categories":[4],"tags":[],"class_list":["post-17032","post","type-post","status-publish","format-standard","has-post-thumbnail","hentry","category-noticias"],"acf":[],"yoast_head":"<!-- This site is optimized with the Yoast SEO plugin v27.4 - https:\/\/yoast.com\/product\/yoast-seo-wordpress\/ -->\n<title>El grupo de responsables de orientaci\u00f3n ha consensuado las acciones a desarrollar durante el curso 2023\/24 - Iraurgi Berritzen<\/title>\n<meta name=\"robots\" content=\"index, follow, max-snippet:-1, max-image-preview:large, max-video-preview:-1\" \/>\n<link rel=\"canonical\" href=\"https:\/\/iraurgiberritzen.eus\/es\/el-grupo-de-responsables-de-orientacion-ha-consensuado-las-acciones-a-desarrollar-durante-el-curso-2023-24\/\" \/>\n<meta property=\"og:locale\" content=\"es_ES\" \/>\n<meta property=\"og:type\" content=\"article\" \/>\n<meta property=\"og:title\" content=\"El grupo de responsables de orientaci\u00f3n ha consensuado las acciones a desarrollar durante el curso 2023\/24 - Iraurgi Berritzen\" \/>\n<meta property=\"og:description\" content=\"Hoy, jueves, 21 de septiembre, t\u00e9cnicos del \u00c1rea de Educaci\u00f3n se han reunido con Orientadores de los 5 centros de la comarca, dentro del proyecto GEROLAN-ORIENTAZIOA. Este proyecto tiene como objetivo reforzar la orientaci\u00f3n acad\u00e9mica y profesional del alumnado, y las acciones que se llevan a cabo a lo largo del curso se acuerdan en [&hellip;]\" \/>\n<meta property=\"og:url\" content=\"https:\/\/iraurgiberritzen.eus\/es\/el-grupo-de-responsables-de-orientacion-ha-consensuado-las-acciones-a-desarrollar-durante-el-curso-2023-24\/\" \/>\n<meta property=\"og:site_name\" content=\"Iraurgi Berritzen\" \/>\n<meta property=\"article:published_time\" content=\"2023-09-21T13:51:28+00:00\" \/>\n<meta name=\"twitter:card\" content=\"summary_large_image\" \/>\n<meta name=\"twitter:label1\" content=\"Tiempo de lectura\" \/>\n\t<meta name=\"twitter:data1\" content=\"1 minuto\" \/>\n<script type=\"application\/ld+json\" class=\"yoast-schema-graph\">{\"@context\":\"https:\\\/\\\/schema.org\",\"@graph\":[{\"@type\":\"Article\",\"@id\":\"https:\\\/\\\/iraurgiberritzen.eus\\\/es\\\/el-grupo-de-responsables-de-orientacion-ha-consensuado-las-acciones-a-desarrollar-durante-el-curso-2023-24\\\/#article\",\"isPartOf\":{\"@id\":\"https:\\\/\\\/iraurgiberritzen.eus\\\/es\\\/el-grupo-de-responsables-de-orientacion-ha-consensuado-las-acciones-a-desarrollar-durante-el-curso-2023-24\\\/\"},\"author\":{\"name\":\"\",\"@id\":\"\"},\"headline\":\"El grupo de responsables de orientaci\u00f3n ha consensuado las acciones a desarrollar durante el curso 2023\\\/24\",\"datePublished\":\"2023-09-21T13:51:28+00:00\",\"mainEntityOfPage\":{\"@id\":\"https:\\\/\\\/iraurgiberritzen.eus\\\/es\\\/el-grupo-de-responsables-de-orientacion-ha-consensuado-las-acciones-a-desarrollar-durante-el-curso-2023-24\\\/\"},\"wordCount\":241,\"publisher\":{\"@id\":\"https:\\\/\\\/iraurgiberritzen.eus\\\/es\\\/#organization\"},\"image\":{\"@id\":\"https:\\\/\\\/iraurgiberritzen.eus\\\/es\\\/el-grupo-de-responsables-de-orientacion-ha-consensuado-las-acciones-a-desarrollar-durante-el-curso-2023-24\\\/#primaryimage\"},\"thumbnailUrl\":\"https:\\\/\\\/iraurgiberritzen.eus\\\/wp-content\\\/uploads\\\/2024\\\/01\\\/f281ac802210810c0fb503efc1b12ce0.jpg\",\"articleSection\":[\"Noticias\"],\"inLanguage\":\"es\"},{\"@type\":\"WebPage\",\"@id\":\"https:\\\/\\\/iraurgiberritzen.eus\\\/es\\\/el-grupo-de-responsables-de-orientacion-ha-consensuado-las-acciones-a-desarrollar-durante-el-curso-2023-24\\\/\",\"url\":\"https:\\\/\\\/iraurgiberritzen.eus\\\/es\\\/el-grupo-de-responsables-de-orientacion-ha-consensuado-las-acciones-a-desarrollar-durante-el-curso-2023-24\\\/\",\"name\":\"El grupo de responsables de orientaci\u00f3n ha consensuado las acciones a desarrollar durante el curso 2023\\\/24 - Iraurgi Berritzen\",\"isPartOf\":{\"@id\":\"https:\\\/\\\/iraurgiberritzen.eus\\\/es\\\/#website\"},\"primaryImageOfPage\":{\"@id\":\"https:\\\/\\\/iraurgiberritzen.eus\\\/es\\\/el-grupo-de-responsables-de-orientacion-ha-consensuado-las-acciones-a-desarrollar-durante-el-curso-2023-24\\\/#primaryimage\"},\"image\":{\"@id\":\"https:\\\/\\\/iraurgiberritzen.eus\\\/es\\\/el-grupo-de-responsables-de-orientacion-ha-consensuado-las-acciones-a-desarrollar-durante-el-curso-2023-24\\\/#primaryimage\"},\"thumbnailUrl\":\"https:\\\/\\\/iraurgiberritzen.eus\\\/wp-content\\\/uploads\\\/2024\\\/01\\\/f281ac802210810c0fb503efc1b12ce0.jpg\",\"datePublished\":\"2023-09-21T13:51:28+00:00\",\"breadcrumb\":{\"@id\":\"https:\\\/\\\/iraurgiberritzen.eus\\\/es\\\/el-grupo-de-responsables-de-orientacion-ha-consensuado-las-acciones-a-desarrollar-durante-el-curso-2023-24\\\/#breadcrumb\"},\"inLanguage\":\"es\",\"potentialAction\":[{\"@type\":\"ReadAction\",\"target\":[\"https:\\\/\\\/iraurgiberritzen.eus\\\/es\\\/el-grupo-de-responsables-de-orientacion-ha-consensuado-las-acciones-a-desarrollar-durante-el-curso-2023-24\\\/\"]}]},{\"@type\":\"ImageObject\",\"inLanguage\":\"es\",\"@id\":\"https:\\\/\\\/iraurgiberritzen.eus\\\/es\\\/el-grupo-de-responsables-de-orientacion-ha-consensuado-las-acciones-a-desarrollar-durante-el-curso-2023-24\\\/#primaryimage\",\"url\":\"https:\\\/\\\/iraurgiberritzen.eus\\\/wp-content\\\/uploads\\\/2024\\\/01\\\/f281ac802210810c0fb503efc1b12ce0.jpg\",\"contentUrl\":\"https:\\\/\\\/iraurgiberritzen.eus\\\/wp-content\\\/uploads\\\/2024\\\/01\\\/f281ac802210810c0fb503efc1b12ce0.jpg\",\"width\":400,\"height\":257},{\"@type\":\"BreadcrumbList\",\"@id\":\"https:\\\/\\\/iraurgiberritzen.eus\\\/es\\\/el-grupo-de-responsables-de-orientacion-ha-consensuado-las-acciones-a-desarrollar-durante-el-curso-2023-24\\\/#breadcrumb\",\"itemListElement\":[{\"@type\":\"ListItem\",\"position\":1,\"name\":\"Home\",\"item\":\"https:\\\/\\\/iraurgiberritzen.eus\\\/es\\\/\"},{\"@type\":\"ListItem\",\"position\":2,\"name\":\"El grupo de responsables de orientaci\u00f3n ha consensuado las acciones a desarrollar durante el curso 2023\\\/24\"}]},{\"@type\":\"WebSite\",\"@id\":\"https:\\\/\\\/iraurgiberritzen.eus\\\/es\\\/#website\",\"url\":\"https:\\\/\\\/iraurgiberritzen.eus\\\/es\\\/\",\"name\":\"Iraurgi Berritzen\",\"description\":\"Urola Erdiko Garapen Agentzia\",\"publisher\":{\"@id\":\"https:\\\/\\\/iraurgiberritzen.eus\\\/es\\\/#organization\"},\"potentialAction\":[{\"@type\":\"SearchAction\",\"target\":{\"@type\":\"EntryPoint\",\"urlTemplate\":\"https:\\\/\\\/iraurgiberritzen.eus\\\/es\\\/?s={search_term_string}\"},\"query-input\":{\"@type\":\"PropertyValueSpecification\",\"valueRequired\":true,\"valueName\":\"search_term_string\"}}],\"inLanguage\":\"es\"},{\"@type\":\"Organization\",\"@id\":\"https:\\\/\\\/iraurgiberritzen.eus\\\/es\\\/#organization\",\"name\":\"Iraurgi Berritzen\",\"url\":\"https:\\\/\\\/iraurgiberritzen.eus\\\/es\\\/\",\"logo\":{\"@type\":\"ImageObject\",\"inLanguage\":\"es\",\"@id\":\"https:\\\/\\\/iraurgiberritzen.eus\\\/es\\\/#\\\/schema\\\/logo\\\/image\\\/\",\"url\":\"https:\\\/\\\/iraurgiberritzen.eus\\\/wp-content\\\/uploads\\\/2024\\\/02\\\/IRAURGI-BERRITZEN-logotipoa_2.png\",\"contentUrl\":\"https:\\\/\\\/iraurgiberritzen.eus\\\/wp-content\\\/uploads\\\/2024\\\/02\\\/IRAURGI-BERRITZEN-logotipoa_2.png\",\"width\":496,\"height\":190,\"caption\":\"Iraurgi Berritzen\"},\"image\":{\"@id\":\"https:\\\/\\\/iraurgiberritzen.eus\\\/es\\\/#\\\/schema\\\/logo\\\/image\\\/\"}}]}<\/script>\n<!-- \/ Yoast SEO plugin. -->","yoast_head_json":{"title":"El grupo de responsables de orientaci\u00f3n ha consensuado las acciones a desarrollar durante el curso 2023\/24 - Iraurgi Berritzen","robots":{"index":"index","follow":"follow","max-snippet":"max-snippet:-1","max-image-preview":"max-image-preview:large","max-video-preview":"max-video-preview:-1"},"canonical":"https:\/\/iraurgiberritzen.eus\/es\/el-grupo-de-responsables-de-orientacion-ha-consensuado-las-acciones-a-desarrollar-durante-el-curso-2023-24\/","og_locale":"es_ES","og_type":"article","og_title":"El grupo de responsables de orientaci\u00f3n ha consensuado las acciones a desarrollar durante el curso 2023\/24 - Iraurgi Berritzen","og_description":"Hoy, jueves, 21 de septiembre, t\u00e9cnicos del \u00c1rea de Educaci\u00f3n se han reunido con Orientadores de los 5 centros de la comarca, dentro del proyecto GEROLAN-ORIENTAZIOA. Este proyecto tiene como objetivo reforzar la orientaci\u00f3n acad\u00e9mica y profesional del alumnado, y las acciones que se llevan a cabo a lo largo del curso se acuerdan en [&hellip;]","og_url":"https:\/\/iraurgiberritzen.eus\/es\/el-grupo-de-responsables-de-orientacion-ha-consensuado-las-acciones-a-desarrollar-durante-el-curso-2023-24\/","og_site_name":"Iraurgi Berritzen","article_published_time":"2023-09-21T13:51:28+00:00","twitter_card":"summary_large_image","twitter_misc":{"Tiempo de lectura":"1 minuto"},"schema":{"@context":"https:\/\/schema.org","@graph":[{"@type":"Article","@id":"https:\/\/iraurgiberritzen.eus\/es\/el-grupo-de-responsables-de-orientacion-ha-consensuado-las-acciones-a-desarrollar-durante-el-curso-2023-24\/#article","isPartOf":{"@id":"https:\/\/iraurgiberritzen.eus\/es\/el-grupo-de-responsables-de-orientacion-ha-consensuado-las-acciones-a-desarrollar-durante-el-curso-2023-24\/"},"author":{"name":"","@id":""},"headline":"El grupo de responsables de orientaci\u00f3n ha consensuado las acciones a desarrollar durante el curso 2023\/24","datePublished":"2023-09-21T13:51:28+00:00","mainEntityOfPage":{"@id":"https:\/\/iraurgiberritzen.eus\/es\/el-grupo-de-responsables-de-orientacion-ha-consensuado-las-acciones-a-desarrollar-durante-el-curso-2023-24\/"},"wordCount":241,"publisher":{"@id":"https:\/\/iraurgiberritzen.eus\/es\/#organization"},"image":{"@id":"https:\/\/iraurgiberritzen.eus\/es\/el-grupo-de-responsables-de-orientacion-ha-consensuado-las-acciones-a-desarrollar-durante-el-curso-2023-24\/#primaryimage"},"thumbnailUrl":"https:\/\/iraurgiberritzen.eus\/wp-content\/uploads\/2024\/01\/f281ac802210810c0fb503efc1b12ce0.jpg","articleSection":["Noticias"],"inLanguage":"es"},{"@type":"WebPage","@id":"https:\/\/iraurgiberritzen.eus\/es\/el-grupo-de-responsables-de-orientacion-ha-consensuado-las-acciones-a-desarrollar-durante-el-curso-2023-24\/","url":"https:\/\/iraurgiberritzen.eus\/es\/el-grupo-de-responsables-de-orientacion-ha-consensuado-las-acciones-a-desarrollar-durante-el-curso-2023-24\/","name":"El grupo de responsables de orientaci\u00f3n ha consensuado las acciones a desarrollar durante el curso 2023\/24 - Iraurgi Berritzen","isPartOf":{"@id":"https:\/\/iraurgiberritzen.eus\/es\/#website"},"primaryImageOfPage":{"@id":"https:\/\/iraurgiberritzen.eus\/es\/el-grupo-de-responsables-de-orientacion-ha-consensuado-las-acciones-a-desarrollar-durante-el-curso-2023-24\/#primaryimage"},"image":{"@id":"https:\/\/iraurgiberritzen.eus\/es\/el-grupo-de-responsables-de-orientacion-ha-consensuado-las-acciones-a-desarrollar-durante-el-curso-2023-24\/#primaryimage"},"thumbnailUrl":"https:\/\/iraurgiberritzen.eus\/wp-content\/uploads\/2024\/01\/f281ac802210810c0fb503efc1b12ce0.jpg","datePublished":"2023-09-21T13:51:28+00:00","breadcrumb":{"@id":"https:\/\/iraurgiberritzen.eus\/es\/el-grupo-de-responsables-de-orientacion-ha-consensuado-las-acciones-a-desarrollar-durante-el-curso-2023-24\/#breadcrumb"},"inLanguage":"es","potentialAction":[{"@type":"ReadAction","target":["https:\/\/iraurgiberritzen.eus\/es\/el-grupo-de-responsables-de-orientacion-ha-consensuado-las-acciones-a-desarrollar-durante-el-curso-2023-24\/"]}]},{"@type":"ImageObject","inLanguage":"es","@id":"https:\/\/iraurgiberritzen.eus\/es\/el-grupo-de-responsables-de-orientacion-ha-consensuado-las-acciones-a-desarrollar-durante-el-curso-2023-24\/#primaryimage","url":"https:\/\/iraurgiberritzen.eus\/wp-content\/uploads\/2024\/01\/f281ac802210810c0fb503efc1b12ce0.jpg","contentUrl":"https:\/\/iraurgiberritzen.eus\/wp-content\/uploads\/2024\/01\/f281ac802210810c0fb503efc1b12ce0.jpg","width":400,"height":257},{"@type":"BreadcrumbList","@id":"https:\/\/iraurgiberritzen.eus\/es\/el-grupo-de-responsables-de-orientacion-ha-consensuado-las-acciones-a-desarrollar-durante-el-curso-2023-24\/#breadcrumb","itemListElement":[{"@type":"ListItem","position":1,"name":"Home","item":"https:\/\/iraurgiberritzen.eus\/es\/"},{"@type":"ListItem","position":2,"name":"El grupo de responsables de orientaci\u00f3n ha consensuado las acciones a desarrollar durante el curso 2023\/24"}]},{"@type":"WebSite","@id":"https:\/\/iraurgiberritzen.eus\/es\/#website","url":"https:\/\/iraurgiberritzen.eus\/es\/","name":"Iraurgi Berritzen","description":"Urola Erdiko Garapen Agentzia","publisher":{"@id":"https:\/\/iraurgiberritzen.eus\/es\/#organization"},"potentialAction":[{"@type":"SearchAction","target":{"@type":"EntryPoint","urlTemplate":"https:\/\/iraurgiberritzen.eus\/es\/?s={search_term_string}"},"query-input":{"@type":"PropertyValueSpecification","valueRequired":true,"valueName":"search_term_string"}}],"inLanguage":"es"},{"@type":"Organization","@id":"https:\/\/iraurgiberritzen.eus\/es\/#organization","name":"Iraurgi Berritzen","url":"https:\/\/iraurgiberritzen.eus\/es\/","logo":{"@type":"ImageObject","inLanguage":"es","@id":"https:\/\/iraurgiberritzen.eus\/es\/#\/schema\/logo\/image\/","url":"https:\/\/iraurgiberritzen.eus\/wp-content\/uploads\/2024\/02\/IRAURGI-BERRITZEN-logotipoa_2.png","contentUrl":"https:\/\/iraurgiberritzen.eus\/wp-content\/uploads\/2024\/02\/IRAURGI-BERRITZEN-logotipoa_2.png","width":496,"height":190,"caption":"Iraurgi Berritzen"},"image":{"@id":"https:\/\/iraurgiberritzen.eus\/es\/#\/schema\/logo\/image\/"}}]}},"_links":{"self":[{"href":"https:\/\/iraurgiberritzen.eus\/es\/wp-json\/wp\/v2\/posts\/17032","targetHints":{"allow":["GET"]}}],"collection":[{"href":"https:\/\/iraurgiberritzen.eus\/es\/wp-json\/wp\/v2\/posts"}],"about":[{"href":"https:\/\/iraurgiberritzen.eus\/es\/wp-json\/wp\/v2\/types\/post"}],"replies":[{"embeddable":true,"href":"https:\/\/iraurgiberritzen.eus\/es\/wp-json\/wp\/v2\/comments?post=17032"}],"version-history":[{"count":0,"href":"https:\/\/iraurgiberritzen.eus\/es\/wp-json\/wp\/v2\/posts\/17032\/revisions"}],"wp:featuredmedia":[{"embeddable":true,"href":"https:\/\/iraurgiberritzen.eus\/es\/wp-json\/wp\/v2\/media\/17031"}],"wp:attachment":[{"href":"https:\/\/iraurgiberritzen.eus\/es\/wp-json\/wp\/v2\/media?parent=17032"}],"wp:term":[{"taxonomy":"category","embeddable":true,"href":"https:\/\/iraurgiberritzen.eus\/es\/wp-json\/wp\/v2\/categories?post=17032"},{"taxonomy":"post_tag","embeddable":true,"href":"https:\/\/iraurgiberritzen.eus\/es\/wp-json\/wp\/v2\/tags?post=17032"}],"curies":[{"name":"wp","href":"https:\/\/api.w.org\/{rel}","templated":true}]}}