{"id":17036,"date":"2023-09-22T10:51:03","date_gmt":"2023-09-22T08:51:03","guid":{"rendered":"https:\/\/iraurgiberritzen.eus\/eskualdeko-enpresak-gipuzkoako-minbiziaren-aurkako-elkartearen-in-company-jarduerak-eta-enpresekin-lankidetzan-aritzeko-aukerak-ezagutuz-2\/"},"modified":"2023-09-22T10:51:03","modified_gmt":"2023-09-22T08:51:03","slug":"eskualdeko-enpresak-gipuzkoako-minbiziaren-aurkako-elkartearen-in-company-jarduerak-eta-enpresekin-lankidetzan-aritzeko-aukerak-ezagutuz-2","status":"publish","type":"post","link":"https:\/\/iraurgiberritzen.eus\/es\/eskualdeko-enpresak-gipuzkoako-minbiziaren-aurkako-elkartearen-in-company-jarduerak-eta-enpresekin-lankidetzan-aritzeko-aukerak-ezagutuz-2\/","title":{"rendered":"Empresas de la comarca conocen las actividades IN COMPANY de la Asociaci\u00f3n Contra el C\u00e1ncer de Gipuzkoa y las posibilidades de colaboraci\u00f3n con la misma"},"content":{"rendered":"<p style=\"text-align: justify\">El pasado jueves, 21 de septiembre, Iraurgi Berritzen realiz\u00f3 una sesi\u00f3n de trabajo, en formato online, sobre el tema: <strong>\u00abContra el c\u00e1ncer en Urola Erdia\u00bb<\/strong>.<\/p>\n<p style=\"text-align: justify\">Esta sesi\u00f3n de trabajo, dirigida a gerentes y\/o responsables de personas de empresas industriales de la comarca, tuvo como <strong>principal objetivo dar a conocer las actividades IN COMPANY de la Asociaci\u00f3n contra el C\u00e1ncer de Gipuzkoa y las posibilidades de colaboraci\u00f3n con empresas de Urola Erdia<\/strong>. Para ello, estuvieron presentes representantes de la Asociaci\u00f3n Contra el C\u00e1ncer de Gipuzkoa.<\/p>\n<p style=\"text-align: justify\">Esta jornada se enmarca dentro del Programa Ikasiz, definido con las propuestas recogidas en el seno de Enpresa Gunea (Espacio formado por representantes de diferentes empresas de la comarca). Su objetivo es <strong>compartir conocimientos y experiencias<\/strong>, as\u00ed como la <strong>sensibilizaci\u00f3n y difusi\u00f3n de buenas pr\u00e1cticas en diferentes \u00e1mbitos de gesti\u00f3n de la empresa<\/strong>.<\/p>\n<p>Esta iniciativa ha sido apoyada por la Diputaci\u00f3n Foral de Gipuzkoa.<\/p>\n","protected":false},"excerpt":{"rendered":"<p>El pasado jueves, 21 de septiembre, Iraurgi Berritzen realiz\u00f3 una sesi\u00f3n de trabajo, en formato online, sobre el tema: \u00abContra el c\u00e1ncer en Urola Erdia\u00bb. Esta sesi\u00f3n de trabajo, dirigida a gerentes y\/o responsables de personas de empresas industriales de la comarca, tuvo como principal objetivo dar a conocer las actividades IN COMPANY de la [&hellip;]<\/p>\n","protected":false},"author":0,"featured_media":17035,"comment_status":"","ping_status":"closed","sticky":false,"template":"","format":"standard","meta":{"_acf_changed":false,"footnotes":""},"categories":[4],"tags":[],"class_list":["post-17036","post","type-post","status-publish","format-standard","has-post-thumbnail","hentry","category-noticias"],"acf":[],"yoast_head":"<!-- This site is optimized with the Yoast SEO plugin v27.4 - https:\/\/yoast.com\/product\/yoast-seo-wordpress\/ -->\n<title>Empresas de la comarca conocen las actividades IN COMPANY de la Asociaci\u00f3n Contra el C\u00e1ncer de Gipuzkoa y las posibilidades de colaboraci\u00f3n con la misma - Iraurgi Berritzen<\/title>\n<meta name=\"robots\" content=\"index, follow, max-snippet:-1, max-image-preview:large, max-video-preview:-1\" \/>\n<link rel=\"canonical\" href=\"https:\/\/iraurgiberritzen.eus\/es\/eskualdeko-enpresak-gipuzkoako-minbiziaren-aurkako-elkartearen-in-company-jarduerak-eta-enpresekin-lankidetzan-aritzeko-aukerak-ezagutuz-2\/\" \/>\n<meta property=\"og:locale\" content=\"es_ES\" \/>\n<meta property=\"og:type\" content=\"article\" \/>\n<meta property=\"og:title\" content=\"Empresas de la comarca conocen las actividades IN COMPANY de la Asociaci\u00f3n Contra el C\u00e1ncer de Gipuzkoa y las posibilidades de colaboraci\u00f3n con la misma - Iraurgi Berritzen\" \/>\n<meta property=\"og:description\" content=\"El pasado jueves, 21 de septiembre, Iraurgi Berritzen realiz\u00f3 una sesi\u00f3n de trabajo, en formato online, sobre el tema: \u00abContra el c\u00e1ncer en Urola Erdia\u00bb. Esta sesi\u00f3n de trabajo, dirigida a gerentes y\/o responsables de personas de empresas industriales de la comarca, tuvo como principal objetivo dar a conocer las actividades IN COMPANY de la [&hellip;]\" \/>\n<meta property=\"og:url\" content=\"https:\/\/iraurgiberritzen.eus\/es\/eskualdeko-enpresak-gipuzkoako-minbiziaren-aurkako-elkartearen-in-company-jarduerak-eta-enpresekin-lankidetzan-aritzeko-aukerak-ezagutuz-2\/\" \/>\n<meta property=\"og:site_name\" content=\"Iraurgi Berritzen\" \/>\n<meta property=\"article:published_time\" content=\"2023-09-22T08:51:03+00:00\" \/>\n<meta name=\"twitter:card\" content=\"summary_large_image\" \/>\n<meta name=\"twitter:label1\" content=\"Tiempo de lectura\" \/>\n\t<meta name=\"twitter:data1\" content=\"1 minuto\" \/>\n<script type=\"application\/ld+json\" class=\"yoast-schema-graph\">{\"@context\":\"https:\\\/\\\/schema.org\",\"@graph\":[{\"@type\":\"Article\",\"@id\":\"https:\\\/\\\/iraurgiberritzen.eus\\\/es\\\/eskualdeko-enpresak-gipuzkoako-minbiziaren-aurkako-elkartearen-in-company-jarduerak-eta-enpresekin-lankidetzan-aritzeko-aukerak-ezagutuz-2\\\/#article\",\"isPartOf\":{\"@id\":\"https:\\\/\\\/iraurgiberritzen.eus\\\/es\\\/eskualdeko-enpresak-gipuzkoako-minbiziaren-aurkako-elkartearen-in-company-jarduerak-eta-enpresekin-lankidetzan-aritzeko-aukerak-ezagutuz-2\\\/\"},\"author\":{\"name\":\"\",\"@id\":\"\"},\"headline\":\"Empresas de la comarca conocen las actividades IN COMPANY de la Asociaci\u00f3n Contra el C\u00e1ncer de Gipuzkoa y las posibilidades de colaboraci\u00f3n con la misma\",\"datePublished\":\"2023-09-22T08:51:03+00:00\",\"mainEntityOfPage\":{\"@id\":\"https:\\\/\\\/iraurgiberritzen.eus\\\/es\\\/eskualdeko-enpresak-gipuzkoako-minbiziaren-aurkako-elkartearen-in-company-jarduerak-eta-enpresekin-lankidetzan-aritzeko-aukerak-ezagutuz-2\\\/\"},\"wordCount\":189,\"publisher\":{\"@id\":\"https:\\\/\\\/iraurgiberritzen.eus\\\/es\\\/#organization\"},\"image\":{\"@id\":\"https:\\\/\\\/iraurgiberritzen.eus\\\/es\\\/eskualdeko-enpresak-gipuzkoako-minbiziaren-aurkako-elkartearen-in-company-jarduerak-eta-enpresekin-lankidetzan-aritzeko-aukerak-ezagutuz-2\\\/#primaryimage\"},\"thumbnailUrl\":\"https:\\\/\\\/iraurgiberritzen.eus\\\/wp-content\\\/uploads\\\/2024\\\/01\\\/b1da35673a92af40fb0d8e72cefac177.jpg\",\"articleSection\":[\"Noticias\"],\"inLanguage\":\"es\"},{\"@type\":\"WebPage\",\"@id\":\"https:\\\/\\\/iraurgiberritzen.eus\\\/es\\\/eskualdeko-enpresak-gipuzkoako-minbiziaren-aurkako-elkartearen-in-company-jarduerak-eta-enpresekin-lankidetzan-aritzeko-aukerak-ezagutuz-2\\\/\",\"url\":\"https:\\\/\\\/iraurgiberritzen.eus\\\/es\\\/eskualdeko-enpresak-gipuzkoako-minbiziaren-aurkako-elkartearen-in-company-jarduerak-eta-enpresekin-lankidetzan-aritzeko-aukerak-ezagutuz-2\\\/\",\"name\":\"Empresas de la comarca conocen las actividades IN COMPANY de la Asociaci\u00f3n Contra el C\u00e1ncer de Gipuzkoa y las posibilidades de colaboraci\u00f3n con la misma - Iraurgi Berritzen\",\"isPartOf\":{\"@id\":\"https:\\\/\\\/iraurgiberritzen.eus\\\/es\\\/#website\"},\"primaryImageOfPage\":{\"@id\":\"https:\\\/\\\/iraurgiberritzen.eus\\\/es\\\/eskualdeko-enpresak-gipuzkoako-minbiziaren-aurkako-elkartearen-in-company-jarduerak-eta-enpresekin-lankidetzan-aritzeko-aukerak-ezagutuz-2\\\/#primaryimage\"},\"image\":{\"@id\":\"https:\\\/\\\/iraurgiberritzen.eus\\\/es\\\/eskualdeko-enpresak-gipuzkoako-minbiziaren-aurkako-elkartearen-in-company-jarduerak-eta-enpresekin-lankidetzan-aritzeko-aukerak-ezagutuz-2\\\/#primaryimage\"},\"thumbnailUrl\":\"https:\\\/\\\/iraurgiberritzen.eus\\\/wp-content\\\/uploads\\\/2024\\\/01\\\/b1da35673a92af40fb0d8e72cefac177.jpg\",\"datePublished\":\"2023-09-22T08:51:03+00:00\",\"breadcrumb\":{\"@id\":\"https:\\\/\\\/iraurgiberritzen.eus\\\/es\\\/eskualdeko-enpresak-gipuzkoako-minbiziaren-aurkako-elkartearen-in-company-jarduerak-eta-enpresekin-lankidetzan-aritzeko-aukerak-ezagutuz-2\\\/#breadcrumb\"},\"inLanguage\":\"es\",\"potentialAction\":[{\"@type\":\"ReadAction\",\"target\":[\"https:\\\/\\\/iraurgiberritzen.eus\\\/es\\\/eskualdeko-enpresak-gipuzkoako-minbiziaren-aurkako-elkartearen-in-company-jarduerak-eta-enpresekin-lankidetzan-aritzeko-aukerak-ezagutuz-2\\\/\"]}]},{\"@type\":\"ImageObject\",\"inLanguage\":\"es\",\"@id\":\"https:\\\/\\\/iraurgiberritzen.eus\\\/es\\\/eskualdeko-enpresak-gipuzkoako-minbiziaren-aurkako-elkartearen-in-company-jarduerak-eta-enpresekin-lankidetzan-aritzeko-aukerak-ezagutuz-2\\\/#primaryimage\",\"url\":\"https:\\\/\\\/iraurgiberritzen.eus\\\/wp-content\\\/uploads\\\/2024\\\/01\\\/b1da35673a92af40fb0d8e72cefac177.jpg\",\"contentUrl\":\"https:\\\/\\\/iraurgiberritzen.eus\\\/wp-content\\\/uploads\\\/2024\\\/01\\\/b1da35673a92af40fb0d8e72cefac177.jpg\",\"width\":400,\"height\":257},{\"@type\":\"BreadcrumbList\",\"@id\":\"https:\\\/\\\/iraurgiberritzen.eus\\\/es\\\/eskualdeko-enpresak-gipuzkoako-minbiziaren-aurkako-elkartearen-in-company-jarduerak-eta-enpresekin-lankidetzan-aritzeko-aukerak-ezagutuz-2\\\/#breadcrumb\",\"itemListElement\":[{\"@type\":\"ListItem\",\"position\":1,\"name\":\"Home\",\"item\":\"https:\\\/\\\/iraurgiberritzen.eus\\\/es\\\/\"},{\"@type\":\"ListItem\",\"position\":2,\"name\":\"Empresas de la comarca conocen las actividades IN COMPANY de la Asociaci\u00f3n Contra el C\u00e1ncer de Gipuzkoa y las posibilidades de colaboraci\u00f3n con la misma\"}]},{\"@type\":\"WebSite\",\"@id\":\"https:\\\/\\\/iraurgiberritzen.eus\\\/es\\\/#website\",\"url\":\"https:\\\/\\\/iraurgiberritzen.eus\\\/es\\\/\",\"name\":\"Iraurgi Berritzen\",\"description\":\"Urola Erdiko Garapen Agentzia\",\"publisher\":{\"@id\":\"https:\\\/\\\/iraurgiberritzen.eus\\\/es\\\/#organization\"},\"potentialAction\":[{\"@type\":\"SearchAction\",\"target\":{\"@type\":\"EntryPoint\",\"urlTemplate\":\"https:\\\/\\\/iraurgiberritzen.eus\\\/es\\\/?s={search_term_string}\"},\"query-input\":{\"@type\":\"PropertyValueSpecification\",\"valueRequired\":true,\"valueName\":\"search_term_string\"}}],\"inLanguage\":\"es\"},{\"@type\":\"Organization\",\"@id\":\"https:\\\/\\\/iraurgiberritzen.eus\\\/es\\\/#organization\",\"name\":\"Iraurgi Berritzen\",\"url\":\"https:\\\/\\\/iraurgiberritzen.eus\\\/es\\\/\",\"logo\":{\"@type\":\"ImageObject\",\"inLanguage\":\"es\",\"@id\":\"https:\\\/\\\/iraurgiberritzen.eus\\\/es\\\/#\\\/schema\\\/logo\\\/image\\\/\",\"url\":\"https:\\\/\\\/iraurgiberritzen.eus\\\/wp-content\\\/uploads\\\/2024\\\/02\\\/IRAURGI-BERRITZEN-logotipoa_2.png\",\"contentUrl\":\"https:\\\/\\\/iraurgiberritzen.eus\\\/wp-content\\\/uploads\\\/2024\\\/02\\\/IRAURGI-BERRITZEN-logotipoa_2.png\",\"width\":496,\"height\":190,\"caption\":\"Iraurgi Berritzen\"},\"image\":{\"@id\":\"https:\\\/\\\/iraurgiberritzen.eus\\\/es\\\/#\\\/schema\\\/logo\\\/image\\\/\"}}]}<\/script>\n<!-- \/ Yoast SEO plugin. -->","yoast_head_json":{"title":"Empresas de la comarca conocen las actividades IN COMPANY de la Asociaci\u00f3n Contra el C\u00e1ncer de Gipuzkoa y las posibilidades de colaboraci\u00f3n con la misma - Iraurgi Berritzen","robots":{"index":"index","follow":"follow","max-snippet":"max-snippet:-1","max-image-preview":"max-image-preview:large","max-video-preview":"max-video-preview:-1"},"canonical":"https:\/\/iraurgiberritzen.eus\/es\/eskualdeko-enpresak-gipuzkoako-minbiziaren-aurkako-elkartearen-in-company-jarduerak-eta-enpresekin-lankidetzan-aritzeko-aukerak-ezagutuz-2\/","og_locale":"es_ES","og_type":"article","og_title":"Empresas de la comarca conocen las actividades IN COMPANY de la Asociaci\u00f3n Contra el C\u00e1ncer de Gipuzkoa y las posibilidades de colaboraci\u00f3n con la misma - Iraurgi Berritzen","og_description":"El pasado jueves, 21 de septiembre, Iraurgi Berritzen realiz\u00f3 una sesi\u00f3n de trabajo, en formato online, sobre el tema: \u00abContra el c\u00e1ncer en Urola Erdia\u00bb. Esta sesi\u00f3n de trabajo, dirigida a gerentes y\/o responsables de personas de empresas industriales de la comarca, tuvo como principal objetivo dar a conocer las actividades IN COMPANY de la [&hellip;]","og_url":"https:\/\/iraurgiberritzen.eus\/es\/eskualdeko-enpresak-gipuzkoako-minbiziaren-aurkako-elkartearen-in-company-jarduerak-eta-enpresekin-lankidetzan-aritzeko-aukerak-ezagutuz-2\/","og_site_name":"Iraurgi Berritzen","article_published_time":"2023-09-22T08:51:03+00:00","twitter_card":"summary_large_image","twitter_misc":{"Tiempo de lectura":"1 minuto"},"schema":{"@context":"https:\/\/schema.org","@graph":[{"@type":"Article","@id":"https:\/\/iraurgiberritzen.eus\/es\/eskualdeko-enpresak-gipuzkoako-minbiziaren-aurkako-elkartearen-in-company-jarduerak-eta-enpresekin-lankidetzan-aritzeko-aukerak-ezagutuz-2\/#article","isPartOf":{"@id":"https:\/\/iraurgiberritzen.eus\/es\/eskualdeko-enpresak-gipuzkoako-minbiziaren-aurkako-elkartearen-in-company-jarduerak-eta-enpresekin-lankidetzan-aritzeko-aukerak-ezagutuz-2\/"},"author":{"name":"","@id":""},"headline":"Empresas de la comarca conocen las actividades IN COMPANY de la Asociaci\u00f3n Contra el C\u00e1ncer de Gipuzkoa y las posibilidades de colaboraci\u00f3n con la misma","datePublished":"2023-09-22T08:51:03+00:00","mainEntityOfPage":{"@id":"https:\/\/iraurgiberritzen.eus\/es\/eskualdeko-enpresak-gipuzkoako-minbiziaren-aurkako-elkartearen-in-company-jarduerak-eta-enpresekin-lankidetzan-aritzeko-aukerak-ezagutuz-2\/"},"wordCount":189,"publisher":{"@id":"https:\/\/iraurgiberritzen.eus\/es\/#organization"},"image":{"@id":"https:\/\/iraurgiberritzen.eus\/es\/eskualdeko-enpresak-gipuzkoako-minbiziaren-aurkako-elkartearen-in-company-jarduerak-eta-enpresekin-lankidetzan-aritzeko-aukerak-ezagutuz-2\/#primaryimage"},"thumbnailUrl":"https:\/\/iraurgiberritzen.eus\/wp-content\/uploads\/2024\/01\/b1da35673a92af40fb0d8e72cefac177.jpg","articleSection":["Noticias"],"inLanguage":"es"},{"@type":"WebPage","@id":"https:\/\/iraurgiberritzen.eus\/es\/eskualdeko-enpresak-gipuzkoako-minbiziaren-aurkako-elkartearen-in-company-jarduerak-eta-enpresekin-lankidetzan-aritzeko-aukerak-ezagutuz-2\/","url":"https:\/\/iraurgiberritzen.eus\/es\/eskualdeko-enpresak-gipuzkoako-minbiziaren-aurkako-elkartearen-in-company-jarduerak-eta-enpresekin-lankidetzan-aritzeko-aukerak-ezagutuz-2\/","name":"Empresas de la comarca conocen las actividades IN COMPANY de la Asociaci\u00f3n Contra el C\u00e1ncer de Gipuzkoa y las posibilidades de colaboraci\u00f3n con la misma - Iraurgi Berritzen","isPartOf":{"@id":"https:\/\/iraurgiberritzen.eus\/es\/#website"},"primaryImageOfPage":{"@id":"https:\/\/iraurgiberritzen.eus\/es\/eskualdeko-enpresak-gipuzkoako-minbiziaren-aurkako-elkartearen-in-company-jarduerak-eta-enpresekin-lankidetzan-aritzeko-aukerak-ezagutuz-2\/#primaryimage"},"image":{"@id":"https:\/\/iraurgiberritzen.eus\/es\/eskualdeko-enpresak-gipuzkoako-minbiziaren-aurkako-elkartearen-in-company-jarduerak-eta-enpresekin-lankidetzan-aritzeko-aukerak-ezagutuz-2\/#primaryimage"},"thumbnailUrl":"https:\/\/iraurgiberritzen.eus\/wp-content\/uploads\/2024\/01\/b1da35673a92af40fb0d8e72cefac177.jpg","datePublished":"2023-09-22T08:51:03+00:00","breadcrumb":{"@id":"https:\/\/iraurgiberritzen.eus\/es\/eskualdeko-enpresak-gipuzkoako-minbiziaren-aurkako-elkartearen-in-company-jarduerak-eta-enpresekin-lankidetzan-aritzeko-aukerak-ezagutuz-2\/#breadcrumb"},"inLanguage":"es","potentialAction":[{"@type":"ReadAction","target":["https:\/\/iraurgiberritzen.eus\/es\/eskualdeko-enpresak-gipuzkoako-minbiziaren-aurkako-elkartearen-in-company-jarduerak-eta-enpresekin-lankidetzan-aritzeko-aukerak-ezagutuz-2\/"]}]},{"@type":"ImageObject","inLanguage":"es","@id":"https:\/\/iraurgiberritzen.eus\/es\/eskualdeko-enpresak-gipuzkoako-minbiziaren-aurkako-elkartearen-in-company-jarduerak-eta-enpresekin-lankidetzan-aritzeko-aukerak-ezagutuz-2\/#primaryimage","url":"https:\/\/iraurgiberritzen.eus\/wp-content\/uploads\/2024\/01\/b1da35673a92af40fb0d8e72cefac177.jpg","contentUrl":"https:\/\/iraurgiberritzen.eus\/wp-content\/uploads\/2024\/01\/b1da35673a92af40fb0d8e72cefac177.jpg","width":400,"height":257},{"@type":"BreadcrumbList","@id":"https:\/\/iraurgiberritzen.eus\/es\/eskualdeko-enpresak-gipuzkoako-minbiziaren-aurkako-elkartearen-in-company-jarduerak-eta-enpresekin-lankidetzan-aritzeko-aukerak-ezagutuz-2\/#breadcrumb","itemListElement":[{"@type":"ListItem","position":1,"name":"Home","item":"https:\/\/iraurgiberritzen.eus\/es\/"},{"@type":"ListItem","position":2,"name":"Empresas de la comarca conocen las actividades IN COMPANY de la Asociaci\u00f3n Contra el C\u00e1ncer de Gipuzkoa y las posibilidades de colaboraci\u00f3n con la misma"}]},{"@type":"WebSite","@id":"https:\/\/iraurgiberritzen.eus\/es\/#website","url":"https:\/\/iraurgiberritzen.eus\/es\/","name":"Iraurgi Berritzen","description":"Urola Erdiko Garapen Agentzia","publisher":{"@id":"https:\/\/iraurgiberritzen.eus\/es\/#organization"},"potentialAction":[{"@type":"SearchAction","target":{"@type":"EntryPoint","urlTemplate":"https:\/\/iraurgiberritzen.eus\/es\/?s={search_term_string}"},"query-input":{"@type":"PropertyValueSpecification","valueRequired":true,"valueName":"search_term_string"}}],"inLanguage":"es"},{"@type":"Organization","@id":"https:\/\/iraurgiberritzen.eus\/es\/#organization","name":"Iraurgi Berritzen","url":"https:\/\/iraurgiberritzen.eus\/es\/","logo":{"@type":"ImageObject","inLanguage":"es","@id":"https:\/\/iraurgiberritzen.eus\/es\/#\/schema\/logo\/image\/","url":"https:\/\/iraurgiberritzen.eus\/wp-content\/uploads\/2024\/02\/IRAURGI-BERRITZEN-logotipoa_2.png","contentUrl":"https:\/\/iraurgiberritzen.eus\/wp-content\/uploads\/2024\/02\/IRAURGI-BERRITZEN-logotipoa_2.png","width":496,"height":190,"caption":"Iraurgi Berritzen"},"image":{"@id":"https:\/\/iraurgiberritzen.eus\/es\/#\/schema\/logo\/image\/"}}]}},"_links":{"self":[{"href":"https:\/\/iraurgiberritzen.eus\/es\/wp-json\/wp\/v2\/posts\/17036","targetHints":{"allow":["GET"]}}],"collection":[{"href":"https:\/\/iraurgiberritzen.eus\/es\/wp-json\/wp\/v2\/posts"}],"about":[{"href":"https:\/\/iraurgiberritzen.eus\/es\/wp-json\/wp\/v2\/types\/post"}],"replies":[{"embeddable":true,"href":"https:\/\/iraurgiberritzen.eus\/es\/wp-json\/wp\/v2\/comments?post=17036"}],"version-history":[{"count":0,"href":"https:\/\/iraurgiberritzen.eus\/es\/wp-json\/wp\/v2\/posts\/17036\/revisions"}],"wp:featuredmedia":[{"embeddable":true,"href":"https:\/\/iraurgiberritzen.eus\/es\/wp-json\/wp\/v2\/media\/17035"}],"wp:attachment":[{"href":"https:\/\/iraurgiberritzen.eus\/es\/wp-json\/wp\/v2\/media?parent=17036"}],"wp:term":[{"taxonomy":"category","embeddable":true,"href":"https:\/\/iraurgiberritzen.eus\/es\/wp-json\/wp\/v2\/categories?post=17036"},{"taxonomy":"post_tag","embeddable":true,"href":"https:\/\/iraurgiberritzen.eus\/es\/wp-json\/wp\/v2\/tags?post=17036"}],"curies":[{"name":"wp","href":"https:\/\/api.w.org\/{rel}","templated":true}]}}