{"id":17044,"date":"2023-09-26T11:34:41","date_gmt":"2023-09-26T09:34:41","guid":{"rendered":"https:\/\/iraurgiberritzen.eus\/ib-hezkuntza-gunea-acuerda-las-lineas-generales-de-trabajo-del-curso-23-24\/"},"modified":"2023-09-26T11:34:41","modified_gmt":"2023-09-26T09:34:41","slug":"ib-hezkuntza-gunea-acuerda-las-lineas-generales-de-trabajo-del-curso-23-24","status":"publish","type":"post","link":"https:\/\/iraurgiberritzen.eus\/es\/ib-hezkuntza-gunea-acuerda-las-lineas-generales-de-trabajo-del-curso-23-24\/","title":{"rendered":"IB HEZKUNTZA GUNEA acuerda\u00a0las l\u00edneas generales de trabajo del curso 23\/24"},"content":{"rendered":"<p style=\"text-align: justify\">El 26 de septiembre se ha reunido Hezkuntza Gunea formado por los Directores de los 5 centros escolares de la comarca. El objetivo de la reuni\u00f3n ha sido compartir las prioridades 2023\/24 y acordar la planificaci\u00f3n de los proyectos a desarrollar a lo largo del curso.<\/p>\n<p style=\"text-align: justify\">Entre las l\u00edneas de trabajo acordadas en com\u00fan:<\/p>\n<ul style=\"text-align: justify\">\n<li style=\"text-align: justify\"><strong>Seguimiento de la l\u00ednea de trabajo IKASIZ.<\/strong> \u00abMejora del trabajo del profesorado\u00bb. Creaci\u00f3n de espacios colectivos e individuales orientados tanto a la sensibilizaci\u00f3n como a la capacitaci\u00f3n.<\/li>\n<li style=\"text-align: justify\"><strong>Proyecto Ikastetxeak Saretzen (IB Harremanak)<\/strong>. Desarrollo de espacios informales para seguir reforzando las relaciones entre los centros educativos y los diferentes agentes de la comarca.<\/li>\n<li style=\"text-align: justify\"><strong>Consolidaci\u00f3n y mejora de los proyectos en marcha<\/strong>: Elkarrekin Eraikitzen, Gerolan Orientaci\u00f3n, Steam Urola Erdian e Izan Ekintzaile.<\/li>\n<\/ul>\n<p style=\"text-align: justify\">El grupo de trabajo se re\u00fane 3 veces al a\u00f1o, consensuando prioridades desde el punto de vista estrat\u00e9gico, realizando las valoraciones pertinentes y tomando decisiones clave. <\/p>\n<p>El seguimiento operativo de cada proyecto se articula a trav\u00e9s de los grupos de trabajo formados por los diferentes proyectos l\u00edderes asociados a cada proyecto por parte de cada centro.<\/p>\n","protected":false},"excerpt":{"rendered":"<p>El 26 de septiembre se ha reunido Hezkuntza Gunea formado por los Directores de los 5 centros escolares de la comarca. El objetivo de la reuni\u00f3n ha sido compartir las prioridades 2023\/24 y acordar la planificaci\u00f3n de los proyectos a desarrollar a lo largo del curso. Entre las l\u00edneas de trabajo acordadas en com\u00fan: Seguimiento [&hellip;]<\/p>\n","protected":false},"author":0,"featured_media":17043,"comment_status":"","ping_status":"closed","sticky":false,"template":"","format":"standard","meta":{"_acf_changed":false,"footnotes":""},"categories":[4],"tags":[],"class_list":["post-17044","post","type-post","status-publish","format-standard","has-post-thumbnail","hentry","category-noticias"],"acf":[],"yoast_head":"<!-- This site is optimized with the Yoast SEO plugin v27.4 - https:\/\/yoast.com\/product\/yoast-seo-wordpress\/ -->\n<title>IB HEZKUNTZA GUNEA acuerda\u00a0las l\u00edneas generales de trabajo del curso 23\/24 - Iraurgi Berritzen<\/title>\n<meta name=\"robots\" content=\"index, follow, max-snippet:-1, max-image-preview:large, max-video-preview:-1\" \/>\n<link rel=\"canonical\" href=\"https:\/\/iraurgiberritzen.eus\/es\/ib-hezkuntza-gunea-acuerda-las-lineas-generales-de-trabajo-del-curso-23-24\/\" \/>\n<meta property=\"og:locale\" content=\"es_ES\" \/>\n<meta property=\"og:type\" content=\"article\" \/>\n<meta property=\"og:title\" content=\"IB HEZKUNTZA GUNEA acuerda\u00a0las l\u00edneas generales de trabajo del curso 23\/24 - Iraurgi Berritzen\" \/>\n<meta property=\"og:description\" content=\"El 26 de septiembre se ha reunido Hezkuntza Gunea formado por los Directores de los 5 centros escolares de la comarca. El objetivo de la reuni\u00f3n ha sido compartir las prioridades 2023\/24 y acordar la planificaci\u00f3n de los proyectos a desarrollar a lo largo del curso. Entre las l\u00edneas de trabajo acordadas en com\u00fan: Seguimiento [&hellip;]\" \/>\n<meta property=\"og:url\" content=\"https:\/\/iraurgiberritzen.eus\/es\/ib-hezkuntza-gunea-acuerda-las-lineas-generales-de-trabajo-del-curso-23-24\/\" \/>\n<meta property=\"og:site_name\" content=\"Iraurgi Berritzen\" \/>\n<meta property=\"article:published_time\" content=\"2023-09-26T09:34:41+00:00\" \/>\n<meta name=\"twitter:card\" content=\"summary_large_image\" \/>\n<meta name=\"twitter:label1\" content=\"Tiempo de lectura\" \/>\n\t<meta name=\"twitter:data1\" content=\"1 minuto\" \/>\n<script type=\"application\/ld+json\" class=\"yoast-schema-graph\">{\"@context\":\"https:\\\/\\\/schema.org\",\"@graph\":[{\"@type\":\"Article\",\"@id\":\"https:\\\/\\\/iraurgiberritzen.eus\\\/es\\\/ib-hezkuntza-gunea-acuerda-las-lineas-generales-de-trabajo-del-curso-23-24\\\/#article\",\"isPartOf\":{\"@id\":\"https:\\\/\\\/iraurgiberritzen.eus\\\/es\\\/ib-hezkuntza-gunea-acuerda-las-lineas-generales-de-trabajo-del-curso-23-24\\\/\"},\"author\":{\"name\":\"\",\"@id\":\"\"},\"headline\":\"IB HEZKUNTZA GUNEA acuerda\u00a0las l\u00edneas generales de trabajo del curso 23\\\/24\",\"datePublished\":\"2023-09-26T09:34:41+00:00\",\"mainEntityOfPage\":{\"@id\":\"https:\\\/\\\/iraurgiberritzen.eus\\\/es\\\/ib-hezkuntza-gunea-acuerda-las-lineas-generales-de-trabajo-del-curso-23-24\\\/\"},\"wordCount\":203,\"publisher\":{\"@id\":\"https:\\\/\\\/iraurgiberritzen.eus\\\/es\\\/#organization\"},\"image\":{\"@id\":\"https:\\\/\\\/iraurgiberritzen.eus\\\/es\\\/ib-hezkuntza-gunea-acuerda-las-lineas-generales-de-trabajo-del-curso-23-24\\\/#primaryimage\"},\"thumbnailUrl\":\"https:\\\/\\\/iraurgiberritzen.eus\\\/wp-content\\\/uploads\\\/2024\\\/01\\\/4d6d3df269546827fd20816c2996e16a.jpg\",\"articleSection\":[\"Noticias\"],\"inLanguage\":\"es\"},{\"@type\":\"WebPage\",\"@id\":\"https:\\\/\\\/iraurgiberritzen.eus\\\/es\\\/ib-hezkuntza-gunea-acuerda-las-lineas-generales-de-trabajo-del-curso-23-24\\\/\",\"url\":\"https:\\\/\\\/iraurgiberritzen.eus\\\/es\\\/ib-hezkuntza-gunea-acuerda-las-lineas-generales-de-trabajo-del-curso-23-24\\\/\",\"name\":\"IB HEZKUNTZA GUNEA acuerda\u00a0las l\u00edneas generales de trabajo del curso 23\\\/24 - Iraurgi Berritzen\",\"isPartOf\":{\"@id\":\"https:\\\/\\\/iraurgiberritzen.eus\\\/es\\\/#website\"},\"primaryImageOfPage\":{\"@id\":\"https:\\\/\\\/iraurgiberritzen.eus\\\/es\\\/ib-hezkuntza-gunea-acuerda-las-lineas-generales-de-trabajo-del-curso-23-24\\\/#primaryimage\"},\"image\":{\"@id\":\"https:\\\/\\\/iraurgiberritzen.eus\\\/es\\\/ib-hezkuntza-gunea-acuerda-las-lineas-generales-de-trabajo-del-curso-23-24\\\/#primaryimage\"},\"thumbnailUrl\":\"https:\\\/\\\/iraurgiberritzen.eus\\\/wp-content\\\/uploads\\\/2024\\\/01\\\/4d6d3df269546827fd20816c2996e16a.jpg\",\"datePublished\":\"2023-09-26T09:34:41+00:00\",\"breadcrumb\":{\"@id\":\"https:\\\/\\\/iraurgiberritzen.eus\\\/es\\\/ib-hezkuntza-gunea-acuerda-las-lineas-generales-de-trabajo-del-curso-23-24\\\/#breadcrumb\"},\"inLanguage\":\"es\",\"potentialAction\":[{\"@type\":\"ReadAction\",\"target\":[\"https:\\\/\\\/iraurgiberritzen.eus\\\/es\\\/ib-hezkuntza-gunea-acuerda-las-lineas-generales-de-trabajo-del-curso-23-24\\\/\"]}]},{\"@type\":\"ImageObject\",\"inLanguage\":\"es\",\"@id\":\"https:\\\/\\\/iraurgiberritzen.eus\\\/es\\\/ib-hezkuntza-gunea-acuerda-las-lineas-generales-de-trabajo-del-curso-23-24\\\/#primaryimage\",\"url\":\"https:\\\/\\\/iraurgiberritzen.eus\\\/wp-content\\\/uploads\\\/2024\\\/01\\\/4d6d3df269546827fd20816c2996e16a.jpg\",\"contentUrl\":\"https:\\\/\\\/iraurgiberritzen.eus\\\/wp-content\\\/uploads\\\/2024\\\/01\\\/4d6d3df269546827fd20816c2996e16a.jpg\",\"width\":400,\"height\":257},{\"@type\":\"BreadcrumbList\",\"@id\":\"https:\\\/\\\/iraurgiberritzen.eus\\\/es\\\/ib-hezkuntza-gunea-acuerda-las-lineas-generales-de-trabajo-del-curso-23-24\\\/#breadcrumb\",\"itemListElement\":[{\"@type\":\"ListItem\",\"position\":1,\"name\":\"Home\",\"item\":\"https:\\\/\\\/iraurgiberritzen.eus\\\/es\\\/\"},{\"@type\":\"ListItem\",\"position\":2,\"name\":\"IB HEZKUNTZA GUNEA acuerda\u00a0las l\u00edneas generales de trabajo del curso 23\\\/24\"}]},{\"@type\":\"WebSite\",\"@id\":\"https:\\\/\\\/iraurgiberritzen.eus\\\/es\\\/#website\",\"url\":\"https:\\\/\\\/iraurgiberritzen.eus\\\/es\\\/\",\"name\":\"Iraurgi Berritzen\",\"description\":\"Urola Erdiko Garapen Agentzia\",\"publisher\":{\"@id\":\"https:\\\/\\\/iraurgiberritzen.eus\\\/es\\\/#organization\"},\"potentialAction\":[{\"@type\":\"SearchAction\",\"target\":{\"@type\":\"EntryPoint\",\"urlTemplate\":\"https:\\\/\\\/iraurgiberritzen.eus\\\/es\\\/?s={search_term_string}\"},\"query-input\":{\"@type\":\"PropertyValueSpecification\",\"valueRequired\":true,\"valueName\":\"search_term_string\"}}],\"inLanguage\":\"es\"},{\"@type\":\"Organization\",\"@id\":\"https:\\\/\\\/iraurgiberritzen.eus\\\/es\\\/#organization\",\"name\":\"Iraurgi Berritzen\",\"url\":\"https:\\\/\\\/iraurgiberritzen.eus\\\/es\\\/\",\"logo\":{\"@type\":\"ImageObject\",\"inLanguage\":\"es\",\"@id\":\"https:\\\/\\\/iraurgiberritzen.eus\\\/es\\\/#\\\/schema\\\/logo\\\/image\\\/\",\"url\":\"https:\\\/\\\/iraurgiberritzen.eus\\\/wp-content\\\/uploads\\\/2024\\\/02\\\/IRAURGI-BERRITZEN-logotipoa_2.png\",\"contentUrl\":\"https:\\\/\\\/iraurgiberritzen.eus\\\/wp-content\\\/uploads\\\/2024\\\/02\\\/IRAURGI-BERRITZEN-logotipoa_2.png\",\"width\":496,\"height\":190,\"caption\":\"Iraurgi Berritzen\"},\"image\":{\"@id\":\"https:\\\/\\\/iraurgiberritzen.eus\\\/es\\\/#\\\/schema\\\/logo\\\/image\\\/\"}}]}<\/script>\n<!-- \/ Yoast SEO plugin. -->","yoast_head_json":{"title":"IB HEZKUNTZA GUNEA acuerda\u00a0las l\u00edneas generales de trabajo del curso 23\/24 - Iraurgi Berritzen","robots":{"index":"index","follow":"follow","max-snippet":"max-snippet:-1","max-image-preview":"max-image-preview:large","max-video-preview":"max-video-preview:-1"},"canonical":"https:\/\/iraurgiberritzen.eus\/es\/ib-hezkuntza-gunea-acuerda-las-lineas-generales-de-trabajo-del-curso-23-24\/","og_locale":"es_ES","og_type":"article","og_title":"IB HEZKUNTZA GUNEA acuerda\u00a0las l\u00edneas generales de trabajo del curso 23\/24 - Iraurgi Berritzen","og_description":"El 26 de septiembre se ha reunido Hezkuntza Gunea formado por los Directores de los 5 centros escolares de la comarca. El objetivo de la reuni\u00f3n ha sido compartir las prioridades 2023\/24 y acordar la planificaci\u00f3n de los proyectos a desarrollar a lo largo del curso. Entre las l\u00edneas de trabajo acordadas en com\u00fan: Seguimiento [&hellip;]","og_url":"https:\/\/iraurgiberritzen.eus\/es\/ib-hezkuntza-gunea-acuerda-las-lineas-generales-de-trabajo-del-curso-23-24\/","og_site_name":"Iraurgi Berritzen","article_published_time":"2023-09-26T09:34:41+00:00","twitter_card":"summary_large_image","twitter_misc":{"Tiempo de lectura":"1 minuto"},"schema":{"@context":"https:\/\/schema.org","@graph":[{"@type":"Article","@id":"https:\/\/iraurgiberritzen.eus\/es\/ib-hezkuntza-gunea-acuerda-las-lineas-generales-de-trabajo-del-curso-23-24\/#article","isPartOf":{"@id":"https:\/\/iraurgiberritzen.eus\/es\/ib-hezkuntza-gunea-acuerda-las-lineas-generales-de-trabajo-del-curso-23-24\/"},"author":{"name":"","@id":""},"headline":"IB HEZKUNTZA GUNEA acuerda\u00a0las l\u00edneas generales de trabajo del curso 23\/24","datePublished":"2023-09-26T09:34:41+00:00","mainEntityOfPage":{"@id":"https:\/\/iraurgiberritzen.eus\/es\/ib-hezkuntza-gunea-acuerda-las-lineas-generales-de-trabajo-del-curso-23-24\/"},"wordCount":203,"publisher":{"@id":"https:\/\/iraurgiberritzen.eus\/es\/#organization"},"image":{"@id":"https:\/\/iraurgiberritzen.eus\/es\/ib-hezkuntza-gunea-acuerda-las-lineas-generales-de-trabajo-del-curso-23-24\/#primaryimage"},"thumbnailUrl":"https:\/\/iraurgiberritzen.eus\/wp-content\/uploads\/2024\/01\/4d6d3df269546827fd20816c2996e16a.jpg","articleSection":["Noticias"],"inLanguage":"es"},{"@type":"WebPage","@id":"https:\/\/iraurgiberritzen.eus\/es\/ib-hezkuntza-gunea-acuerda-las-lineas-generales-de-trabajo-del-curso-23-24\/","url":"https:\/\/iraurgiberritzen.eus\/es\/ib-hezkuntza-gunea-acuerda-las-lineas-generales-de-trabajo-del-curso-23-24\/","name":"IB HEZKUNTZA GUNEA acuerda\u00a0las l\u00edneas generales de trabajo del curso 23\/24 - Iraurgi Berritzen","isPartOf":{"@id":"https:\/\/iraurgiberritzen.eus\/es\/#website"},"primaryImageOfPage":{"@id":"https:\/\/iraurgiberritzen.eus\/es\/ib-hezkuntza-gunea-acuerda-las-lineas-generales-de-trabajo-del-curso-23-24\/#primaryimage"},"image":{"@id":"https:\/\/iraurgiberritzen.eus\/es\/ib-hezkuntza-gunea-acuerda-las-lineas-generales-de-trabajo-del-curso-23-24\/#primaryimage"},"thumbnailUrl":"https:\/\/iraurgiberritzen.eus\/wp-content\/uploads\/2024\/01\/4d6d3df269546827fd20816c2996e16a.jpg","datePublished":"2023-09-26T09:34:41+00:00","breadcrumb":{"@id":"https:\/\/iraurgiberritzen.eus\/es\/ib-hezkuntza-gunea-acuerda-las-lineas-generales-de-trabajo-del-curso-23-24\/#breadcrumb"},"inLanguage":"es","potentialAction":[{"@type":"ReadAction","target":["https:\/\/iraurgiberritzen.eus\/es\/ib-hezkuntza-gunea-acuerda-las-lineas-generales-de-trabajo-del-curso-23-24\/"]}]},{"@type":"ImageObject","inLanguage":"es","@id":"https:\/\/iraurgiberritzen.eus\/es\/ib-hezkuntza-gunea-acuerda-las-lineas-generales-de-trabajo-del-curso-23-24\/#primaryimage","url":"https:\/\/iraurgiberritzen.eus\/wp-content\/uploads\/2024\/01\/4d6d3df269546827fd20816c2996e16a.jpg","contentUrl":"https:\/\/iraurgiberritzen.eus\/wp-content\/uploads\/2024\/01\/4d6d3df269546827fd20816c2996e16a.jpg","width":400,"height":257},{"@type":"BreadcrumbList","@id":"https:\/\/iraurgiberritzen.eus\/es\/ib-hezkuntza-gunea-acuerda-las-lineas-generales-de-trabajo-del-curso-23-24\/#breadcrumb","itemListElement":[{"@type":"ListItem","position":1,"name":"Home","item":"https:\/\/iraurgiberritzen.eus\/es\/"},{"@type":"ListItem","position":2,"name":"IB HEZKUNTZA GUNEA acuerda\u00a0las l\u00edneas generales de trabajo del curso 23\/24"}]},{"@type":"WebSite","@id":"https:\/\/iraurgiberritzen.eus\/es\/#website","url":"https:\/\/iraurgiberritzen.eus\/es\/","name":"Iraurgi Berritzen","description":"Urola Erdiko Garapen Agentzia","publisher":{"@id":"https:\/\/iraurgiberritzen.eus\/es\/#organization"},"potentialAction":[{"@type":"SearchAction","target":{"@type":"EntryPoint","urlTemplate":"https:\/\/iraurgiberritzen.eus\/es\/?s={search_term_string}"},"query-input":{"@type":"PropertyValueSpecification","valueRequired":true,"valueName":"search_term_string"}}],"inLanguage":"es"},{"@type":"Organization","@id":"https:\/\/iraurgiberritzen.eus\/es\/#organization","name":"Iraurgi Berritzen","url":"https:\/\/iraurgiberritzen.eus\/es\/","logo":{"@type":"ImageObject","inLanguage":"es","@id":"https:\/\/iraurgiberritzen.eus\/es\/#\/schema\/logo\/image\/","url":"https:\/\/iraurgiberritzen.eus\/wp-content\/uploads\/2024\/02\/IRAURGI-BERRITZEN-logotipoa_2.png","contentUrl":"https:\/\/iraurgiberritzen.eus\/wp-content\/uploads\/2024\/02\/IRAURGI-BERRITZEN-logotipoa_2.png","width":496,"height":190,"caption":"Iraurgi Berritzen"},"image":{"@id":"https:\/\/iraurgiberritzen.eus\/es\/#\/schema\/logo\/image\/"}}]}},"_links":{"self":[{"href":"https:\/\/iraurgiberritzen.eus\/es\/wp-json\/wp\/v2\/posts\/17044","targetHints":{"allow":["GET"]}}],"collection":[{"href":"https:\/\/iraurgiberritzen.eus\/es\/wp-json\/wp\/v2\/posts"}],"about":[{"href":"https:\/\/iraurgiberritzen.eus\/es\/wp-json\/wp\/v2\/types\/post"}],"replies":[{"embeddable":true,"href":"https:\/\/iraurgiberritzen.eus\/es\/wp-json\/wp\/v2\/comments?post=17044"}],"version-history":[{"count":0,"href":"https:\/\/iraurgiberritzen.eus\/es\/wp-json\/wp\/v2\/posts\/17044\/revisions"}],"wp:featuredmedia":[{"embeddable":true,"href":"https:\/\/iraurgiberritzen.eus\/es\/wp-json\/wp\/v2\/media\/17043"}],"wp:attachment":[{"href":"https:\/\/iraurgiberritzen.eus\/es\/wp-json\/wp\/v2\/media?parent=17044"}],"wp:term":[{"taxonomy":"category","embeddable":true,"href":"https:\/\/iraurgiberritzen.eus\/es\/wp-json\/wp\/v2\/categories?post=17044"},{"taxonomy":"post_tag","embeddable":true,"href":"https:\/\/iraurgiberritzen.eus\/es\/wp-json\/wp\/v2\/tags?post=17044"}],"curies":[{"name":"wp","href":"https:\/\/api.w.org\/{rel}","templated":true}]}}