{"id":17048,"date":"2023-09-28T11:18:06","date_gmt":"2023-09-28T09:18:06","guid":{"rendered":"https:\/\/iraurgiberritzen.eus\/pequenos-negocios-y-personas-emprendedoras-de-la-comarca-conocen-las-claves-para-el-traspaso-de-pequenos-negocios\/"},"modified":"2023-09-28T11:18:06","modified_gmt":"2023-09-28T09:18:06","slug":"pequenos-negocios-y-personas-emprendedoras-de-la-comarca-conocen-las-claves-para-el-traspaso-de-pequenos-negocios","status":"publish","type":"post","link":"https:\/\/iraurgiberritzen.eus\/es\/pequenos-negocios-y-personas-emprendedoras-de-la-comarca-conocen-las-claves-para-el-traspaso-de-pequenos-negocios\/","title":{"rendered":"Peque\u00f1os negocios y personas emprendedoras de la comarca conocen \u00abLas claves para el traspaso de peque\u00f1os negocios\u00bb"},"content":{"rendered":"<p style=\"text-align: justify\">La sesi\u00f3n de hoy ha sido un claro reflejo de lo que viviremos en los pr\u00f3ximos a\u00f1os. En ella han participado 25 personas de 20 peque\u00f1os negocios y establecimientos de la comarca. La preocupaci\u00f3n de todos es la falta de relevo, lo que supone el cierre de negocios rentables.<\/p>\n<p style=\"text-align: justify\">Como agentes socioecon\u00f3micos de la comarca, es nuestra labor seguir trabajando con las asociaciones de comerciantes de Azkoitia, Herrixen, como de Azpeitia, Bertan, as\u00ed como con otros agentes, con el objetivo de evitar el cierre de peque\u00f1os negocios. Si bien es cierto que el traspaso de negocios no es f\u00e1cil, en los \u00faltimos a\u00f1os se han dado varios casos de \u00e9xito en la comarca. Por ello, hoy se ha celebrado en el Elkargune de Azkoitia la sesi\u00f3n de trabajo donde se han presentado los aspectos a tener en cuenta en los procesos de traspaso de negocios, as\u00ed como las buenas pr\u00e1cticas que se han dado en la comarca.<\/p>\n<p style=\"text-align: justify\">En la sesi\u00f3n de trabajo se han presentado, en primer lugar, las claves a tener en cuenta en el traspaso de negocios de la mano de la consultora PKF Attest. De hecho, para que los procesos de traspaso sean exitosos, hay algunos detalles a tener en cuenta.<\/p>\n<p style=\"text-align: justify\">En la segunda parte en cambio, se han presentado las experiencias reales de los traspasos que ya se han dado en la comarca. Estas experiencias se han trabajado adem\u00e1s desde dos puntos de vista. Los asistentes de esta sesi\u00f3n, por un lado, han podido conocer los testimonios de quienes han dejado el negocio y lo han puesto a disposici\u00f3n de otra persona en traspaso. Acto seguido, han podido conocer la experiencia de los emprendedores que han decidido dar continuidad a un negocio que ya estaba en marcha.<\/p>\n<p style=\"text-align: justify\">La sesi\u00f3n de trabajo ha tenido la siguiente estructura:<\/p>\n<ul style=\"text-align: justify\">\n<li style=\"text-align: justify\">Bienvenida a cargo de las asociaciones de comerciantes.<\/li>\n<li style=\"text-align: justify\">Las claves del traspaso, de la mano de los expertos de PKF Attest.<\/li>\n<li style=\"text-align: justify\">Buenas pr\u00e1cticas:\n<ul>\n<li style=\"text-align: justify\">Papeler\u00eda Belaetxe hoy en d\u00eda Estudio gr\u00e1fico Mendata (Veronica Gallarin), receptora.<\/li>\n<li style=\"text-align: justify\">Memphis, en la actualidad Mima complementos para el hogar (Oihana Goenaga), receptora.<\/li>\n<li style=\"text-align: justify\">Urola Express Bar, Nagore Alberdi, receptora.<\/li>\n<li style=\"text-align: justify\">Tienda de ropa Grieta, Marian Fern\u00e1ndez, cedente.<\/li>\n<\/ul>\n<\/li>\n<\/ul>\n<p style=\"text-align: justify\">Cierre de la sesi\u00f3n, a cargo de Iraurgi Berritzen.<\/p>\n<p style=\"text-align: justify\">Los organizadores de esta iniciativa han sido la asociaci\u00f3n de comerciantes de Azkoitia-Herrixen, la asociaci\u00f3n de comerciantes de Azpeitia-Bertan, los ayuntamientos de Azkoitia y Azpeitia, Iraurgi Berritzen y la Diputaci\u00f3n Foral de Gipuzkoa.<\/p>\n","protected":false},"excerpt":{"rendered":"<p>La sesi\u00f3n de hoy ha sido un claro reflejo de lo que viviremos en los pr\u00f3ximos a\u00f1os. En ella han participado 25 personas de 20 peque\u00f1os negocios y establecimientos de la comarca. La preocupaci\u00f3n de todos es la falta de relevo, lo que supone el cierre de negocios rentables. Como agentes socioecon\u00f3micos de la comarca, [&hellip;]<\/p>\n","protected":false},"author":0,"featured_media":17047,"comment_status":"","ping_status":"closed","sticky":false,"template":"","format":"standard","meta":{"_acf_changed":false,"footnotes":""},"categories":[4],"tags":[],"class_list":["post-17048","post","type-post","status-publish","format-standard","has-post-thumbnail","hentry","category-noticias"],"acf":[],"yoast_head":"<!-- This site is optimized with the Yoast SEO plugin v27.4 - https:\/\/yoast.com\/product\/yoast-seo-wordpress\/ -->\n<title>Peque\u00f1os negocios y personas emprendedoras de la comarca conocen &quot;Las claves para el traspaso de peque\u00f1os negocios&quot; - Iraurgi Berritzen<\/title>\n<meta name=\"robots\" content=\"index, follow, max-snippet:-1, max-image-preview:large, max-video-preview:-1\" \/>\n<link rel=\"canonical\" href=\"https:\/\/iraurgiberritzen.eus\/es\/pequenos-negocios-y-personas-emprendedoras-de-la-comarca-conocen-las-claves-para-el-traspaso-de-pequenos-negocios\/\" \/>\n<meta property=\"og:locale\" content=\"es_ES\" \/>\n<meta property=\"og:type\" content=\"article\" \/>\n<meta property=\"og:title\" content=\"Peque\u00f1os negocios y personas emprendedoras de la comarca conocen &quot;Las claves para el traspaso de peque\u00f1os negocios&quot; - Iraurgi Berritzen\" \/>\n<meta property=\"og:description\" content=\"La sesi\u00f3n de hoy ha sido un claro reflejo de lo que viviremos en los pr\u00f3ximos a\u00f1os. En ella han participado 25 personas de 20 peque\u00f1os negocios y establecimientos de la comarca. La preocupaci\u00f3n de todos es la falta de relevo, lo que supone el cierre de negocios rentables. Como agentes socioecon\u00f3micos de la comarca, [&hellip;]\" \/>\n<meta property=\"og:url\" content=\"https:\/\/iraurgiberritzen.eus\/es\/pequenos-negocios-y-personas-emprendedoras-de-la-comarca-conocen-las-claves-para-el-traspaso-de-pequenos-negocios\/\" \/>\n<meta property=\"og:site_name\" content=\"Iraurgi Berritzen\" \/>\n<meta property=\"article:published_time\" content=\"2023-09-28T09:18:06+00:00\" \/>\n<meta name=\"twitter:card\" content=\"summary_large_image\" \/>\n<meta name=\"twitter:label1\" content=\"Tiempo de lectura\" \/>\n\t<meta name=\"twitter:data1\" content=\"2 minutos\" \/>\n<script type=\"application\/ld+json\" class=\"yoast-schema-graph\">{\"@context\":\"https:\\\/\\\/schema.org\",\"@graph\":[{\"@type\":\"Article\",\"@id\":\"https:\\\/\\\/iraurgiberritzen.eus\\\/es\\\/pequenos-negocios-y-personas-emprendedoras-de-la-comarca-conocen-las-claves-para-el-traspaso-de-pequenos-negocios\\\/#article\",\"isPartOf\":{\"@id\":\"https:\\\/\\\/iraurgiberritzen.eus\\\/es\\\/pequenos-negocios-y-personas-emprendedoras-de-la-comarca-conocen-las-claves-para-el-traspaso-de-pequenos-negocios\\\/\"},\"author\":{\"name\":\"\",\"@id\":\"\"},\"headline\":\"Peque\u00f1os negocios y personas emprendedoras de la comarca conocen \u00abLas claves para el traspaso de peque\u00f1os negocios\u00bb\",\"datePublished\":\"2023-09-28T09:18:06+00:00\",\"mainEntityOfPage\":{\"@id\":\"https:\\\/\\\/iraurgiberritzen.eus\\\/es\\\/pequenos-negocios-y-personas-emprendedoras-de-la-comarca-conocen-las-claves-para-el-traspaso-de-pequenos-negocios\\\/\"},\"wordCount\":443,\"publisher\":{\"@id\":\"https:\\\/\\\/iraurgiberritzen.eus\\\/es\\\/#organization\"},\"image\":{\"@id\":\"https:\\\/\\\/iraurgiberritzen.eus\\\/es\\\/pequenos-negocios-y-personas-emprendedoras-de-la-comarca-conocen-las-claves-para-el-traspaso-de-pequenos-negocios\\\/#primaryimage\"},\"thumbnailUrl\":\"https:\\\/\\\/iraurgiberritzen.eus\\\/wp-content\\\/uploads\\\/2024\\\/01\\\/01db144526716df630e705de85c35be7.jpg\",\"articleSection\":[\"Noticias\"],\"inLanguage\":\"es\"},{\"@type\":\"WebPage\",\"@id\":\"https:\\\/\\\/iraurgiberritzen.eus\\\/es\\\/pequenos-negocios-y-personas-emprendedoras-de-la-comarca-conocen-las-claves-para-el-traspaso-de-pequenos-negocios\\\/\",\"url\":\"https:\\\/\\\/iraurgiberritzen.eus\\\/es\\\/pequenos-negocios-y-personas-emprendedoras-de-la-comarca-conocen-las-claves-para-el-traspaso-de-pequenos-negocios\\\/\",\"name\":\"Peque\u00f1os negocios y personas emprendedoras de la comarca conocen \\\"Las claves para el traspaso de peque\u00f1os negocios\\\" - Iraurgi Berritzen\",\"isPartOf\":{\"@id\":\"https:\\\/\\\/iraurgiberritzen.eus\\\/es\\\/#website\"},\"primaryImageOfPage\":{\"@id\":\"https:\\\/\\\/iraurgiberritzen.eus\\\/es\\\/pequenos-negocios-y-personas-emprendedoras-de-la-comarca-conocen-las-claves-para-el-traspaso-de-pequenos-negocios\\\/#primaryimage\"},\"image\":{\"@id\":\"https:\\\/\\\/iraurgiberritzen.eus\\\/es\\\/pequenos-negocios-y-personas-emprendedoras-de-la-comarca-conocen-las-claves-para-el-traspaso-de-pequenos-negocios\\\/#primaryimage\"},\"thumbnailUrl\":\"https:\\\/\\\/iraurgiberritzen.eus\\\/wp-content\\\/uploads\\\/2024\\\/01\\\/01db144526716df630e705de85c35be7.jpg\",\"datePublished\":\"2023-09-28T09:18:06+00:00\",\"breadcrumb\":{\"@id\":\"https:\\\/\\\/iraurgiberritzen.eus\\\/es\\\/pequenos-negocios-y-personas-emprendedoras-de-la-comarca-conocen-las-claves-para-el-traspaso-de-pequenos-negocios\\\/#breadcrumb\"},\"inLanguage\":\"es\",\"potentialAction\":[{\"@type\":\"ReadAction\",\"target\":[\"https:\\\/\\\/iraurgiberritzen.eus\\\/es\\\/pequenos-negocios-y-personas-emprendedoras-de-la-comarca-conocen-las-claves-para-el-traspaso-de-pequenos-negocios\\\/\"]}]},{\"@type\":\"ImageObject\",\"inLanguage\":\"es\",\"@id\":\"https:\\\/\\\/iraurgiberritzen.eus\\\/es\\\/pequenos-negocios-y-personas-emprendedoras-de-la-comarca-conocen-las-claves-para-el-traspaso-de-pequenos-negocios\\\/#primaryimage\",\"url\":\"https:\\\/\\\/iraurgiberritzen.eus\\\/wp-content\\\/uploads\\\/2024\\\/01\\\/01db144526716df630e705de85c35be7.jpg\",\"contentUrl\":\"https:\\\/\\\/iraurgiberritzen.eus\\\/wp-content\\\/uploads\\\/2024\\\/01\\\/01db144526716df630e705de85c35be7.jpg\",\"width\":400,\"height\":257},{\"@type\":\"BreadcrumbList\",\"@id\":\"https:\\\/\\\/iraurgiberritzen.eus\\\/es\\\/pequenos-negocios-y-personas-emprendedoras-de-la-comarca-conocen-las-claves-para-el-traspaso-de-pequenos-negocios\\\/#breadcrumb\",\"itemListElement\":[{\"@type\":\"ListItem\",\"position\":1,\"name\":\"Home\",\"item\":\"https:\\\/\\\/iraurgiberritzen.eus\\\/es\\\/\"},{\"@type\":\"ListItem\",\"position\":2,\"name\":\"Peque\u00f1os negocios y personas emprendedoras de la comarca conocen &#8220;Las claves para el traspaso de peque\u00f1os negocios&#8221;\"}]},{\"@type\":\"WebSite\",\"@id\":\"https:\\\/\\\/iraurgiberritzen.eus\\\/es\\\/#website\",\"url\":\"https:\\\/\\\/iraurgiberritzen.eus\\\/es\\\/\",\"name\":\"Iraurgi Berritzen\",\"description\":\"Urola Erdiko Garapen Agentzia\",\"publisher\":{\"@id\":\"https:\\\/\\\/iraurgiberritzen.eus\\\/es\\\/#organization\"},\"potentialAction\":[{\"@type\":\"SearchAction\",\"target\":{\"@type\":\"EntryPoint\",\"urlTemplate\":\"https:\\\/\\\/iraurgiberritzen.eus\\\/es\\\/?s={search_term_string}\"},\"query-input\":{\"@type\":\"PropertyValueSpecification\",\"valueRequired\":true,\"valueName\":\"search_term_string\"}}],\"inLanguage\":\"es\"},{\"@type\":\"Organization\",\"@id\":\"https:\\\/\\\/iraurgiberritzen.eus\\\/es\\\/#organization\",\"name\":\"Iraurgi Berritzen\",\"url\":\"https:\\\/\\\/iraurgiberritzen.eus\\\/es\\\/\",\"logo\":{\"@type\":\"ImageObject\",\"inLanguage\":\"es\",\"@id\":\"https:\\\/\\\/iraurgiberritzen.eus\\\/es\\\/#\\\/schema\\\/logo\\\/image\\\/\",\"url\":\"https:\\\/\\\/iraurgiberritzen.eus\\\/wp-content\\\/uploads\\\/2024\\\/02\\\/IRAURGI-BERRITZEN-logotipoa_2.png\",\"contentUrl\":\"https:\\\/\\\/iraurgiberritzen.eus\\\/wp-content\\\/uploads\\\/2024\\\/02\\\/IRAURGI-BERRITZEN-logotipoa_2.png\",\"width\":496,\"height\":190,\"caption\":\"Iraurgi Berritzen\"},\"image\":{\"@id\":\"https:\\\/\\\/iraurgiberritzen.eus\\\/es\\\/#\\\/schema\\\/logo\\\/image\\\/\"}}]}<\/script>\n<!-- \/ Yoast SEO plugin. -->","yoast_head_json":{"title":"Peque\u00f1os negocios y personas emprendedoras de la comarca conocen \"Las claves para el traspaso de peque\u00f1os negocios\" - Iraurgi Berritzen","robots":{"index":"index","follow":"follow","max-snippet":"max-snippet:-1","max-image-preview":"max-image-preview:large","max-video-preview":"max-video-preview:-1"},"canonical":"https:\/\/iraurgiberritzen.eus\/es\/pequenos-negocios-y-personas-emprendedoras-de-la-comarca-conocen-las-claves-para-el-traspaso-de-pequenos-negocios\/","og_locale":"es_ES","og_type":"article","og_title":"Peque\u00f1os negocios y personas emprendedoras de la comarca conocen \"Las claves para el traspaso de peque\u00f1os negocios\" - Iraurgi Berritzen","og_description":"La sesi\u00f3n de hoy ha sido un claro reflejo de lo que viviremos en los pr\u00f3ximos a\u00f1os. En ella han participado 25 personas de 20 peque\u00f1os negocios y establecimientos de la comarca. La preocupaci\u00f3n de todos es la falta de relevo, lo que supone el cierre de negocios rentables. Como agentes socioecon\u00f3micos de la comarca, [&hellip;]","og_url":"https:\/\/iraurgiberritzen.eus\/es\/pequenos-negocios-y-personas-emprendedoras-de-la-comarca-conocen-las-claves-para-el-traspaso-de-pequenos-negocios\/","og_site_name":"Iraurgi Berritzen","article_published_time":"2023-09-28T09:18:06+00:00","twitter_card":"summary_large_image","twitter_misc":{"Tiempo de lectura":"2 minutos"},"schema":{"@context":"https:\/\/schema.org","@graph":[{"@type":"Article","@id":"https:\/\/iraurgiberritzen.eus\/es\/pequenos-negocios-y-personas-emprendedoras-de-la-comarca-conocen-las-claves-para-el-traspaso-de-pequenos-negocios\/#article","isPartOf":{"@id":"https:\/\/iraurgiberritzen.eus\/es\/pequenos-negocios-y-personas-emprendedoras-de-la-comarca-conocen-las-claves-para-el-traspaso-de-pequenos-negocios\/"},"author":{"name":"","@id":""},"headline":"Peque\u00f1os negocios y personas emprendedoras de la comarca conocen \u00abLas claves para el traspaso de peque\u00f1os negocios\u00bb","datePublished":"2023-09-28T09:18:06+00:00","mainEntityOfPage":{"@id":"https:\/\/iraurgiberritzen.eus\/es\/pequenos-negocios-y-personas-emprendedoras-de-la-comarca-conocen-las-claves-para-el-traspaso-de-pequenos-negocios\/"},"wordCount":443,"publisher":{"@id":"https:\/\/iraurgiberritzen.eus\/es\/#organization"},"image":{"@id":"https:\/\/iraurgiberritzen.eus\/es\/pequenos-negocios-y-personas-emprendedoras-de-la-comarca-conocen-las-claves-para-el-traspaso-de-pequenos-negocios\/#primaryimage"},"thumbnailUrl":"https:\/\/iraurgiberritzen.eus\/wp-content\/uploads\/2024\/01\/01db144526716df630e705de85c35be7.jpg","articleSection":["Noticias"],"inLanguage":"es"},{"@type":"WebPage","@id":"https:\/\/iraurgiberritzen.eus\/es\/pequenos-negocios-y-personas-emprendedoras-de-la-comarca-conocen-las-claves-para-el-traspaso-de-pequenos-negocios\/","url":"https:\/\/iraurgiberritzen.eus\/es\/pequenos-negocios-y-personas-emprendedoras-de-la-comarca-conocen-las-claves-para-el-traspaso-de-pequenos-negocios\/","name":"Peque\u00f1os negocios y personas emprendedoras de la comarca conocen \"Las claves para el traspaso de peque\u00f1os negocios\" - Iraurgi Berritzen","isPartOf":{"@id":"https:\/\/iraurgiberritzen.eus\/es\/#website"},"primaryImageOfPage":{"@id":"https:\/\/iraurgiberritzen.eus\/es\/pequenos-negocios-y-personas-emprendedoras-de-la-comarca-conocen-las-claves-para-el-traspaso-de-pequenos-negocios\/#primaryimage"},"image":{"@id":"https:\/\/iraurgiberritzen.eus\/es\/pequenos-negocios-y-personas-emprendedoras-de-la-comarca-conocen-las-claves-para-el-traspaso-de-pequenos-negocios\/#primaryimage"},"thumbnailUrl":"https:\/\/iraurgiberritzen.eus\/wp-content\/uploads\/2024\/01\/01db144526716df630e705de85c35be7.jpg","datePublished":"2023-09-28T09:18:06+00:00","breadcrumb":{"@id":"https:\/\/iraurgiberritzen.eus\/es\/pequenos-negocios-y-personas-emprendedoras-de-la-comarca-conocen-las-claves-para-el-traspaso-de-pequenos-negocios\/#breadcrumb"},"inLanguage":"es","potentialAction":[{"@type":"ReadAction","target":["https:\/\/iraurgiberritzen.eus\/es\/pequenos-negocios-y-personas-emprendedoras-de-la-comarca-conocen-las-claves-para-el-traspaso-de-pequenos-negocios\/"]}]},{"@type":"ImageObject","inLanguage":"es","@id":"https:\/\/iraurgiberritzen.eus\/es\/pequenos-negocios-y-personas-emprendedoras-de-la-comarca-conocen-las-claves-para-el-traspaso-de-pequenos-negocios\/#primaryimage","url":"https:\/\/iraurgiberritzen.eus\/wp-content\/uploads\/2024\/01\/01db144526716df630e705de85c35be7.jpg","contentUrl":"https:\/\/iraurgiberritzen.eus\/wp-content\/uploads\/2024\/01\/01db144526716df630e705de85c35be7.jpg","width":400,"height":257},{"@type":"BreadcrumbList","@id":"https:\/\/iraurgiberritzen.eus\/es\/pequenos-negocios-y-personas-emprendedoras-de-la-comarca-conocen-las-claves-para-el-traspaso-de-pequenos-negocios\/#breadcrumb","itemListElement":[{"@type":"ListItem","position":1,"name":"Home","item":"https:\/\/iraurgiberritzen.eus\/es\/"},{"@type":"ListItem","position":2,"name":"Peque\u00f1os negocios y personas emprendedoras de la comarca conocen &#8220;Las claves para el traspaso de peque\u00f1os negocios&#8221;"}]},{"@type":"WebSite","@id":"https:\/\/iraurgiberritzen.eus\/es\/#website","url":"https:\/\/iraurgiberritzen.eus\/es\/","name":"Iraurgi Berritzen","description":"Urola Erdiko Garapen Agentzia","publisher":{"@id":"https:\/\/iraurgiberritzen.eus\/es\/#organization"},"potentialAction":[{"@type":"SearchAction","target":{"@type":"EntryPoint","urlTemplate":"https:\/\/iraurgiberritzen.eus\/es\/?s={search_term_string}"},"query-input":{"@type":"PropertyValueSpecification","valueRequired":true,"valueName":"search_term_string"}}],"inLanguage":"es"},{"@type":"Organization","@id":"https:\/\/iraurgiberritzen.eus\/es\/#organization","name":"Iraurgi Berritzen","url":"https:\/\/iraurgiberritzen.eus\/es\/","logo":{"@type":"ImageObject","inLanguage":"es","@id":"https:\/\/iraurgiberritzen.eus\/es\/#\/schema\/logo\/image\/","url":"https:\/\/iraurgiberritzen.eus\/wp-content\/uploads\/2024\/02\/IRAURGI-BERRITZEN-logotipoa_2.png","contentUrl":"https:\/\/iraurgiberritzen.eus\/wp-content\/uploads\/2024\/02\/IRAURGI-BERRITZEN-logotipoa_2.png","width":496,"height":190,"caption":"Iraurgi Berritzen"},"image":{"@id":"https:\/\/iraurgiberritzen.eus\/es\/#\/schema\/logo\/image\/"}}]}},"_links":{"self":[{"href":"https:\/\/iraurgiberritzen.eus\/es\/wp-json\/wp\/v2\/posts\/17048","targetHints":{"allow":["GET"]}}],"collection":[{"href":"https:\/\/iraurgiberritzen.eus\/es\/wp-json\/wp\/v2\/posts"}],"about":[{"href":"https:\/\/iraurgiberritzen.eus\/es\/wp-json\/wp\/v2\/types\/post"}],"replies":[{"embeddable":true,"href":"https:\/\/iraurgiberritzen.eus\/es\/wp-json\/wp\/v2\/comments?post=17048"}],"version-history":[{"count":0,"href":"https:\/\/iraurgiberritzen.eus\/es\/wp-json\/wp\/v2\/posts\/17048\/revisions"}],"wp:featuredmedia":[{"embeddable":true,"href":"https:\/\/iraurgiberritzen.eus\/es\/wp-json\/wp\/v2\/media\/17047"}],"wp:attachment":[{"href":"https:\/\/iraurgiberritzen.eus\/es\/wp-json\/wp\/v2\/media?parent=17048"}],"wp:term":[{"taxonomy":"category","embeddable":true,"href":"https:\/\/iraurgiberritzen.eus\/es\/wp-json\/wp\/v2\/categories?post=17048"},{"taxonomy":"post_tag","embeddable":true,"href":"https:\/\/iraurgiberritzen.eus\/es\/wp-json\/wp\/v2\/tags?post=17048"}],"curies":[{"name":"wp","href":"https:\/\/api.w.org\/{rel}","templated":true}]}}