{"id":17056,"date":"2023-10-18T10:52:52","date_gmt":"2023-10-18T08:52:52","guid":{"rendered":"https:\/\/iraurgiberritzen.eus\/la-gobernanza-y-analitica-de-los-datos-en-las-empresas-industriales-de-la-comarca\/"},"modified":"2023-10-18T10:52:52","modified_gmt":"2023-10-18T08:52:52","slug":"la-gobernanza-y-analitica-de-los-datos-en-las-empresas-industriales-de-la-comarca","status":"publish","type":"post","link":"https:\/\/iraurgiberritzen.eus\/es\/la-gobernanza-y-analitica-de-los-datos-en-las-empresas-industriales-de-la-comarca\/","title":{"rendered":"La gobernanza y anal\u00edtica de los datos en las empresas industriales de la comarca"},"content":{"rendered":"<p style=\"text-align: justify\">Bajo el lema \u201cGobernanza de datos\u201d y dirigido a las empresas industriales de la comarca, se ha celebrado en la comarca un seminario compuesto por dos sesiones de trabajo.<\/p>\n<p style=\"text-align: justify\">Las sesiones de trabajo, celebradas el 27 de septiembre y el 18 de octubre, han contado con la participaci\u00f3n de responsables de IT y de diferentes departamentos de las empresas industriales de la comarca.<\/p>\n<p style=\"text-align: justify\">La iniciativa pretende dar respuesta a una necesidad identificada en el grupo de trabajo de los responsables de IT de la comarca, y su objetivo consiste en sensibilizar las empresas industriales de la comarca en la gesti\u00f3n de datos, adem\u00e1s de compartir experiencias entre las empresas participantes.<\/p>\n<p style=\"text-align: justify\">En la primera sesi\u00f3n de trabajo se han trabajado conceptos y puntos clave para una buena gobernanza de los datos. En ella se han trabajado los elementos y aspectos cr\u00edticos para que las empresas industriales puedan avanzar tanto en la gesti\u00f3n como en la anal\u00edtica de datos.<\/p>\n<p style=\"text-align: justify\">En cambio, en la segunda sesi\u00f3n de trabajo se han presentado y analizado ejemplos reales en diferentes \u00e1mbitos de la empresa. A trav\u00e9s de estos ejemplos se han podido conocer diferentes soluciones y herramientas que hoy en d\u00eda son tendencia en la gesti\u00f3n y anal\u00edtica de datos. Al t\u00e9rmino de la sesi\u00f3n de trabajo se han compartido las acciones que cada empresa quiere trabajar en los pr\u00f3ximos meses.<\/p>\n<p style=\"text-align: justify\">La iniciativa liderada por Iraurgi Berritzen -agencia de desarrollo e innovaci\u00f3n de Urola Erdia-, se suma al compromiso de la entidad de impulsar la transici\u00f3n digital en las empresas industriales de la comarca y en los pr\u00f3ximos meses prev\u00e9 poner en marcha nuevas iniciativas referentes a la gobernanza y anal\u00edtica de datos.<\/p>\n<p style=\"text-align: justify\">Los contenidos del seminario han sido desarrollados por la entidad consultora \u201cDigitalentu\u201d y la iniciativa ha sido apoyada por la Diputaci\u00f3n Foral de Gipuzkoa.<\/p>\n","protected":false},"excerpt":{"rendered":"<p>Bajo el lema \u201cGobernanza de datos\u201d y dirigido a las empresas industriales de la comarca, se ha celebrado en la comarca un seminario compuesto por dos sesiones de trabajo. Las sesiones de trabajo, celebradas el 27 de septiembre y el 18 de octubre, han contado con la participaci\u00f3n de responsables de IT y de diferentes [&hellip;]<\/p>\n","protected":false},"author":0,"featured_media":17055,"comment_status":"","ping_status":"closed","sticky":false,"template":"","format":"standard","meta":{"_acf_changed":false,"footnotes":""},"categories":[4],"tags":[],"class_list":["post-17056","post","type-post","status-publish","format-standard","has-post-thumbnail","hentry","category-noticias"],"acf":[],"yoast_head":"<!-- This site is optimized with the Yoast SEO plugin v27.4 - https:\/\/yoast.com\/product\/yoast-seo-wordpress\/ -->\n<title>La gobernanza y anal\u00edtica de los datos en las empresas industriales de la comarca - Iraurgi Berritzen<\/title>\n<meta name=\"robots\" content=\"index, follow, max-snippet:-1, max-image-preview:large, max-video-preview:-1\" \/>\n<link rel=\"canonical\" href=\"https:\/\/iraurgiberritzen.eus\/es\/la-gobernanza-y-analitica-de-los-datos-en-las-empresas-industriales-de-la-comarca\/\" \/>\n<meta property=\"og:locale\" content=\"es_ES\" \/>\n<meta property=\"og:type\" content=\"article\" \/>\n<meta property=\"og:title\" content=\"La gobernanza y anal\u00edtica de los datos en las empresas industriales de la comarca - Iraurgi Berritzen\" \/>\n<meta property=\"og:description\" content=\"Bajo el lema \u201cGobernanza de datos\u201d y dirigido a las empresas industriales de la comarca, se ha celebrado en la comarca un seminario compuesto por dos sesiones de trabajo. Las sesiones de trabajo, celebradas el 27 de septiembre y el 18 de octubre, han contado con la participaci\u00f3n de responsables de IT y de diferentes [&hellip;]\" \/>\n<meta property=\"og:url\" content=\"https:\/\/iraurgiberritzen.eus\/es\/la-gobernanza-y-analitica-de-los-datos-en-las-empresas-industriales-de-la-comarca\/\" \/>\n<meta property=\"og:site_name\" content=\"Iraurgi Berritzen\" \/>\n<meta property=\"article:published_time\" content=\"2023-10-18T08:52:52+00:00\" \/>\n<meta name=\"twitter:card\" content=\"summary_large_image\" \/>\n<meta name=\"twitter:label1\" content=\"Tiempo de lectura\" \/>\n\t<meta name=\"twitter:data1\" content=\"2 minutos\" \/>\n<script type=\"application\/ld+json\" class=\"yoast-schema-graph\">{\"@context\":\"https:\\\/\\\/schema.org\",\"@graph\":[{\"@type\":\"Article\",\"@id\":\"https:\\\/\\\/iraurgiberritzen.eus\\\/es\\\/la-gobernanza-y-analitica-de-los-datos-en-las-empresas-industriales-de-la-comarca\\\/#article\",\"isPartOf\":{\"@id\":\"https:\\\/\\\/iraurgiberritzen.eus\\\/es\\\/la-gobernanza-y-analitica-de-los-datos-en-las-empresas-industriales-de-la-comarca\\\/\"},\"author\":{\"name\":\"\",\"@id\":\"\"},\"headline\":\"La gobernanza y anal\u00edtica de los datos en las empresas industriales de la comarca\",\"datePublished\":\"2023-10-18T08:52:52+00:00\",\"mainEntityOfPage\":{\"@id\":\"https:\\\/\\\/iraurgiberritzen.eus\\\/es\\\/la-gobernanza-y-analitica-de-los-datos-en-las-empresas-industriales-de-la-comarca\\\/\"},\"wordCount\":334,\"publisher\":{\"@id\":\"https:\\\/\\\/iraurgiberritzen.eus\\\/es\\\/#organization\"},\"image\":{\"@id\":\"https:\\\/\\\/iraurgiberritzen.eus\\\/es\\\/la-gobernanza-y-analitica-de-los-datos-en-las-empresas-industriales-de-la-comarca\\\/#primaryimage\"},\"thumbnailUrl\":\"https:\\\/\\\/iraurgiberritzen.eus\\\/wp-content\\\/uploads\\\/2024\\\/01\\\/d2071b60238b7f74c1203042be7b40e6.jpg\",\"articleSection\":[\"Noticias\"],\"inLanguage\":\"es\"},{\"@type\":\"WebPage\",\"@id\":\"https:\\\/\\\/iraurgiberritzen.eus\\\/es\\\/la-gobernanza-y-analitica-de-los-datos-en-las-empresas-industriales-de-la-comarca\\\/\",\"url\":\"https:\\\/\\\/iraurgiberritzen.eus\\\/es\\\/la-gobernanza-y-analitica-de-los-datos-en-las-empresas-industriales-de-la-comarca\\\/\",\"name\":\"La gobernanza y anal\u00edtica de los datos en las empresas industriales de la comarca - Iraurgi Berritzen\",\"isPartOf\":{\"@id\":\"https:\\\/\\\/iraurgiberritzen.eus\\\/es\\\/#website\"},\"primaryImageOfPage\":{\"@id\":\"https:\\\/\\\/iraurgiberritzen.eus\\\/es\\\/la-gobernanza-y-analitica-de-los-datos-en-las-empresas-industriales-de-la-comarca\\\/#primaryimage\"},\"image\":{\"@id\":\"https:\\\/\\\/iraurgiberritzen.eus\\\/es\\\/la-gobernanza-y-analitica-de-los-datos-en-las-empresas-industriales-de-la-comarca\\\/#primaryimage\"},\"thumbnailUrl\":\"https:\\\/\\\/iraurgiberritzen.eus\\\/wp-content\\\/uploads\\\/2024\\\/01\\\/d2071b60238b7f74c1203042be7b40e6.jpg\",\"datePublished\":\"2023-10-18T08:52:52+00:00\",\"breadcrumb\":{\"@id\":\"https:\\\/\\\/iraurgiberritzen.eus\\\/es\\\/la-gobernanza-y-analitica-de-los-datos-en-las-empresas-industriales-de-la-comarca\\\/#breadcrumb\"},\"inLanguage\":\"es\",\"potentialAction\":[{\"@type\":\"ReadAction\",\"target\":[\"https:\\\/\\\/iraurgiberritzen.eus\\\/es\\\/la-gobernanza-y-analitica-de-los-datos-en-las-empresas-industriales-de-la-comarca\\\/\"]}]},{\"@type\":\"ImageObject\",\"inLanguage\":\"es\",\"@id\":\"https:\\\/\\\/iraurgiberritzen.eus\\\/es\\\/la-gobernanza-y-analitica-de-los-datos-en-las-empresas-industriales-de-la-comarca\\\/#primaryimage\",\"url\":\"https:\\\/\\\/iraurgiberritzen.eus\\\/wp-content\\\/uploads\\\/2024\\\/01\\\/d2071b60238b7f74c1203042be7b40e6.jpg\",\"contentUrl\":\"https:\\\/\\\/iraurgiberritzen.eus\\\/wp-content\\\/uploads\\\/2024\\\/01\\\/d2071b60238b7f74c1203042be7b40e6.jpg\",\"width\":400,\"height\":257},{\"@type\":\"BreadcrumbList\",\"@id\":\"https:\\\/\\\/iraurgiberritzen.eus\\\/es\\\/la-gobernanza-y-analitica-de-los-datos-en-las-empresas-industriales-de-la-comarca\\\/#breadcrumb\",\"itemListElement\":[{\"@type\":\"ListItem\",\"position\":1,\"name\":\"Home\",\"item\":\"https:\\\/\\\/iraurgiberritzen.eus\\\/es\\\/\"},{\"@type\":\"ListItem\",\"position\":2,\"name\":\"La gobernanza y anal\u00edtica de los datos en las empresas industriales de la comarca\"}]},{\"@type\":\"WebSite\",\"@id\":\"https:\\\/\\\/iraurgiberritzen.eus\\\/es\\\/#website\",\"url\":\"https:\\\/\\\/iraurgiberritzen.eus\\\/es\\\/\",\"name\":\"Iraurgi Berritzen\",\"description\":\"Urola Erdiko Garapen Agentzia\",\"publisher\":{\"@id\":\"https:\\\/\\\/iraurgiberritzen.eus\\\/es\\\/#organization\"},\"potentialAction\":[{\"@type\":\"SearchAction\",\"target\":{\"@type\":\"EntryPoint\",\"urlTemplate\":\"https:\\\/\\\/iraurgiberritzen.eus\\\/es\\\/?s={search_term_string}\"},\"query-input\":{\"@type\":\"PropertyValueSpecification\",\"valueRequired\":true,\"valueName\":\"search_term_string\"}}],\"inLanguage\":\"es\"},{\"@type\":\"Organization\",\"@id\":\"https:\\\/\\\/iraurgiberritzen.eus\\\/es\\\/#organization\",\"name\":\"Iraurgi Berritzen\",\"url\":\"https:\\\/\\\/iraurgiberritzen.eus\\\/es\\\/\",\"logo\":{\"@type\":\"ImageObject\",\"inLanguage\":\"es\",\"@id\":\"https:\\\/\\\/iraurgiberritzen.eus\\\/es\\\/#\\\/schema\\\/logo\\\/image\\\/\",\"url\":\"https:\\\/\\\/iraurgiberritzen.eus\\\/wp-content\\\/uploads\\\/2024\\\/02\\\/IRAURGI-BERRITZEN-logotipoa_2.png\",\"contentUrl\":\"https:\\\/\\\/iraurgiberritzen.eus\\\/wp-content\\\/uploads\\\/2024\\\/02\\\/IRAURGI-BERRITZEN-logotipoa_2.png\",\"width\":496,\"height\":190,\"caption\":\"Iraurgi Berritzen\"},\"image\":{\"@id\":\"https:\\\/\\\/iraurgiberritzen.eus\\\/es\\\/#\\\/schema\\\/logo\\\/image\\\/\"}}]}<\/script>\n<!-- \/ Yoast SEO plugin. -->","yoast_head_json":{"title":"La gobernanza y anal\u00edtica de los datos en las empresas industriales de la comarca - Iraurgi Berritzen","robots":{"index":"index","follow":"follow","max-snippet":"max-snippet:-1","max-image-preview":"max-image-preview:large","max-video-preview":"max-video-preview:-1"},"canonical":"https:\/\/iraurgiberritzen.eus\/es\/la-gobernanza-y-analitica-de-los-datos-en-las-empresas-industriales-de-la-comarca\/","og_locale":"es_ES","og_type":"article","og_title":"La gobernanza y anal\u00edtica de los datos en las empresas industriales de la comarca - Iraurgi Berritzen","og_description":"Bajo el lema \u201cGobernanza de datos\u201d y dirigido a las empresas industriales de la comarca, se ha celebrado en la comarca un seminario compuesto por dos sesiones de trabajo. Las sesiones de trabajo, celebradas el 27 de septiembre y el 18 de octubre, han contado con la participaci\u00f3n de responsables de IT y de diferentes [&hellip;]","og_url":"https:\/\/iraurgiberritzen.eus\/es\/la-gobernanza-y-analitica-de-los-datos-en-las-empresas-industriales-de-la-comarca\/","og_site_name":"Iraurgi Berritzen","article_published_time":"2023-10-18T08:52:52+00:00","twitter_card":"summary_large_image","twitter_misc":{"Tiempo de lectura":"2 minutos"},"schema":{"@context":"https:\/\/schema.org","@graph":[{"@type":"Article","@id":"https:\/\/iraurgiberritzen.eus\/es\/la-gobernanza-y-analitica-de-los-datos-en-las-empresas-industriales-de-la-comarca\/#article","isPartOf":{"@id":"https:\/\/iraurgiberritzen.eus\/es\/la-gobernanza-y-analitica-de-los-datos-en-las-empresas-industriales-de-la-comarca\/"},"author":{"name":"","@id":""},"headline":"La gobernanza y anal\u00edtica de los datos en las empresas industriales de la comarca","datePublished":"2023-10-18T08:52:52+00:00","mainEntityOfPage":{"@id":"https:\/\/iraurgiberritzen.eus\/es\/la-gobernanza-y-analitica-de-los-datos-en-las-empresas-industriales-de-la-comarca\/"},"wordCount":334,"publisher":{"@id":"https:\/\/iraurgiberritzen.eus\/es\/#organization"},"image":{"@id":"https:\/\/iraurgiberritzen.eus\/es\/la-gobernanza-y-analitica-de-los-datos-en-las-empresas-industriales-de-la-comarca\/#primaryimage"},"thumbnailUrl":"https:\/\/iraurgiberritzen.eus\/wp-content\/uploads\/2024\/01\/d2071b60238b7f74c1203042be7b40e6.jpg","articleSection":["Noticias"],"inLanguage":"es"},{"@type":"WebPage","@id":"https:\/\/iraurgiberritzen.eus\/es\/la-gobernanza-y-analitica-de-los-datos-en-las-empresas-industriales-de-la-comarca\/","url":"https:\/\/iraurgiberritzen.eus\/es\/la-gobernanza-y-analitica-de-los-datos-en-las-empresas-industriales-de-la-comarca\/","name":"La gobernanza y anal\u00edtica de los datos en las empresas industriales de la comarca - Iraurgi Berritzen","isPartOf":{"@id":"https:\/\/iraurgiberritzen.eus\/es\/#website"},"primaryImageOfPage":{"@id":"https:\/\/iraurgiberritzen.eus\/es\/la-gobernanza-y-analitica-de-los-datos-en-las-empresas-industriales-de-la-comarca\/#primaryimage"},"image":{"@id":"https:\/\/iraurgiberritzen.eus\/es\/la-gobernanza-y-analitica-de-los-datos-en-las-empresas-industriales-de-la-comarca\/#primaryimage"},"thumbnailUrl":"https:\/\/iraurgiberritzen.eus\/wp-content\/uploads\/2024\/01\/d2071b60238b7f74c1203042be7b40e6.jpg","datePublished":"2023-10-18T08:52:52+00:00","breadcrumb":{"@id":"https:\/\/iraurgiberritzen.eus\/es\/la-gobernanza-y-analitica-de-los-datos-en-las-empresas-industriales-de-la-comarca\/#breadcrumb"},"inLanguage":"es","potentialAction":[{"@type":"ReadAction","target":["https:\/\/iraurgiberritzen.eus\/es\/la-gobernanza-y-analitica-de-los-datos-en-las-empresas-industriales-de-la-comarca\/"]}]},{"@type":"ImageObject","inLanguage":"es","@id":"https:\/\/iraurgiberritzen.eus\/es\/la-gobernanza-y-analitica-de-los-datos-en-las-empresas-industriales-de-la-comarca\/#primaryimage","url":"https:\/\/iraurgiberritzen.eus\/wp-content\/uploads\/2024\/01\/d2071b60238b7f74c1203042be7b40e6.jpg","contentUrl":"https:\/\/iraurgiberritzen.eus\/wp-content\/uploads\/2024\/01\/d2071b60238b7f74c1203042be7b40e6.jpg","width":400,"height":257},{"@type":"BreadcrumbList","@id":"https:\/\/iraurgiberritzen.eus\/es\/la-gobernanza-y-analitica-de-los-datos-en-las-empresas-industriales-de-la-comarca\/#breadcrumb","itemListElement":[{"@type":"ListItem","position":1,"name":"Home","item":"https:\/\/iraurgiberritzen.eus\/es\/"},{"@type":"ListItem","position":2,"name":"La gobernanza y anal\u00edtica de los datos en las empresas industriales de la comarca"}]},{"@type":"WebSite","@id":"https:\/\/iraurgiberritzen.eus\/es\/#website","url":"https:\/\/iraurgiberritzen.eus\/es\/","name":"Iraurgi Berritzen","description":"Urola Erdiko Garapen Agentzia","publisher":{"@id":"https:\/\/iraurgiberritzen.eus\/es\/#organization"},"potentialAction":[{"@type":"SearchAction","target":{"@type":"EntryPoint","urlTemplate":"https:\/\/iraurgiberritzen.eus\/es\/?s={search_term_string}"},"query-input":{"@type":"PropertyValueSpecification","valueRequired":true,"valueName":"search_term_string"}}],"inLanguage":"es"},{"@type":"Organization","@id":"https:\/\/iraurgiberritzen.eus\/es\/#organization","name":"Iraurgi Berritzen","url":"https:\/\/iraurgiberritzen.eus\/es\/","logo":{"@type":"ImageObject","inLanguage":"es","@id":"https:\/\/iraurgiberritzen.eus\/es\/#\/schema\/logo\/image\/","url":"https:\/\/iraurgiberritzen.eus\/wp-content\/uploads\/2024\/02\/IRAURGI-BERRITZEN-logotipoa_2.png","contentUrl":"https:\/\/iraurgiberritzen.eus\/wp-content\/uploads\/2024\/02\/IRAURGI-BERRITZEN-logotipoa_2.png","width":496,"height":190,"caption":"Iraurgi Berritzen"},"image":{"@id":"https:\/\/iraurgiberritzen.eus\/es\/#\/schema\/logo\/image\/"}}]}},"_links":{"self":[{"href":"https:\/\/iraurgiberritzen.eus\/es\/wp-json\/wp\/v2\/posts\/17056","targetHints":{"allow":["GET"]}}],"collection":[{"href":"https:\/\/iraurgiberritzen.eus\/es\/wp-json\/wp\/v2\/posts"}],"about":[{"href":"https:\/\/iraurgiberritzen.eus\/es\/wp-json\/wp\/v2\/types\/post"}],"replies":[{"embeddable":true,"href":"https:\/\/iraurgiberritzen.eus\/es\/wp-json\/wp\/v2\/comments?post=17056"}],"version-history":[{"count":0,"href":"https:\/\/iraurgiberritzen.eus\/es\/wp-json\/wp\/v2\/posts\/17056\/revisions"}],"wp:featuredmedia":[{"embeddable":true,"href":"https:\/\/iraurgiberritzen.eus\/es\/wp-json\/wp\/v2\/media\/17055"}],"wp:attachment":[{"href":"https:\/\/iraurgiberritzen.eus\/es\/wp-json\/wp\/v2\/media?parent=17056"}],"wp:term":[{"taxonomy":"category","embeddable":true,"href":"https:\/\/iraurgiberritzen.eus\/es\/wp-json\/wp\/v2\/categories?post=17056"},{"taxonomy":"post_tag","embeddable":true,"href":"https:\/\/iraurgiberritzen.eus\/es\/wp-json\/wp\/v2\/tags?post=17056"}],"curies":[{"name":"wp","href":"https:\/\/api.w.org\/{rel}","templated":true}]}}