{"id":17064,"date":"2023-10-19T12:43:15","date_gmt":"2023-10-19T10:43:15","guid":{"rendered":"https:\/\/iraurgiberritzen.eus\/el-grupo-de-trabajo-del-proyecto-izan-ekintzaile-2023-24-prioriza-las-acciones-a-desarrollar-durante-el-curso\/"},"modified":"2023-10-19T12:43:15","modified_gmt":"2023-10-19T10:43:15","slug":"el-grupo-de-trabajo-del-proyecto-izan-ekintzaile-2023-24-prioriza-las-acciones-a-desarrollar-durante-el-curso","status":"publish","type":"post","link":"https:\/\/iraurgiberritzen.eus\/es\/el-grupo-de-trabajo-del-proyecto-izan-ekintzaile-2023-24-prioriza-las-acciones-a-desarrollar-durante-el-curso\/","title":{"rendered":"El grupo de trabajo del proyecto \u201cIzan Ekintzaile! 2023\/24\u201d prioriza las acciones a desarrollar durante el curso"},"content":{"rendered":"<p style=\"text-align: justify\">Hoy, jueves 19 de octubre, se ha reunido el grupo de trabajo del proyecto \u201cIzan Ekintzaile! 2023\/24\u201d. La iniciativa se dirige al alumnado de 4\u00ba de ESO y 2\u00ba de Bachillerato y tiene 2 objetivos principales. Por un lado, la iniciativa pretende fomentar entre el alumnado valores y capacidades ligadas al emprendimiento y, por otro, pretende dar a conocer en al aula tanto las vivencias como la actividad de los emprendedores reales de la comarca.<\/p>\n<p style=\"text-align: justify\">De cara al nuevo curso se han priorizado y planificado las acciones que se van a trabajar en los centros y se han acordado las l\u00edneas de mejora identificadas en el curso anterior. Con el objetivo de seguir mejorando el proceso, se han consensuado mejoras como la incorporaci\u00f3n de una nueva sesi\u00f3n de trabajo que sensibilice sobre la econom\u00eda local, la adecuaci\u00f3n del modelo Canvas para trabajar el modelo de negocio de los proyectos de emprendizaje o la adecuaci\u00f3n de las presentaciones por parte del alumnado.<\/p>\n<p style=\"text-align: justify\">Se prev\u00e9 la puesta en marcha inmediata del proyecto y se prev\u00e9 desarrollar 3 acciones principales con el alumnado de la comarca. En primer lugar, se prev\u00e9 la celebraci\u00f3n de dos sesiones de trabajo para sensibilizar sobre la actividad econ\u00f3mica y emprendedora de la comarca. Por \u00faltimo, el proyecto finalizar\u00e1 con una sesi\u00f3n de trabajo que permitir\u00e1 al alumnado interactuar con emprendedores reales de la comarca y conocer de primera mano sus vivencias.<\/p>\n<p style=\"text-align: justify\">Esta iniciativa ha sido apoyada por la Diputaci\u00f3n Foral de Gipuzkoa.<\/p>\n","protected":false},"excerpt":{"rendered":"<p>Hoy, jueves 19 de octubre, se ha reunido el grupo de trabajo del proyecto \u201cIzan Ekintzaile! 2023\/24\u201d. La iniciativa se dirige al alumnado de 4\u00ba de ESO y 2\u00ba de Bachillerato y tiene 2 objetivos principales. Por un lado, la iniciativa pretende fomentar entre el alumnado valores y capacidades ligadas al emprendimiento y, por otro, [&hellip;]<\/p>\n","protected":false},"author":0,"featured_media":17063,"comment_status":"","ping_status":"closed","sticky":false,"template":"","format":"standard","meta":{"_acf_changed":false,"footnotes":""},"categories":[4],"tags":[],"class_list":["post-17064","post","type-post","status-publish","format-standard","has-post-thumbnail","hentry","category-noticias"],"acf":[],"yoast_head":"<!-- This site is optimized with the Yoast SEO plugin v27.4 - https:\/\/yoast.com\/product\/yoast-seo-wordpress\/ -->\n<title>El grupo de trabajo del proyecto \u201cIzan Ekintzaile! 2023\/24\u201d prioriza las acciones a desarrollar durante el curso - Iraurgi Berritzen<\/title>\n<meta name=\"robots\" content=\"index, follow, max-snippet:-1, max-image-preview:large, max-video-preview:-1\" \/>\n<link rel=\"canonical\" href=\"https:\/\/iraurgiberritzen.eus\/es\/el-grupo-de-trabajo-del-proyecto-izan-ekintzaile-2023-24-prioriza-las-acciones-a-desarrollar-durante-el-curso\/\" \/>\n<meta property=\"og:locale\" content=\"es_ES\" \/>\n<meta property=\"og:type\" content=\"article\" \/>\n<meta property=\"og:title\" content=\"El grupo de trabajo del proyecto \u201cIzan Ekintzaile! 2023\/24\u201d prioriza las acciones a desarrollar durante el curso - Iraurgi Berritzen\" \/>\n<meta property=\"og:description\" content=\"Hoy, jueves 19 de octubre, se ha reunido el grupo de trabajo del proyecto \u201cIzan Ekintzaile! 2023\/24\u201d. La iniciativa se dirige al alumnado de 4\u00ba de ESO y 2\u00ba de Bachillerato y tiene 2 objetivos principales. Por un lado, la iniciativa pretende fomentar entre el alumnado valores y capacidades ligadas al emprendimiento y, por otro, [&hellip;]\" \/>\n<meta property=\"og:url\" content=\"https:\/\/iraurgiberritzen.eus\/es\/el-grupo-de-trabajo-del-proyecto-izan-ekintzaile-2023-24-prioriza-las-acciones-a-desarrollar-durante-el-curso\/\" \/>\n<meta property=\"og:site_name\" content=\"Iraurgi Berritzen\" \/>\n<meta property=\"article:published_time\" content=\"2023-10-19T10:43:15+00:00\" \/>\n<meta name=\"twitter:card\" content=\"summary_large_image\" \/>\n<meta name=\"twitter:label1\" content=\"Tiempo de lectura\" \/>\n\t<meta name=\"twitter:data1\" content=\"1 minuto\" \/>\n<script type=\"application\/ld+json\" class=\"yoast-schema-graph\">{\"@context\":\"https:\\\/\\\/schema.org\",\"@graph\":[{\"@type\":\"Article\",\"@id\":\"https:\\\/\\\/iraurgiberritzen.eus\\\/es\\\/el-grupo-de-trabajo-del-proyecto-izan-ekintzaile-2023-24-prioriza-las-acciones-a-desarrollar-durante-el-curso\\\/#article\",\"isPartOf\":{\"@id\":\"https:\\\/\\\/iraurgiberritzen.eus\\\/es\\\/el-grupo-de-trabajo-del-proyecto-izan-ekintzaile-2023-24-prioriza-las-acciones-a-desarrollar-durante-el-curso\\\/\"},\"author\":{\"name\":\"\",\"@id\":\"\"},\"headline\":\"El grupo de trabajo del proyecto \u201cIzan Ekintzaile! 2023\\\/24\u201d prioriza las acciones a desarrollar durante el curso\",\"datePublished\":\"2023-10-19T10:43:15+00:00\",\"mainEntityOfPage\":{\"@id\":\"https:\\\/\\\/iraurgiberritzen.eus\\\/es\\\/el-grupo-de-trabajo-del-proyecto-izan-ekintzaile-2023-24-prioriza-las-acciones-a-desarrollar-durante-el-curso\\\/\"},\"wordCount\":265,\"publisher\":{\"@id\":\"https:\\\/\\\/iraurgiberritzen.eus\\\/es\\\/#organization\"},\"image\":{\"@id\":\"https:\\\/\\\/iraurgiberritzen.eus\\\/es\\\/el-grupo-de-trabajo-del-proyecto-izan-ekintzaile-2023-24-prioriza-las-acciones-a-desarrollar-durante-el-curso\\\/#primaryimage\"},\"thumbnailUrl\":\"https:\\\/\\\/iraurgiberritzen.eus\\\/wp-content\\\/uploads\\\/2024\\\/01\\\/6503b8bba24ac83ccad201b1abf0e501.jpg\",\"articleSection\":[\"Noticias\"],\"inLanguage\":\"es\"},{\"@type\":\"WebPage\",\"@id\":\"https:\\\/\\\/iraurgiberritzen.eus\\\/es\\\/el-grupo-de-trabajo-del-proyecto-izan-ekintzaile-2023-24-prioriza-las-acciones-a-desarrollar-durante-el-curso\\\/\",\"url\":\"https:\\\/\\\/iraurgiberritzen.eus\\\/es\\\/el-grupo-de-trabajo-del-proyecto-izan-ekintzaile-2023-24-prioriza-las-acciones-a-desarrollar-durante-el-curso\\\/\",\"name\":\"El grupo de trabajo del proyecto \u201cIzan Ekintzaile! 2023\\\/24\u201d prioriza las acciones a desarrollar durante el curso - Iraurgi Berritzen\",\"isPartOf\":{\"@id\":\"https:\\\/\\\/iraurgiberritzen.eus\\\/es\\\/#website\"},\"primaryImageOfPage\":{\"@id\":\"https:\\\/\\\/iraurgiberritzen.eus\\\/es\\\/el-grupo-de-trabajo-del-proyecto-izan-ekintzaile-2023-24-prioriza-las-acciones-a-desarrollar-durante-el-curso\\\/#primaryimage\"},\"image\":{\"@id\":\"https:\\\/\\\/iraurgiberritzen.eus\\\/es\\\/el-grupo-de-trabajo-del-proyecto-izan-ekintzaile-2023-24-prioriza-las-acciones-a-desarrollar-durante-el-curso\\\/#primaryimage\"},\"thumbnailUrl\":\"https:\\\/\\\/iraurgiberritzen.eus\\\/wp-content\\\/uploads\\\/2024\\\/01\\\/6503b8bba24ac83ccad201b1abf0e501.jpg\",\"datePublished\":\"2023-10-19T10:43:15+00:00\",\"breadcrumb\":{\"@id\":\"https:\\\/\\\/iraurgiberritzen.eus\\\/es\\\/el-grupo-de-trabajo-del-proyecto-izan-ekintzaile-2023-24-prioriza-las-acciones-a-desarrollar-durante-el-curso\\\/#breadcrumb\"},\"inLanguage\":\"es\",\"potentialAction\":[{\"@type\":\"ReadAction\",\"target\":[\"https:\\\/\\\/iraurgiberritzen.eus\\\/es\\\/el-grupo-de-trabajo-del-proyecto-izan-ekintzaile-2023-24-prioriza-las-acciones-a-desarrollar-durante-el-curso\\\/\"]}]},{\"@type\":\"ImageObject\",\"inLanguage\":\"es\",\"@id\":\"https:\\\/\\\/iraurgiberritzen.eus\\\/es\\\/el-grupo-de-trabajo-del-proyecto-izan-ekintzaile-2023-24-prioriza-las-acciones-a-desarrollar-durante-el-curso\\\/#primaryimage\",\"url\":\"https:\\\/\\\/iraurgiberritzen.eus\\\/wp-content\\\/uploads\\\/2024\\\/01\\\/6503b8bba24ac83ccad201b1abf0e501.jpg\",\"contentUrl\":\"https:\\\/\\\/iraurgiberritzen.eus\\\/wp-content\\\/uploads\\\/2024\\\/01\\\/6503b8bba24ac83ccad201b1abf0e501.jpg\",\"width\":400,\"height\":257},{\"@type\":\"BreadcrumbList\",\"@id\":\"https:\\\/\\\/iraurgiberritzen.eus\\\/es\\\/el-grupo-de-trabajo-del-proyecto-izan-ekintzaile-2023-24-prioriza-las-acciones-a-desarrollar-durante-el-curso\\\/#breadcrumb\",\"itemListElement\":[{\"@type\":\"ListItem\",\"position\":1,\"name\":\"Home\",\"item\":\"https:\\\/\\\/iraurgiberritzen.eus\\\/es\\\/\"},{\"@type\":\"ListItem\",\"position\":2,\"name\":\"El grupo de trabajo del proyecto \u201cIzan Ekintzaile! 2023\\\/24\u201d prioriza las acciones a desarrollar durante el curso\"}]},{\"@type\":\"WebSite\",\"@id\":\"https:\\\/\\\/iraurgiberritzen.eus\\\/es\\\/#website\",\"url\":\"https:\\\/\\\/iraurgiberritzen.eus\\\/es\\\/\",\"name\":\"Iraurgi Berritzen\",\"description\":\"Urola Erdiko Garapen Agentzia\",\"publisher\":{\"@id\":\"https:\\\/\\\/iraurgiberritzen.eus\\\/es\\\/#organization\"},\"potentialAction\":[{\"@type\":\"SearchAction\",\"target\":{\"@type\":\"EntryPoint\",\"urlTemplate\":\"https:\\\/\\\/iraurgiberritzen.eus\\\/es\\\/?s={search_term_string}\"},\"query-input\":{\"@type\":\"PropertyValueSpecification\",\"valueRequired\":true,\"valueName\":\"search_term_string\"}}],\"inLanguage\":\"es\"},{\"@type\":\"Organization\",\"@id\":\"https:\\\/\\\/iraurgiberritzen.eus\\\/es\\\/#organization\",\"name\":\"Iraurgi Berritzen\",\"url\":\"https:\\\/\\\/iraurgiberritzen.eus\\\/es\\\/\",\"logo\":{\"@type\":\"ImageObject\",\"inLanguage\":\"es\",\"@id\":\"https:\\\/\\\/iraurgiberritzen.eus\\\/es\\\/#\\\/schema\\\/logo\\\/image\\\/\",\"url\":\"https:\\\/\\\/iraurgiberritzen.eus\\\/wp-content\\\/uploads\\\/2024\\\/02\\\/IRAURGI-BERRITZEN-logotipoa_2.png\",\"contentUrl\":\"https:\\\/\\\/iraurgiberritzen.eus\\\/wp-content\\\/uploads\\\/2024\\\/02\\\/IRAURGI-BERRITZEN-logotipoa_2.png\",\"width\":496,\"height\":190,\"caption\":\"Iraurgi Berritzen\"},\"image\":{\"@id\":\"https:\\\/\\\/iraurgiberritzen.eus\\\/es\\\/#\\\/schema\\\/logo\\\/image\\\/\"}}]}<\/script>\n<!-- \/ Yoast SEO plugin. -->","yoast_head_json":{"title":"El grupo de trabajo del proyecto \u201cIzan Ekintzaile! 2023\/24\u201d prioriza las acciones a desarrollar durante el curso - Iraurgi Berritzen","robots":{"index":"index","follow":"follow","max-snippet":"max-snippet:-1","max-image-preview":"max-image-preview:large","max-video-preview":"max-video-preview:-1"},"canonical":"https:\/\/iraurgiberritzen.eus\/es\/el-grupo-de-trabajo-del-proyecto-izan-ekintzaile-2023-24-prioriza-las-acciones-a-desarrollar-durante-el-curso\/","og_locale":"es_ES","og_type":"article","og_title":"El grupo de trabajo del proyecto \u201cIzan Ekintzaile! 2023\/24\u201d prioriza las acciones a desarrollar durante el curso - Iraurgi Berritzen","og_description":"Hoy, jueves 19 de octubre, se ha reunido el grupo de trabajo del proyecto \u201cIzan Ekintzaile! 2023\/24\u201d. La iniciativa se dirige al alumnado de 4\u00ba de ESO y 2\u00ba de Bachillerato y tiene 2 objetivos principales. Por un lado, la iniciativa pretende fomentar entre el alumnado valores y capacidades ligadas al emprendimiento y, por otro, [&hellip;]","og_url":"https:\/\/iraurgiberritzen.eus\/es\/el-grupo-de-trabajo-del-proyecto-izan-ekintzaile-2023-24-prioriza-las-acciones-a-desarrollar-durante-el-curso\/","og_site_name":"Iraurgi Berritzen","article_published_time":"2023-10-19T10:43:15+00:00","twitter_card":"summary_large_image","twitter_misc":{"Tiempo de lectura":"1 minuto"},"schema":{"@context":"https:\/\/schema.org","@graph":[{"@type":"Article","@id":"https:\/\/iraurgiberritzen.eus\/es\/el-grupo-de-trabajo-del-proyecto-izan-ekintzaile-2023-24-prioriza-las-acciones-a-desarrollar-durante-el-curso\/#article","isPartOf":{"@id":"https:\/\/iraurgiberritzen.eus\/es\/el-grupo-de-trabajo-del-proyecto-izan-ekintzaile-2023-24-prioriza-las-acciones-a-desarrollar-durante-el-curso\/"},"author":{"name":"","@id":""},"headline":"El grupo de trabajo del proyecto \u201cIzan Ekintzaile! 2023\/24\u201d prioriza las acciones a desarrollar durante el curso","datePublished":"2023-10-19T10:43:15+00:00","mainEntityOfPage":{"@id":"https:\/\/iraurgiberritzen.eus\/es\/el-grupo-de-trabajo-del-proyecto-izan-ekintzaile-2023-24-prioriza-las-acciones-a-desarrollar-durante-el-curso\/"},"wordCount":265,"publisher":{"@id":"https:\/\/iraurgiberritzen.eus\/es\/#organization"},"image":{"@id":"https:\/\/iraurgiberritzen.eus\/es\/el-grupo-de-trabajo-del-proyecto-izan-ekintzaile-2023-24-prioriza-las-acciones-a-desarrollar-durante-el-curso\/#primaryimage"},"thumbnailUrl":"https:\/\/iraurgiberritzen.eus\/wp-content\/uploads\/2024\/01\/6503b8bba24ac83ccad201b1abf0e501.jpg","articleSection":["Noticias"],"inLanguage":"es"},{"@type":"WebPage","@id":"https:\/\/iraurgiberritzen.eus\/es\/el-grupo-de-trabajo-del-proyecto-izan-ekintzaile-2023-24-prioriza-las-acciones-a-desarrollar-durante-el-curso\/","url":"https:\/\/iraurgiberritzen.eus\/es\/el-grupo-de-trabajo-del-proyecto-izan-ekintzaile-2023-24-prioriza-las-acciones-a-desarrollar-durante-el-curso\/","name":"El grupo de trabajo del proyecto \u201cIzan Ekintzaile! 2023\/24\u201d prioriza las acciones a desarrollar durante el curso - Iraurgi Berritzen","isPartOf":{"@id":"https:\/\/iraurgiberritzen.eus\/es\/#website"},"primaryImageOfPage":{"@id":"https:\/\/iraurgiberritzen.eus\/es\/el-grupo-de-trabajo-del-proyecto-izan-ekintzaile-2023-24-prioriza-las-acciones-a-desarrollar-durante-el-curso\/#primaryimage"},"image":{"@id":"https:\/\/iraurgiberritzen.eus\/es\/el-grupo-de-trabajo-del-proyecto-izan-ekintzaile-2023-24-prioriza-las-acciones-a-desarrollar-durante-el-curso\/#primaryimage"},"thumbnailUrl":"https:\/\/iraurgiberritzen.eus\/wp-content\/uploads\/2024\/01\/6503b8bba24ac83ccad201b1abf0e501.jpg","datePublished":"2023-10-19T10:43:15+00:00","breadcrumb":{"@id":"https:\/\/iraurgiberritzen.eus\/es\/el-grupo-de-trabajo-del-proyecto-izan-ekintzaile-2023-24-prioriza-las-acciones-a-desarrollar-durante-el-curso\/#breadcrumb"},"inLanguage":"es","potentialAction":[{"@type":"ReadAction","target":["https:\/\/iraurgiberritzen.eus\/es\/el-grupo-de-trabajo-del-proyecto-izan-ekintzaile-2023-24-prioriza-las-acciones-a-desarrollar-durante-el-curso\/"]}]},{"@type":"ImageObject","inLanguage":"es","@id":"https:\/\/iraurgiberritzen.eus\/es\/el-grupo-de-trabajo-del-proyecto-izan-ekintzaile-2023-24-prioriza-las-acciones-a-desarrollar-durante-el-curso\/#primaryimage","url":"https:\/\/iraurgiberritzen.eus\/wp-content\/uploads\/2024\/01\/6503b8bba24ac83ccad201b1abf0e501.jpg","contentUrl":"https:\/\/iraurgiberritzen.eus\/wp-content\/uploads\/2024\/01\/6503b8bba24ac83ccad201b1abf0e501.jpg","width":400,"height":257},{"@type":"BreadcrumbList","@id":"https:\/\/iraurgiberritzen.eus\/es\/el-grupo-de-trabajo-del-proyecto-izan-ekintzaile-2023-24-prioriza-las-acciones-a-desarrollar-durante-el-curso\/#breadcrumb","itemListElement":[{"@type":"ListItem","position":1,"name":"Home","item":"https:\/\/iraurgiberritzen.eus\/es\/"},{"@type":"ListItem","position":2,"name":"El grupo de trabajo del proyecto \u201cIzan Ekintzaile! 2023\/24\u201d prioriza las acciones a desarrollar durante el curso"}]},{"@type":"WebSite","@id":"https:\/\/iraurgiberritzen.eus\/es\/#website","url":"https:\/\/iraurgiberritzen.eus\/es\/","name":"Iraurgi Berritzen","description":"Urola Erdiko Garapen Agentzia","publisher":{"@id":"https:\/\/iraurgiberritzen.eus\/es\/#organization"},"potentialAction":[{"@type":"SearchAction","target":{"@type":"EntryPoint","urlTemplate":"https:\/\/iraurgiberritzen.eus\/es\/?s={search_term_string}"},"query-input":{"@type":"PropertyValueSpecification","valueRequired":true,"valueName":"search_term_string"}}],"inLanguage":"es"},{"@type":"Organization","@id":"https:\/\/iraurgiberritzen.eus\/es\/#organization","name":"Iraurgi Berritzen","url":"https:\/\/iraurgiberritzen.eus\/es\/","logo":{"@type":"ImageObject","inLanguage":"es","@id":"https:\/\/iraurgiberritzen.eus\/es\/#\/schema\/logo\/image\/","url":"https:\/\/iraurgiberritzen.eus\/wp-content\/uploads\/2024\/02\/IRAURGI-BERRITZEN-logotipoa_2.png","contentUrl":"https:\/\/iraurgiberritzen.eus\/wp-content\/uploads\/2024\/02\/IRAURGI-BERRITZEN-logotipoa_2.png","width":496,"height":190,"caption":"Iraurgi Berritzen"},"image":{"@id":"https:\/\/iraurgiberritzen.eus\/es\/#\/schema\/logo\/image\/"}}]}},"_links":{"self":[{"href":"https:\/\/iraurgiberritzen.eus\/es\/wp-json\/wp\/v2\/posts\/17064","targetHints":{"allow":["GET"]}}],"collection":[{"href":"https:\/\/iraurgiberritzen.eus\/es\/wp-json\/wp\/v2\/posts"}],"about":[{"href":"https:\/\/iraurgiberritzen.eus\/es\/wp-json\/wp\/v2\/types\/post"}],"replies":[{"embeddable":true,"href":"https:\/\/iraurgiberritzen.eus\/es\/wp-json\/wp\/v2\/comments?post=17064"}],"version-history":[{"count":0,"href":"https:\/\/iraurgiberritzen.eus\/es\/wp-json\/wp\/v2\/posts\/17064\/revisions"}],"wp:featuredmedia":[{"embeddable":true,"href":"https:\/\/iraurgiberritzen.eus\/es\/wp-json\/wp\/v2\/media\/17063"}],"wp:attachment":[{"href":"https:\/\/iraurgiberritzen.eus\/es\/wp-json\/wp\/v2\/media?parent=17064"}],"wp:term":[{"taxonomy":"category","embeddable":true,"href":"https:\/\/iraurgiberritzen.eus\/es\/wp-json\/wp\/v2\/categories?post=17064"},{"taxonomy":"post_tag","embeddable":true,"href":"https:\/\/iraurgiberritzen.eus\/es\/wp-json\/wp\/v2\/tags?post=17064"}],"curies":[{"name":"wp","href":"https:\/\/api.w.org\/{rel}","templated":true}]}}