{"id":17068,"date":"2023-10-20T10:55:20","date_gmt":"2023-10-20T08:55:20","guid":{"rendered":"https:\/\/iraurgiberritzen.eus\/empresas-de-la-comarca-comparten-conocimientos-y-experiencias-en-la-implantacion-del-plan-de-igualdad-en-la-empresa\/"},"modified":"2023-10-20T10:55:20","modified_gmt":"2023-10-20T08:55:20","slug":"empresas-de-la-comarca-comparten-conocimientos-y-experiencias-en-la-implantacion-del-plan-de-igualdad-en-la-empresa","status":"publish","type":"post","link":"https:\/\/iraurgiberritzen.eus\/es\/empresas-de-la-comarca-comparten-conocimientos-y-experiencias-en-la-implantacion-del-plan-de-igualdad-en-la-empresa\/","title":{"rendered":"Empresas de la comarca comparten conocimientos y experiencias en la Implantaci\u00f3n del \u00abPlan de Igualdad en la empresa\u00bb"},"content":{"rendered":"<p style=\"text-align: justify\">Esta sesi\u00f3n de trabajo, dirigida a personal de direcci\u00f3n y\/o responsable de personas de empresas industriales de la comarca, ha tenido como objetivo principal la integraci\u00f3n de la perspectiva de g\u00e9nero en las empresas de Urola Erdia.<\/p>\n<p style=\"text-align: justify\">Para ello, en la sesi\u00f3n de hoy, celebrada en formato online, se han presentado entre otros conceptos, la legislaci\u00f3n vigente en materia de igualdad, los instrumentos espec\u00edficos para la igualdad en las empresas, y las subvenciones publicadas por Emakunde. Las empresas tambi\u00e9n han tenido la oportunidad de aclarar sus dudas y preguntas al respecto. Para ello, en esta jornada ha participado como consultora la Cooperativa EMUN.<\/p>\n<p style=\"text-align: justify\">Esta jornada se enmarca dentro del Programa Ikasiz, definido con las propuestas recogidas en el seno de Enpresa Gunea (Espacio formado por representantes de diferentes empresas de la comarca). Su objetivo es <strong>compartir conocimientos y experiencias<\/strong>, as\u00ed como la <strong>sensibilizaci\u00f3n y difusi\u00f3n de buenas pr\u00e1cticas en diferentes \u00e1mbitos de gesti\u00f3n de la empresa<\/strong>.<\/p>\n<p style=\"text-align: justify\">Esta iniciativa ha sido apoyada por la Diputaci\u00f3n Foral de Gipuzkoa.<\/p>\n","protected":false},"excerpt":{"rendered":"<p>Esta sesi\u00f3n de trabajo, dirigida a personal de direcci\u00f3n y\/o responsable de personas de empresas industriales de la comarca, ha tenido como objetivo principal la integraci\u00f3n de la perspectiva de g\u00e9nero en las empresas de Urola Erdia. Para ello, en la sesi\u00f3n de hoy, celebrada en formato online, se han presentado entre otros conceptos, la [&hellip;]<\/p>\n","protected":false},"author":0,"featured_media":17067,"comment_status":"","ping_status":"closed","sticky":false,"template":"","format":"standard","meta":{"_acf_changed":false,"footnotes":""},"categories":[4],"tags":[],"class_list":["post-17068","post","type-post","status-publish","format-standard","has-post-thumbnail","hentry","category-noticias"],"acf":[],"yoast_head":"<!-- This site is optimized with the Yoast SEO plugin v27.4 - https:\/\/yoast.com\/product\/yoast-seo-wordpress\/ -->\n<title>Empresas de la comarca comparten conocimientos y experiencias en la Implantaci\u00f3n del &quot;Plan de Igualdad en la empresa&quot; - Iraurgi Berritzen<\/title>\n<meta name=\"robots\" content=\"index, follow, max-snippet:-1, max-image-preview:large, max-video-preview:-1\" \/>\n<link rel=\"canonical\" href=\"https:\/\/iraurgiberritzen.eus\/es\/empresas-de-la-comarca-comparten-conocimientos-y-experiencias-en-la-implantacion-del-plan-de-igualdad-en-la-empresa\/\" \/>\n<meta property=\"og:locale\" content=\"es_ES\" \/>\n<meta property=\"og:type\" content=\"article\" \/>\n<meta property=\"og:title\" content=\"Empresas de la comarca comparten conocimientos y experiencias en la Implantaci\u00f3n del &quot;Plan de Igualdad en la empresa&quot; - Iraurgi Berritzen\" \/>\n<meta property=\"og:description\" content=\"Esta sesi\u00f3n de trabajo, dirigida a personal de direcci\u00f3n y\/o responsable de personas de empresas industriales de la comarca, ha tenido como objetivo principal la integraci\u00f3n de la perspectiva de g\u00e9nero en las empresas de Urola Erdia. Para ello, en la sesi\u00f3n de hoy, celebrada en formato online, se han presentado entre otros conceptos, la [&hellip;]\" \/>\n<meta property=\"og:url\" content=\"https:\/\/iraurgiberritzen.eus\/es\/empresas-de-la-comarca-comparten-conocimientos-y-experiencias-en-la-implantacion-del-plan-de-igualdad-en-la-empresa\/\" \/>\n<meta property=\"og:site_name\" content=\"Iraurgi Berritzen\" \/>\n<meta property=\"article:published_time\" content=\"2023-10-20T08:55:20+00:00\" \/>\n<meta name=\"twitter:card\" content=\"summary_large_image\" \/>\n<meta name=\"twitter:label1\" content=\"Tiempo de lectura\" \/>\n\t<meta name=\"twitter:data1\" content=\"1 minuto\" \/>\n<script type=\"application\/ld+json\" class=\"yoast-schema-graph\">{\"@context\":\"https:\\\/\\\/schema.org\",\"@graph\":[{\"@type\":\"Article\",\"@id\":\"https:\\\/\\\/iraurgiberritzen.eus\\\/es\\\/empresas-de-la-comarca-comparten-conocimientos-y-experiencias-en-la-implantacion-del-plan-de-igualdad-en-la-empresa\\\/#article\",\"isPartOf\":{\"@id\":\"https:\\\/\\\/iraurgiberritzen.eus\\\/es\\\/empresas-de-la-comarca-comparten-conocimientos-y-experiencias-en-la-implantacion-del-plan-de-igualdad-en-la-empresa\\\/\"},\"author\":{\"name\":\"\",\"@id\":\"\"},\"headline\":\"Empresas de la comarca comparten conocimientos y experiencias en la Implantaci\u00f3n del \u00abPlan de Igualdad en la empresa\u00bb\",\"datePublished\":\"2023-10-20T08:55:20+00:00\",\"mainEntityOfPage\":{\"@id\":\"https:\\\/\\\/iraurgiberritzen.eus\\\/es\\\/empresas-de-la-comarca-comparten-conocimientos-y-experiencias-en-la-implantacion-del-plan-de-igualdad-en-la-empresa\\\/\"},\"wordCount\":200,\"publisher\":{\"@id\":\"https:\\\/\\\/iraurgiberritzen.eus\\\/es\\\/#organization\"},\"image\":{\"@id\":\"https:\\\/\\\/iraurgiberritzen.eus\\\/es\\\/empresas-de-la-comarca-comparten-conocimientos-y-experiencias-en-la-implantacion-del-plan-de-igualdad-en-la-empresa\\\/#primaryimage\"},\"thumbnailUrl\":\"https:\\\/\\\/iraurgiberritzen.eus\\\/wp-content\\\/uploads\\\/2024\\\/01\\\/26592557cec344d5b5b242a1353cc260.jpg\",\"articleSection\":[\"Noticias\"],\"inLanguage\":\"es\"},{\"@type\":\"WebPage\",\"@id\":\"https:\\\/\\\/iraurgiberritzen.eus\\\/es\\\/empresas-de-la-comarca-comparten-conocimientos-y-experiencias-en-la-implantacion-del-plan-de-igualdad-en-la-empresa\\\/\",\"url\":\"https:\\\/\\\/iraurgiberritzen.eus\\\/es\\\/empresas-de-la-comarca-comparten-conocimientos-y-experiencias-en-la-implantacion-del-plan-de-igualdad-en-la-empresa\\\/\",\"name\":\"Empresas de la comarca comparten conocimientos y experiencias en la Implantaci\u00f3n del \\\"Plan de Igualdad en la empresa\\\" - Iraurgi Berritzen\",\"isPartOf\":{\"@id\":\"https:\\\/\\\/iraurgiberritzen.eus\\\/es\\\/#website\"},\"primaryImageOfPage\":{\"@id\":\"https:\\\/\\\/iraurgiberritzen.eus\\\/es\\\/empresas-de-la-comarca-comparten-conocimientos-y-experiencias-en-la-implantacion-del-plan-de-igualdad-en-la-empresa\\\/#primaryimage\"},\"image\":{\"@id\":\"https:\\\/\\\/iraurgiberritzen.eus\\\/es\\\/empresas-de-la-comarca-comparten-conocimientos-y-experiencias-en-la-implantacion-del-plan-de-igualdad-en-la-empresa\\\/#primaryimage\"},\"thumbnailUrl\":\"https:\\\/\\\/iraurgiberritzen.eus\\\/wp-content\\\/uploads\\\/2024\\\/01\\\/26592557cec344d5b5b242a1353cc260.jpg\",\"datePublished\":\"2023-10-20T08:55:20+00:00\",\"breadcrumb\":{\"@id\":\"https:\\\/\\\/iraurgiberritzen.eus\\\/es\\\/empresas-de-la-comarca-comparten-conocimientos-y-experiencias-en-la-implantacion-del-plan-de-igualdad-en-la-empresa\\\/#breadcrumb\"},\"inLanguage\":\"es\",\"potentialAction\":[{\"@type\":\"ReadAction\",\"target\":[\"https:\\\/\\\/iraurgiberritzen.eus\\\/es\\\/empresas-de-la-comarca-comparten-conocimientos-y-experiencias-en-la-implantacion-del-plan-de-igualdad-en-la-empresa\\\/\"]}]},{\"@type\":\"ImageObject\",\"inLanguage\":\"es\",\"@id\":\"https:\\\/\\\/iraurgiberritzen.eus\\\/es\\\/empresas-de-la-comarca-comparten-conocimientos-y-experiencias-en-la-implantacion-del-plan-de-igualdad-en-la-empresa\\\/#primaryimage\",\"url\":\"https:\\\/\\\/iraurgiberritzen.eus\\\/wp-content\\\/uploads\\\/2024\\\/01\\\/26592557cec344d5b5b242a1353cc260.jpg\",\"contentUrl\":\"https:\\\/\\\/iraurgiberritzen.eus\\\/wp-content\\\/uploads\\\/2024\\\/01\\\/26592557cec344d5b5b242a1353cc260.jpg\",\"width\":400,\"height\":257},{\"@type\":\"BreadcrumbList\",\"@id\":\"https:\\\/\\\/iraurgiberritzen.eus\\\/es\\\/empresas-de-la-comarca-comparten-conocimientos-y-experiencias-en-la-implantacion-del-plan-de-igualdad-en-la-empresa\\\/#breadcrumb\",\"itemListElement\":[{\"@type\":\"ListItem\",\"position\":1,\"name\":\"Home\",\"item\":\"https:\\\/\\\/iraurgiberritzen.eus\\\/es\\\/\"},{\"@type\":\"ListItem\",\"position\":2,\"name\":\"Empresas de la comarca comparten conocimientos y experiencias en la Implantaci\u00f3n del &#8220;Plan de Igualdad en la empresa&#8221;\"}]},{\"@type\":\"WebSite\",\"@id\":\"https:\\\/\\\/iraurgiberritzen.eus\\\/es\\\/#website\",\"url\":\"https:\\\/\\\/iraurgiberritzen.eus\\\/es\\\/\",\"name\":\"Iraurgi Berritzen\",\"description\":\"Urola Erdiko Garapen Agentzia\",\"publisher\":{\"@id\":\"https:\\\/\\\/iraurgiberritzen.eus\\\/es\\\/#organization\"},\"potentialAction\":[{\"@type\":\"SearchAction\",\"target\":{\"@type\":\"EntryPoint\",\"urlTemplate\":\"https:\\\/\\\/iraurgiberritzen.eus\\\/es\\\/?s={search_term_string}\"},\"query-input\":{\"@type\":\"PropertyValueSpecification\",\"valueRequired\":true,\"valueName\":\"search_term_string\"}}],\"inLanguage\":\"es\"},{\"@type\":\"Organization\",\"@id\":\"https:\\\/\\\/iraurgiberritzen.eus\\\/es\\\/#organization\",\"name\":\"Iraurgi Berritzen\",\"url\":\"https:\\\/\\\/iraurgiberritzen.eus\\\/es\\\/\",\"logo\":{\"@type\":\"ImageObject\",\"inLanguage\":\"es\",\"@id\":\"https:\\\/\\\/iraurgiberritzen.eus\\\/es\\\/#\\\/schema\\\/logo\\\/image\\\/\",\"url\":\"https:\\\/\\\/iraurgiberritzen.eus\\\/wp-content\\\/uploads\\\/2024\\\/02\\\/IRAURGI-BERRITZEN-logotipoa_2.png\",\"contentUrl\":\"https:\\\/\\\/iraurgiberritzen.eus\\\/wp-content\\\/uploads\\\/2024\\\/02\\\/IRAURGI-BERRITZEN-logotipoa_2.png\",\"width\":496,\"height\":190,\"caption\":\"Iraurgi Berritzen\"},\"image\":{\"@id\":\"https:\\\/\\\/iraurgiberritzen.eus\\\/es\\\/#\\\/schema\\\/logo\\\/image\\\/\"}}]}<\/script>\n<!-- \/ Yoast SEO plugin. -->","yoast_head_json":{"title":"Empresas de la comarca comparten conocimientos y experiencias en la Implantaci\u00f3n del \"Plan de Igualdad en la empresa\" - Iraurgi Berritzen","robots":{"index":"index","follow":"follow","max-snippet":"max-snippet:-1","max-image-preview":"max-image-preview:large","max-video-preview":"max-video-preview:-1"},"canonical":"https:\/\/iraurgiberritzen.eus\/es\/empresas-de-la-comarca-comparten-conocimientos-y-experiencias-en-la-implantacion-del-plan-de-igualdad-en-la-empresa\/","og_locale":"es_ES","og_type":"article","og_title":"Empresas de la comarca comparten conocimientos y experiencias en la Implantaci\u00f3n del \"Plan de Igualdad en la empresa\" - Iraurgi Berritzen","og_description":"Esta sesi\u00f3n de trabajo, dirigida a personal de direcci\u00f3n y\/o responsable de personas de empresas industriales de la comarca, ha tenido como objetivo principal la integraci\u00f3n de la perspectiva de g\u00e9nero en las empresas de Urola Erdia. Para ello, en la sesi\u00f3n de hoy, celebrada en formato online, se han presentado entre otros conceptos, la [&hellip;]","og_url":"https:\/\/iraurgiberritzen.eus\/es\/empresas-de-la-comarca-comparten-conocimientos-y-experiencias-en-la-implantacion-del-plan-de-igualdad-en-la-empresa\/","og_site_name":"Iraurgi Berritzen","article_published_time":"2023-10-20T08:55:20+00:00","twitter_card":"summary_large_image","twitter_misc":{"Tiempo de lectura":"1 minuto"},"schema":{"@context":"https:\/\/schema.org","@graph":[{"@type":"Article","@id":"https:\/\/iraurgiberritzen.eus\/es\/empresas-de-la-comarca-comparten-conocimientos-y-experiencias-en-la-implantacion-del-plan-de-igualdad-en-la-empresa\/#article","isPartOf":{"@id":"https:\/\/iraurgiberritzen.eus\/es\/empresas-de-la-comarca-comparten-conocimientos-y-experiencias-en-la-implantacion-del-plan-de-igualdad-en-la-empresa\/"},"author":{"name":"","@id":""},"headline":"Empresas de la comarca comparten conocimientos y experiencias en la Implantaci\u00f3n del \u00abPlan de Igualdad en la empresa\u00bb","datePublished":"2023-10-20T08:55:20+00:00","mainEntityOfPage":{"@id":"https:\/\/iraurgiberritzen.eus\/es\/empresas-de-la-comarca-comparten-conocimientos-y-experiencias-en-la-implantacion-del-plan-de-igualdad-en-la-empresa\/"},"wordCount":200,"publisher":{"@id":"https:\/\/iraurgiberritzen.eus\/es\/#organization"},"image":{"@id":"https:\/\/iraurgiberritzen.eus\/es\/empresas-de-la-comarca-comparten-conocimientos-y-experiencias-en-la-implantacion-del-plan-de-igualdad-en-la-empresa\/#primaryimage"},"thumbnailUrl":"https:\/\/iraurgiberritzen.eus\/wp-content\/uploads\/2024\/01\/26592557cec344d5b5b242a1353cc260.jpg","articleSection":["Noticias"],"inLanguage":"es"},{"@type":"WebPage","@id":"https:\/\/iraurgiberritzen.eus\/es\/empresas-de-la-comarca-comparten-conocimientos-y-experiencias-en-la-implantacion-del-plan-de-igualdad-en-la-empresa\/","url":"https:\/\/iraurgiberritzen.eus\/es\/empresas-de-la-comarca-comparten-conocimientos-y-experiencias-en-la-implantacion-del-plan-de-igualdad-en-la-empresa\/","name":"Empresas de la comarca comparten conocimientos y experiencias en la Implantaci\u00f3n del \"Plan de Igualdad en la empresa\" - Iraurgi Berritzen","isPartOf":{"@id":"https:\/\/iraurgiberritzen.eus\/es\/#website"},"primaryImageOfPage":{"@id":"https:\/\/iraurgiberritzen.eus\/es\/empresas-de-la-comarca-comparten-conocimientos-y-experiencias-en-la-implantacion-del-plan-de-igualdad-en-la-empresa\/#primaryimage"},"image":{"@id":"https:\/\/iraurgiberritzen.eus\/es\/empresas-de-la-comarca-comparten-conocimientos-y-experiencias-en-la-implantacion-del-plan-de-igualdad-en-la-empresa\/#primaryimage"},"thumbnailUrl":"https:\/\/iraurgiberritzen.eus\/wp-content\/uploads\/2024\/01\/26592557cec344d5b5b242a1353cc260.jpg","datePublished":"2023-10-20T08:55:20+00:00","breadcrumb":{"@id":"https:\/\/iraurgiberritzen.eus\/es\/empresas-de-la-comarca-comparten-conocimientos-y-experiencias-en-la-implantacion-del-plan-de-igualdad-en-la-empresa\/#breadcrumb"},"inLanguage":"es","potentialAction":[{"@type":"ReadAction","target":["https:\/\/iraurgiberritzen.eus\/es\/empresas-de-la-comarca-comparten-conocimientos-y-experiencias-en-la-implantacion-del-plan-de-igualdad-en-la-empresa\/"]}]},{"@type":"ImageObject","inLanguage":"es","@id":"https:\/\/iraurgiberritzen.eus\/es\/empresas-de-la-comarca-comparten-conocimientos-y-experiencias-en-la-implantacion-del-plan-de-igualdad-en-la-empresa\/#primaryimage","url":"https:\/\/iraurgiberritzen.eus\/wp-content\/uploads\/2024\/01\/26592557cec344d5b5b242a1353cc260.jpg","contentUrl":"https:\/\/iraurgiberritzen.eus\/wp-content\/uploads\/2024\/01\/26592557cec344d5b5b242a1353cc260.jpg","width":400,"height":257},{"@type":"BreadcrumbList","@id":"https:\/\/iraurgiberritzen.eus\/es\/empresas-de-la-comarca-comparten-conocimientos-y-experiencias-en-la-implantacion-del-plan-de-igualdad-en-la-empresa\/#breadcrumb","itemListElement":[{"@type":"ListItem","position":1,"name":"Home","item":"https:\/\/iraurgiberritzen.eus\/es\/"},{"@type":"ListItem","position":2,"name":"Empresas de la comarca comparten conocimientos y experiencias en la Implantaci\u00f3n del &#8220;Plan de Igualdad en la empresa&#8221;"}]},{"@type":"WebSite","@id":"https:\/\/iraurgiberritzen.eus\/es\/#website","url":"https:\/\/iraurgiberritzen.eus\/es\/","name":"Iraurgi Berritzen","description":"Urola Erdiko Garapen Agentzia","publisher":{"@id":"https:\/\/iraurgiberritzen.eus\/es\/#organization"},"potentialAction":[{"@type":"SearchAction","target":{"@type":"EntryPoint","urlTemplate":"https:\/\/iraurgiberritzen.eus\/es\/?s={search_term_string}"},"query-input":{"@type":"PropertyValueSpecification","valueRequired":true,"valueName":"search_term_string"}}],"inLanguage":"es"},{"@type":"Organization","@id":"https:\/\/iraurgiberritzen.eus\/es\/#organization","name":"Iraurgi Berritzen","url":"https:\/\/iraurgiberritzen.eus\/es\/","logo":{"@type":"ImageObject","inLanguage":"es","@id":"https:\/\/iraurgiberritzen.eus\/es\/#\/schema\/logo\/image\/","url":"https:\/\/iraurgiberritzen.eus\/wp-content\/uploads\/2024\/02\/IRAURGI-BERRITZEN-logotipoa_2.png","contentUrl":"https:\/\/iraurgiberritzen.eus\/wp-content\/uploads\/2024\/02\/IRAURGI-BERRITZEN-logotipoa_2.png","width":496,"height":190,"caption":"Iraurgi Berritzen"},"image":{"@id":"https:\/\/iraurgiberritzen.eus\/es\/#\/schema\/logo\/image\/"}}]}},"_links":{"self":[{"href":"https:\/\/iraurgiberritzen.eus\/es\/wp-json\/wp\/v2\/posts\/17068","targetHints":{"allow":["GET"]}}],"collection":[{"href":"https:\/\/iraurgiberritzen.eus\/es\/wp-json\/wp\/v2\/posts"}],"about":[{"href":"https:\/\/iraurgiberritzen.eus\/es\/wp-json\/wp\/v2\/types\/post"}],"replies":[{"embeddable":true,"href":"https:\/\/iraurgiberritzen.eus\/es\/wp-json\/wp\/v2\/comments?post=17068"}],"version-history":[{"count":0,"href":"https:\/\/iraurgiberritzen.eus\/es\/wp-json\/wp\/v2\/posts\/17068\/revisions"}],"wp:featuredmedia":[{"embeddable":true,"href":"https:\/\/iraurgiberritzen.eus\/es\/wp-json\/wp\/v2\/media\/17067"}],"wp:attachment":[{"href":"https:\/\/iraurgiberritzen.eus\/es\/wp-json\/wp\/v2\/media?parent=17068"}],"wp:term":[{"taxonomy":"category","embeddable":true,"href":"https:\/\/iraurgiberritzen.eus\/es\/wp-json\/wp\/v2\/categories?post=17068"},{"taxonomy":"post_tag","embeddable":true,"href":"https:\/\/iraurgiberritzen.eus\/es\/wp-json\/wp\/v2\/tags?post=17068"}],"curies":[{"name":"wp","href":"https:\/\/api.w.org\/{rel}","templated":true}]}}