{"id":17080,"date":"2023-11-02T15:14:05","date_gmt":"2023-11-02T13:14:05","guid":{"rendered":"https:\/\/iraurgiberritzen.eus\/programa-bidelan-personas-desempleadas-de-la-comarca-trabajan-sus-habilidades-personales-y-profesionales\/"},"modified":"2023-11-02T15:14:05","modified_gmt":"2023-11-02T13:14:05","slug":"programa-bidelan-personas-desempleadas-de-la-comarca-trabajan-sus-habilidades-personales-y-profesionales","status":"publish","type":"post","link":"https:\/\/iraurgiberritzen.eus\/es\/programa-bidelan-personas-desempleadas-de-la-comarca-trabajan-sus-habilidades-personales-y-profesionales\/","title":{"rendered":"Programa Bidelan: Personas desempleadas de la comarca trabajan sus habilidades personales y profesionales"},"content":{"rendered":"<p style=\"text-align: justify\">Desde el \u00c1rea de Empleo de Iraurgi Berritzen, del 23 al 31 de octubre se ha desarrollado el programa Bidelan en el Palacio Intsausti de Azkoitia donde han participado 12 mujeres de diferentes edades de la comarca del Urola Medio.<\/p>\n<p style=\"text-align: justify\">Haciendo uso de la t\u00e9cnica Coaching, se han realizado distintas din\u00e1micas para que cada participante trabaje sus habilidades personales y profesionales.<\/p>\n<p style=\"text-align: justify\">Por otro lado, hemos contado con la visita de profesionales de distintos sectores de la comarca:<\/p>\n<ul style=\"text-align: justify\">\n<li style=\"text-align: justify\">Del primer sector Olatz Lacomba (Urkome).<\/li>\n<li style=\"text-align: justify\">Del sector Industria Nerea Filgueira (Elmubas).<\/li>\n<li style=\"text-align: justify\">De Autoempleo Alazne Larra\u00f1aga e Ione Eizaguirre (Iraurgi Berritzen).<\/li>\n<li style=\"text-align: justify\">De Dependencia &#8211; 3\u00aa Edad Jone Esnal (Mugat).<\/li>\n<\/ul>\n<p style=\"text-align: justify\">Adem\u00e1s, las personas participantes en este programa han visitado el Centro de Formaci\u00f3n Profesional Izarraitz, donde han podido conocer su oferta formativa.<\/p>\n<p style=\"text-align: justify\">\u00c9stas han valorado muy positivamente el curso y estas visitas ya que han recibido una informaci\u00f3n muy \u00fatil sobre el tipo de perfil que se requiere en cada trabajo. El objetivo de este programa ha sido motivar a estas personas para obtener un trabajo o formaci\u00f3n, y de momento algunas personas participantes se han inscrito a distintas ofertas publicadas en el portal www.urolanprest.eus y otras est\u00e1n muy interesadas en recibir formaci\u00f3n culinaria.<\/p>\n","protected":false},"excerpt":{"rendered":"<p>Desde el \u00c1rea de Empleo de Iraurgi Berritzen, del 23 al 31 de octubre se ha desarrollado el programa Bidelan en el Palacio Intsausti de Azkoitia donde han participado 12 mujeres de diferentes edades de la comarca del Urola Medio. Haciendo uso de la t\u00e9cnica Coaching, se han realizado distintas din\u00e1micas para que cada participante [&hellip;]<\/p>\n","protected":false},"author":0,"featured_media":17079,"comment_status":"","ping_status":"closed","sticky":false,"template":"","format":"standard","meta":{"_acf_changed":false,"footnotes":""},"categories":[4],"tags":[],"class_list":["post-17080","post","type-post","status-publish","format-standard","has-post-thumbnail","hentry","category-noticias"],"acf":[],"yoast_head":"<!-- This site is optimized with the Yoast SEO plugin v27.4 - https:\/\/yoast.com\/product\/yoast-seo-wordpress\/ -->\n<title>Programa Bidelan: Personas desempleadas de la comarca trabajan sus habilidades personales y profesionales - Iraurgi Berritzen<\/title>\n<meta name=\"robots\" content=\"index, follow, max-snippet:-1, max-image-preview:large, max-video-preview:-1\" \/>\n<link rel=\"canonical\" href=\"https:\/\/iraurgiberritzen.eus\/es\/programa-bidelan-personas-desempleadas-de-la-comarca-trabajan-sus-habilidades-personales-y-profesionales\/\" \/>\n<meta property=\"og:locale\" content=\"es_ES\" \/>\n<meta property=\"og:type\" content=\"article\" \/>\n<meta property=\"og:title\" content=\"Programa Bidelan: Personas desempleadas de la comarca trabajan sus habilidades personales y profesionales - Iraurgi Berritzen\" \/>\n<meta property=\"og:description\" content=\"Desde el \u00c1rea de Empleo de Iraurgi Berritzen, del 23 al 31 de octubre se ha desarrollado el programa Bidelan en el Palacio Intsausti de Azkoitia donde han participado 12 mujeres de diferentes edades de la comarca del Urola Medio. Haciendo uso de la t\u00e9cnica Coaching, se han realizado distintas din\u00e1micas para que cada participante [&hellip;]\" \/>\n<meta property=\"og:url\" content=\"https:\/\/iraurgiberritzen.eus\/es\/programa-bidelan-personas-desempleadas-de-la-comarca-trabajan-sus-habilidades-personales-y-profesionales\/\" \/>\n<meta property=\"og:site_name\" content=\"Iraurgi Berritzen\" \/>\n<meta property=\"article:published_time\" content=\"2023-11-02T13:14:05+00:00\" \/>\n<meta name=\"twitter:card\" content=\"summary_large_image\" \/>\n<meta name=\"twitter:label1\" content=\"Tiempo de lectura\" \/>\n\t<meta name=\"twitter:data1\" content=\"1 minuto\" \/>\n<script type=\"application\/ld+json\" class=\"yoast-schema-graph\">{\"@context\":\"https:\\\/\\\/schema.org\",\"@graph\":[{\"@type\":\"Article\",\"@id\":\"https:\\\/\\\/iraurgiberritzen.eus\\\/es\\\/programa-bidelan-personas-desempleadas-de-la-comarca-trabajan-sus-habilidades-personales-y-profesionales\\\/#article\",\"isPartOf\":{\"@id\":\"https:\\\/\\\/iraurgiberritzen.eus\\\/es\\\/programa-bidelan-personas-desempleadas-de-la-comarca-trabajan-sus-habilidades-personales-y-profesionales\\\/\"},\"author\":{\"name\":\"\",\"@id\":\"\"},\"headline\":\"Programa Bidelan: Personas desempleadas de la comarca trabajan sus habilidades personales y profesionales\",\"datePublished\":\"2023-11-02T13:14:05+00:00\",\"mainEntityOfPage\":{\"@id\":\"https:\\\/\\\/iraurgiberritzen.eus\\\/es\\\/programa-bidelan-personas-desempleadas-de-la-comarca-trabajan-sus-habilidades-personales-y-profesionales\\\/\"},\"wordCount\":220,\"publisher\":{\"@id\":\"https:\\\/\\\/iraurgiberritzen.eus\\\/es\\\/#organization\"},\"image\":{\"@id\":\"https:\\\/\\\/iraurgiberritzen.eus\\\/es\\\/programa-bidelan-personas-desempleadas-de-la-comarca-trabajan-sus-habilidades-personales-y-profesionales\\\/#primaryimage\"},\"thumbnailUrl\":\"https:\\\/\\\/iraurgiberritzen.eus\\\/wp-content\\\/uploads\\\/2024\\\/01\\\/0af7066a15b46ecace4051cc8307525c.jpg\",\"articleSection\":[\"Noticias\"],\"inLanguage\":\"es\"},{\"@type\":\"WebPage\",\"@id\":\"https:\\\/\\\/iraurgiberritzen.eus\\\/es\\\/programa-bidelan-personas-desempleadas-de-la-comarca-trabajan-sus-habilidades-personales-y-profesionales\\\/\",\"url\":\"https:\\\/\\\/iraurgiberritzen.eus\\\/es\\\/programa-bidelan-personas-desempleadas-de-la-comarca-trabajan-sus-habilidades-personales-y-profesionales\\\/\",\"name\":\"Programa Bidelan: Personas desempleadas de la comarca trabajan sus habilidades personales y profesionales - Iraurgi Berritzen\",\"isPartOf\":{\"@id\":\"https:\\\/\\\/iraurgiberritzen.eus\\\/es\\\/#website\"},\"primaryImageOfPage\":{\"@id\":\"https:\\\/\\\/iraurgiberritzen.eus\\\/es\\\/programa-bidelan-personas-desempleadas-de-la-comarca-trabajan-sus-habilidades-personales-y-profesionales\\\/#primaryimage\"},\"image\":{\"@id\":\"https:\\\/\\\/iraurgiberritzen.eus\\\/es\\\/programa-bidelan-personas-desempleadas-de-la-comarca-trabajan-sus-habilidades-personales-y-profesionales\\\/#primaryimage\"},\"thumbnailUrl\":\"https:\\\/\\\/iraurgiberritzen.eus\\\/wp-content\\\/uploads\\\/2024\\\/01\\\/0af7066a15b46ecace4051cc8307525c.jpg\",\"datePublished\":\"2023-11-02T13:14:05+00:00\",\"breadcrumb\":{\"@id\":\"https:\\\/\\\/iraurgiberritzen.eus\\\/es\\\/programa-bidelan-personas-desempleadas-de-la-comarca-trabajan-sus-habilidades-personales-y-profesionales\\\/#breadcrumb\"},\"inLanguage\":\"es\",\"potentialAction\":[{\"@type\":\"ReadAction\",\"target\":[\"https:\\\/\\\/iraurgiberritzen.eus\\\/es\\\/programa-bidelan-personas-desempleadas-de-la-comarca-trabajan-sus-habilidades-personales-y-profesionales\\\/\"]}]},{\"@type\":\"ImageObject\",\"inLanguage\":\"es\",\"@id\":\"https:\\\/\\\/iraurgiberritzen.eus\\\/es\\\/programa-bidelan-personas-desempleadas-de-la-comarca-trabajan-sus-habilidades-personales-y-profesionales\\\/#primaryimage\",\"url\":\"https:\\\/\\\/iraurgiberritzen.eus\\\/wp-content\\\/uploads\\\/2024\\\/01\\\/0af7066a15b46ecace4051cc8307525c.jpg\",\"contentUrl\":\"https:\\\/\\\/iraurgiberritzen.eus\\\/wp-content\\\/uploads\\\/2024\\\/01\\\/0af7066a15b46ecace4051cc8307525c.jpg\",\"width\":400,\"height\":257},{\"@type\":\"BreadcrumbList\",\"@id\":\"https:\\\/\\\/iraurgiberritzen.eus\\\/es\\\/programa-bidelan-personas-desempleadas-de-la-comarca-trabajan-sus-habilidades-personales-y-profesionales\\\/#breadcrumb\",\"itemListElement\":[{\"@type\":\"ListItem\",\"position\":1,\"name\":\"Home\",\"item\":\"https:\\\/\\\/iraurgiberritzen.eus\\\/es\\\/\"},{\"@type\":\"ListItem\",\"position\":2,\"name\":\"Programa Bidelan: Personas desempleadas de la comarca trabajan sus habilidades personales y profesionales\"}]},{\"@type\":\"WebSite\",\"@id\":\"https:\\\/\\\/iraurgiberritzen.eus\\\/es\\\/#website\",\"url\":\"https:\\\/\\\/iraurgiberritzen.eus\\\/es\\\/\",\"name\":\"Iraurgi Berritzen\",\"description\":\"Urola Erdiko Garapen Agentzia\",\"publisher\":{\"@id\":\"https:\\\/\\\/iraurgiberritzen.eus\\\/es\\\/#organization\"},\"potentialAction\":[{\"@type\":\"SearchAction\",\"target\":{\"@type\":\"EntryPoint\",\"urlTemplate\":\"https:\\\/\\\/iraurgiberritzen.eus\\\/es\\\/?s={search_term_string}\"},\"query-input\":{\"@type\":\"PropertyValueSpecification\",\"valueRequired\":true,\"valueName\":\"search_term_string\"}}],\"inLanguage\":\"es\"},{\"@type\":\"Organization\",\"@id\":\"https:\\\/\\\/iraurgiberritzen.eus\\\/es\\\/#organization\",\"name\":\"Iraurgi Berritzen\",\"url\":\"https:\\\/\\\/iraurgiberritzen.eus\\\/es\\\/\",\"logo\":{\"@type\":\"ImageObject\",\"inLanguage\":\"es\",\"@id\":\"https:\\\/\\\/iraurgiberritzen.eus\\\/es\\\/#\\\/schema\\\/logo\\\/image\\\/\",\"url\":\"https:\\\/\\\/iraurgiberritzen.eus\\\/wp-content\\\/uploads\\\/2024\\\/02\\\/IRAURGI-BERRITZEN-logotipoa_2.png\",\"contentUrl\":\"https:\\\/\\\/iraurgiberritzen.eus\\\/wp-content\\\/uploads\\\/2024\\\/02\\\/IRAURGI-BERRITZEN-logotipoa_2.png\",\"width\":496,\"height\":190,\"caption\":\"Iraurgi Berritzen\"},\"image\":{\"@id\":\"https:\\\/\\\/iraurgiberritzen.eus\\\/es\\\/#\\\/schema\\\/logo\\\/image\\\/\"}}]}<\/script>\n<!-- \/ Yoast SEO plugin. -->","yoast_head_json":{"title":"Programa Bidelan: Personas desempleadas de la comarca trabajan sus habilidades personales y profesionales - Iraurgi Berritzen","robots":{"index":"index","follow":"follow","max-snippet":"max-snippet:-1","max-image-preview":"max-image-preview:large","max-video-preview":"max-video-preview:-1"},"canonical":"https:\/\/iraurgiberritzen.eus\/es\/programa-bidelan-personas-desempleadas-de-la-comarca-trabajan-sus-habilidades-personales-y-profesionales\/","og_locale":"es_ES","og_type":"article","og_title":"Programa Bidelan: Personas desempleadas de la comarca trabajan sus habilidades personales y profesionales - Iraurgi Berritzen","og_description":"Desde el \u00c1rea de Empleo de Iraurgi Berritzen, del 23 al 31 de octubre se ha desarrollado el programa Bidelan en el Palacio Intsausti de Azkoitia donde han participado 12 mujeres de diferentes edades de la comarca del Urola Medio. Haciendo uso de la t\u00e9cnica Coaching, se han realizado distintas din\u00e1micas para que cada participante [&hellip;]","og_url":"https:\/\/iraurgiberritzen.eus\/es\/programa-bidelan-personas-desempleadas-de-la-comarca-trabajan-sus-habilidades-personales-y-profesionales\/","og_site_name":"Iraurgi Berritzen","article_published_time":"2023-11-02T13:14:05+00:00","twitter_card":"summary_large_image","twitter_misc":{"Tiempo de lectura":"1 minuto"},"schema":{"@context":"https:\/\/schema.org","@graph":[{"@type":"Article","@id":"https:\/\/iraurgiberritzen.eus\/es\/programa-bidelan-personas-desempleadas-de-la-comarca-trabajan-sus-habilidades-personales-y-profesionales\/#article","isPartOf":{"@id":"https:\/\/iraurgiberritzen.eus\/es\/programa-bidelan-personas-desempleadas-de-la-comarca-trabajan-sus-habilidades-personales-y-profesionales\/"},"author":{"name":"","@id":""},"headline":"Programa Bidelan: Personas desempleadas de la comarca trabajan sus habilidades personales y profesionales","datePublished":"2023-11-02T13:14:05+00:00","mainEntityOfPage":{"@id":"https:\/\/iraurgiberritzen.eus\/es\/programa-bidelan-personas-desempleadas-de-la-comarca-trabajan-sus-habilidades-personales-y-profesionales\/"},"wordCount":220,"publisher":{"@id":"https:\/\/iraurgiberritzen.eus\/es\/#organization"},"image":{"@id":"https:\/\/iraurgiberritzen.eus\/es\/programa-bidelan-personas-desempleadas-de-la-comarca-trabajan-sus-habilidades-personales-y-profesionales\/#primaryimage"},"thumbnailUrl":"https:\/\/iraurgiberritzen.eus\/wp-content\/uploads\/2024\/01\/0af7066a15b46ecace4051cc8307525c.jpg","articleSection":["Noticias"],"inLanguage":"es"},{"@type":"WebPage","@id":"https:\/\/iraurgiberritzen.eus\/es\/programa-bidelan-personas-desempleadas-de-la-comarca-trabajan-sus-habilidades-personales-y-profesionales\/","url":"https:\/\/iraurgiberritzen.eus\/es\/programa-bidelan-personas-desempleadas-de-la-comarca-trabajan-sus-habilidades-personales-y-profesionales\/","name":"Programa Bidelan: Personas desempleadas de la comarca trabajan sus habilidades personales y profesionales - Iraurgi Berritzen","isPartOf":{"@id":"https:\/\/iraurgiberritzen.eus\/es\/#website"},"primaryImageOfPage":{"@id":"https:\/\/iraurgiberritzen.eus\/es\/programa-bidelan-personas-desempleadas-de-la-comarca-trabajan-sus-habilidades-personales-y-profesionales\/#primaryimage"},"image":{"@id":"https:\/\/iraurgiberritzen.eus\/es\/programa-bidelan-personas-desempleadas-de-la-comarca-trabajan-sus-habilidades-personales-y-profesionales\/#primaryimage"},"thumbnailUrl":"https:\/\/iraurgiberritzen.eus\/wp-content\/uploads\/2024\/01\/0af7066a15b46ecace4051cc8307525c.jpg","datePublished":"2023-11-02T13:14:05+00:00","breadcrumb":{"@id":"https:\/\/iraurgiberritzen.eus\/es\/programa-bidelan-personas-desempleadas-de-la-comarca-trabajan-sus-habilidades-personales-y-profesionales\/#breadcrumb"},"inLanguage":"es","potentialAction":[{"@type":"ReadAction","target":["https:\/\/iraurgiberritzen.eus\/es\/programa-bidelan-personas-desempleadas-de-la-comarca-trabajan-sus-habilidades-personales-y-profesionales\/"]}]},{"@type":"ImageObject","inLanguage":"es","@id":"https:\/\/iraurgiberritzen.eus\/es\/programa-bidelan-personas-desempleadas-de-la-comarca-trabajan-sus-habilidades-personales-y-profesionales\/#primaryimage","url":"https:\/\/iraurgiberritzen.eus\/wp-content\/uploads\/2024\/01\/0af7066a15b46ecace4051cc8307525c.jpg","contentUrl":"https:\/\/iraurgiberritzen.eus\/wp-content\/uploads\/2024\/01\/0af7066a15b46ecace4051cc8307525c.jpg","width":400,"height":257},{"@type":"BreadcrumbList","@id":"https:\/\/iraurgiberritzen.eus\/es\/programa-bidelan-personas-desempleadas-de-la-comarca-trabajan-sus-habilidades-personales-y-profesionales\/#breadcrumb","itemListElement":[{"@type":"ListItem","position":1,"name":"Home","item":"https:\/\/iraurgiberritzen.eus\/es\/"},{"@type":"ListItem","position":2,"name":"Programa Bidelan: Personas desempleadas de la comarca trabajan sus habilidades personales y profesionales"}]},{"@type":"WebSite","@id":"https:\/\/iraurgiberritzen.eus\/es\/#website","url":"https:\/\/iraurgiberritzen.eus\/es\/","name":"Iraurgi Berritzen","description":"Urola Erdiko Garapen Agentzia","publisher":{"@id":"https:\/\/iraurgiberritzen.eus\/es\/#organization"},"potentialAction":[{"@type":"SearchAction","target":{"@type":"EntryPoint","urlTemplate":"https:\/\/iraurgiberritzen.eus\/es\/?s={search_term_string}"},"query-input":{"@type":"PropertyValueSpecification","valueRequired":true,"valueName":"search_term_string"}}],"inLanguage":"es"},{"@type":"Organization","@id":"https:\/\/iraurgiberritzen.eus\/es\/#organization","name":"Iraurgi Berritzen","url":"https:\/\/iraurgiberritzen.eus\/es\/","logo":{"@type":"ImageObject","inLanguage":"es","@id":"https:\/\/iraurgiberritzen.eus\/es\/#\/schema\/logo\/image\/","url":"https:\/\/iraurgiberritzen.eus\/wp-content\/uploads\/2024\/02\/IRAURGI-BERRITZEN-logotipoa_2.png","contentUrl":"https:\/\/iraurgiberritzen.eus\/wp-content\/uploads\/2024\/02\/IRAURGI-BERRITZEN-logotipoa_2.png","width":496,"height":190,"caption":"Iraurgi Berritzen"},"image":{"@id":"https:\/\/iraurgiberritzen.eus\/es\/#\/schema\/logo\/image\/"}}]}},"_links":{"self":[{"href":"https:\/\/iraurgiberritzen.eus\/es\/wp-json\/wp\/v2\/posts\/17080","targetHints":{"allow":["GET"]}}],"collection":[{"href":"https:\/\/iraurgiberritzen.eus\/es\/wp-json\/wp\/v2\/posts"}],"about":[{"href":"https:\/\/iraurgiberritzen.eus\/es\/wp-json\/wp\/v2\/types\/post"}],"replies":[{"embeddable":true,"href":"https:\/\/iraurgiberritzen.eus\/es\/wp-json\/wp\/v2\/comments?post=17080"}],"version-history":[{"count":0,"href":"https:\/\/iraurgiberritzen.eus\/es\/wp-json\/wp\/v2\/posts\/17080\/revisions"}],"wp:featuredmedia":[{"embeddable":true,"href":"https:\/\/iraurgiberritzen.eus\/es\/wp-json\/wp\/v2\/media\/17079"}],"wp:attachment":[{"href":"https:\/\/iraurgiberritzen.eus\/es\/wp-json\/wp\/v2\/media?parent=17080"}],"wp:term":[{"taxonomy":"category","embeddable":true,"href":"https:\/\/iraurgiberritzen.eus\/es\/wp-json\/wp\/v2\/categories?post=17080"},{"taxonomy":"post_tag","embeddable":true,"href":"https:\/\/iraurgiberritzen.eus\/es\/wp-json\/wp\/v2\/tags?post=17080"}],"curies":[{"name":"wp","href":"https:\/\/api.w.org\/{rel}","templated":true}]}}