{"id":17084,"date":"2023-11-03T12:20:58","date_gmt":"2023-11-03T10:20:58","guid":{"rendered":"https:\/\/iraurgiberritzen.eus\/el-foro-de-empresas-de-ib-prioriza-las-lineas-de-trabajo-para-2024\/"},"modified":"2023-11-03T12:20:58","modified_gmt":"2023-11-03T10:20:58","slug":"el-foro-de-empresas-de-ib-prioriza-las-lineas-de-trabajo-para-2024","status":"publish","type":"post","link":"https:\/\/iraurgiberritzen.eus\/es\/el-foro-de-empresas-de-ib-prioriza-las-lineas-de-trabajo-para-2024\/","title":{"rendered":"El Foro de Empresas de IB prioriza  las l\u00edneas de trabajo para 2024"},"content":{"rendered":"<p style=\"text-align: justify\">En el seno del modelo de gobernanza de Iraurgi Berritzen, hoy, 3 de noviembre, se ha celebrado en el Palacio Basazabal de Azpeitia, la reuni\u00f3n de trabajo de fin de a\u00f1o del Foro de Empresas de Urola Erdia, con la participaci\u00f3n de representantes de empresas de la comarca que actualmente conforman este Foro.<\/p>\n<p style=\"text-align: justify\">En la primera parte de la reuni\u00f3n han compartido en una mesa redonda el contexto econ\u00f3mico actual y sus previsiones para 2024. A continuaci\u00f3n han presentado los datos relativos a los proyectos y servicios que se han trabajado con las empresas de la comarca este a\u00f1o, tanto los relacionados con el presupuesto de financiaci\u00f3n como los relativos a la participaci\u00f3n, valor\u00e1ndose muy positivamente tanto por el incremento de la participaci\u00f3n empresarial como por la apertura de nuevos \u00e1mbitos de trabajo en innovaci\u00f3n empresarial.<\/p>\n<p style=\"text-align: justify\">Acto seguido, han priorizado las l\u00edneas de trabajo y proyectos que se trabajar\u00e1n con las empresas de la comarca de cara al a\u00f1o 2024:<\/p>\n<p style=\"text-align: justify\">Se fomentar\u00e1 la <strong>Competitividad de las Empresas<\/strong> a trav\u00e9s de la <strong>capacitaci\u00f3n<\/strong>, abordando temas propuestos previamente por las mismas.<\/p>\n<ul style=\"text-align: justify\">\n<li style=\"text-align: justify\">Jornadas de sensibilizaci\u00f3n con expertos o sesiones de trabajo orientadas a la identificaci\u00f3n e intercambio de esta pr\u00e1ctica en el marco del Programa <strong>Ikasiz<\/strong>.<\/li>\n<li style=\"text-align: justify\">Diferentes sesiones de capacitaci\u00f3n con grupos de trabajo seg\u00fan perfiles de empresas en el proyecto <strong>Ikasiz Lan Taldeak<\/strong>.<\/li>\n<li style=\"text-align: justify\">Mediante la metodolog\u00eda formativa orientada a la acci\u00f3n se canalizar\u00e1 el desarrollo de proyectos piloto en los diferentes \u00e1mbitos de la empresa. En el marco del proyecto <strong>IkasEkin<\/strong>, se promover\u00e1n proyectos piloto en lo que respecta a la <strong>transformaci\u00f3n digital de las empresas, las energ\u00edas renovables, la transformaci\u00f3n de la gesti\u00f3n del talento de las personas, la econom\u00eda circular<\/strong>. En cuanto a la <strong>innovaci\u00f3n de las empresas<\/strong>, dentro del Programa Hazinnova, se promover\u00e1n entre otros, proyectos piloto de organizaci\u00f3n, marketing y comercializaci\u00f3n en las empresas de la comarca.<\/li>\n<li>En cuanto a la <strong>intermediaci\u00f3n de las subvenciones<\/strong>, se canalizar\u00e1 la vigilancia continua y difusi\u00f3n de las convocatorias de ayudas, as\u00ed como las solicitudes y justificaciones de los proyectos.<\/li>\n<\/ul>\n<p style=\"text-align: justify\">Adem\u00e1s, se continuar\u00e1 con la <strong>gesti\u00f3n y dinamizaci\u00f3n del Foro de Empresas<\/strong>, su Plan de Acci\u00f3n y el impulso de alianzas con agentes estrat\u00e9gicos externos.<\/p>\n<p style=\"text-align: justify\">Por otro lado, para dar respuesta a las necesidades derivadas del <strong>Proceso de Reflexi\u00f3n Urola Erdia 22-27<\/strong>, se seguir\u00e1n desarrollando proyectos de colaboraci\u00f3n con otros agentes de la comarca:<\/p>\n<ul>\n<li style=\"text-align: justify\"><strong>Participando en el Consejo formado con agentes de todos los \u00e1mbitos socioecon\u00f3micos<\/strong>.<\/li>\n<li style=\"text-align: justify\">A trav\u00e9s de la <strong>Comisi\u00f3n constituida en la Comarca para el desarrollo de la Estrategia del Talento (Generaci\u00f3n, Atracci\u00f3n y Fidelizaci\u00f3n)<\/strong> se impulsar\u00e1n diferentes acciones en colaboraci\u00f3n con agentes de diversa naturaleza como son la empresa, el empleo y la educaci\u00f3n.<\/li>\n<li style=\"text-align: justify\">A su vez, <strong>se ha formado un equipo que trabajar\u00e1 el posicionamiento e imagen de la comarca<\/strong> y se ha analizado su viabilidad. De cara al a\u00f1o que viene se seguir\u00e1 trabajando en esta l\u00ednea de trabajo.<\/li>\n<\/ul>\n","protected":false},"excerpt":{"rendered":"<p>En el seno del modelo de gobernanza de Iraurgi Berritzen, hoy, 3 de noviembre, se ha celebrado en el Palacio Basazabal de Azpeitia, la reuni\u00f3n de trabajo de fin de a\u00f1o del Foro de Empresas de Urola Erdia, con la participaci\u00f3n de representantes de empresas de la comarca que actualmente conforman este Foro. En la [&hellip;]<\/p>\n","protected":false},"author":0,"featured_media":17083,"comment_status":"","ping_status":"closed","sticky":false,"template":"","format":"standard","meta":{"_acf_changed":false,"footnotes":""},"categories":[4],"tags":[],"class_list":["post-17084","post","type-post","status-publish","format-standard","has-post-thumbnail","hentry","category-noticias"],"acf":[],"yoast_head":"<!-- This site is optimized with the Yoast SEO plugin v27.4 - https:\/\/yoast.com\/product\/yoast-seo-wordpress\/ -->\n<title>El Foro de Empresas de IB prioriza las l\u00edneas de trabajo para 2024 - Iraurgi Berritzen<\/title>\n<meta name=\"robots\" content=\"index, follow, max-snippet:-1, max-image-preview:large, max-video-preview:-1\" \/>\n<link rel=\"canonical\" href=\"https:\/\/iraurgiberritzen.eus\/es\/el-foro-de-empresas-de-ib-prioriza-las-lineas-de-trabajo-para-2024\/\" \/>\n<meta property=\"og:locale\" content=\"es_ES\" \/>\n<meta property=\"og:type\" content=\"article\" \/>\n<meta property=\"og:title\" content=\"El Foro de Empresas de IB prioriza las l\u00edneas de trabajo para 2024 - Iraurgi Berritzen\" \/>\n<meta property=\"og:description\" content=\"En el seno del modelo de gobernanza de Iraurgi Berritzen, hoy, 3 de noviembre, se ha celebrado en el Palacio Basazabal de Azpeitia, la reuni\u00f3n de trabajo de fin de a\u00f1o del Foro de Empresas de Urola Erdia, con la participaci\u00f3n de representantes de empresas de la comarca que actualmente conforman este Foro. En la [&hellip;]\" \/>\n<meta property=\"og:url\" content=\"https:\/\/iraurgiberritzen.eus\/es\/el-foro-de-empresas-de-ib-prioriza-las-lineas-de-trabajo-para-2024\/\" \/>\n<meta property=\"og:site_name\" content=\"Iraurgi Berritzen\" \/>\n<meta property=\"article:published_time\" content=\"2023-11-03T10:20:58+00:00\" \/>\n<meta name=\"twitter:card\" content=\"summary_large_image\" \/>\n<meta name=\"twitter:label1\" content=\"Tiempo de lectura\" \/>\n\t<meta name=\"twitter:data1\" content=\"3 minutos\" \/>\n<script type=\"application\/ld+json\" class=\"yoast-schema-graph\">{\"@context\":\"https:\\\/\\\/schema.org\",\"@graph\":[{\"@type\":\"Article\",\"@id\":\"https:\\\/\\\/iraurgiberritzen.eus\\\/es\\\/el-foro-de-empresas-de-ib-prioriza-las-lineas-de-trabajo-para-2024\\\/#article\",\"isPartOf\":{\"@id\":\"https:\\\/\\\/iraurgiberritzen.eus\\\/es\\\/el-foro-de-empresas-de-ib-prioriza-las-lineas-de-trabajo-para-2024\\\/\"},\"author\":{\"name\":\"\",\"@id\":\"\"},\"headline\":\"El Foro de Empresas de IB prioriza las l\u00edneas de trabajo para 2024\",\"datePublished\":\"2023-11-03T10:20:58+00:00\",\"mainEntityOfPage\":{\"@id\":\"https:\\\/\\\/iraurgiberritzen.eus\\\/es\\\/el-foro-de-empresas-de-ib-prioriza-las-lineas-de-trabajo-para-2024\\\/\"},\"wordCount\":547,\"publisher\":{\"@id\":\"https:\\\/\\\/iraurgiberritzen.eus\\\/es\\\/#organization\"},\"image\":{\"@id\":\"https:\\\/\\\/iraurgiberritzen.eus\\\/es\\\/el-foro-de-empresas-de-ib-prioriza-las-lineas-de-trabajo-para-2024\\\/#primaryimage\"},\"thumbnailUrl\":\"https:\\\/\\\/iraurgiberritzen.eus\\\/wp-content\\\/uploads\\\/2024\\\/01\\\/6176c11bdfbc564ec8ab329c0188939a.jpg\",\"articleSection\":[\"Noticias\"],\"inLanguage\":\"es\"},{\"@type\":\"WebPage\",\"@id\":\"https:\\\/\\\/iraurgiberritzen.eus\\\/es\\\/el-foro-de-empresas-de-ib-prioriza-las-lineas-de-trabajo-para-2024\\\/\",\"url\":\"https:\\\/\\\/iraurgiberritzen.eus\\\/es\\\/el-foro-de-empresas-de-ib-prioriza-las-lineas-de-trabajo-para-2024\\\/\",\"name\":\"El Foro de Empresas de IB prioriza las l\u00edneas de trabajo para 2024 - Iraurgi Berritzen\",\"isPartOf\":{\"@id\":\"https:\\\/\\\/iraurgiberritzen.eus\\\/es\\\/#website\"},\"primaryImageOfPage\":{\"@id\":\"https:\\\/\\\/iraurgiberritzen.eus\\\/es\\\/el-foro-de-empresas-de-ib-prioriza-las-lineas-de-trabajo-para-2024\\\/#primaryimage\"},\"image\":{\"@id\":\"https:\\\/\\\/iraurgiberritzen.eus\\\/es\\\/el-foro-de-empresas-de-ib-prioriza-las-lineas-de-trabajo-para-2024\\\/#primaryimage\"},\"thumbnailUrl\":\"https:\\\/\\\/iraurgiberritzen.eus\\\/wp-content\\\/uploads\\\/2024\\\/01\\\/6176c11bdfbc564ec8ab329c0188939a.jpg\",\"datePublished\":\"2023-11-03T10:20:58+00:00\",\"breadcrumb\":{\"@id\":\"https:\\\/\\\/iraurgiberritzen.eus\\\/es\\\/el-foro-de-empresas-de-ib-prioriza-las-lineas-de-trabajo-para-2024\\\/#breadcrumb\"},\"inLanguage\":\"es\",\"potentialAction\":[{\"@type\":\"ReadAction\",\"target\":[\"https:\\\/\\\/iraurgiberritzen.eus\\\/es\\\/el-foro-de-empresas-de-ib-prioriza-las-lineas-de-trabajo-para-2024\\\/\"]}]},{\"@type\":\"ImageObject\",\"inLanguage\":\"es\",\"@id\":\"https:\\\/\\\/iraurgiberritzen.eus\\\/es\\\/el-foro-de-empresas-de-ib-prioriza-las-lineas-de-trabajo-para-2024\\\/#primaryimage\",\"url\":\"https:\\\/\\\/iraurgiberritzen.eus\\\/wp-content\\\/uploads\\\/2024\\\/01\\\/6176c11bdfbc564ec8ab329c0188939a.jpg\",\"contentUrl\":\"https:\\\/\\\/iraurgiberritzen.eus\\\/wp-content\\\/uploads\\\/2024\\\/01\\\/6176c11bdfbc564ec8ab329c0188939a.jpg\",\"width\":400,\"height\":257},{\"@type\":\"BreadcrumbList\",\"@id\":\"https:\\\/\\\/iraurgiberritzen.eus\\\/es\\\/el-foro-de-empresas-de-ib-prioriza-las-lineas-de-trabajo-para-2024\\\/#breadcrumb\",\"itemListElement\":[{\"@type\":\"ListItem\",\"position\":1,\"name\":\"Home\",\"item\":\"https:\\\/\\\/iraurgiberritzen.eus\\\/es\\\/\"},{\"@type\":\"ListItem\",\"position\":2,\"name\":\"El Foro de Empresas de IB prioriza las l\u00edneas de trabajo para 2024\"}]},{\"@type\":\"WebSite\",\"@id\":\"https:\\\/\\\/iraurgiberritzen.eus\\\/es\\\/#website\",\"url\":\"https:\\\/\\\/iraurgiberritzen.eus\\\/es\\\/\",\"name\":\"Iraurgi Berritzen\",\"description\":\"Urola Erdiko Garapen Agentzia\",\"publisher\":{\"@id\":\"https:\\\/\\\/iraurgiberritzen.eus\\\/es\\\/#organization\"},\"potentialAction\":[{\"@type\":\"SearchAction\",\"target\":{\"@type\":\"EntryPoint\",\"urlTemplate\":\"https:\\\/\\\/iraurgiberritzen.eus\\\/es\\\/?s={search_term_string}\"},\"query-input\":{\"@type\":\"PropertyValueSpecification\",\"valueRequired\":true,\"valueName\":\"search_term_string\"}}],\"inLanguage\":\"es\"},{\"@type\":\"Organization\",\"@id\":\"https:\\\/\\\/iraurgiberritzen.eus\\\/es\\\/#organization\",\"name\":\"Iraurgi Berritzen\",\"url\":\"https:\\\/\\\/iraurgiberritzen.eus\\\/es\\\/\",\"logo\":{\"@type\":\"ImageObject\",\"inLanguage\":\"es\",\"@id\":\"https:\\\/\\\/iraurgiberritzen.eus\\\/es\\\/#\\\/schema\\\/logo\\\/image\\\/\",\"url\":\"https:\\\/\\\/iraurgiberritzen.eus\\\/wp-content\\\/uploads\\\/2024\\\/02\\\/IRAURGI-BERRITZEN-logotipoa_2.png\",\"contentUrl\":\"https:\\\/\\\/iraurgiberritzen.eus\\\/wp-content\\\/uploads\\\/2024\\\/02\\\/IRAURGI-BERRITZEN-logotipoa_2.png\",\"width\":496,\"height\":190,\"caption\":\"Iraurgi Berritzen\"},\"image\":{\"@id\":\"https:\\\/\\\/iraurgiberritzen.eus\\\/es\\\/#\\\/schema\\\/logo\\\/image\\\/\"}}]}<\/script>\n<!-- \/ Yoast SEO plugin. -->","yoast_head_json":{"title":"El Foro de Empresas de IB prioriza las l\u00edneas de trabajo para 2024 - Iraurgi Berritzen","robots":{"index":"index","follow":"follow","max-snippet":"max-snippet:-1","max-image-preview":"max-image-preview:large","max-video-preview":"max-video-preview:-1"},"canonical":"https:\/\/iraurgiberritzen.eus\/es\/el-foro-de-empresas-de-ib-prioriza-las-lineas-de-trabajo-para-2024\/","og_locale":"es_ES","og_type":"article","og_title":"El Foro de Empresas de IB prioriza las l\u00edneas de trabajo para 2024 - Iraurgi Berritzen","og_description":"En el seno del modelo de gobernanza de Iraurgi Berritzen, hoy, 3 de noviembre, se ha celebrado en el Palacio Basazabal de Azpeitia, la reuni\u00f3n de trabajo de fin de a\u00f1o del Foro de Empresas de Urola Erdia, con la participaci\u00f3n de representantes de empresas de la comarca que actualmente conforman este Foro. En la [&hellip;]","og_url":"https:\/\/iraurgiberritzen.eus\/es\/el-foro-de-empresas-de-ib-prioriza-las-lineas-de-trabajo-para-2024\/","og_site_name":"Iraurgi Berritzen","article_published_time":"2023-11-03T10:20:58+00:00","twitter_card":"summary_large_image","twitter_misc":{"Tiempo de lectura":"3 minutos"},"schema":{"@context":"https:\/\/schema.org","@graph":[{"@type":"Article","@id":"https:\/\/iraurgiberritzen.eus\/es\/el-foro-de-empresas-de-ib-prioriza-las-lineas-de-trabajo-para-2024\/#article","isPartOf":{"@id":"https:\/\/iraurgiberritzen.eus\/es\/el-foro-de-empresas-de-ib-prioriza-las-lineas-de-trabajo-para-2024\/"},"author":{"name":"","@id":""},"headline":"El Foro de Empresas de IB prioriza las l\u00edneas de trabajo para 2024","datePublished":"2023-11-03T10:20:58+00:00","mainEntityOfPage":{"@id":"https:\/\/iraurgiberritzen.eus\/es\/el-foro-de-empresas-de-ib-prioriza-las-lineas-de-trabajo-para-2024\/"},"wordCount":547,"publisher":{"@id":"https:\/\/iraurgiberritzen.eus\/es\/#organization"},"image":{"@id":"https:\/\/iraurgiberritzen.eus\/es\/el-foro-de-empresas-de-ib-prioriza-las-lineas-de-trabajo-para-2024\/#primaryimage"},"thumbnailUrl":"https:\/\/iraurgiberritzen.eus\/wp-content\/uploads\/2024\/01\/6176c11bdfbc564ec8ab329c0188939a.jpg","articleSection":["Noticias"],"inLanguage":"es"},{"@type":"WebPage","@id":"https:\/\/iraurgiberritzen.eus\/es\/el-foro-de-empresas-de-ib-prioriza-las-lineas-de-trabajo-para-2024\/","url":"https:\/\/iraurgiberritzen.eus\/es\/el-foro-de-empresas-de-ib-prioriza-las-lineas-de-trabajo-para-2024\/","name":"El Foro de Empresas de IB prioriza las l\u00edneas de trabajo para 2024 - Iraurgi Berritzen","isPartOf":{"@id":"https:\/\/iraurgiberritzen.eus\/es\/#website"},"primaryImageOfPage":{"@id":"https:\/\/iraurgiberritzen.eus\/es\/el-foro-de-empresas-de-ib-prioriza-las-lineas-de-trabajo-para-2024\/#primaryimage"},"image":{"@id":"https:\/\/iraurgiberritzen.eus\/es\/el-foro-de-empresas-de-ib-prioriza-las-lineas-de-trabajo-para-2024\/#primaryimage"},"thumbnailUrl":"https:\/\/iraurgiberritzen.eus\/wp-content\/uploads\/2024\/01\/6176c11bdfbc564ec8ab329c0188939a.jpg","datePublished":"2023-11-03T10:20:58+00:00","breadcrumb":{"@id":"https:\/\/iraurgiberritzen.eus\/es\/el-foro-de-empresas-de-ib-prioriza-las-lineas-de-trabajo-para-2024\/#breadcrumb"},"inLanguage":"es","potentialAction":[{"@type":"ReadAction","target":["https:\/\/iraurgiberritzen.eus\/es\/el-foro-de-empresas-de-ib-prioriza-las-lineas-de-trabajo-para-2024\/"]}]},{"@type":"ImageObject","inLanguage":"es","@id":"https:\/\/iraurgiberritzen.eus\/es\/el-foro-de-empresas-de-ib-prioriza-las-lineas-de-trabajo-para-2024\/#primaryimage","url":"https:\/\/iraurgiberritzen.eus\/wp-content\/uploads\/2024\/01\/6176c11bdfbc564ec8ab329c0188939a.jpg","contentUrl":"https:\/\/iraurgiberritzen.eus\/wp-content\/uploads\/2024\/01\/6176c11bdfbc564ec8ab329c0188939a.jpg","width":400,"height":257},{"@type":"BreadcrumbList","@id":"https:\/\/iraurgiberritzen.eus\/es\/el-foro-de-empresas-de-ib-prioriza-las-lineas-de-trabajo-para-2024\/#breadcrumb","itemListElement":[{"@type":"ListItem","position":1,"name":"Home","item":"https:\/\/iraurgiberritzen.eus\/es\/"},{"@type":"ListItem","position":2,"name":"El Foro de Empresas de IB prioriza las l\u00edneas de trabajo para 2024"}]},{"@type":"WebSite","@id":"https:\/\/iraurgiberritzen.eus\/es\/#website","url":"https:\/\/iraurgiberritzen.eus\/es\/","name":"Iraurgi Berritzen","description":"Urola Erdiko Garapen Agentzia","publisher":{"@id":"https:\/\/iraurgiberritzen.eus\/es\/#organization"},"potentialAction":[{"@type":"SearchAction","target":{"@type":"EntryPoint","urlTemplate":"https:\/\/iraurgiberritzen.eus\/es\/?s={search_term_string}"},"query-input":{"@type":"PropertyValueSpecification","valueRequired":true,"valueName":"search_term_string"}}],"inLanguage":"es"},{"@type":"Organization","@id":"https:\/\/iraurgiberritzen.eus\/es\/#organization","name":"Iraurgi Berritzen","url":"https:\/\/iraurgiberritzen.eus\/es\/","logo":{"@type":"ImageObject","inLanguage":"es","@id":"https:\/\/iraurgiberritzen.eus\/es\/#\/schema\/logo\/image\/","url":"https:\/\/iraurgiberritzen.eus\/wp-content\/uploads\/2024\/02\/IRAURGI-BERRITZEN-logotipoa_2.png","contentUrl":"https:\/\/iraurgiberritzen.eus\/wp-content\/uploads\/2024\/02\/IRAURGI-BERRITZEN-logotipoa_2.png","width":496,"height":190,"caption":"Iraurgi Berritzen"},"image":{"@id":"https:\/\/iraurgiberritzen.eus\/es\/#\/schema\/logo\/image\/"}}]}},"_links":{"self":[{"href":"https:\/\/iraurgiberritzen.eus\/es\/wp-json\/wp\/v2\/posts\/17084","targetHints":{"allow":["GET"]}}],"collection":[{"href":"https:\/\/iraurgiberritzen.eus\/es\/wp-json\/wp\/v2\/posts"}],"about":[{"href":"https:\/\/iraurgiberritzen.eus\/es\/wp-json\/wp\/v2\/types\/post"}],"replies":[{"embeddable":true,"href":"https:\/\/iraurgiberritzen.eus\/es\/wp-json\/wp\/v2\/comments?post=17084"}],"version-history":[{"count":0,"href":"https:\/\/iraurgiberritzen.eus\/es\/wp-json\/wp\/v2\/posts\/17084\/revisions"}],"wp:featuredmedia":[{"embeddable":true,"href":"https:\/\/iraurgiberritzen.eus\/es\/wp-json\/wp\/v2\/media\/17083"}],"wp:attachment":[{"href":"https:\/\/iraurgiberritzen.eus\/es\/wp-json\/wp\/v2\/media?parent=17084"}],"wp:term":[{"taxonomy":"category","embeddable":true,"href":"https:\/\/iraurgiberritzen.eus\/es\/wp-json\/wp\/v2\/categories?post=17084"},{"taxonomy":"post_tag","embeddable":true,"href":"https:\/\/iraurgiberritzen.eus\/es\/wp-json\/wp\/v2\/tags?post=17084"}],"curies":[{"name":"wp","href":"https:\/\/api.w.org\/{rel}","templated":true}]}}