{"id":17092,"date":"2023-11-09T08:07:31","date_gmt":"2023-11-09T06:07:31","guid":{"rendered":"https:\/\/iraurgiberritzen.eus\/el-alumnado-de-formacion-profesional-izarraitz-ha-tratado-diferentes-temas-relacionados-con-la-actividad-emprendedora\/"},"modified":"2023-11-09T08:07:31","modified_gmt":"2023-11-09T06:07:31","slug":"el-alumnado-de-formacion-profesional-izarraitz-ha-tratado-diferentes-temas-relacionados-con-la-actividad-emprendedora","status":"publish","type":"post","link":"https:\/\/iraurgiberritzen.eus\/es\/el-alumnado-de-formacion-profesional-izarraitz-ha-tratado-diferentes-temas-relacionados-con-la-actividad-emprendedora\/","title":{"rendered":"El alumnado de Izarraitz FP se acerca al emprendimiento"},"content":{"rendered":"<p style=\"text-align: justify\">Dentro del marco de colaboraci\u00f3n entre Izarraitz FP y Iraurgi berritzen, el alumnado de Administraci\u00f3n y Finanzas de Grado Superior ha podido conocer de primera mano c\u00f3mo es el proceso emprendedor.<\/p>\n<p style=\"text-align: justify\">Dentro de la asignatura Empresa simulada, se tratan diferentes temas sobre el emprendimiento y en esta ocasi\u00f3n, nos hemos centrado en las ayudas y subvenciones que se destinan a las nuevas iniciativas.<\/p>\n<p style=\"text-align: justify\">A lo largo del curso los y las alumnas trabajan un proyecto emprendedor, y a trav\u00e9s de estas sesiones, adquieren contenidos y conocimientos que posibilitan enriquecer su proyecto. Al mismo tiempo, realizan un acercamiento a la actividad emprendedora, conociendo de cerca el servicio que se ofrece a las personas emprendedoras de la comarca.<\/p>\n<p style=\"text-align: justify\">La acci\u00f3n de sensibilizaci\u00f3n realizada se enmarca dentro del proyecto KLINK, cuyo objetivo es fomentar el emprendizaje en la comarca, y una de sus l\u00edneas es trabajar la visibilizaci\u00f3n y valorizaci\u00f3n del emprendizaje entre el alumnado.<\/p>\n","protected":false},"excerpt":{"rendered":"<p>Dentro del marco de colaboraci\u00f3n entre Izarraitz FP y Iraurgi berritzen, el alumnado de Administraci\u00f3n y Finanzas de Grado Superior ha podido conocer de primera mano c\u00f3mo es el proceso emprendedor. Dentro de la asignatura Empresa simulada, se tratan diferentes temas sobre el emprendimiento y en esta ocasi\u00f3n, nos hemos centrado en las ayudas y [&hellip;]<\/p>\n","protected":false},"author":0,"featured_media":17091,"comment_status":"","ping_status":"closed","sticky":false,"template":"","format":"standard","meta":{"_acf_changed":false,"footnotes":""},"categories":[4],"tags":[],"class_list":["post-17092","post","type-post","status-publish","format-standard","has-post-thumbnail","hentry","category-noticias"],"acf":[],"yoast_head":"<!-- This site is optimized with the Yoast SEO plugin v27.4 - https:\/\/yoast.com\/product\/yoast-seo-wordpress\/ -->\n<title>El alumnado de Izarraitz FP se acerca al emprendimiento - Iraurgi Berritzen<\/title>\n<meta name=\"robots\" content=\"index, follow, max-snippet:-1, max-image-preview:large, max-video-preview:-1\" \/>\n<link rel=\"canonical\" href=\"https:\/\/iraurgiberritzen.eus\/es\/el-alumnado-de-formacion-profesional-izarraitz-ha-tratado-diferentes-temas-relacionados-con-la-actividad-emprendedora\/\" \/>\n<meta property=\"og:locale\" content=\"es_ES\" \/>\n<meta property=\"og:type\" content=\"article\" \/>\n<meta property=\"og:title\" content=\"El alumnado de Izarraitz FP se acerca al emprendimiento - Iraurgi Berritzen\" \/>\n<meta property=\"og:description\" content=\"Dentro del marco de colaboraci\u00f3n entre Izarraitz FP y Iraurgi berritzen, el alumnado de Administraci\u00f3n y Finanzas de Grado Superior ha podido conocer de primera mano c\u00f3mo es el proceso emprendedor. Dentro de la asignatura Empresa simulada, se tratan diferentes temas sobre el emprendimiento y en esta ocasi\u00f3n, nos hemos centrado en las ayudas y [&hellip;]\" \/>\n<meta property=\"og:url\" content=\"https:\/\/iraurgiberritzen.eus\/es\/el-alumnado-de-formacion-profesional-izarraitz-ha-tratado-diferentes-temas-relacionados-con-la-actividad-emprendedora\/\" \/>\n<meta property=\"og:site_name\" content=\"Iraurgi Berritzen\" \/>\n<meta property=\"article:published_time\" content=\"2023-11-09T06:07:31+00:00\" \/>\n<meta name=\"twitter:card\" content=\"summary_large_image\" \/>\n<meta name=\"twitter:label1\" content=\"Tiempo de lectura\" \/>\n\t<meta name=\"twitter:data1\" content=\"1 minuto\" \/>\n<script type=\"application\/ld+json\" class=\"yoast-schema-graph\">{\"@context\":\"https:\\\/\\\/schema.org\",\"@graph\":[{\"@type\":\"Article\",\"@id\":\"https:\\\/\\\/iraurgiberritzen.eus\\\/es\\\/el-alumnado-de-formacion-profesional-izarraitz-ha-tratado-diferentes-temas-relacionados-con-la-actividad-emprendedora\\\/#article\",\"isPartOf\":{\"@id\":\"https:\\\/\\\/iraurgiberritzen.eus\\\/es\\\/el-alumnado-de-formacion-profesional-izarraitz-ha-tratado-diferentes-temas-relacionados-con-la-actividad-emprendedora\\\/\"},\"author\":{\"name\":\"\",\"@id\":\"\"},\"headline\":\"El alumnado de Izarraitz FP se acerca al emprendimiento\",\"datePublished\":\"2023-11-09T06:07:31+00:00\",\"mainEntityOfPage\":{\"@id\":\"https:\\\/\\\/iraurgiberritzen.eus\\\/es\\\/el-alumnado-de-formacion-profesional-izarraitz-ha-tratado-diferentes-temas-relacionados-con-la-actividad-emprendedora\\\/\"},\"wordCount\":171,\"publisher\":{\"@id\":\"https:\\\/\\\/iraurgiberritzen.eus\\\/es\\\/#organization\"},\"image\":{\"@id\":\"https:\\\/\\\/iraurgiberritzen.eus\\\/es\\\/el-alumnado-de-formacion-profesional-izarraitz-ha-tratado-diferentes-temas-relacionados-con-la-actividad-emprendedora\\\/#primaryimage\"},\"thumbnailUrl\":\"https:\\\/\\\/iraurgiberritzen.eus\\\/wp-content\\\/uploads\\\/2024\\\/01\\\/ef04fb1e12d9b477a478529c4faa109b.jpg\",\"articleSection\":[\"Noticias\"],\"inLanguage\":\"es\"},{\"@type\":\"WebPage\",\"@id\":\"https:\\\/\\\/iraurgiberritzen.eus\\\/es\\\/el-alumnado-de-formacion-profesional-izarraitz-ha-tratado-diferentes-temas-relacionados-con-la-actividad-emprendedora\\\/\",\"url\":\"https:\\\/\\\/iraurgiberritzen.eus\\\/es\\\/el-alumnado-de-formacion-profesional-izarraitz-ha-tratado-diferentes-temas-relacionados-con-la-actividad-emprendedora\\\/\",\"name\":\"El alumnado de Izarraitz FP se acerca al emprendimiento - Iraurgi Berritzen\",\"isPartOf\":{\"@id\":\"https:\\\/\\\/iraurgiberritzen.eus\\\/es\\\/#website\"},\"primaryImageOfPage\":{\"@id\":\"https:\\\/\\\/iraurgiberritzen.eus\\\/es\\\/el-alumnado-de-formacion-profesional-izarraitz-ha-tratado-diferentes-temas-relacionados-con-la-actividad-emprendedora\\\/#primaryimage\"},\"image\":{\"@id\":\"https:\\\/\\\/iraurgiberritzen.eus\\\/es\\\/el-alumnado-de-formacion-profesional-izarraitz-ha-tratado-diferentes-temas-relacionados-con-la-actividad-emprendedora\\\/#primaryimage\"},\"thumbnailUrl\":\"https:\\\/\\\/iraurgiberritzen.eus\\\/wp-content\\\/uploads\\\/2024\\\/01\\\/ef04fb1e12d9b477a478529c4faa109b.jpg\",\"datePublished\":\"2023-11-09T06:07:31+00:00\",\"breadcrumb\":{\"@id\":\"https:\\\/\\\/iraurgiberritzen.eus\\\/es\\\/el-alumnado-de-formacion-profesional-izarraitz-ha-tratado-diferentes-temas-relacionados-con-la-actividad-emprendedora\\\/#breadcrumb\"},\"inLanguage\":\"es\",\"potentialAction\":[{\"@type\":\"ReadAction\",\"target\":[\"https:\\\/\\\/iraurgiberritzen.eus\\\/es\\\/el-alumnado-de-formacion-profesional-izarraitz-ha-tratado-diferentes-temas-relacionados-con-la-actividad-emprendedora\\\/\"]}]},{\"@type\":\"ImageObject\",\"inLanguage\":\"es\",\"@id\":\"https:\\\/\\\/iraurgiberritzen.eus\\\/es\\\/el-alumnado-de-formacion-profesional-izarraitz-ha-tratado-diferentes-temas-relacionados-con-la-actividad-emprendedora\\\/#primaryimage\",\"url\":\"https:\\\/\\\/iraurgiberritzen.eus\\\/wp-content\\\/uploads\\\/2024\\\/01\\\/ef04fb1e12d9b477a478529c4faa109b.jpg\",\"contentUrl\":\"https:\\\/\\\/iraurgiberritzen.eus\\\/wp-content\\\/uploads\\\/2024\\\/01\\\/ef04fb1e12d9b477a478529c4faa109b.jpg\",\"width\":400,\"height\":257},{\"@type\":\"BreadcrumbList\",\"@id\":\"https:\\\/\\\/iraurgiberritzen.eus\\\/es\\\/el-alumnado-de-formacion-profesional-izarraitz-ha-tratado-diferentes-temas-relacionados-con-la-actividad-emprendedora\\\/#breadcrumb\",\"itemListElement\":[{\"@type\":\"ListItem\",\"position\":1,\"name\":\"Home\",\"item\":\"https:\\\/\\\/iraurgiberritzen.eus\\\/es\\\/\"},{\"@type\":\"ListItem\",\"position\":2,\"name\":\"El alumnado de Izarraitz FP se acerca al emprendimiento\"}]},{\"@type\":\"WebSite\",\"@id\":\"https:\\\/\\\/iraurgiberritzen.eus\\\/es\\\/#website\",\"url\":\"https:\\\/\\\/iraurgiberritzen.eus\\\/es\\\/\",\"name\":\"Iraurgi Berritzen\",\"description\":\"Urola Erdiko Garapen Agentzia\",\"publisher\":{\"@id\":\"https:\\\/\\\/iraurgiberritzen.eus\\\/es\\\/#organization\"},\"potentialAction\":[{\"@type\":\"SearchAction\",\"target\":{\"@type\":\"EntryPoint\",\"urlTemplate\":\"https:\\\/\\\/iraurgiberritzen.eus\\\/es\\\/?s={search_term_string}\"},\"query-input\":{\"@type\":\"PropertyValueSpecification\",\"valueRequired\":true,\"valueName\":\"search_term_string\"}}],\"inLanguage\":\"es\"},{\"@type\":\"Organization\",\"@id\":\"https:\\\/\\\/iraurgiberritzen.eus\\\/es\\\/#organization\",\"name\":\"Iraurgi Berritzen\",\"url\":\"https:\\\/\\\/iraurgiberritzen.eus\\\/es\\\/\",\"logo\":{\"@type\":\"ImageObject\",\"inLanguage\":\"es\",\"@id\":\"https:\\\/\\\/iraurgiberritzen.eus\\\/es\\\/#\\\/schema\\\/logo\\\/image\\\/\",\"url\":\"https:\\\/\\\/iraurgiberritzen.eus\\\/wp-content\\\/uploads\\\/2024\\\/02\\\/IRAURGI-BERRITZEN-logotipoa_2.png\",\"contentUrl\":\"https:\\\/\\\/iraurgiberritzen.eus\\\/wp-content\\\/uploads\\\/2024\\\/02\\\/IRAURGI-BERRITZEN-logotipoa_2.png\",\"width\":496,\"height\":190,\"caption\":\"Iraurgi Berritzen\"},\"image\":{\"@id\":\"https:\\\/\\\/iraurgiberritzen.eus\\\/es\\\/#\\\/schema\\\/logo\\\/image\\\/\"}}]}<\/script>\n<!-- \/ Yoast SEO plugin. -->","yoast_head_json":{"title":"El alumnado de Izarraitz FP se acerca al emprendimiento - Iraurgi Berritzen","robots":{"index":"index","follow":"follow","max-snippet":"max-snippet:-1","max-image-preview":"max-image-preview:large","max-video-preview":"max-video-preview:-1"},"canonical":"https:\/\/iraurgiberritzen.eus\/es\/el-alumnado-de-formacion-profesional-izarraitz-ha-tratado-diferentes-temas-relacionados-con-la-actividad-emprendedora\/","og_locale":"es_ES","og_type":"article","og_title":"El alumnado de Izarraitz FP se acerca al emprendimiento - Iraurgi Berritzen","og_description":"Dentro del marco de colaboraci\u00f3n entre Izarraitz FP y Iraurgi berritzen, el alumnado de Administraci\u00f3n y Finanzas de Grado Superior ha podido conocer de primera mano c\u00f3mo es el proceso emprendedor. Dentro de la asignatura Empresa simulada, se tratan diferentes temas sobre el emprendimiento y en esta ocasi\u00f3n, nos hemos centrado en las ayudas y [&hellip;]","og_url":"https:\/\/iraurgiberritzen.eus\/es\/el-alumnado-de-formacion-profesional-izarraitz-ha-tratado-diferentes-temas-relacionados-con-la-actividad-emprendedora\/","og_site_name":"Iraurgi Berritzen","article_published_time":"2023-11-09T06:07:31+00:00","twitter_card":"summary_large_image","twitter_misc":{"Tiempo de lectura":"1 minuto"},"schema":{"@context":"https:\/\/schema.org","@graph":[{"@type":"Article","@id":"https:\/\/iraurgiberritzen.eus\/es\/el-alumnado-de-formacion-profesional-izarraitz-ha-tratado-diferentes-temas-relacionados-con-la-actividad-emprendedora\/#article","isPartOf":{"@id":"https:\/\/iraurgiberritzen.eus\/es\/el-alumnado-de-formacion-profesional-izarraitz-ha-tratado-diferentes-temas-relacionados-con-la-actividad-emprendedora\/"},"author":{"name":"","@id":""},"headline":"El alumnado de Izarraitz FP se acerca al emprendimiento","datePublished":"2023-11-09T06:07:31+00:00","mainEntityOfPage":{"@id":"https:\/\/iraurgiberritzen.eus\/es\/el-alumnado-de-formacion-profesional-izarraitz-ha-tratado-diferentes-temas-relacionados-con-la-actividad-emprendedora\/"},"wordCount":171,"publisher":{"@id":"https:\/\/iraurgiberritzen.eus\/es\/#organization"},"image":{"@id":"https:\/\/iraurgiberritzen.eus\/es\/el-alumnado-de-formacion-profesional-izarraitz-ha-tratado-diferentes-temas-relacionados-con-la-actividad-emprendedora\/#primaryimage"},"thumbnailUrl":"https:\/\/iraurgiberritzen.eus\/wp-content\/uploads\/2024\/01\/ef04fb1e12d9b477a478529c4faa109b.jpg","articleSection":["Noticias"],"inLanguage":"es"},{"@type":"WebPage","@id":"https:\/\/iraurgiberritzen.eus\/es\/el-alumnado-de-formacion-profesional-izarraitz-ha-tratado-diferentes-temas-relacionados-con-la-actividad-emprendedora\/","url":"https:\/\/iraurgiberritzen.eus\/es\/el-alumnado-de-formacion-profesional-izarraitz-ha-tratado-diferentes-temas-relacionados-con-la-actividad-emprendedora\/","name":"El alumnado de Izarraitz FP se acerca al emprendimiento - Iraurgi Berritzen","isPartOf":{"@id":"https:\/\/iraurgiberritzen.eus\/es\/#website"},"primaryImageOfPage":{"@id":"https:\/\/iraurgiberritzen.eus\/es\/el-alumnado-de-formacion-profesional-izarraitz-ha-tratado-diferentes-temas-relacionados-con-la-actividad-emprendedora\/#primaryimage"},"image":{"@id":"https:\/\/iraurgiberritzen.eus\/es\/el-alumnado-de-formacion-profesional-izarraitz-ha-tratado-diferentes-temas-relacionados-con-la-actividad-emprendedora\/#primaryimage"},"thumbnailUrl":"https:\/\/iraurgiberritzen.eus\/wp-content\/uploads\/2024\/01\/ef04fb1e12d9b477a478529c4faa109b.jpg","datePublished":"2023-11-09T06:07:31+00:00","breadcrumb":{"@id":"https:\/\/iraurgiberritzen.eus\/es\/el-alumnado-de-formacion-profesional-izarraitz-ha-tratado-diferentes-temas-relacionados-con-la-actividad-emprendedora\/#breadcrumb"},"inLanguage":"es","potentialAction":[{"@type":"ReadAction","target":["https:\/\/iraurgiberritzen.eus\/es\/el-alumnado-de-formacion-profesional-izarraitz-ha-tratado-diferentes-temas-relacionados-con-la-actividad-emprendedora\/"]}]},{"@type":"ImageObject","inLanguage":"es","@id":"https:\/\/iraurgiberritzen.eus\/es\/el-alumnado-de-formacion-profesional-izarraitz-ha-tratado-diferentes-temas-relacionados-con-la-actividad-emprendedora\/#primaryimage","url":"https:\/\/iraurgiberritzen.eus\/wp-content\/uploads\/2024\/01\/ef04fb1e12d9b477a478529c4faa109b.jpg","contentUrl":"https:\/\/iraurgiberritzen.eus\/wp-content\/uploads\/2024\/01\/ef04fb1e12d9b477a478529c4faa109b.jpg","width":400,"height":257},{"@type":"BreadcrumbList","@id":"https:\/\/iraurgiberritzen.eus\/es\/el-alumnado-de-formacion-profesional-izarraitz-ha-tratado-diferentes-temas-relacionados-con-la-actividad-emprendedora\/#breadcrumb","itemListElement":[{"@type":"ListItem","position":1,"name":"Home","item":"https:\/\/iraurgiberritzen.eus\/es\/"},{"@type":"ListItem","position":2,"name":"El alumnado de Izarraitz FP se acerca al emprendimiento"}]},{"@type":"WebSite","@id":"https:\/\/iraurgiberritzen.eus\/es\/#website","url":"https:\/\/iraurgiberritzen.eus\/es\/","name":"Iraurgi Berritzen","description":"Urola Erdiko Garapen Agentzia","publisher":{"@id":"https:\/\/iraurgiberritzen.eus\/es\/#organization"},"potentialAction":[{"@type":"SearchAction","target":{"@type":"EntryPoint","urlTemplate":"https:\/\/iraurgiberritzen.eus\/es\/?s={search_term_string}"},"query-input":{"@type":"PropertyValueSpecification","valueRequired":true,"valueName":"search_term_string"}}],"inLanguage":"es"},{"@type":"Organization","@id":"https:\/\/iraurgiberritzen.eus\/es\/#organization","name":"Iraurgi Berritzen","url":"https:\/\/iraurgiberritzen.eus\/es\/","logo":{"@type":"ImageObject","inLanguage":"es","@id":"https:\/\/iraurgiberritzen.eus\/es\/#\/schema\/logo\/image\/","url":"https:\/\/iraurgiberritzen.eus\/wp-content\/uploads\/2024\/02\/IRAURGI-BERRITZEN-logotipoa_2.png","contentUrl":"https:\/\/iraurgiberritzen.eus\/wp-content\/uploads\/2024\/02\/IRAURGI-BERRITZEN-logotipoa_2.png","width":496,"height":190,"caption":"Iraurgi Berritzen"},"image":{"@id":"https:\/\/iraurgiberritzen.eus\/es\/#\/schema\/logo\/image\/"}}]}},"_links":{"self":[{"href":"https:\/\/iraurgiberritzen.eus\/es\/wp-json\/wp\/v2\/posts\/17092","targetHints":{"allow":["GET"]}}],"collection":[{"href":"https:\/\/iraurgiberritzen.eus\/es\/wp-json\/wp\/v2\/posts"}],"about":[{"href":"https:\/\/iraurgiberritzen.eus\/es\/wp-json\/wp\/v2\/types\/post"}],"replies":[{"embeddable":true,"href":"https:\/\/iraurgiberritzen.eus\/es\/wp-json\/wp\/v2\/comments?post=17092"}],"version-history":[{"count":0,"href":"https:\/\/iraurgiberritzen.eus\/es\/wp-json\/wp\/v2\/posts\/17092\/revisions"}],"wp:featuredmedia":[{"embeddable":true,"href":"https:\/\/iraurgiberritzen.eus\/es\/wp-json\/wp\/v2\/media\/17091"}],"wp:attachment":[{"href":"https:\/\/iraurgiberritzen.eus\/es\/wp-json\/wp\/v2\/media?parent=17092"}],"wp:term":[{"taxonomy":"category","embeddable":true,"href":"https:\/\/iraurgiberritzen.eus\/es\/wp-json\/wp\/v2\/categories?post=17092"},{"taxonomy":"post_tag","embeddable":true,"href":"https:\/\/iraurgiberritzen.eus\/es\/wp-json\/wp\/v2\/tags?post=17092"}],"curies":[{"name":"wp","href":"https:\/\/api.w.org\/{rel}","templated":true}]}}