{"id":17100,"date":"2023-11-15T18:01:57","date_gmt":"2023-11-15T16:01:57","guid":{"rendered":"https:\/\/iraurgiberritzen.eus\/el-desempleo-se-mantiene-estable-en-el-tercer-trimestre-del-ano\/"},"modified":"2023-11-15T18:01:57","modified_gmt":"2023-11-15T16:01:57","slug":"el-desempleo-se-mantiene-estable-en-el-tercer-trimestre-del-ano","status":"publish","type":"post","link":"https:\/\/iraurgiberritzen.eus\/es\/el-desempleo-se-mantiene-estable-en-el-tercer-trimestre-del-ano\/","title":{"rendered":"El desempleo se mantiene estable en el tercer trimestre del a\u00f1o"},"content":{"rendered":"<p style=\"text-align: justify\">En Urola Erdia, a finales de Octubre de 2023, seg\u00fan el Servicio Vasco de Empleo Lanbide, se han contabilizado 1.198 personas en situaci\u00f3n de desempleo. Aunque en el \u00faltimo mes se han contabilizado 27 personas m\u00e1s en situaci\u00f3n de desempleo en la comarca, la evoluci\u00f3n en el \u00faltimo a\u00f1o sigue siendo positiva. De hecho, a finales de Octubre del a\u00f1o pasado en la comarca se contabilizaron 15 personas desempleadas m\u00e1s que este a\u00f1o, por tanto se registra una disminuci\u00f3n del 1,2%.<\/p>\n<p style=\"text-align: justify\">Seg\u00fan las estimaciones de Iraurgi Berritzen, el \u00edndice de desempleo de Urola Erdia se sit\u00faa a finales de octubre en el 7,6%. Por el contrario, los \u00edndices de desempleo de Gipuzkoa y de la CAE se sit\u00faan en el 8,2% y 10,3%, respectivamente, situ\u00e1ndose en ambos casos por encima del \u00edndice comarcal.<\/p>\n<p style=\"text-align: justify\">Atendiendo al \u00edndice de desempleo seg\u00fan g\u00e9nero, el \u00edndice masculino es del 5,9% mientras que el \u00edndice femenino es del 9,5%. A finales de Octubre, el \u00edndice de desempleo femenino es, por tanto, 3 puntos y medio superior al masculino. En Gipuzkoa y la CAPV tambi\u00e9n se observa una brecha de alrededor de 3 puntos entre ambos g\u00e9neros.<\/p>\n<p style=\"text-align: justify\">Evoluci\u00f3n del tercer trimestre del a\u00f1o seg\u00fan diferentes indicadores<\/p>\n<p style=\"text-align: justify\">Entre Julio y Septiembre se han observado diferentes evoluciones en los diferentes indicadores del mercado laboral. Se pueden destacar, entre otros, los siguientes puntos:<\/p>\n<ul style=\"text-align: justify\">\n<li>Urola Erdia, a finales de Septiembre ha contabilizado 13.071 personas afiliadas, 133 menos que a finales de junio. Asimismo, la evoluci\u00f3n del \u00faltimo a\u00f1o es negativa, ya que el a\u00f1o pasado a finales de Septiembre se contabilizaron 104 personas afiliadas m\u00e1s, lo que supone un descenso del 0,8%. Por el contrario, en Gipuzkoa y Euskadi se registra un crecimiento del 3,1% y 3,0% en el mismo periodo.<\/li>\n<\/ul>\n<p style=\"padding-left: 30px\">A finales de Septiembre, el 77,2% de las personas afiliadas se destina al r\u00e9gimen general. En cambio, en lo que respecta a los sectores econ\u00f3micos, el 43,0% de las personas afiliadas de la comarca se destina a la industria, el doble que en Gipuzkoa y la CAPV.<\/p>\n<ul style=\"text-align: justify\">\n<li>En cuanto a la evoluci\u00f3n de los contratos, en el tercer trimestre de 2023 se han contabilizado 1.196 contratos en Urola Erdia, un 25,2% menos que en el mismo trimestre del a\u00f1o anterior. La mayor parte de los contratos se concentra en sector servicios, un 67,6% del total. Por otro lado, el 27,5% de los contratos registrados en el trimestre se han destinado al sector industrial. Asimismo, el 70,4% del total de contratos contabilizados en el trimestre han sido temporales.<\/li>\n<li>En cuanto a los Expedientes de Garant\u00eda de Ingresos (RGI), el n\u00famero de expedientes contabilizados en Urola Erdia ha crecido notablemente en el tercer trimestre del a\u00f1o y se han contabilizado 70 expedientes m\u00e1s que en el mismo mes del a\u00f1o pasado, con un total de 589 expedientes.<\/li>\n<li>Para finalizar, la comarca contabiliza 5 Expedientes de Regulaci\u00f3n Temporal de Empleo (ERTE) vigentes a finales de septiembre. Estos expedientes afectan a un total de 229 trabajadores.<\/li>\n<\/ul>\n<p style=\"text-align: justify\">Iraurgi Berritzen continuar\u00e1 en los pr\u00f3ximos meses analizando detenidamente los indicadores socioecon\u00f3micos de la comarca, con el objetivo de conocer en todo momento la evoluci\u00f3n del mercado de trabajo comarcal y adecuar las pol\u00edticas de promoci\u00f3n comarcal a las necesidades del momento.<\/p>\n<p style=\"text-align: center\"><img loading=\"lazy\" decoding=\"async\" src=\"images\/LanMerkatua_2023_3H_2.png\" alt=\"LanMerkatua_2023_3H_2.png\" width=\"800\" height=\"1750\" \/><\/p>\n","protected":false},"excerpt":{"rendered":"<p>En Urola Erdia, a finales de Octubre de 2023, seg\u00fan el Servicio Vasco de Empleo Lanbide, se han contabilizado 1.198 personas en situaci\u00f3n de desempleo. Aunque en el \u00faltimo mes se han contabilizado 27 personas m\u00e1s en situaci\u00f3n de desempleo en la comarca, la evoluci\u00f3n en el \u00faltimo a\u00f1o sigue siendo positiva. De hecho, a [&hellip;]<\/p>\n","protected":false},"author":0,"featured_media":17099,"comment_status":"","ping_status":"closed","sticky":false,"template":"","format":"standard","meta":{"_acf_changed":false,"footnotes":""},"categories":[4],"tags":[],"class_list":["post-17100","post","type-post","status-publish","format-standard","has-post-thumbnail","hentry","category-noticias"],"acf":[],"yoast_head":"<!-- This site is optimized with the Yoast SEO plugin v27.4 - https:\/\/yoast.com\/product\/yoast-seo-wordpress\/ -->\n<title>El desempleo se mantiene estable en el tercer trimestre del a\u00f1o - Iraurgi Berritzen<\/title>\n<meta name=\"robots\" content=\"index, follow, max-snippet:-1, max-image-preview:large, max-video-preview:-1\" \/>\n<link rel=\"canonical\" href=\"https:\/\/iraurgiberritzen.eus\/es\/el-desempleo-se-mantiene-estable-en-el-tercer-trimestre-del-ano\/\" \/>\n<meta property=\"og:locale\" content=\"es_ES\" \/>\n<meta property=\"og:type\" content=\"article\" \/>\n<meta property=\"og:title\" content=\"El desempleo se mantiene estable en el tercer trimestre del a\u00f1o - Iraurgi Berritzen\" \/>\n<meta property=\"og:description\" content=\"En Urola Erdia, a finales de Octubre de 2023, seg\u00fan el Servicio Vasco de Empleo Lanbide, se han contabilizado 1.198 personas en situaci\u00f3n de desempleo. Aunque en el \u00faltimo mes se han contabilizado 27 personas m\u00e1s en situaci\u00f3n de desempleo en la comarca, la evoluci\u00f3n en el \u00faltimo a\u00f1o sigue siendo positiva. De hecho, a [&hellip;]\" \/>\n<meta property=\"og:url\" content=\"https:\/\/iraurgiberritzen.eus\/es\/el-desempleo-se-mantiene-estable-en-el-tercer-trimestre-del-ano\/\" \/>\n<meta property=\"og:site_name\" content=\"Iraurgi Berritzen\" \/>\n<meta property=\"article:published_time\" content=\"2023-11-15T16:01:57+00:00\" \/>\n<meta name=\"twitter:card\" content=\"summary_large_image\" \/>\n<meta name=\"twitter:label1\" content=\"Tiempo de lectura\" \/>\n\t<meta name=\"twitter:data1\" content=\"3 minutos\" \/>\n<script type=\"application\/ld+json\" class=\"yoast-schema-graph\">{\"@context\":\"https:\\\/\\\/schema.org\",\"@graph\":[{\"@type\":\"Article\",\"@id\":\"https:\\\/\\\/iraurgiberritzen.eus\\\/es\\\/el-desempleo-se-mantiene-estable-en-el-tercer-trimestre-del-ano\\\/#article\",\"isPartOf\":{\"@id\":\"https:\\\/\\\/iraurgiberritzen.eus\\\/es\\\/el-desempleo-se-mantiene-estable-en-el-tercer-trimestre-del-ano\\\/\"},\"author\":{\"name\":\"\",\"@id\":\"\"},\"headline\":\"El desempleo se mantiene estable en el tercer trimestre del a\u00f1o\",\"datePublished\":\"2023-11-15T16:01:57+00:00\",\"mainEntityOfPage\":{\"@id\":\"https:\\\/\\\/iraurgiberritzen.eus\\\/es\\\/el-desempleo-se-mantiene-estable-en-el-tercer-trimestre-del-ano\\\/\"},\"wordCount\":557,\"publisher\":{\"@id\":\"https:\\\/\\\/iraurgiberritzen.eus\\\/es\\\/#organization\"},\"image\":{\"@id\":\"https:\\\/\\\/iraurgiberritzen.eus\\\/es\\\/el-desempleo-se-mantiene-estable-en-el-tercer-trimestre-del-ano\\\/#primaryimage\"},\"thumbnailUrl\":\"https:\\\/\\\/iraurgiberritzen.eus\\\/wp-content\\\/uploads\\\/2024\\\/01\\\/d53aa7f89db2d1935feed7588780d953.jpg\",\"articleSection\":[\"Noticias\"],\"inLanguage\":\"es\"},{\"@type\":\"WebPage\",\"@id\":\"https:\\\/\\\/iraurgiberritzen.eus\\\/es\\\/el-desempleo-se-mantiene-estable-en-el-tercer-trimestre-del-ano\\\/\",\"url\":\"https:\\\/\\\/iraurgiberritzen.eus\\\/es\\\/el-desempleo-se-mantiene-estable-en-el-tercer-trimestre-del-ano\\\/\",\"name\":\"El desempleo se mantiene estable en el tercer trimestre del a\u00f1o - Iraurgi Berritzen\",\"isPartOf\":{\"@id\":\"https:\\\/\\\/iraurgiberritzen.eus\\\/es\\\/#website\"},\"primaryImageOfPage\":{\"@id\":\"https:\\\/\\\/iraurgiberritzen.eus\\\/es\\\/el-desempleo-se-mantiene-estable-en-el-tercer-trimestre-del-ano\\\/#primaryimage\"},\"image\":{\"@id\":\"https:\\\/\\\/iraurgiberritzen.eus\\\/es\\\/el-desempleo-se-mantiene-estable-en-el-tercer-trimestre-del-ano\\\/#primaryimage\"},\"thumbnailUrl\":\"https:\\\/\\\/iraurgiberritzen.eus\\\/wp-content\\\/uploads\\\/2024\\\/01\\\/d53aa7f89db2d1935feed7588780d953.jpg\",\"datePublished\":\"2023-11-15T16:01:57+00:00\",\"breadcrumb\":{\"@id\":\"https:\\\/\\\/iraurgiberritzen.eus\\\/es\\\/el-desempleo-se-mantiene-estable-en-el-tercer-trimestre-del-ano\\\/#breadcrumb\"},\"inLanguage\":\"es\",\"potentialAction\":[{\"@type\":\"ReadAction\",\"target\":[\"https:\\\/\\\/iraurgiberritzen.eus\\\/es\\\/el-desempleo-se-mantiene-estable-en-el-tercer-trimestre-del-ano\\\/\"]}]},{\"@type\":\"ImageObject\",\"inLanguage\":\"es\",\"@id\":\"https:\\\/\\\/iraurgiberritzen.eus\\\/es\\\/el-desempleo-se-mantiene-estable-en-el-tercer-trimestre-del-ano\\\/#primaryimage\",\"url\":\"https:\\\/\\\/iraurgiberritzen.eus\\\/wp-content\\\/uploads\\\/2024\\\/01\\\/d53aa7f89db2d1935feed7588780d953.jpg\",\"contentUrl\":\"https:\\\/\\\/iraurgiberritzen.eus\\\/wp-content\\\/uploads\\\/2024\\\/01\\\/d53aa7f89db2d1935feed7588780d953.jpg\",\"width\":400,\"height\":259},{\"@type\":\"BreadcrumbList\",\"@id\":\"https:\\\/\\\/iraurgiberritzen.eus\\\/es\\\/el-desempleo-se-mantiene-estable-en-el-tercer-trimestre-del-ano\\\/#breadcrumb\",\"itemListElement\":[{\"@type\":\"ListItem\",\"position\":1,\"name\":\"Home\",\"item\":\"https:\\\/\\\/iraurgiberritzen.eus\\\/es\\\/\"},{\"@type\":\"ListItem\",\"position\":2,\"name\":\"El desempleo se mantiene estable en el tercer trimestre del a\u00f1o\"}]},{\"@type\":\"WebSite\",\"@id\":\"https:\\\/\\\/iraurgiberritzen.eus\\\/es\\\/#website\",\"url\":\"https:\\\/\\\/iraurgiberritzen.eus\\\/es\\\/\",\"name\":\"Iraurgi Berritzen\",\"description\":\"Urola Erdiko Garapen Agentzia\",\"publisher\":{\"@id\":\"https:\\\/\\\/iraurgiberritzen.eus\\\/es\\\/#organization\"},\"potentialAction\":[{\"@type\":\"SearchAction\",\"target\":{\"@type\":\"EntryPoint\",\"urlTemplate\":\"https:\\\/\\\/iraurgiberritzen.eus\\\/es\\\/?s={search_term_string}\"},\"query-input\":{\"@type\":\"PropertyValueSpecification\",\"valueRequired\":true,\"valueName\":\"search_term_string\"}}],\"inLanguage\":\"es\"},{\"@type\":\"Organization\",\"@id\":\"https:\\\/\\\/iraurgiberritzen.eus\\\/es\\\/#organization\",\"name\":\"Iraurgi Berritzen\",\"url\":\"https:\\\/\\\/iraurgiberritzen.eus\\\/es\\\/\",\"logo\":{\"@type\":\"ImageObject\",\"inLanguage\":\"es\",\"@id\":\"https:\\\/\\\/iraurgiberritzen.eus\\\/es\\\/#\\\/schema\\\/logo\\\/image\\\/\",\"url\":\"https:\\\/\\\/iraurgiberritzen.eus\\\/wp-content\\\/uploads\\\/2024\\\/02\\\/IRAURGI-BERRITZEN-logotipoa_2.png\",\"contentUrl\":\"https:\\\/\\\/iraurgiberritzen.eus\\\/wp-content\\\/uploads\\\/2024\\\/02\\\/IRAURGI-BERRITZEN-logotipoa_2.png\",\"width\":496,\"height\":190,\"caption\":\"Iraurgi Berritzen\"},\"image\":{\"@id\":\"https:\\\/\\\/iraurgiberritzen.eus\\\/es\\\/#\\\/schema\\\/logo\\\/image\\\/\"}}]}<\/script>\n<!-- \/ Yoast SEO plugin. -->","yoast_head_json":{"title":"El desempleo se mantiene estable en el tercer trimestre del a\u00f1o - Iraurgi Berritzen","robots":{"index":"index","follow":"follow","max-snippet":"max-snippet:-1","max-image-preview":"max-image-preview:large","max-video-preview":"max-video-preview:-1"},"canonical":"https:\/\/iraurgiberritzen.eus\/es\/el-desempleo-se-mantiene-estable-en-el-tercer-trimestre-del-ano\/","og_locale":"es_ES","og_type":"article","og_title":"El desempleo se mantiene estable en el tercer trimestre del a\u00f1o - Iraurgi Berritzen","og_description":"En Urola Erdia, a finales de Octubre de 2023, seg\u00fan el Servicio Vasco de Empleo Lanbide, se han contabilizado 1.198 personas en situaci\u00f3n de desempleo. Aunque en el \u00faltimo mes se han contabilizado 27 personas m\u00e1s en situaci\u00f3n de desempleo en la comarca, la evoluci\u00f3n en el \u00faltimo a\u00f1o sigue siendo positiva. De hecho, a [&hellip;]","og_url":"https:\/\/iraurgiberritzen.eus\/es\/el-desempleo-se-mantiene-estable-en-el-tercer-trimestre-del-ano\/","og_site_name":"Iraurgi Berritzen","article_published_time":"2023-11-15T16:01:57+00:00","twitter_card":"summary_large_image","twitter_misc":{"Tiempo de lectura":"3 minutos"},"schema":{"@context":"https:\/\/schema.org","@graph":[{"@type":"Article","@id":"https:\/\/iraurgiberritzen.eus\/es\/el-desempleo-se-mantiene-estable-en-el-tercer-trimestre-del-ano\/#article","isPartOf":{"@id":"https:\/\/iraurgiberritzen.eus\/es\/el-desempleo-se-mantiene-estable-en-el-tercer-trimestre-del-ano\/"},"author":{"name":"","@id":""},"headline":"El desempleo se mantiene estable en el tercer trimestre del a\u00f1o","datePublished":"2023-11-15T16:01:57+00:00","mainEntityOfPage":{"@id":"https:\/\/iraurgiberritzen.eus\/es\/el-desempleo-se-mantiene-estable-en-el-tercer-trimestre-del-ano\/"},"wordCount":557,"publisher":{"@id":"https:\/\/iraurgiberritzen.eus\/es\/#organization"},"image":{"@id":"https:\/\/iraurgiberritzen.eus\/es\/el-desempleo-se-mantiene-estable-en-el-tercer-trimestre-del-ano\/#primaryimage"},"thumbnailUrl":"https:\/\/iraurgiberritzen.eus\/wp-content\/uploads\/2024\/01\/d53aa7f89db2d1935feed7588780d953.jpg","articleSection":["Noticias"],"inLanguage":"es"},{"@type":"WebPage","@id":"https:\/\/iraurgiberritzen.eus\/es\/el-desempleo-se-mantiene-estable-en-el-tercer-trimestre-del-ano\/","url":"https:\/\/iraurgiberritzen.eus\/es\/el-desempleo-se-mantiene-estable-en-el-tercer-trimestre-del-ano\/","name":"El desempleo se mantiene estable en el tercer trimestre del a\u00f1o - Iraurgi Berritzen","isPartOf":{"@id":"https:\/\/iraurgiberritzen.eus\/es\/#website"},"primaryImageOfPage":{"@id":"https:\/\/iraurgiberritzen.eus\/es\/el-desempleo-se-mantiene-estable-en-el-tercer-trimestre-del-ano\/#primaryimage"},"image":{"@id":"https:\/\/iraurgiberritzen.eus\/es\/el-desempleo-se-mantiene-estable-en-el-tercer-trimestre-del-ano\/#primaryimage"},"thumbnailUrl":"https:\/\/iraurgiberritzen.eus\/wp-content\/uploads\/2024\/01\/d53aa7f89db2d1935feed7588780d953.jpg","datePublished":"2023-11-15T16:01:57+00:00","breadcrumb":{"@id":"https:\/\/iraurgiberritzen.eus\/es\/el-desempleo-se-mantiene-estable-en-el-tercer-trimestre-del-ano\/#breadcrumb"},"inLanguage":"es","potentialAction":[{"@type":"ReadAction","target":["https:\/\/iraurgiberritzen.eus\/es\/el-desempleo-se-mantiene-estable-en-el-tercer-trimestre-del-ano\/"]}]},{"@type":"ImageObject","inLanguage":"es","@id":"https:\/\/iraurgiberritzen.eus\/es\/el-desempleo-se-mantiene-estable-en-el-tercer-trimestre-del-ano\/#primaryimage","url":"https:\/\/iraurgiberritzen.eus\/wp-content\/uploads\/2024\/01\/d53aa7f89db2d1935feed7588780d953.jpg","contentUrl":"https:\/\/iraurgiberritzen.eus\/wp-content\/uploads\/2024\/01\/d53aa7f89db2d1935feed7588780d953.jpg","width":400,"height":259},{"@type":"BreadcrumbList","@id":"https:\/\/iraurgiberritzen.eus\/es\/el-desempleo-se-mantiene-estable-en-el-tercer-trimestre-del-ano\/#breadcrumb","itemListElement":[{"@type":"ListItem","position":1,"name":"Home","item":"https:\/\/iraurgiberritzen.eus\/es\/"},{"@type":"ListItem","position":2,"name":"El desempleo se mantiene estable en el tercer trimestre del a\u00f1o"}]},{"@type":"WebSite","@id":"https:\/\/iraurgiberritzen.eus\/es\/#website","url":"https:\/\/iraurgiberritzen.eus\/es\/","name":"Iraurgi Berritzen","description":"Urola Erdiko Garapen Agentzia","publisher":{"@id":"https:\/\/iraurgiberritzen.eus\/es\/#organization"},"potentialAction":[{"@type":"SearchAction","target":{"@type":"EntryPoint","urlTemplate":"https:\/\/iraurgiberritzen.eus\/es\/?s={search_term_string}"},"query-input":{"@type":"PropertyValueSpecification","valueRequired":true,"valueName":"search_term_string"}}],"inLanguage":"es"},{"@type":"Organization","@id":"https:\/\/iraurgiberritzen.eus\/es\/#organization","name":"Iraurgi Berritzen","url":"https:\/\/iraurgiberritzen.eus\/es\/","logo":{"@type":"ImageObject","inLanguage":"es","@id":"https:\/\/iraurgiberritzen.eus\/es\/#\/schema\/logo\/image\/","url":"https:\/\/iraurgiberritzen.eus\/wp-content\/uploads\/2024\/02\/IRAURGI-BERRITZEN-logotipoa_2.png","contentUrl":"https:\/\/iraurgiberritzen.eus\/wp-content\/uploads\/2024\/02\/IRAURGI-BERRITZEN-logotipoa_2.png","width":496,"height":190,"caption":"Iraurgi Berritzen"},"image":{"@id":"https:\/\/iraurgiberritzen.eus\/es\/#\/schema\/logo\/image\/"}}]}},"_links":{"self":[{"href":"https:\/\/iraurgiberritzen.eus\/es\/wp-json\/wp\/v2\/posts\/17100","targetHints":{"allow":["GET"]}}],"collection":[{"href":"https:\/\/iraurgiberritzen.eus\/es\/wp-json\/wp\/v2\/posts"}],"about":[{"href":"https:\/\/iraurgiberritzen.eus\/es\/wp-json\/wp\/v2\/types\/post"}],"replies":[{"embeddable":true,"href":"https:\/\/iraurgiberritzen.eus\/es\/wp-json\/wp\/v2\/comments?post=17100"}],"version-history":[{"count":0,"href":"https:\/\/iraurgiberritzen.eus\/es\/wp-json\/wp\/v2\/posts\/17100\/revisions"}],"wp:featuredmedia":[{"embeddable":true,"href":"https:\/\/iraurgiberritzen.eus\/es\/wp-json\/wp\/v2\/media\/17099"}],"wp:attachment":[{"href":"https:\/\/iraurgiberritzen.eus\/es\/wp-json\/wp\/v2\/media?parent=17100"}],"wp:term":[{"taxonomy":"category","embeddable":true,"href":"https:\/\/iraurgiberritzen.eus\/es\/wp-json\/wp\/v2\/categories?post=17100"},{"taxonomy":"post_tag","embeddable":true,"href":"https:\/\/iraurgiberritzen.eus\/es\/wp-json\/wp\/v2\/tags?post=17100"}],"curies":[{"name":"wp","href":"https:\/\/api.w.org\/{rel}","templated":true}]}}