{"id":17104,"date":"2023-11-16T07:04:51","date_gmt":"2023-11-16T05:04:51","guid":{"rendered":"https:\/\/iraurgiberritzen.eus\/comunicacion-asertiva-una-herramienta-para-las-personas-emprendedoras\/"},"modified":"2023-11-16T07:04:51","modified_gmt":"2023-11-16T05:04:51","slug":"comunicacion-asertiva-una-herramienta-para-las-personas-emprendedoras","status":"publish","type":"post","link":"https:\/\/iraurgiberritzen.eus\/es\/comunicacion-asertiva-una-herramienta-para-las-personas-emprendedoras\/","title":{"rendered":"Comunicaci\u00f3n asertiva, una herramienta para las personas emprendedoras"},"content":{"rendered":"<p style=\"text-align: justify\">En el seno de Klink Gune, hoy, 15 de noviembre, se ha celebrado la IX Tertulia de caf\u00e9. Ha sido la segunda sesi\u00f3n este a\u00f1o, donde las personas emprendedoras de la comarca se han reunido en torno a un caf\u00e9 y una tem\u00e1tica.<\/p>\n<p style=\"text-align: justify\">Hoy se han centrado en los principales problemas que genera la falta de asertividad en el \u00e1mbito profesional. La ponente, Mar\u00eda D\u00edez, ha ofrecido a los asistentes una serie de herramientas y recomendaciones para poder trabajar las relaciones profesionales basadas en el respeto. <br \/>El objetivo de esta sesi\u00f3n ha sido, aprender a poner l\u00edmites desde la tranquilidad o a decir no sin sentirse culpables.<\/p>\n<p style=\"text-align: justify\">Las tertulias de caf\u00e9, se celebran semestralmente y tienen como objetivo crear un espacio para compartir entre personas emprendedoras y peque\u00f1os negocios de nuestra comarca, en torno a una tem\u00e1tica y sacar de \u00e9l un aprendizaje. Parece que lo hemos logrado.<\/p>\n<p style=\"text-align: justify\">El equipo t\u00e9cnico del \u00e1rea de emprendimiento continuar\u00e1 con sus esfuerzos para dar respuesta a este reto organizando estos espacios que permitan ampliar la red de contactos de las personas emprendedoras y convertirse en un espacio que aporte valor a\u00f1adido a sus iniciativas empresariales.<\/p>\n","protected":false},"excerpt":{"rendered":"<p>En el seno de Klink Gune, hoy, 15 de noviembre, se ha celebrado la IX Tertulia de caf\u00e9. Ha sido la segunda sesi\u00f3n este a\u00f1o, donde las personas emprendedoras de la comarca se han reunido en torno a un caf\u00e9 y una tem\u00e1tica. Hoy se han centrado en los principales problemas que genera la falta [&hellip;]<\/p>\n","protected":false},"author":0,"featured_media":17103,"comment_status":"","ping_status":"closed","sticky":false,"template":"","format":"standard","meta":{"_acf_changed":false,"footnotes":""},"categories":[4],"tags":[],"class_list":["post-17104","post","type-post","status-publish","format-standard","has-post-thumbnail","hentry","category-noticias"],"acf":[],"yoast_head":"<!-- This site is optimized with the Yoast SEO plugin v27.4 - https:\/\/yoast.com\/product\/yoast-seo-wordpress\/ -->\n<title>Comunicaci\u00f3n asertiva, una herramienta para las personas emprendedoras - Iraurgi Berritzen<\/title>\n<meta name=\"robots\" content=\"index, follow, max-snippet:-1, max-image-preview:large, max-video-preview:-1\" \/>\n<link rel=\"canonical\" href=\"https:\/\/iraurgiberritzen.eus\/es\/comunicacion-asertiva-una-herramienta-para-las-personas-emprendedoras\/\" \/>\n<meta property=\"og:locale\" content=\"es_ES\" \/>\n<meta property=\"og:type\" content=\"article\" \/>\n<meta property=\"og:title\" content=\"Comunicaci\u00f3n asertiva, una herramienta para las personas emprendedoras - Iraurgi Berritzen\" \/>\n<meta property=\"og:description\" content=\"En el seno de Klink Gune, hoy, 15 de noviembre, se ha celebrado la IX Tertulia de caf\u00e9. Ha sido la segunda sesi\u00f3n este a\u00f1o, donde las personas emprendedoras de la comarca se han reunido en torno a un caf\u00e9 y una tem\u00e1tica. Hoy se han centrado en los principales problemas que genera la falta [&hellip;]\" \/>\n<meta property=\"og:url\" content=\"https:\/\/iraurgiberritzen.eus\/es\/comunicacion-asertiva-una-herramienta-para-las-personas-emprendedoras\/\" \/>\n<meta property=\"og:site_name\" content=\"Iraurgi Berritzen\" \/>\n<meta property=\"article:published_time\" content=\"2023-11-16T05:04:51+00:00\" \/>\n<meta name=\"twitter:card\" content=\"summary_large_image\" \/>\n<meta name=\"twitter:label1\" content=\"Tiempo de lectura\" \/>\n\t<meta name=\"twitter:data1\" content=\"1 minuto\" \/>\n<script type=\"application\/ld+json\" class=\"yoast-schema-graph\">{\"@context\":\"https:\\\/\\\/schema.org\",\"@graph\":[{\"@type\":\"Article\",\"@id\":\"https:\\\/\\\/iraurgiberritzen.eus\\\/es\\\/comunicacion-asertiva-una-herramienta-para-las-personas-emprendedoras\\\/#article\",\"isPartOf\":{\"@id\":\"https:\\\/\\\/iraurgiberritzen.eus\\\/es\\\/comunicacion-asertiva-una-herramienta-para-las-personas-emprendedoras\\\/\"},\"author\":{\"name\":\"\",\"@id\":\"\"},\"headline\":\"Comunicaci\u00f3n asertiva, una herramienta para las personas emprendedoras\",\"datePublished\":\"2023-11-16T05:04:51+00:00\",\"mainEntityOfPage\":{\"@id\":\"https:\\\/\\\/iraurgiberritzen.eus\\\/es\\\/comunicacion-asertiva-una-herramienta-para-las-personas-emprendedoras\\\/\"},\"wordCount\":211,\"publisher\":{\"@id\":\"https:\\\/\\\/iraurgiberritzen.eus\\\/es\\\/#organization\"},\"image\":{\"@id\":\"https:\\\/\\\/iraurgiberritzen.eus\\\/es\\\/comunicacion-asertiva-una-herramienta-para-las-personas-emprendedoras\\\/#primaryimage\"},\"thumbnailUrl\":\"https:\\\/\\\/iraurgiberritzen.eus\\\/wp-content\\\/uploads\\\/2024\\\/01\\\/e9bc711e2c478c77d51fdbebd1ec5a17.jpg\",\"articleSection\":[\"Noticias\"],\"inLanguage\":\"es\"},{\"@type\":\"WebPage\",\"@id\":\"https:\\\/\\\/iraurgiberritzen.eus\\\/es\\\/comunicacion-asertiva-una-herramienta-para-las-personas-emprendedoras\\\/\",\"url\":\"https:\\\/\\\/iraurgiberritzen.eus\\\/es\\\/comunicacion-asertiva-una-herramienta-para-las-personas-emprendedoras\\\/\",\"name\":\"Comunicaci\u00f3n asertiva, una herramienta para las personas emprendedoras - Iraurgi Berritzen\",\"isPartOf\":{\"@id\":\"https:\\\/\\\/iraurgiberritzen.eus\\\/es\\\/#website\"},\"primaryImageOfPage\":{\"@id\":\"https:\\\/\\\/iraurgiberritzen.eus\\\/es\\\/comunicacion-asertiva-una-herramienta-para-las-personas-emprendedoras\\\/#primaryimage\"},\"image\":{\"@id\":\"https:\\\/\\\/iraurgiberritzen.eus\\\/es\\\/comunicacion-asertiva-una-herramienta-para-las-personas-emprendedoras\\\/#primaryimage\"},\"thumbnailUrl\":\"https:\\\/\\\/iraurgiberritzen.eus\\\/wp-content\\\/uploads\\\/2024\\\/01\\\/e9bc711e2c478c77d51fdbebd1ec5a17.jpg\",\"datePublished\":\"2023-11-16T05:04:51+00:00\",\"breadcrumb\":{\"@id\":\"https:\\\/\\\/iraurgiberritzen.eus\\\/es\\\/comunicacion-asertiva-una-herramienta-para-las-personas-emprendedoras\\\/#breadcrumb\"},\"inLanguage\":\"es\",\"potentialAction\":[{\"@type\":\"ReadAction\",\"target\":[\"https:\\\/\\\/iraurgiberritzen.eus\\\/es\\\/comunicacion-asertiva-una-herramienta-para-las-personas-emprendedoras\\\/\"]}]},{\"@type\":\"ImageObject\",\"inLanguage\":\"es\",\"@id\":\"https:\\\/\\\/iraurgiberritzen.eus\\\/es\\\/comunicacion-asertiva-una-herramienta-para-las-personas-emprendedoras\\\/#primaryimage\",\"url\":\"https:\\\/\\\/iraurgiberritzen.eus\\\/wp-content\\\/uploads\\\/2024\\\/01\\\/e9bc711e2c478c77d51fdbebd1ec5a17.jpg\",\"contentUrl\":\"https:\\\/\\\/iraurgiberritzen.eus\\\/wp-content\\\/uploads\\\/2024\\\/01\\\/e9bc711e2c478c77d51fdbebd1ec5a17.jpg\",\"width\":400,\"height\":257},{\"@type\":\"BreadcrumbList\",\"@id\":\"https:\\\/\\\/iraurgiberritzen.eus\\\/es\\\/comunicacion-asertiva-una-herramienta-para-las-personas-emprendedoras\\\/#breadcrumb\",\"itemListElement\":[{\"@type\":\"ListItem\",\"position\":1,\"name\":\"Home\",\"item\":\"https:\\\/\\\/iraurgiberritzen.eus\\\/es\\\/\"},{\"@type\":\"ListItem\",\"position\":2,\"name\":\"Comunicaci\u00f3n asertiva, una herramienta para las personas emprendedoras\"}]},{\"@type\":\"WebSite\",\"@id\":\"https:\\\/\\\/iraurgiberritzen.eus\\\/es\\\/#website\",\"url\":\"https:\\\/\\\/iraurgiberritzen.eus\\\/es\\\/\",\"name\":\"Iraurgi Berritzen\",\"description\":\"Urola Erdiko Garapen Agentzia\",\"publisher\":{\"@id\":\"https:\\\/\\\/iraurgiberritzen.eus\\\/es\\\/#organization\"},\"potentialAction\":[{\"@type\":\"SearchAction\",\"target\":{\"@type\":\"EntryPoint\",\"urlTemplate\":\"https:\\\/\\\/iraurgiberritzen.eus\\\/es\\\/?s={search_term_string}\"},\"query-input\":{\"@type\":\"PropertyValueSpecification\",\"valueRequired\":true,\"valueName\":\"search_term_string\"}}],\"inLanguage\":\"es\"},{\"@type\":\"Organization\",\"@id\":\"https:\\\/\\\/iraurgiberritzen.eus\\\/es\\\/#organization\",\"name\":\"Iraurgi Berritzen\",\"url\":\"https:\\\/\\\/iraurgiberritzen.eus\\\/es\\\/\",\"logo\":{\"@type\":\"ImageObject\",\"inLanguage\":\"es\",\"@id\":\"https:\\\/\\\/iraurgiberritzen.eus\\\/es\\\/#\\\/schema\\\/logo\\\/image\\\/\",\"url\":\"https:\\\/\\\/iraurgiberritzen.eus\\\/wp-content\\\/uploads\\\/2024\\\/02\\\/IRAURGI-BERRITZEN-logotipoa_2.png\",\"contentUrl\":\"https:\\\/\\\/iraurgiberritzen.eus\\\/wp-content\\\/uploads\\\/2024\\\/02\\\/IRAURGI-BERRITZEN-logotipoa_2.png\",\"width\":496,\"height\":190,\"caption\":\"Iraurgi Berritzen\"},\"image\":{\"@id\":\"https:\\\/\\\/iraurgiberritzen.eus\\\/es\\\/#\\\/schema\\\/logo\\\/image\\\/\"}}]}<\/script>\n<!-- \/ Yoast SEO plugin. -->","yoast_head_json":{"title":"Comunicaci\u00f3n asertiva, una herramienta para las personas emprendedoras - Iraurgi Berritzen","robots":{"index":"index","follow":"follow","max-snippet":"max-snippet:-1","max-image-preview":"max-image-preview:large","max-video-preview":"max-video-preview:-1"},"canonical":"https:\/\/iraurgiberritzen.eus\/es\/comunicacion-asertiva-una-herramienta-para-las-personas-emprendedoras\/","og_locale":"es_ES","og_type":"article","og_title":"Comunicaci\u00f3n asertiva, una herramienta para las personas emprendedoras - Iraurgi Berritzen","og_description":"En el seno de Klink Gune, hoy, 15 de noviembre, se ha celebrado la IX Tertulia de caf\u00e9. Ha sido la segunda sesi\u00f3n este a\u00f1o, donde las personas emprendedoras de la comarca se han reunido en torno a un caf\u00e9 y una tem\u00e1tica. Hoy se han centrado en los principales problemas que genera la falta [&hellip;]","og_url":"https:\/\/iraurgiberritzen.eus\/es\/comunicacion-asertiva-una-herramienta-para-las-personas-emprendedoras\/","og_site_name":"Iraurgi Berritzen","article_published_time":"2023-11-16T05:04:51+00:00","twitter_card":"summary_large_image","twitter_misc":{"Tiempo de lectura":"1 minuto"},"schema":{"@context":"https:\/\/schema.org","@graph":[{"@type":"Article","@id":"https:\/\/iraurgiberritzen.eus\/es\/comunicacion-asertiva-una-herramienta-para-las-personas-emprendedoras\/#article","isPartOf":{"@id":"https:\/\/iraurgiberritzen.eus\/es\/comunicacion-asertiva-una-herramienta-para-las-personas-emprendedoras\/"},"author":{"name":"","@id":""},"headline":"Comunicaci\u00f3n asertiva, una herramienta para las personas emprendedoras","datePublished":"2023-11-16T05:04:51+00:00","mainEntityOfPage":{"@id":"https:\/\/iraurgiberritzen.eus\/es\/comunicacion-asertiva-una-herramienta-para-las-personas-emprendedoras\/"},"wordCount":211,"publisher":{"@id":"https:\/\/iraurgiberritzen.eus\/es\/#organization"},"image":{"@id":"https:\/\/iraurgiberritzen.eus\/es\/comunicacion-asertiva-una-herramienta-para-las-personas-emprendedoras\/#primaryimage"},"thumbnailUrl":"https:\/\/iraurgiberritzen.eus\/wp-content\/uploads\/2024\/01\/e9bc711e2c478c77d51fdbebd1ec5a17.jpg","articleSection":["Noticias"],"inLanguage":"es"},{"@type":"WebPage","@id":"https:\/\/iraurgiberritzen.eus\/es\/comunicacion-asertiva-una-herramienta-para-las-personas-emprendedoras\/","url":"https:\/\/iraurgiberritzen.eus\/es\/comunicacion-asertiva-una-herramienta-para-las-personas-emprendedoras\/","name":"Comunicaci\u00f3n asertiva, una herramienta para las personas emprendedoras - Iraurgi Berritzen","isPartOf":{"@id":"https:\/\/iraurgiberritzen.eus\/es\/#website"},"primaryImageOfPage":{"@id":"https:\/\/iraurgiberritzen.eus\/es\/comunicacion-asertiva-una-herramienta-para-las-personas-emprendedoras\/#primaryimage"},"image":{"@id":"https:\/\/iraurgiberritzen.eus\/es\/comunicacion-asertiva-una-herramienta-para-las-personas-emprendedoras\/#primaryimage"},"thumbnailUrl":"https:\/\/iraurgiberritzen.eus\/wp-content\/uploads\/2024\/01\/e9bc711e2c478c77d51fdbebd1ec5a17.jpg","datePublished":"2023-11-16T05:04:51+00:00","breadcrumb":{"@id":"https:\/\/iraurgiberritzen.eus\/es\/comunicacion-asertiva-una-herramienta-para-las-personas-emprendedoras\/#breadcrumb"},"inLanguage":"es","potentialAction":[{"@type":"ReadAction","target":["https:\/\/iraurgiberritzen.eus\/es\/comunicacion-asertiva-una-herramienta-para-las-personas-emprendedoras\/"]}]},{"@type":"ImageObject","inLanguage":"es","@id":"https:\/\/iraurgiberritzen.eus\/es\/comunicacion-asertiva-una-herramienta-para-las-personas-emprendedoras\/#primaryimage","url":"https:\/\/iraurgiberritzen.eus\/wp-content\/uploads\/2024\/01\/e9bc711e2c478c77d51fdbebd1ec5a17.jpg","contentUrl":"https:\/\/iraurgiberritzen.eus\/wp-content\/uploads\/2024\/01\/e9bc711e2c478c77d51fdbebd1ec5a17.jpg","width":400,"height":257},{"@type":"BreadcrumbList","@id":"https:\/\/iraurgiberritzen.eus\/es\/comunicacion-asertiva-una-herramienta-para-las-personas-emprendedoras\/#breadcrumb","itemListElement":[{"@type":"ListItem","position":1,"name":"Home","item":"https:\/\/iraurgiberritzen.eus\/es\/"},{"@type":"ListItem","position":2,"name":"Comunicaci\u00f3n asertiva, una herramienta para las personas emprendedoras"}]},{"@type":"WebSite","@id":"https:\/\/iraurgiberritzen.eus\/es\/#website","url":"https:\/\/iraurgiberritzen.eus\/es\/","name":"Iraurgi Berritzen","description":"Urola Erdiko Garapen Agentzia","publisher":{"@id":"https:\/\/iraurgiberritzen.eus\/es\/#organization"},"potentialAction":[{"@type":"SearchAction","target":{"@type":"EntryPoint","urlTemplate":"https:\/\/iraurgiberritzen.eus\/es\/?s={search_term_string}"},"query-input":{"@type":"PropertyValueSpecification","valueRequired":true,"valueName":"search_term_string"}}],"inLanguage":"es"},{"@type":"Organization","@id":"https:\/\/iraurgiberritzen.eus\/es\/#organization","name":"Iraurgi Berritzen","url":"https:\/\/iraurgiberritzen.eus\/es\/","logo":{"@type":"ImageObject","inLanguage":"es","@id":"https:\/\/iraurgiberritzen.eus\/es\/#\/schema\/logo\/image\/","url":"https:\/\/iraurgiberritzen.eus\/wp-content\/uploads\/2024\/02\/IRAURGI-BERRITZEN-logotipoa_2.png","contentUrl":"https:\/\/iraurgiberritzen.eus\/wp-content\/uploads\/2024\/02\/IRAURGI-BERRITZEN-logotipoa_2.png","width":496,"height":190,"caption":"Iraurgi Berritzen"},"image":{"@id":"https:\/\/iraurgiberritzen.eus\/es\/#\/schema\/logo\/image\/"}}]}},"_links":{"self":[{"href":"https:\/\/iraurgiberritzen.eus\/es\/wp-json\/wp\/v2\/posts\/17104","targetHints":{"allow":["GET"]}}],"collection":[{"href":"https:\/\/iraurgiberritzen.eus\/es\/wp-json\/wp\/v2\/posts"}],"about":[{"href":"https:\/\/iraurgiberritzen.eus\/es\/wp-json\/wp\/v2\/types\/post"}],"replies":[{"embeddable":true,"href":"https:\/\/iraurgiberritzen.eus\/es\/wp-json\/wp\/v2\/comments?post=17104"}],"version-history":[{"count":0,"href":"https:\/\/iraurgiberritzen.eus\/es\/wp-json\/wp\/v2\/posts\/17104\/revisions"}],"wp:featuredmedia":[{"embeddable":true,"href":"https:\/\/iraurgiberritzen.eus\/es\/wp-json\/wp\/v2\/media\/17103"}],"wp:attachment":[{"href":"https:\/\/iraurgiberritzen.eus\/es\/wp-json\/wp\/v2\/media?parent=17104"}],"wp:term":[{"taxonomy":"category","embeddable":true,"href":"https:\/\/iraurgiberritzen.eus\/es\/wp-json\/wp\/v2\/categories?post=17104"},{"taxonomy":"post_tag","embeddable":true,"href":"https:\/\/iraurgiberritzen.eus\/es\/wp-json\/wp\/v2\/tags?post=17104"}],"curies":[{"name":"wp","href":"https:\/\/api.w.org\/{rel}","templated":true}]}}