{"id":17108,"date":"2023-11-16T10:39:23","date_gmt":"2023-11-16T08:39:23","guid":{"rendered":"https:\/\/iraurgiberritzen.eus\/procesos-de-aprendizaje-colectivos-entre-los-colegios-de-la-comarca\/"},"modified":"2023-11-16T10:39:23","modified_gmt":"2023-11-16T08:39:23","slug":"procesos-de-aprendizaje-colectivos-entre-los-colegios-de-la-comarca","status":"publish","type":"post","link":"https:\/\/iraurgiberritzen.eus\/es\/procesos-de-aprendizaje-colectivos-entre-los-colegios-de-la-comarca\/","title":{"rendered":"Procesos de aprendizaje colectivos entre los colegios de la comarca"},"content":{"rendered":"<p style=\"text-align: justify\">Durante las tres \u00faltimas semanas, dentro del marco IKASIZ del \u00c1rea de Educaci\u00f3n, se han celebrado sesiones en torno a los modelos de gesti\u00f3n y organizaci\u00f3n de los Centros con los equipos directivos de los centros de la comarca (IES Urola, Ikasberri, Iraurgi, IES Azkoitia, Floreaga). En estas sesiones han reflexionado sobre los sistemas de evaluaci\u00f3n del profesorado de los centros, tomando conciencia cada uno de para qu\u00e9 puede servir esto.<\/p>\n<p style=\"text-align: justify\">Las din\u00e1micas mencionadas se han canalizado a trav\u00e9s del siguiente proceso:<\/p>\n<ul>\n<li style=\"text-align: justify\">En la primera sesi\u00f3n colectiva de trabajo, se abordaron los conceptos b\u00e1sicos sobre los sistemas de evaluaci\u00f3n del profesorado, donde pudieron reflexionar y compartir experiencias.<\/li>\n<li>Posteriormente, cada centro recibi\u00f3 asesoramiento individualizado en el propio centro, con el objetivo de adaptarse a la realidad de cada uno y poner el foco en claves concretas.<\/li>\n<li>En la segunda sesi\u00f3n de trabajo colectiva se ha realizado un intercambio de experiencias y conclusiones derivadas de este proceso.<\/li>\n<\/ul>\n<p style=\"text-align: justify\">La l\u00ednea de trabajo Ikasiz tiene como objetivo dar respuesta a las necesidades priorizadas en el marco de IB Educaci\u00f3n, ofreciendo para ello espacios orientados a la sensibilizaci\u00f3n y capacitaci\u00f3n.<\/p>\n","protected":false},"excerpt":{"rendered":"<p>Durante las tres \u00faltimas semanas, dentro del marco IKASIZ del \u00c1rea de Educaci\u00f3n, se han celebrado sesiones en torno a los modelos de gesti\u00f3n y organizaci\u00f3n de los Centros con los equipos directivos de los centros de la comarca (IES Urola, Ikasberri, Iraurgi, IES Azkoitia, Floreaga). En estas sesiones han reflexionado sobre los sistemas de [&hellip;]<\/p>\n","protected":false},"author":0,"featured_media":17107,"comment_status":"","ping_status":"closed","sticky":false,"template":"","format":"standard","meta":{"_acf_changed":false,"footnotes":""},"categories":[4],"tags":[],"class_list":["post-17108","post","type-post","status-publish","format-standard","has-post-thumbnail","hentry","category-noticias"],"acf":[],"yoast_head":"<!-- This site is optimized with the Yoast SEO plugin v27.4 - https:\/\/yoast.com\/product\/yoast-seo-wordpress\/ -->\n<title>Procesos de aprendizaje colectivos entre los colegios de la comarca - Iraurgi Berritzen<\/title>\n<meta name=\"robots\" content=\"index, follow, max-snippet:-1, max-image-preview:large, max-video-preview:-1\" \/>\n<link rel=\"canonical\" href=\"https:\/\/iraurgiberritzen.eus\/es\/procesos-de-aprendizaje-colectivos-entre-los-colegios-de-la-comarca\/\" \/>\n<meta property=\"og:locale\" content=\"es_ES\" \/>\n<meta property=\"og:type\" content=\"article\" \/>\n<meta property=\"og:title\" content=\"Procesos de aprendizaje colectivos entre los colegios de la comarca - Iraurgi Berritzen\" \/>\n<meta property=\"og:description\" content=\"Durante las tres \u00faltimas semanas, dentro del marco IKASIZ del \u00c1rea de Educaci\u00f3n, se han celebrado sesiones en torno a los modelos de gesti\u00f3n y organizaci\u00f3n de los Centros con los equipos directivos de los centros de la comarca (IES Urola, Ikasberri, Iraurgi, IES Azkoitia, Floreaga). En estas sesiones han reflexionado sobre los sistemas de [&hellip;]\" \/>\n<meta property=\"og:url\" content=\"https:\/\/iraurgiberritzen.eus\/es\/procesos-de-aprendizaje-colectivos-entre-los-colegios-de-la-comarca\/\" \/>\n<meta property=\"og:site_name\" content=\"Iraurgi Berritzen\" \/>\n<meta property=\"article:published_time\" content=\"2023-11-16T08:39:23+00:00\" \/>\n<meta name=\"twitter:card\" content=\"summary_large_image\" \/>\n<meta name=\"twitter:label1\" content=\"Tiempo de lectura\" \/>\n\t<meta name=\"twitter:data1\" content=\"1 minuto\" \/>\n<script type=\"application\/ld+json\" class=\"yoast-schema-graph\">{\"@context\":\"https:\\\/\\\/schema.org\",\"@graph\":[{\"@type\":\"Article\",\"@id\":\"https:\\\/\\\/iraurgiberritzen.eus\\\/es\\\/procesos-de-aprendizaje-colectivos-entre-los-colegios-de-la-comarca\\\/#article\",\"isPartOf\":{\"@id\":\"https:\\\/\\\/iraurgiberritzen.eus\\\/es\\\/procesos-de-aprendizaje-colectivos-entre-los-colegios-de-la-comarca\\\/\"},\"author\":{\"name\":\"\",\"@id\":\"\"},\"headline\":\"Procesos de aprendizaje colectivos entre los colegios de la comarca\",\"datePublished\":\"2023-11-16T08:39:23+00:00\",\"mainEntityOfPage\":{\"@id\":\"https:\\\/\\\/iraurgiberritzen.eus\\\/es\\\/procesos-de-aprendizaje-colectivos-entre-los-colegios-de-la-comarca\\\/\"},\"wordCount\":209,\"publisher\":{\"@id\":\"https:\\\/\\\/iraurgiberritzen.eus\\\/es\\\/#organization\"},\"image\":{\"@id\":\"https:\\\/\\\/iraurgiberritzen.eus\\\/es\\\/procesos-de-aprendizaje-colectivos-entre-los-colegios-de-la-comarca\\\/#primaryimage\"},\"thumbnailUrl\":\"https:\\\/\\\/iraurgiberritzen.eus\\\/wp-content\\\/uploads\\\/2024\\\/01\\\/416926cb371698fe960375edd64535dd.jpg\",\"articleSection\":[\"Noticias\"],\"inLanguage\":\"es\"},{\"@type\":\"WebPage\",\"@id\":\"https:\\\/\\\/iraurgiberritzen.eus\\\/es\\\/procesos-de-aprendizaje-colectivos-entre-los-colegios-de-la-comarca\\\/\",\"url\":\"https:\\\/\\\/iraurgiberritzen.eus\\\/es\\\/procesos-de-aprendizaje-colectivos-entre-los-colegios-de-la-comarca\\\/\",\"name\":\"Procesos de aprendizaje colectivos entre los colegios de la comarca - Iraurgi Berritzen\",\"isPartOf\":{\"@id\":\"https:\\\/\\\/iraurgiberritzen.eus\\\/es\\\/#website\"},\"primaryImageOfPage\":{\"@id\":\"https:\\\/\\\/iraurgiberritzen.eus\\\/es\\\/procesos-de-aprendizaje-colectivos-entre-los-colegios-de-la-comarca\\\/#primaryimage\"},\"image\":{\"@id\":\"https:\\\/\\\/iraurgiberritzen.eus\\\/es\\\/procesos-de-aprendizaje-colectivos-entre-los-colegios-de-la-comarca\\\/#primaryimage\"},\"thumbnailUrl\":\"https:\\\/\\\/iraurgiberritzen.eus\\\/wp-content\\\/uploads\\\/2024\\\/01\\\/416926cb371698fe960375edd64535dd.jpg\",\"datePublished\":\"2023-11-16T08:39:23+00:00\",\"breadcrumb\":{\"@id\":\"https:\\\/\\\/iraurgiberritzen.eus\\\/es\\\/procesos-de-aprendizaje-colectivos-entre-los-colegios-de-la-comarca\\\/#breadcrumb\"},\"inLanguage\":\"es\",\"potentialAction\":[{\"@type\":\"ReadAction\",\"target\":[\"https:\\\/\\\/iraurgiberritzen.eus\\\/es\\\/procesos-de-aprendizaje-colectivos-entre-los-colegios-de-la-comarca\\\/\"]}]},{\"@type\":\"ImageObject\",\"inLanguage\":\"es\",\"@id\":\"https:\\\/\\\/iraurgiberritzen.eus\\\/es\\\/procesos-de-aprendizaje-colectivos-entre-los-colegios-de-la-comarca\\\/#primaryimage\",\"url\":\"https:\\\/\\\/iraurgiberritzen.eus\\\/wp-content\\\/uploads\\\/2024\\\/01\\\/416926cb371698fe960375edd64535dd.jpg\",\"contentUrl\":\"https:\\\/\\\/iraurgiberritzen.eus\\\/wp-content\\\/uploads\\\/2024\\\/01\\\/416926cb371698fe960375edd64535dd.jpg\",\"width\":400,\"height\":257},{\"@type\":\"BreadcrumbList\",\"@id\":\"https:\\\/\\\/iraurgiberritzen.eus\\\/es\\\/procesos-de-aprendizaje-colectivos-entre-los-colegios-de-la-comarca\\\/#breadcrumb\",\"itemListElement\":[{\"@type\":\"ListItem\",\"position\":1,\"name\":\"Home\",\"item\":\"https:\\\/\\\/iraurgiberritzen.eus\\\/es\\\/\"},{\"@type\":\"ListItem\",\"position\":2,\"name\":\"Procesos de aprendizaje colectivos entre los colegios de la comarca\"}]},{\"@type\":\"WebSite\",\"@id\":\"https:\\\/\\\/iraurgiberritzen.eus\\\/es\\\/#website\",\"url\":\"https:\\\/\\\/iraurgiberritzen.eus\\\/es\\\/\",\"name\":\"Iraurgi Berritzen\",\"description\":\"Urola Erdiko Garapen Agentzia\",\"publisher\":{\"@id\":\"https:\\\/\\\/iraurgiberritzen.eus\\\/es\\\/#organization\"},\"potentialAction\":[{\"@type\":\"SearchAction\",\"target\":{\"@type\":\"EntryPoint\",\"urlTemplate\":\"https:\\\/\\\/iraurgiberritzen.eus\\\/es\\\/?s={search_term_string}\"},\"query-input\":{\"@type\":\"PropertyValueSpecification\",\"valueRequired\":true,\"valueName\":\"search_term_string\"}}],\"inLanguage\":\"es\"},{\"@type\":\"Organization\",\"@id\":\"https:\\\/\\\/iraurgiberritzen.eus\\\/es\\\/#organization\",\"name\":\"Iraurgi Berritzen\",\"url\":\"https:\\\/\\\/iraurgiberritzen.eus\\\/es\\\/\",\"logo\":{\"@type\":\"ImageObject\",\"inLanguage\":\"es\",\"@id\":\"https:\\\/\\\/iraurgiberritzen.eus\\\/es\\\/#\\\/schema\\\/logo\\\/image\\\/\",\"url\":\"https:\\\/\\\/iraurgiberritzen.eus\\\/wp-content\\\/uploads\\\/2024\\\/02\\\/IRAURGI-BERRITZEN-logotipoa_2.png\",\"contentUrl\":\"https:\\\/\\\/iraurgiberritzen.eus\\\/wp-content\\\/uploads\\\/2024\\\/02\\\/IRAURGI-BERRITZEN-logotipoa_2.png\",\"width\":496,\"height\":190,\"caption\":\"Iraurgi Berritzen\"},\"image\":{\"@id\":\"https:\\\/\\\/iraurgiberritzen.eus\\\/es\\\/#\\\/schema\\\/logo\\\/image\\\/\"}}]}<\/script>\n<!-- \/ Yoast SEO plugin. -->","yoast_head_json":{"title":"Procesos de aprendizaje colectivos entre los colegios de la comarca - Iraurgi Berritzen","robots":{"index":"index","follow":"follow","max-snippet":"max-snippet:-1","max-image-preview":"max-image-preview:large","max-video-preview":"max-video-preview:-1"},"canonical":"https:\/\/iraurgiberritzen.eus\/es\/procesos-de-aprendizaje-colectivos-entre-los-colegios-de-la-comarca\/","og_locale":"es_ES","og_type":"article","og_title":"Procesos de aprendizaje colectivos entre los colegios de la comarca - Iraurgi Berritzen","og_description":"Durante las tres \u00faltimas semanas, dentro del marco IKASIZ del \u00c1rea de Educaci\u00f3n, se han celebrado sesiones en torno a los modelos de gesti\u00f3n y organizaci\u00f3n de los Centros con los equipos directivos de los centros de la comarca (IES Urola, Ikasberri, Iraurgi, IES Azkoitia, Floreaga). En estas sesiones han reflexionado sobre los sistemas de [&hellip;]","og_url":"https:\/\/iraurgiberritzen.eus\/es\/procesos-de-aprendizaje-colectivos-entre-los-colegios-de-la-comarca\/","og_site_name":"Iraurgi Berritzen","article_published_time":"2023-11-16T08:39:23+00:00","twitter_card":"summary_large_image","twitter_misc":{"Tiempo de lectura":"1 minuto"},"schema":{"@context":"https:\/\/schema.org","@graph":[{"@type":"Article","@id":"https:\/\/iraurgiberritzen.eus\/es\/procesos-de-aprendizaje-colectivos-entre-los-colegios-de-la-comarca\/#article","isPartOf":{"@id":"https:\/\/iraurgiberritzen.eus\/es\/procesos-de-aprendizaje-colectivos-entre-los-colegios-de-la-comarca\/"},"author":{"name":"","@id":""},"headline":"Procesos de aprendizaje colectivos entre los colegios de la comarca","datePublished":"2023-11-16T08:39:23+00:00","mainEntityOfPage":{"@id":"https:\/\/iraurgiberritzen.eus\/es\/procesos-de-aprendizaje-colectivos-entre-los-colegios-de-la-comarca\/"},"wordCount":209,"publisher":{"@id":"https:\/\/iraurgiberritzen.eus\/es\/#organization"},"image":{"@id":"https:\/\/iraurgiberritzen.eus\/es\/procesos-de-aprendizaje-colectivos-entre-los-colegios-de-la-comarca\/#primaryimage"},"thumbnailUrl":"https:\/\/iraurgiberritzen.eus\/wp-content\/uploads\/2024\/01\/416926cb371698fe960375edd64535dd.jpg","articleSection":["Noticias"],"inLanguage":"es"},{"@type":"WebPage","@id":"https:\/\/iraurgiberritzen.eus\/es\/procesos-de-aprendizaje-colectivos-entre-los-colegios-de-la-comarca\/","url":"https:\/\/iraurgiberritzen.eus\/es\/procesos-de-aprendizaje-colectivos-entre-los-colegios-de-la-comarca\/","name":"Procesos de aprendizaje colectivos entre los colegios de la comarca - Iraurgi Berritzen","isPartOf":{"@id":"https:\/\/iraurgiberritzen.eus\/es\/#website"},"primaryImageOfPage":{"@id":"https:\/\/iraurgiberritzen.eus\/es\/procesos-de-aprendizaje-colectivos-entre-los-colegios-de-la-comarca\/#primaryimage"},"image":{"@id":"https:\/\/iraurgiberritzen.eus\/es\/procesos-de-aprendizaje-colectivos-entre-los-colegios-de-la-comarca\/#primaryimage"},"thumbnailUrl":"https:\/\/iraurgiberritzen.eus\/wp-content\/uploads\/2024\/01\/416926cb371698fe960375edd64535dd.jpg","datePublished":"2023-11-16T08:39:23+00:00","breadcrumb":{"@id":"https:\/\/iraurgiberritzen.eus\/es\/procesos-de-aprendizaje-colectivos-entre-los-colegios-de-la-comarca\/#breadcrumb"},"inLanguage":"es","potentialAction":[{"@type":"ReadAction","target":["https:\/\/iraurgiberritzen.eus\/es\/procesos-de-aprendizaje-colectivos-entre-los-colegios-de-la-comarca\/"]}]},{"@type":"ImageObject","inLanguage":"es","@id":"https:\/\/iraurgiberritzen.eus\/es\/procesos-de-aprendizaje-colectivos-entre-los-colegios-de-la-comarca\/#primaryimage","url":"https:\/\/iraurgiberritzen.eus\/wp-content\/uploads\/2024\/01\/416926cb371698fe960375edd64535dd.jpg","contentUrl":"https:\/\/iraurgiberritzen.eus\/wp-content\/uploads\/2024\/01\/416926cb371698fe960375edd64535dd.jpg","width":400,"height":257},{"@type":"BreadcrumbList","@id":"https:\/\/iraurgiberritzen.eus\/es\/procesos-de-aprendizaje-colectivos-entre-los-colegios-de-la-comarca\/#breadcrumb","itemListElement":[{"@type":"ListItem","position":1,"name":"Home","item":"https:\/\/iraurgiberritzen.eus\/es\/"},{"@type":"ListItem","position":2,"name":"Procesos de aprendizaje colectivos entre los colegios de la comarca"}]},{"@type":"WebSite","@id":"https:\/\/iraurgiberritzen.eus\/es\/#website","url":"https:\/\/iraurgiberritzen.eus\/es\/","name":"Iraurgi Berritzen","description":"Urola Erdiko Garapen Agentzia","publisher":{"@id":"https:\/\/iraurgiberritzen.eus\/es\/#organization"},"potentialAction":[{"@type":"SearchAction","target":{"@type":"EntryPoint","urlTemplate":"https:\/\/iraurgiberritzen.eus\/es\/?s={search_term_string}"},"query-input":{"@type":"PropertyValueSpecification","valueRequired":true,"valueName":"search_term_string"}}],"inLanguage":"es"},{"@type":"Organization","@id":"https:\/\/iraurgiberritzen.eus\/es\/#organization","name":"Iraurgi Berritzen","url":"https:\/\/iraurgiberritzen.eus\/es\/","logo":{"@type":"ImageObject","inLanguage":"es","@id":"https:\/\/iraurgiberritzen.eus\/es\/#\/schema\/logo\/image\/","url":"https:\/\/iraurgiberritzen.eus\/wp-content\/uploads\/2024\/02\/IRAURGI-BERRITZEN-logotipoa_2.png","contentUrl":"https:\/\/iraurgiberritzen.eus\/wp-content\/uploads\/2024\/02\/IRAURGI-BERRITZEN-logotipoa_2.png","width":496,"height":190,"caption":"Iraurgi Berritzen"},"image":{"@id":"https:\/\/iraurgiberritzen.eus\/es\/#\/schema\/logo\/image\/"}}]}},"_links":{"self":[{"href":"https:\/\/iraurgiberritzen.eus\/es\/wp-json\/wp\/v2\/posts\/17108","targetHints":{"allow":["GET"]}}],"collection":[{"href":"https:\/\/iraurgiberritzen.eus\/es\/wp-json\/wp\/v2\/posts"}],"about":[{"href":"https:\/\/iraurgiberritzen.eus\/es\/wp-json\/wp\/v2\/types\/post"}],"replies":[{"embeddable":true,"href":"https:\/\/iraurgiberritzen.eus\/es\/wp-json\/wp\/v2\/comments?post=17108"}],"version-history":[{"count":0,"href":"https:\/\/iraurgiberritzen.eus\/es\/wp-json\/wp\/v2\/posts\/17108\/revisions"}],"wp:featuredmedia":[{"embeddable":true,"href":"https:\/\/iraurgiberritzen.eus\/es\/wp-json\/wp\/v2\/media\/17107"}],"wp:attachment":[{"href":"https:\/\/iraurgiberritzen.eus\/es\/wp-json\/wp\/v2\/media?parent=17108"}],"wp:term":[{"taxonomy":"category","embeddable":true,"href":"https:\/\/iraurgiberritzen.eus\/es\/wp-json\/wp\/v2\/categories?post=17108"},{"taxonomy":"post_tag","embeddable":true,"href":"https:\/\/iraurgiberritzen.eus\/es\/wp-json\/wp\/v2\/tags?post=17108"}],"curies":[{"name":"wp","href":"https:\/\/api.w.org\/{rel}","templated":true}]}}