{"id":17112,"date":"2023-11-16T18:47:59","date_gmt":"2023-11-16T16:47:59","guid":{"rendered":"https:\/\/iraurgiberritzen.eus\/reunion-con-la-diputada-foral-de-movilidad-turismo-y-ordenacion-del-territorio\/"},"modified":"2023-11-16T18:47:59","modified_gmt":"2023-11-16T16:47:59","slug":"reunion-con-la-diputada-foral-de-movilidad-turismo-y-ordenacion-del-territorio","status":"publish","type":"post","link":"https:\/\/iraurgiberritzen.eus\/es\/reunion-con-la-diputada-foral-de-movilidad-turismo-y-ordenacion-del-territorio\/","title":{"rendered":"Encuentro con la diputada foral de Movilidad, Turismo y Ordenaci\u00f3n del Territorio"},"content":{"rendered":"<p style=\"text-align: justify\">Los temas que afectan al Turismo Comarcal y a la Movilidad han sido tratados en el encuentro celebrado el 16 de noviembre en el Palacio Intsausti de Azkoitia entre la Diputaci\u00f3n Foral de Gipuzkoa y la Agencia de Desarrollo e Innovaci\u00f3n Comarcal Iraurgi Berritzen.<\/p>\n<p style=\"text-align: justify\">Han sido la diputada foral, <strong>Azahara Dom\u00ednguez<\/strong>, y el director de Turismo, <strong>I\u00f1igo Garc\u00eda<\/strong>, quienes han representado a la instituci\u00f3n foral guipuzcoana. La delegaci\u00f3n comarcal ha sido presidida por <strong>Ana Azkoitia<\/strong>, Alcaldesa de Azkoitia y Presidenta de Iraurgi Berritzen, y ha estado acompa\u00f1ada por <strong>Nagore Alkorta<\/strong>, Alcaldesa de Azpeitia, <strong>Bego\u00f1a Beobide<\/strong>, Directora de Iraurgi Berritzen, <strong>Juan Bautista Mendizabal<\/strong>, Concejal de Turismo y Patrimonio de Azkoitia, <strong>Urrategi Alberdi,<\/strong> representante de las empresas tur\u00edsticas de la comarca de Urola Erdia, y <strong>Jes\u00fas Mujika<\/strong>, Coordinador del \u00e1rea de Turismo de Iraurgi Berritzen.<\/p>\n<p style=\"text-align: justify\">En el encuentro se han explicado las principales l\u00edneas de trabajo previstas en el \u00e1rea de Turismo para el a\u00f1o 2024; la elaboraci\u00f3n y puesta en marcha del Plan de Turismo Comarcal para la legislatura 23-27 y la articulaci\u00f3n de relaciones con empresas y agentes del \u00e1rea de Turismo y otros sectores con el fin de lograr sinergias, como las empresas del sector industrial o los organizadores de Eventos Culturales y Deportivos.<\/p>\n<p style=\"text-align: justify\">Asimismo, se ha mostrado la disposici\u00f3n a poner en com\u00fan las carencias tur\u00edsticas y de movilidad existentes en la comarca y a dar una soluci\u00f3n en colaboraci\u00f3n; culminar la V\u00eda Verde del Urola con la conexi\u00f3n hasta Zumaia, realizar la conexi\u00f3n en autob\u00fas con el aeropuerto de Bilbao y Loiu y poner en la red general de autopistas y carreteras la se\u00f1al\u00e9tica tur\u00edstica sobre los principales recursos de la comarca.<\/p>\n<p style=\"text-align: justify\">Tras el encuentro de Intsausti la jornada de trabajo ha finalizado con una visita a Loiola.<\/p>\n","protected":false},"excerpt":{"rendered":"<p>Los temas que afectan al Turismo Comarcal y a la Movilidad han sido tratados en el encuentro celebrado el 16 de noviembre en el Palacio Intsausti de Azkoitia entre la Diputaci\u00f3n Foral de Gipuzkoa y la Agencia de Desarrollo e Innovaci\u00f3n Comarcal Iraurgi Berritzen. Han sido la diputada foral, Azahara Dom\u00ednguez, y el director de [&hellip;]<\/p>\n","protected":false},"author":0,"featured_media":17111,"comment_status":"","ping_status":"closed","sticky":false,"template":"","format":"standard","meta":{"_acf_changed":false,"footnotes":""},"categories":[4],"tags":[],"class_list":["post-17112","post","type-post","status-publish","format-standard","has-post-thumbnail","hentry","category-noticias"],"acf":[],"yoast_head":"<!-- This site is optimized with the Yoast SEO plugin v27.4 - https:\/\/yoast.com\/product\/yoast-seo-wordpress\/ -->\n<title>Encuentro con la diputada foral de Movilidad, Turismo y Ordenaci\u00f3n del Territorio - Iraurgi Berritzen<\/title>\n<meta name=\"robots\" content=\"index, follow, max-snippet:-1, max-image-preview:large, max-video-preview:-1\" \/>\n<link rel=\"canonical\" href=\"https:\/\/iraurgiberritzen.eus\/es\/reunion-con-la-diputada-foral-de-movilidad-turismo-y-ordenacion-del-territorio\/\" \/>\n<meta property=\"og:locale\" content=\"es_ES\" \/>\n<meta property=\"og:type\" content=\"article\" \/>\n<meta property=\"og:title\" content=\"Encuentro con la diputada foral de Movilidad, Turismo y Ordenaci\u00f3n del Territorio - Iraurgi Berritzen\" \/>\n<meta property=\"og:description\" content=\"Los temas que afectan al Turismo Comarcal y a la Movilidad han sido tratados en el encuentro celebrado el 16 de noviembre en el Palacio Intsausti de Azkoitia entre la Diputaci\u00f3n Foral de Gipuzkoa y la Agencia de Desarrollo e Innovaci\u00f3n Comarcal Iraurgi Berritzen. Han sido la diputada foral, Azahara Dom\u00ednguez, y el director de [&hellip;]\" \/>\n<meta property=\"og:url\" content=\"https:\/\/iraurgiberritzen.eus\/es\/reunion-con-la-diputada-foral-de-movilidad-turismo-y-ordenacion-del-territorio\/\" \/>\n<meta property=\"og:site_name\" content=\"Iraurgi Berritzen\" \/>\n<meta property=\"article:published_time\" content=\"2023-11-16T16:47:59+00:00\" \/>\n<meta name=\"twitter:card\" content=\"summary_large_image\" \/>\n<meta name=\"twitter:label1\" content=\"Tiempo de lectura\" \/>\n\t<meta name=\"twitter:data1\" content=\"2 minutos\" \/>\n<script type=\"application\/ld+json\" class=\"yoast-schema-graph\">{\"@context\":\"https:\\\/\\\/schema.org\",\"@graph\":[{\"@type\":\"Article\",\"@id\":\"https:\\\/\\\/iraurgiberritzen.eus\\\/es\\\/reunion-con-la-diputada-foral-de-movilidad-turismo-y-ordenacion-del-territorio\\\/#article\",\"isPartOf\":{\"@id\":\"https:\\\/\\\/iraurgiberritzen.eus\\\/es\\\/reunion-con-la-diputada-foral-de-movilidad-turismo-y-ordenacion-del-territorio\\\/\"},\"author\":{\"name\":\"\",\"@id\":\"\"},\"headline\":\"Encuentro con la diputada foral de Movilidad, Turismo y Ordenaci\u00f3n del Territorio\",\"datePublished\":\"2023-11-16T16:47:59+00:00\",\"mainEntityOfPage\":{\"@id\":\"https:\\\/\\\/iraurgiberritzen.eus\\\/es\\\/reunion-con-la-diputada-foral-de-movilidad-turismo-y-ordenacion-del-territorio\\\/\"},\"wordCount\":329,\"publisher\":{\"@id\":\"https:\\\/\\\/iraurgiberritzen.eus\\\/es\\\/#organization\"},\"image\":{\"@id\":\"https:\\\/\\\/iraurgiberritzen.eus\\\/es\\\/reunion-con-la-diputada-foral-de-movilidad-turismo-y-ordenacion-del-territorio\\\/#primaryimage\"},\"thumbnailUrl\":\"https:\\\/\\\/iraurgiberritzen.eus\\\/wp-content\\\/uploads\\\/2024\\\/01\\\/84ef883c22b32e884841cc9314bfd3f2.jpg\",\"articleSection\":[\"Noticias\"],\"inLanguage\":\"es\"},{\"@type\":\"WebPage\",\"@id\":\"https:\\\/\\\/iraurgiberritzen.eus\\\/es\\\/reunion-con-la-diputada-foral-de-movilidad-turismo-y-ordenacion-del-territorio\\\/\",\"url\":\"https:\\\/\\\/iraurgiberritzen.eus\\\/es\\\/reunion-con-la-diputada-foral-de-movilidad-turismo-y-ordenacion-del-territorio\\\/\",\"name\":\"Encuentro con la diputada foral de Movilidad, Turismo y Ordenaci\u00f3n del Territorio - Iraurgi Berritzen\",\"isPartOf\":{\"@id\":\"https:\\\/\\\/iraurgiberritzen.eus\\\/es\\\/#website\"},\"primaryImageOfPage\":{\"@id\":\"https:\\\/\\\/iraurgiberritzen.eus\\\/es\\\/reunion-con-la-diputada-foral-de-movilidad-turismo-y-ordenacion-del-territorio\\\/#primaryimage\"},\"image\":{\"@id\":\"https:\\\/\\\/iraurgiberritzen.eus\\\/es\\\/reunion-con-la-diputada-foral-de-movilidad-turismo-y-ordenacion-del-territorio\\\/#primaryimage\"},\"thumbnailUrl\":\"https:\\\/\\\/iraurgiberritzen.eus\\\/wp-content\\\/uploads\\\/2024\\\/01\\\/84ef883c22b32e884841cc9314bfd3f2.jpg\",\"datePublished\":\"2023-11-16T16:47:59+00:00\",\"breadcrumb\":{\"@id\":\"https:\\\/\\\/iraurgiberritzen.eus\\\/es\\\/reunion-con-la-diputada-foral-de-movilidad-turismo-y-ordenacion-del-territorio\\\/#breadcrumb\"},\"inLanguage\":\"es\",\"potentialAction\":[{\"@type\":\"ReadAction\",\"target\":[\"https:\\\/\\\/iraurgiberritzen.eus\\\/es\\\/reunion-con-la-diputada-foral-de-movilidad-turismo-y-ordenacion-del-territorio\\\/\"]}]},{\"@type\":\"ImageObject\",\"inLanguage\":\"es\",\"@id\":\"https:\\\/\\\/iraurgiberritzen.eus\\\/es\\\/reunion-con-la-diputada-foral-de-movilidad-turismo-y-ordenacion-del-territorio\\\/#primaryimage\",\"url\":\"https:\\\/\\\/iraurgiberritzen.eus\\\/wp-content\\\/uploads\\\/2024\\\/01\\\/84ef883c22b32e884841cc9314bfd3f2.jpg\",\"contentUrl\":\"https:\\\/\\\/iraurgiberritzen.eus\\\/wp-content\\\/uploads\\\/2024\\\/01\\\/84ef883c22b32e884841cc9314bfd3f2.jpg\",\"width\":400,\"height\":257},{\"@type\":\"BreadcrumbList\",\"@id\":\"https:\\\/\\\/iraurgiberritzen.eus\\\/es\\\/reunion-con-la-diputada-foral-de-movilidad-turismo-y-ordenacion-del-territorio\\\/#breadcrumb\",\"itemListElement\":[{\"@type\":\"ListItem\",\"position\":1,\"name\":\"Home\",\"item\":\"https:\\\/\\\/iraurgiberritzen.eus\\\/es\\\/\"},{\"@type\":\"ListItem\",\"position\":2,\"name\":\"Encuentro con la diputada foral de Movilidad, Turismo y Ordenaci\u00f3n del Territorio\"}]},{\"@type\":\"WebSite\",\"@id\":\"https:\\\/\\\/iraurgiberritzen.eus\\\/es\\\/#website\",\"url\":\"https:\\\/\\\/iraurgiberritzen.eus\\\/es\\\/\",\"name\":\"Iraurgi Berritzen\",\"description\":\"Urola Erdiko Garapen Agentzia\",\"publisher\":{\"@id\":\"https:\\\/\\\/iraurgiberritzen.eus\\\/es\\\/#organization\"},\"potentialAction\":[{\"@type\":\"SearchAction\",\"target\":{\"@type\":\"EntryPoint\",\"urlTemplate\":\"https:\\\/\\\/iraurgiberritzen.eus\\\/es\\\/?s={search_term_string}\"},\"query-input\":{\"@type\":\"PropertyValueSpecification\",\"valueRequired\":true,\"valueName\":\"search_term_string\"}}],\"inLanguage\":\"es\"},{\"@type\":\"Organization\",\"@id\":\"https:\\\/\\\/iraurgiberritzen.eus\\\/es\\\/#organization\",\"name\":\"Iraurgi Berritzen\",\"url\":\"https:\\\/\\\/iraurgiberritzen.eus\\\/es\\\/\",\"logo\":{\"@type\":\"ImageObject\",\"inLanguage\":\"es\",\"@id\":\"https:\\\/\\\/iraurgiberritzen.eus\\\/es\\\/#\\\/schema\\\/logo\\\/image\\\/\",\"url\":\"https:\\\/\\\/iraurgiberritzen.eus\\\/wp-content\\\/uploads\\\/2024\\\/02\\\/IRAURGI-BERRITZEN-logotipoa_2.png\",\"contentUrl\":\"https:\\\/\\\/iraurgiberritzen.eus\\\/wp-content\\\/uploads\\\/2024\\\/02\\\/IRAURGI-BERRITZEN-logotipoa_2.png\",\"width\":496,\"height\":190,\"caption\":\"Iraurgi Berritzen\"},\"image\":{\"@id\":\"https:\\\/\\\/iraurgiberritzen.eus\\\/es\\\/#\\\/schema\\\/logo\\\/image\\\/\"}}]}<\/script>\n<!-- \/ Yoast SEO plugin. -->","yoast_head_json":{"title":"Encuentro con la diputada foral de Movilidad, Turismo y Ordenaci\u00f3n del Territorio - Iraurgi Berritzen","robots":{"index":"index","follow":"follow","max-snippet":"max-snippet:-1","max-image-preview":"max-image-preview:large","max-video-preview":"max-video-preview:-1"},"canonical":"https:\/\/iraurgiberritzen.eus\/es\/reunion-con-la-diputada-foral-de-movilidad-turismo-y-ordenacion-del-territorio\/","og_locale":"es_ES","og_type":"article","og_title":"Encuentro con la diputada foral de Movilidad, Turismo y Ordenaci\u00f3n del Territorio - Iraurgi Berritzen","og_description":"Los temas que afectan al Turismo Comarcal y a la Movilidad han sido tratados en el encuentro celebrado el 16 de noviembre en el Palacio Intsausti de Azkoitia entre la Diputaci\u00f3n Foral de Gipuzkoa y la Agencia de Desarrollo e Innovaci\u00f3n Comarcal Iraurgi Berritzen. Han sido la diputada foral, Azahara Dom\u00ednguez, y el director de [&hellip;]","og_url":"https:\/\/iraurgiberritzen.eus\/es\/reunion-con-la-diputada-foral-de-movilidad-turismo-y-ordenacion-del-territorio\/","og_site_name":"Iraurgi Berritzen","article_published_time":"2023-11-16T16:47:59+00:00","twitter_card":"summary_large_image","twitter_misc":{"Tiempo de lectura":"2 minutos"},"schema":{"@context":"https:\/\/schema.org","@graph":[{"@type":"Article","@id":"https:\/\/iraurgiberritzen.eus\/es\/reunion-con-la-diputada-foral-de-movilidad-turismo-y-ordenacion-del-territorio\/#article","isPartOf":{"@id":"https:\/\/iraurgiberritzen.eus\/es\/reunion-con-la-diputada-foral-de-movilidad-turismo-y-ordenacion-del-territorio\/"},"author":{"name":"","@id":""},"headline":"Encuentro con la diputada foral de Movilidad, Turismo y Ordenaci\u00f3n del Territorio","datePublished":"2023-11-16T16:47:59+00:00","mainEntityOfPage":{"@id":"https:\/\/iraurgiberritzen.eus\/es\/reunion-con-la-diputada-foral-de-movilidad-turismo-y-ordenacion-del-territorio\/"},"wordCount":329,"publisher":{"@id":"https:\/\/iraurgiberritzen.eus\/es\/#organization"},"image":{"@id":"https:\/\/iraurgiberritzen.eus\/es\/reunion-con-la-diputada-foral-de-movilidad-turismo-y-ordenacion-del-territorio\/#primaryimage"},"thumbnailUrl":"https:\/\/iraurgiberritzen.eus\/wp-content\/uploads\/2024\/01\/84ef883c22b32e884841cc9314bfd3f2.jpg","articleSection":["Noticias"],"inLanguage":"es"},{"@type":"WebPage","@id":"https:\/\/iraurgiberritzen.eus\/es\/reunion-con-la-diputada-foral-de-movilidad-turismo-y-ordenacion-del-territorio\/","url":"https:\/\/iraurgiberritzen.eus\/es\/reunion-con-la-diputada-foral-de-movilidad-turismo-y-ordenacion-del-territorio\/","name":"Encuentro con la diputada foral de Movilidad, Turismo y Ordenaci\u00f3n del Territorio - Iraurgi Berritzen","isPartOf":{"@id":"https:\/\/iraurgiberritzen.eus\/es\/#website"},"primaryImageOfPage":{"@id":"https:\/\/iraurgiberritzen.eus\/es\/reunion-con-la-diputada-foral-de-movilidad-turismo-y-ordenacion-del-territorio\/#primaryimage"},"image":{"@id":"https:\/\/iraurgiberritzen.eus\/es\/reunion-con-la-diputada-foral-de-movilidad-turismo-y-ordenacion-del-territorio\/#primaryimage"},"thumbnailUrl":"https:\/\/iraurgiberritzen.eus\/wp-content\/uploads\/2024\/01\/84ef883c22b32e884841cc9314bfd3f2.jpg","datePublished":"2023-11-16T16:47:59+00:00","breadcrumb":{"@id":"https:\/\/iraurgiberritzen.eus\/es\/reunion-con-la-diputada-foral-de-movilidad-turismo-y-ordenacion-del-territorio\/#breadcrumb"},"inLanguage":"es","potentialAction":[{"@type":"ReadAction","target":["https:\/\/iraurgiberritzen.eus\/es\/reunion-con-la-diputada-foral-de-movilidad-turismo-y-ordenacion-del-territorio\/"]}]},{"@type":"ImageObject","inLanguage":"es","@id":"https:\/\/iraurgiberritzen.eus\/es\/reunion-con-la-diputada-foral-de-movilidad-turismo-y-ordenacion-del-territorio\/#primaryimage","url":"https:\/\/iraurgiberritzen.eus\/wp-content\/uploads\/2024\/01\/84ef883c22b32e884841cc9314bfd3f2.jpg","contentUrl":"https:\/\/iraurgiberritzen.eus\/wp-content\/uploads\/2024\/01\/84ef883c22b32e884841cc9314bfd3f2.jpg","width":400,"height":257},{"@type":"BreadcrumbList","@id":"https:\/\/iraurgiberritzen.eus\/es\/reunion-con-la-diputada-foral-de-movilidad-turismo-y-ordenacion-del-territorio\/#breadcrumb","itemListElement":[{"@type":"ListItem","position":1,"name":"Home","item":"https:\/\/iraurgiberritzen.eus\/es\/"},{"@type":"ListItem","position":2,"name":"Encuentro con la diputada foral de Movilidad, Turismo y Ordenaci\u00f3n del Territorio"}]},{"@type":"WebSite","@id":"https:\/\/iraurgiberritzen.eus\/es\/#website","url":"https:\/\/iraurgiberritzen.eus\/es\/","name":"Iraurgi Berritzen","description":"Urola Erdiko Garapen Agentzia","publisher":{"@id":"https:\/\/iraurgiberritzen.eus\/es\/#organization"},"potentialAction":[{"@type":"SearchAction","target":{"@type":"EntryPoint","urlTemplate":"https:\/\/iraurgiberritzen.eus\/es\/?s={search_term_string}"},"query-input":{"@type":"PropertyValueSpecification","valueRequired":true,"valueName":"search_term_string"}}],"inLanguage":"es"},{"@type":"Organization","@id":"https:\/\/iraurgiberritzen.eus\/es\/#organization","name":"Iraurgi Berritzen","url":"https:\/\/iraurgiberritzen.eus\/es\/","logo":{"@type":"ImageObject","inLanguage":"es","@id":"https:\/\/iraurgiberritzen.eus\/es\/#\/schema\/logo\/image\/","url":"https:\/\/iraurgiberritzen.eus\/wp-content\/uploads\/2024\/02\/IRAURGI-BERRITZEN-logotipoa_2.png","contentUrl":"https:\/\/iraurgiberritzen.eus\/wp-content\/uploads\/2024\/02\/IRAURGI-BERRITZEN-logotipoa_2.png","width":496,"height":190,"caption":"Iraurgi Berritzen"},"image":{"@id":"https:\/\/iraurgiberritzen.eus\/es\/#\/schema\/logo\/image\/"}}]}},"_links":{"self":[{"href":"https:\/\/iraurgiberritzen.eus\/es\/wp-json\/wp\/v2\/posts\/17112","targetHints":{"allow":["GET"]}}],"collection":[{"href":"https:\/\/iraurgiberritzen.eus\/es\/wp-json\/wp\/v2\/posts"}],"about":[{"href":"https:\/\/iraurgiberritzen.eus\/es\/wp-json\/wp\/v2\/types\/post"}],"replies":[{"embeddable":true,"href":"https:\/\/iraurgiberritzen.eus\/es\/wp-json\/wp\/v2\/comments?post=17112"}],"version-history":[{"count":0,"href":"https:\/\/iraurgiberritzen.eus\/es\/wp-json\/wp\/v2\/posts\/17112\/revisions"}],"wp:featuredmedia":[{"embeddable":true,"href":"https:\/\/iraurgiberritzen.eus\/es\/wp-json\/wp\/v2\/media\/17111"}],"wp:attachment":[{"href":"https:\/\/iraurgiberritzen.eus\/es\/wp-json\/wp\/v2\/media?parent=17112"}],"wp:term":[{"taxonomy":"category","embeddable":true,"href":"https:\/\/iraurgiberritzen.eus\/es\/wp-json\/wp\/v2\/categories?post=17112"},{"taxonomy":"post_tag","embeddable":true,"href":"https:\/\/iraurgiberritzen.eus\/es\/wp-json\/wp\/v2\/tags?post=17112"}],"curies":[{"name":"wp","href":"https:\/\/api.w.org\/{rel}","templated":true}]}}