{"id":17116,"date":"2023-11-17T11:35:05","date_gmt":"2023-11-17T09:35:05","guid":{"rendered":"https:\/\/iraurgiberritzen.eus\/iraurgi-berritzen-ha-estado-presente-en-la-feria-de-turismo-de-valladolid-a-traves-de-su-marca-turistica-urola-turismoa\/"},"modified":"2023-11-17T11:35:05","modified_gmt":"2023-11-17T09:35:05","slug":"iraurgi-berritzen-ha-estado-presente-en-la-feria-de-turismo-de-valladolid-a-traves-de-su-marca-turistica-urola-turismoa","status":"publish","type":"post","link":"https:\/\/iraurgiberritzen.eus\/es\/iraurgi-berritzen-ha-estado-presente-en-la-feria-de-turismo-de-valladolid-a-traves-de-su-marca-turistica-urola-turismoa\/","title":{"rendered":"Iraurgi Berritzen ha estado presente en la feria de turismo de Valladolid a trav\u00e9s de su marca tur\u00edstica Urola Turismoa"},"content":{"rendered":"<p style=\"text-align: justify\">Miren Caballero Uranga, miembro del \u00e1rea de Turismo de Iraurgi Berritzen, ha estado en la feria internacional de Turismo INTUR que se ha celebrado recientemente en Valladolid mostrando y promocionando la oferta tur\u00edstica de la comarca de Urola Erdia.<\/p>\n<p style=\"text-align: justify\">Hemos participado en esta feria de la mano de Gipuzkoa Turismo, en la que tanto los profesionales del sector como el p\u00fablico general asistente han sido informados de las posibilidades tur\u00edsticas existentes en Gipuzkoa, entre ellas las de nuestra comarca.<\/p>\n<p style=\"text-align: justify\">Esta acci\u00f3n se enmarca en el convenio de colaboraci\u00f3n vigente en materia de Turismo entre el departamento de Movilidad, Turismo y Ordenaci\u00f3n del Territorio de la Diputaci\u00f3n Foral de Gipuzkoa e Iraurgi Berritzen.<\/p>\n","protected":false},"excerpt":{"rendered":"<p>Miren Caballero Uranga, miembro del \u00e1rea de Turismo de Iraurgi Berritzen, ha estado en la feria internacional de Turismo INTUR que se ha celebrado recientemente en Valladolid mostrando y promocionando la oferta tur\u00edstica de la comarca de Urola Erdia. Hemos participado en esta feria de la mano de Gipuzkoa Turismo, en la que tanto los [&hellip;]<\/p>\n","protected":false},"author":0,"featured_media":17115,"comment_status":"","ping_status":"closed","sticky":false,"template":"","format":"standard","meta":{"_acf_changed":false,"footnotes":""},"categories":[4],"tags":[],"class_list":["post-17116","post","type-post","status-publish","format-standard","has-post-thumbnail","hentry","category-noticias"],"acf":[],"yoast_head":"<!-- This site is optimized with the Yoast SEO plugin v27.4 - https:\/\/yoast.com\/product\/yoast-seo-wordpress\/ -->\n<title>Iraurgi Berritzen ha estado presente en la feria de turismo de Valladolid a trav\u00e9s de su marca tur\u00edstica Urola Turismoa - Iraurgi Berritzen<\/title>\n<meta name=\"robots\" content=\"index, follow, max-snippet:-1, max-image-preview:large, max-video-preview:-1\" \/>\n<link rel=\"canonical\" href=\"https:\/\/iraurgiberritzen.eus\/es\/iraurgi-berritzen-ha-estado-presente-en-la-feria-de-turismo-de-valladolid-a-traves-de-su-marca-turistica-urola-turismoa\/\" \/>\n<meta property=\"og:locale\" content=\"es_ES\" \/>\n<meta property=\"og:type\" content=\"article\" \/>\n<meta property=\"og:title\" content=\"Iraurgi Berritzen ha estado presente en la feria de turismo de Valladolid a trav\u00e9s de su marca tur\u00edstica Urola Turismoa - Iraurgi Berritzen\" \/>\n<meta property=\"og:description\" content=\"Miren Caballero Uranga, miembro del \u00e1rea de Turismo de Iraurgi Berritzen, ha estado en la feria internacional de Turismo INTUR que se ha celebrado recientemente en Valladolid mostrando y promocionando la oferta tur\u00edstica de la comarca de Urola Erdia. Hemos participado en esta feria de la mano de Gipuzkoa Turismo, en la que tanto los [&hellip;]\" \/>\n<meta property=\"og:url\" content=\"https:\/\/iraurgiberritzen.eus\/es\/iraurgi-berritzen-ha-estado-presente-en-la-feria-de-turismo-de-valladolid-a-traves-de-su-marca-turistica-urola-turismoa\/\" \/>\n<meta property=\"og:site_name\" content=\"Iraurgi Berritzen\" \/>\n<meta property=\"article:published_time\" content=\"2023-11-17T09:35:05+00:00\" \/>\n<meta name=\"twitter:card\" content=\"summary_large_image\" \/>\n<meta name=\"twitter:label1\" content=\"Tiempo de lectura\" \/>\n\t<meta name=\"twitter:data1\" content=\"1 minuto\" \/>\n<script type=\"application\/ld+json\" class=\"yoast-schema-graph\">{\"@context\":\"https:\\\/\\\/schema.org\",\"@graph\":[{\"@type\":\"Article\",\"@id\":\"https:\\\/\\\/iraurgiberritzen.eus\\\/es\\\/iraurgi-berritzen-ha-estado-presente-en-la-feria-de-turismo-de-valladolid-a-traves-de-su-marca-turistica-urola-turismoa\\\/#article\",\"isPartOf\":{\"@id\":\"https:\\\/\\\/iraurgiberritzen.eus\\\/es\\\/iraurgi-berritzen-ha-estado-presente-en-la-feria-de-turismo-de-valladolid-a-traves-de-su-marca-turistica-urola-turismoa\\\/\"},\"author\":{\"name\":\"\",\"@id\":\"\"},\"headline\":\"Iraurgi Berritzen ha estado presente en la feria de turismo de Valladolid a trav\u00e9s de su marca tur\u00edstica Urola Turismoa\",\"datePublished\":\"2023-11-17T09:35:05+00:00\",\"mainEntityOfPage\":{\"@id\":\"https:\\\/\\\/iraurgiberritzen.eus\\\/es\\\/iraurgi-berritzen-ha-estado-presente-en-la-feria-de-turismo-de-valladolid-a-traves-de-su-marca-turistica-urola-turismoa\\\/\"},\"wordCount\":141,\"publisher\":{\"@id\":\"https:\\\/\\\/iraurgiberritzen.eus\\\/es\\\/#organization\"},\"image\":{\"@id\":\"https:\\\/\\\/iraurgiberritzen.eus\\\/es\\\/iraurgi-berritzen-ha-estado-presente-en-la-feria-de-turismo-de-valladolid-a-traves-de-su-marca-turistica-urola-turismoa\\\/#primaryimage\"},\"thumbnailUrl\":\"https:\\\/\\\/iraurgiberritzen.eus\\\/wp-content\\\/uploads\\\/2024\\\/01\\\/3b451dfd15a3e25dab4ec1144aab1ffc.jpg\",\"articleSection\":[\"Noticias\"],\"inLanguage\":\"es\"},{\"@type\":\"WebPage\",\"@id\":\"https:\\\/\\\/iraurgiberritzen.eus\\\/es\\\/iraurgi-berritzen-ha-estado-presente-en-la-feria-de-turismo-de-valladolid-a-traves-de-su-marca-turistica-urola-turismoa\\\/\",\"url\":\"https:\\\/\\\/iraurgiberritzen.eus\\\/es\\\/iraurgi-berritzen-ha-estado-presente-en-la-feria-de-turismo-de-valladolid-a-traves-de-su-marca-turistica-urola-turismoa\\\/\",\"name\":\"Iraurgi Berritzen ha estado presente en la feria de turismo de Valladolid a trav\u00e9s de su marca tur\u00edstica Urola Turismoa - Iraurgi Berritzen\",\"isPartOf\":{\"@id\":\"https:\\\/\\\/iraurgiberritzen.eus\\\/es\\\/#website\"},\"primaryImageOfPage\":{\"@id\":\"https:\\\/\\\/iraurgiberritzen.eus\\\/es\\\/iraurgi-berritzen-ha-estado-presente-en-la-feria-de-turismo-de-valladolid-a-traves-de-su-marca-turistica-urola-turismoa\\\/#primaryimage\"},\"image\":{\"@id\":\"https:\\\/\\\/iraurgiberritzen.eus\\\/es\\\/iraurgi-berritzen-ha-estado-presente-en-la-feria-de-turismo-de-valladolid-a-traves-de-su-marca-turistica-urola-turismoa\\\/#primaryimage\"},\"thumbnailUrl\":\"https:\\\/\\\/iraurgiberritzen.eus\\\/wp-content\\\/uploads\\\/2024\\\/01\\\/3b451dfd15a3e25dab4ec1144aab1ffc.jpg\",\"datePublished\":\"2023-11-17T09:35:05+00:00\",\"breadcrumb\":{\"@id\":\"https:\\\/\\\/iraurgiberritzen.eus\\\/es\\\/iraurgi-berritzen-ha-estado-presente-en-la-feria-de-turismo-de-valladolid-a-traves-de-su-marca-turistica-urola-turismoa\\\/#breadcrumb\"},\"inLanguage\":\"es\",\"potentialAction\":[{\"@type\":\"ReadAction\",\"target\":[\"https:\\\/\\\/iraurgiberritzen.eus\\\/es\\\/iraurgi-berritzen-ha-estado-presente-en-la-feria-de-turismo-de-valladolid-a-traves-de-su-marca-turistica-urola-turismoa\\\/\"]}]},{\"@type\":\"ImageObject\",\"inLanguage\":\"es\",\"@id\":\"https:\\\/\\\/iraurgiberritzen.eus\\\/es\\\/iraurgi-berritzen-ha-estado-presente-en-la-feria-de-turismo-de-valladolid-a-traves-de-su-marca-turistica-urola-turismoa\\\/#primaryimage\",\"url\":\"https:\\\/\\\/iraurgiberritzen.eus\\\/wp-content\\\/uploads\\\/2024\\\/01\\\/3b451dfd15a3e25dab4ec1144aab1ffc.jpg\",\"contentUrl\":\"https:\\\/\\\/iraurgiberritzen.eus\\\/wp-content\\\/uploads\\\/2024\\\/01\\\/3b451dfd15a3e25dab4ec1144aab1ffc.jpg\",\"width\":400,\"height\":257},{\"@type\":\"BreadcrumbList\",\"@id\":\"https:\\\/\\\/iraurgiberritzen.eus\\\/es\\\/iraurgi-berritzen-ha-estado-presente-en-la-feria-de-turismo-de-valladolid-a-traves-de-su-marca-turistica-urola-turismoa\\\/#breadcrumb\",\"itemListElement\":[{\"@type\":\"ListItem\",\"position\":1,\"name\":\"Home\",\"item\":\"https:\\\/\\\/iraurgiberritzen.eus\\\/es\\\/\"},{\"@type\":\"ListItem\",\"position\":2,\"name\":\"Iraurgi Berritzen ha estado presente en la feria de turismo de Valladolid a trav\u00e9s de su marca tur\u00edstica Urola Turismoa\"}]},{\"@type\":\"WebSite\",\"@id\":\"https:\\\/\\\/iraurgiberritzen.eus\\\/es\\\/#website\",\"url\":\"https:\\\/\\\/iraurgiberritzen.eus\\\/es\\\/\",\"name\":\"Iraurgi Berritzen\",\"description\":\"Urola Erdiko Garapen Agentzia\",\"publisher\":{\"@id\":\"https:\\\/\\\/iraurgiberritzen.eus\\\/es\\\/#organization\"},\"potentialAction\":[{\"@type\":\"SearchAction\",\"target\":{\"@type\":\"EntryPoint\",\"urlTemplate\":\"https:\\\/\\\/iraurgiberritzen.eus\\\/es\\\/?s={search_term_string}\"},\"query-input\":{\"@type\":\"PropertyValueSpecification\",\"valueRequired\":true,\"valueName\":\"search_term_string\"}}],\"inLanguage\":\"es\"},{\"@type\":\"Organization\",\"@id\":\"https:\\\/\\\/iraurgiberritzen.eus\\\/es\\\/#organization\",\"name\":\"Iraurgi Berritzen\",\"url\":\"https:\\\/\\\/iraurgiberritzen.eus\\\/es\\\/\",\"logo\":{\"@type\":\"ImageObject\",\"inLanguage\":\"es\",\"@id\":\"https:\\\/\\\/iraurgiberritzen.eus\\\/es\\\/#\\\/schema\\\/logo\\\/image\\\/\",\"url\":\"https:\\\/\\\/iraurgiberritzen.eus\\\/wp-content\\\/uploads\\\/2024\\\/02\\\/IRAURGI-BERRITZEN-logotipoa_2.png\",\"contentUrl\":\"https:\\\/\\\/iraurgiberritzen.eus\\\/wp-content\\\/uploads\\\/2024\\\/02\\\/IRAURGI-BERRITZEN-logotipoa_2.png\",\"width\":496,\"height\":190,\"caption\":\"Iraurgi Berritzen\"},\"image\":{\"@id\":\"https:\\\/\\\/iraurgiberritzen.eus\\\/es\\\/#\\\/schema\\\/logo\\\/image\\\/\"}}]}<\/script>\n<!-- \/ Yoast SEO plugin. -->","yoast_head_json":{"title":"Iraurgi Berritzen ha estado presente en la feria de turismo de Valladolid a trav\u00e9s de su marca tur\u00edstica Urola Turismoa - Iraurgi Berritzen","robots":{"index":"index","follow":"follow","max-snippet":"max-snippet:-1","max-image-preview":"max-image-preview:large","max-video-preview":"max-video-preview:-1"},"canonical":"https:\/\/iraurgiberritzen.eus\/es\/iraurgi-berritzen-ha-estado-presente-en-la-feria-de-turismo-de-valladolid-a-traves-de-su-marca-turistica-urola-turismoa\/","og_locale":"es_ES","og_type":"article","og_title":"Iraurgi Berritzen ha estado presente en la feria de turismo de Valladolid a trav\u00e9s de su marca tur\u00edstica Urola Turismoa - Iraurgi Berritzen","og_description":"Miren Caballero Uranga, miembro del \u00e1rea de Turismo de Iraurgi Berritzen, ha estado en la feria internacional de Turismo INTUR que se ha celebrado recientemente en Valladolid mostrando y promocionando la oferta tur\u00edstica de la comarca de Urola Erdia. Hemos participado en esta feria de la mano de Gipuzkoa Turismo, en la que tanto los [&hellip;]","og_url":"https:\/\/iraurgiberritzen.eus\/es\/iraurgi-berritzen-ha-estado-presente-en-la-feria-de-turismo-de-valladolid-a-traves-de-su-marca-turistica-urola-turismoa\/","og_site_name":"Iraurgi Berritzen","article_published_time":"2023-11-17T09:35:05+00:00","twitter_card":"summary_large_image","twitter_misc":{"Tiempo de lectura":"1 minuto"},"schema":{"@context":"https:\/\/schema.org","@graph":[{"@type":"Article","@id":"https:\/\/iraurgiberritzen.eus\/es\/iraurgi-berritzen-ha-estado-presente-en-la-feria-de-turismo-de-valladolid-a-traves-de-su-marca-turistica-urola-turismoa\/#article","isPartOf":{"@id":"https:\/\/iraurgiberritzen.eus\/es\/iraurgi-berritzen-ha-estado-presente-en-la-feria-de-turismo-de-valladolid-a-traves-de-su-marca-turistica-urola-turismoa\/"},"author":{"name":"","@id":""},"headline":"Iraurgi Berritzen ha estado presente en la feria de turismo de Valladolid a trav\u00e9s de su marca tur\u00edstica Urola Turismoa","datePublished":"2023-11-17T09:35:05+00:00","mainEntityOfPage":{"@id":"https:\/\/iraurgiberritzen.eus\/es\/iraurgi-berritzen-ha-estado-presente-en-la-feria-de-turismo-de-valladolid-a-traves-de-su-marca-turistica-urola-turismoa\/"},"wordCount":141,"publisher":{"@id":"https:\/\/iraurgiberritzen.eus\/es\/#organization"},"image":{"@id":"https:\/\/iraurgiberritzen.eus\/es\/iraurgi-berritzen-ha-estado-presente-en-la-feria-de-turismo-de-valladolid-a-traves-de-su-marca-turistica-urola-turismoa\/#primaryimage"},"thumbnailUrl":"https:\/\/iraurgiberritzen.eus\/wp-content\/uploads\/2024\/01\/3b451dfd15a3e25dab4ec1144aab1ffc.jpg","articleSection":["Noticias"],"inLanguage":"es"},{"@type":"WebPage","@id":"https:\/\/iraurgiberritzen.eus\/es\/iraurgi-berritzen-ha-estado-presente-en-la-feria-de-turismo-de-valladolid-a-traves-de-su-marca-turistica-urola-turismoa\/","url":"https:\/\/iraurgiberritzen.eus\/es\/iraurgi-berritzen-ha-estado-presente-en-la-feria-de-turismo-de-valladolid-a-traves-de-su-marca-turistica-urola-turismoa\/","name":"Iraurgi Berritzen ha estado presente en la feria de turismo de Valladolid a trav\u00e9s de su marca tur\u00edstica Urola Turismoa - Iraurgi Berritzen","isPartOf":{"@id":"https:\/\/iraurgiberritzen.eus\/es\/#website"},"primaryImageOfPage":{"@id":"https:\/\/iraurgiberritzen.eus\/es\/iraurgi-berritzen-ha-estado-presente-en-la-feria-de-turismo-de-valladolid-a-traves-de-su-marca-turistica-urola-turismoa\/#primaryimage"},"image":{"@id":"https:\/\/iraurgiberritzen.eus\/es\/iraurgi-berritzen-ha-estado-presente-en-la-feria-de-turismo-de-valladolid-a-traves-de-su-marca-turistica-urola-turismoa\/#primaryimage"},"thumbnailUrl":"https:\/\/iraurgiberritzen.eus\/wp-content\/uploads\/2024\/01\/3b451dfd15a3e25dab4ec1144aab1ffc.jpg","datePublished":"2023-11-17T09:35:05+00:00","breadcrumb":{"@id":"https:\/\/iraurgiberritzen.eus\/es\/iraurgi-berritzen-ha-estado-presente-en-la-feria-de-turismo-de-valladolid-a-traves-de-su-marca-turistica-urola-turismoa\/#breadcrumb"},"inLanguage":"es","potentialAction":[{"@type":"ReadAction","target":["https:\/\/iraurgiberritzen.eus\/es\/iraurgi-berritzen-ha-estado-presente-en-la-feria-de-turismo-de-valladolid-a-traves-de-su-marca-turistica-urola-turismoa\/"]}]},{"@type":"ImageObject","inLanguage":"es","@id":"https:\/\/iraurgiberritzen.eus\/es\/iraurgi-berritzen-ha-estado-presente-en-la-feria-de-turismo-de-valladolid-a-traves-de-su-marca-turistica-urola-turismoa\/#primaryimage","url":"https:\/\/iraurgiberritzen.eus\/wp-content\/uploads\/2024\/01\/3b451dfd15a3e25dab4ec1144aab1ffc.jpg","contentUrl":"https:\/\/iraurgiberritzen.eus\/wp-content\/uploads\/2024\/01\/3b451dfd15a3e25dab4ec1144aab1ffc.jpg","width":400,"height":257},{"@type":"BreadcrumbList","@id":"https:\/\/iraurgiberritzen.eus\/es\/iraurgi-berritzen-ha-estado-presente-en-la-feria-de-turismo-de-valladolid-a-traves-de-su-marca-turistica-urola-turismoa\/#breadcrumb","itemListElement":[{"@type":"ListItem","position":1,"name":"Home","item":"https:\/\/iraurgiberritzen.eus\/es\/"},{"@type":"ListItem","position":2,"name":"Iraurgi Berritzen ha estado presente en la feria de turismo de Valladolid a trav\u00e9s de su marca tur\u00edstica Urola Turismoa"}]},{"@type":"WebSite","@id":"https:\/\/iraurgiberritzen.eus\/es\/#website","url":"https:\/\/iraurgiberritzen.eus\/es\/","name":"Iraurgi Berritzen","description":"Urola Erdiko Garapen Agentzia","publisher":{"@id":"https:\/\/iraurgiberritzen.eus\/es\/#organization"},"potentialAction":[{"@type":"SearchAction","target":{"@type":"EntryPoint","urlTemplate":"https:\/\/iraurgiberritzen.eus\/es\/?s={search_term_string}"},"query-input":{"@type":"PropertyValueSpecification","valueRequired":true,"valueName":"search_term_string"}}],"inLanguage":"es"},{"@type":"Organization","@id":"https:\/\/iraurgiberritzen.eus\/es\/#organization","name":"Iraurgi Berritzen","url":"https:\/\/iraurgiberritzen.eus\/es\/","logo":{"@type":"ImageObject","inLanguage":"es","@id":"https:\/\/iraurgiberritzen.eus\/es\/#\/schema\/logo\/image\/","url":"https:\/\/iraurgiberritzen.eus\/wp-content\/uploads\/2024\/02\/IRAURGI-BERRITZEN-logotipoa_2.png","contentUrl":"https:\/\/iraurgiberritzen.eus\/wp-content\/uploads\/2024\/02\/IRAURGI-BERRITZEN-logotipoa_2.png","width":496,"height":190,"caption":"Iraurgi Berritzen"},"image":{"@id":"https:\/\/iraurgiberritzen.eus\/es\/#\/schema\/logo\/image\/"}}]}},"_links":{"self":[{"href":"https:\/\/iraurgiberritzen.eus\/es\/wp-json\/wp\/v2\/posts\/17116","targetHints":{"allow":["GET"]}}],"collection":[{"href":"https:\/\/iraurgiberritzen.eus\/es\/wp-json\/wp\/v2\/posts"}],"about":[{"href":"https:\/\/iraurgiberritzen.eus\/es\/wp-json\/wp\/v2\/types\/post"}],"replies":[{"embeddable":true,"href":"https:\/\/iraurgiberritzen.eus\/es\/wp-json\/wp\/v2\/comments?post=17116"}],"version-history":[{"count":0,"href":"https:\/\/iraurgiberritzen.eus\/es\/wp-json\/wp\/v2\/posts\/17116\/revisions"}],"wp:featuredmedia":[{"embeddable":true,"href":"https:\/\/iraurgiberritzen.eus\/es\/wp-json\/wp\/v2\/media\/17115"}],"wp:attachment":[{"href":"https:\/\/iraurgiberritzen.eus\/es\/wp-json\/wp\/v2\/media?parent=17116"}],"wp:term":[{"taxonomy":"category","embeddable":true,"href":"https:\/\/iraurgiberritzen.eus\/es\/wp-json\/wp\/v2\/categories?post=17116"},{"taxonomy":"post_tag","embeddable":true,"href":"https:\/\/iraurgiberritzen.eus\/es\/wp-json\/wp\/v2\/tags?post=17116"}],"curies":[{"name":"wp","href":"https:\/\/api.w.org\/{rel}","templated":true}]}}