{"id":17128,"date":"2023-11-22T13:08:53","date_gmt":"2023-11-22T11:08:53","guid":{"rendered":"https:\/\/iraurgiberritzen.eus\/los-as-representantes-de-diferentes-agentes-realizan-el-seguimiento-conjunto-del-plan-estrategico-comarcal\/"},"modified":"2023-11-22T13:08:53","modified_gmt":"2023-11-22T11:08:53","slug":"los-as-representantes-de-diferentes-agentes-realizan-el-seguimiento-conjunto-del-plan-estrategico-comarcal","status":"publish","type":"post","link":"https:\/\/iraurgiberritzen.eus\/es\/los-as-representantes-de-diferentes-agentes-realizan-el-seguimiento-conjunto-del-plan-estrategico-comarcal\/","title":{"rendered":"Los\/as representantes de diferentes agentes realizan el seguimiento conjunto del Plan Estrat\u00e9gico Comarcal"},"content":{"rendered":"<p style=\"text-align: justify\">En respuesta a una de las l\u00edneas derivadas de la Reflexi\u00f3n Estrat\u00e9gica Elkarrekin Urola Erdia Eraldatzen 2022 \u2013 2027, tras la constituci\u00f3n el pasado mes de marzo del Consejo Gestor de la Red de Iraurgi Berritzen, hoy, 22 de noviembre, se ha celebrado por segunda vez, en el Palacio Basazabal de Azpeitia, la reuni\u00f3n del espacio estrat\u00e9gico creado para promover la transformaci\u00f3n socioecon\u00f3mica de la comarca, integrado por representantes p\u00fablicos y privados de 7 \u00e1mbitos de trabajo diferentes (empresa, empleo, emprendimiento, educaci\u00f3n, comercio, turismo y desarrollo local).<\/p>\n<p style=\"text-align: justify\">En la primera parte de la reuni\u00f3n se ha realizado el seguimiento del Plan de Acci\u00f3n acordado en la Reflexi\u00f3n Estrat\u00e9gica, informando del estado de las acciones del mismo. <\/p>\n<p>A continuaci\u00f3n se ha presentado la situaci\u00f3n de 4 proyectos:<\/p>\n<ul>\n<li style=\"text-align: justify\"><strong>Emprendimiento-industria:<\/strong> Una iniciativa que permita identificar nuevas ideas de negocio a partir de las cadenas de valor estrat\u00e9gicas de la comarca.<\/li>\n<li><strong>Posicionamiento de la comarca<\/strong>: Un proyecto que se est\u00e1 trabajando con el objetivo de convertir a nuestra comarca en una comarca atractiva.<\/li>\n<li><strong>Talento:<\/strong> Iniciativa puesta en marcha para trabajar el talento a nivel comarcal, en colaboraci\u00f3n con diferentes agentes (empresas, centros educativos, instituciones, empleo y otros agentes).<\/li>\n<li><strong>Turismo:<\/strong> Desde el punto de vista comarcal, se han definido los objetivos, la din\u00e1mica y la participaci\u00f3n de Turismo Gunea que se ha puesto en marcha para dar respuesta a las necesidades comunes de los agentes tur\u00edsticos.<\/li>\n<\/ul>\n<p style=\"text-align: justify\">Por \u00faltimo, dado que en enero se celebrar\u00e1 el evento denominado <strong>Topaketak<\/strong> que reunir\u00e1 a diferentes agentes de la comarca, se ha acordado el orden del d\u00eda de este evento entre todas las personas representantes. En ella, adem\u00e1s de exponerse el grado de ejecuci\u00f3n de los planes de acci\u00f3n definidos para el periodo 2022-2027, servir\u00e1 como punto de reflexi\u00f3n sobre las nuevas necesidades de la comarca.<\/p>\n","protected":false},"excerpt":{"rendered":"<p>En respuesta a una de las l\u00edneas derivadas de la Reflexi\u00f3n Estrat\u00e9gica Elkarrekin Urola Erdia Eraldatzen 2022 \u2013 2027, tras la constituci\u00f3n el pasado mes de marzo del Consejo Gestor de la Red de Iraurgi Berritzen, hoy, 22 de noviembre, se ha celebrado por segunda vez, en el Palacio Basazabal de Azpeitia, la reuni\u00f3n del [&hellip;]<\/p>\n","protected":false},"author":0,"featured_media":17127,"comment_status":"","ping_status":"closed","sticky":false,"template":"","format":"standard","meta":{"_acf_changed":false,"footnotes":""},"categories":[4],"tags":[],"class_list":["post-17128","post","type-post","status-publish","format-standard","has-post-thumbnail","hentry","category-noticias"],"acf":[],"yoast_head":"<!-- This site is optimized with the Yoast SEO plugin v27.4 - https:\/\/yoast.com\/product\/yoast-seo-wordpress\/ -->\n<title>Los\/as representantes de diferentes agentes realizan el seguimiento conjunto del Plan Estrat\u00e9gico Comarcal - Iraurgi Berritzen<\/title>\n<meta name=\"robots\" content=\"index, follow, max-snippet:-1, max-image-preview:large, max-video-preview:-1\" \/>\n<link rel=\"canonical\" href=\"https:\/\/iraurgiberritzen.eus\/es\/los-as-representantes-de-diferentes-agentes-realizan-el-seguimiento-conjunto-del-plan-estrategico-comarcal\/\" \/>\n<meta property=\"og:locale\" content=\"es_ES\" \/>\n<meta property=\"og:type\" content=\"article\" \/>\n<meta property=\"og:title\" content=\"Los\/as representantes de diferentes agentes realizan el seguimiento conjunto del Plan Estrat\u00e9gico Comarcal - Iraurgi Berritzen\" \/>\n<meta property=\"og:description\" content=\"En respuesta a una de las l\u00edneas derivadas de la Reflexi\u00f3n Estrat\u00e9gica Elkarrekin Urola Erdia Eraldatzen 2022 \u2013 2027, tras la constituci\u00f3n el pasado mes de marzo del Consejo Gestor de la Red de Iraurgi Berritzen, hoy, 22 de noviembre, se ha celebrado por segunda vez, en el Palacio Basazabal de Azpeitia, la reuni\u00f3n del [&hellip;]\" \/>\n<meta property=\"og:url\" content=\"https:\/\/iraurgiberritzen.eus\/es\/los-as-representantes-de-diferentes-agentes-realizan-el-seguimiento-conjunto-del-plan-estrategico-comarcal\/\" \/>\n<meta property=\"og:site_name\" content=\"Iraurgi Berritzen\" \/>\n<meta property=\"article:published_time\" content=\"2023-11-22T11:08:53+00:00\" \/>\n<meta name=\"twitter:card\" content=\"summary_large_image\" \/>\n<meta name=\"twitter:label1\" content=\"Tiempo de lectura\" \/>\n\t<meta name=\"twitter:data1\" content=\"2 minutos\" \/>\n<script type=\"application\/ld+json\" class=\"yoast-schema-graph\">{\"@context\":\"https:\\\/\\\/schema.org\",\"@graph\":[{\"@type\":\"Article\",\"@id\":\"https:\\\/\\\/iraurgiberritzen.eus\\\/es\\\/los-as-representantes-de-diferentes-agentes-realizan-el-seguimiento-conjunto-del-plan-estrategico-comarcal\\\/#article\",\"isPartOf\":{\"@id\":\"https:\\\/\\\/iraurgiberritzen.eus\\\/es\\\/los-as-representantes-de-diferentes-agentes-realizan-el-seguimiento-conjunto-del-plan-estrategico-comarcal\\\/\"},\"author\":{\"name\":\"\",\"@id\":\"\"},\"headline\":\"Los\\\/as representantes de diferentes agentes realizan el seguimiento conjunto del Plan Estrat\u00e9gico Comarcal\",\"datePublished\":\"2023-11-22T11:08:53+00:00\",\"mainEntityOfPage\":{\"@id\":\"https:\\\/\\\/iraurgiberritzen.eus\\\/es\\\/los-as-representantes-de-diferentes-agentes-realizan-el-seguimiento-conjunto-del-plan-estrategico-comarcal\\\/\"},\"wordCount\":332,\"publisher\":{\"@id\":\"https:\\\/\\\/iraurgiberritzen.eus\\\/es\\\/#organization\"},\"image\":{\"@id\":\"https:\\\/\\\/iraurgiberritzen.eus\\\/es\\\/los-as-representantes-de-diferentes-agentes-realizan-el-seguimiento-conjunto-del-plan-estrategico-comarcal\\\/#primaryimage\"},\"thumbnailUrl\":\"https:\\\/\\\/iraurgiberritzen.eus\\\/wp-content\\\/uploads\\\/2024\\\/01\\\/111f98f6130992942a4edb8b01d8011a.jpg\",\"articleSection\":[\"Noticias\"],\"inLanguage\":\"es\"},{\"@type\":\"WebPage\",\"@id\":\"https:\\\/\\\/iraurgiberritzen.eus\\\/es\\\/los-as-representantes-de-diferentes-agentes-realizan-el-seguimiento-conjunto-del-plan-estrategico-comarcal\\\/\",\"url\":\"https:\\\/\\\/iraurgiberritzen.eus\\\/es\\\/los-as-representantes-de-diferentes-agentes-realizan-el-seguimiento-conjunto-del-plan-estrategico-comarcal\\\/\",\"name\":\"Los\\\/as representantes de diferentes agentes realizan el seguimiento conjunto del Plan Estrat\u00e9gico Comarcal - Iraurgi Berritzen\",\"isPartOf\":{\"@id\":\"https:\\\/\\\/iraurgiberritzen.eus\\\/es\\\/#website\"},\"primaryImageOfPage\":{\"@id\":\"https:\\\/\\\/iraurgiberritzen.eus\\\/es\\\/los-as-representantes-de-diferentes-agentes-realizan-el-seguimiento-conjunto-del-plan-estrategico-comarcal\\\/#primaryimage\"},\"image\":{\"@id\":\"https:\\\/\\\/iraurgiberritzen.eus\\\/es\\\/los-as-representantes-de-diferentes-agentes-realizan-el-seguimiento-conjunto-del-plan-estrategico-comarcal\\\/#primaryimage\"},\"thumbnailUrl\":\"https:\\\/\\\/iraurgiberritzen.eus\\\/wp-content\\\/uploads\\\/2024\\\/01\\\/111f98f6130992942a4edb8b01d8011a.jpg\",\"datePublished\":\"2023-11-22T11:08:53+00:00\",\"breadcrumb\":{\"@id\":\"https:\\\/\\\/iraurgiberritzen.eus\\\/es\\\/los-as-representantes-de-diferentes-agentes-realizan-el-seguimiento-conjunto-del-plan-estrategico-comarcal\\\/#breadcrumb\"},\"inLanguage\":\"es\",\"potentialAction\":[{\"@type\":\"ReadAction\",\"target\":[\"https:\\\/\\\/iraurgiberritzen.eus\\\/es\\\/los-as-representantes-de-diferentes-agentes-realizan-el-seguimiento-conjunto-del-plan-estrategico-comarcal\\\/\"]}]},{\"@type\":\"ImageObject\",\"inLanguage\":\"es\",\"@id\":\"https:\\\/\\\/iraurgiberritzen.eus\\\/es\\\/los-as-representantes-de-diferentes-agentes-realizan-el-seguimiento-conjunto-del-plan-estrategico-comarcal\\\/#primaryimage\",\"url\":\"https:\\\/\\\/iraurgiberritzen.eus\\\/wp-content\\\/uploads\\\/2024\\\/01\\\/111f98f6130992942a4edb8b01d8011a.jpg\",\"contentUrl\":\"https:\\\/\\\/iraurgiberritzen.eus\\\/wp-content\\\/uploads\\\/2024\\\/01\\\/111f98f6130992942a4edb8b01d8011a.jpg\",\"width\":400,\"height\":257},{\"@type\":\"BreadcrumbList\",\"@id\":\"https:\\\/\\\/iraurgiberritzen.eus\\\/es\\\/los-as-representantes-de-diferentes-agentes-realizan-el-seguimiento-conjunto-del-plan-estrategico-comarcal\\\/#breadcrumb\",\"itemListElement\":[{\"@type\":\"ListItem\",\"position\":1,\"name\":\"Home\",\"item\":\"https:\\\/\\\/iraurgiberritzen.eus\\\/es\\\/\"},{\"@type\":\"ListItem\",\"position\":2,\"name\":\"Los\\\/as representantes de diferentes agentes realizan el seguimiento conjunto del Plan Estrat\u00e9gico Comarcal\"}]},{\"@type\":\"WebSite\",\"@id\":\"https:\\\/\\\/iraurgiberritzen.eus\\\/es\\\/#website\",\"url\":\"https:\\\/\\\/iraurgiberritzen.eus\\\/es\\\/\",\"name\":\"Iraurgi Berritzen\",\"description\":\"Urola Erdiko Garapen Agentzia\",\"publisher\":{\"@id\":\"https:\\\/\\\/iraurgiberritzen.eus\\\/es\\\/#organization\"},\"potentialAction\":[{\"@type\":\"SearchAction\",\"target\":{\"@type\":\"EntryPoint\",\"urlTemplate\":\"https:\\\/\\\/iraurgiberritzen.eus\\\/es\\\/?s={search_term_string}\"},\"query-input\":{\"@type\":\"PropertyValueSpecification\",\"valueRequired\":true,\"valueName\":\"search_term_string\"}}],\"inLanguage\":\"es\"},{\"@type\":\"Organization\",\"@id\":\"https:\\\/\\\/iraurgiberritzen.eus\\\/es\\\/#organization\",\"name\":\"Iraurgi Berritzen\",\"url\":\"https:\\\/\\\/iraurgiberritzen.eus\\\/es\\\/\",\"logo\":{\"@type\":\"ImageObject\",\"inLanguage\":\"es\",\"@id\":\"https:\\\/\\\/iraurgiberritzen.eus\\\/es\\\/#\\\/schema\\\/logo\\\/image\\\/\",\"url\":\"https:\\\/\\\/iraurgiberritzen.eus\\\/wp-content\\\/uploads\\\/2024\\\/02\\\/IRAURGI-BERRITZEN-logotipoa_2.png\",\"contentUrl\":\"https:\\\/\\\/iraurgiberritzen.eus\\\/wp-content\\\/uploads\\\/2024\\\/02\\\/IRAURGI-BERRITZEN-logotipoa_2.png\",\"width\":496,\"height\":190,\"caption\":\"Iraurgi Berritzen\"},\"image\":{\"@id\":\"https:\\\/\\\/iraurgiberritzen.eus\\\/es\\\/#\\\/schema\\\/logo\\\/image\\\/\"}}]}<\/script>\n<!-- \/ Yoast SEO plugin. -->","yoast_head_json":{"title":"Los\/as representantes de diferentes agentes realizan el seguimiento conjunto del Plan Estrat\u00e9gico Comarcal - Iraurgi Berritzen","robots":{"index":"index","follow":"follow","max-snippet":"max-snippet:-1","max-image-preview":"max-image-preview:large","max-video-preview":"max-video-preview:-1"},"canonical":"https:\/\/iraurgiberritzen.eus\/es\/los-as-representantes-de-diferentes-agentes-realizan-el-seguimiento-conjunto-del-plan-estrategico-comarcal\/","og_locale":"es_ES","og_type":"article","og_title":"Los\/as representantes de diferentes agentes realizan el seguimiento conjunto del Plan Estrat\u00e9gico Comarcal - Iraurgi Berritzen","og_description":"En respuesta a una de las l\u00edneas derivadas de la Reflexi\u00f3n Estrat\u00e9gica Elkarrekin Urola Erdia Eraldatzen 2022 \u2013 2027, tras la constituci\u00f3n el pasado mes de marzo del Consejo Gestor de la Red de Iraurgi Berritzen, hoy, 22 de noviembre, se ha celebrado por segunda vez, en el Palacio Basazabal de Azpeitia, la reuni\u00f3n del [&hellip;]","og_url":"https:\/\/iraurgiberritzen.eus\/es\/los-as-representantes-de-diferentes-agentes-realizan-el-seguimiento-conjunto-del-plan-estrategico-comarcal\/","og_site_name":"Iraurgi Berritzen","article_published_time":"2023-11-22T11:08:53+00:00","twitter_card":"summary_large_image","twitter_misc":{"Tiempo de lectura":"2 minutos"},"schema":{"@context":"https:\/\/schema.org","@graph":[{"@type":"Article","@id":"https:\/\/iraurgiberritzen.eus\/es\/los-as-representantes-de-diferentes-agentes-realizan-el-seguimiento-conjunto-del-plan-estrategico-comarcal\/#article","isPartOf":{"@id":"https:\/\/iraurgiberritzen.eus\/es\/los-as-representantes-de-diferentes-agentes-realizan-el-seguimiento-conjunto-del-plan-estrategico-comarcal\/"},"author":{"name":"","@id":""},"headline":"Los\/as representantes de diferentes agentes realizan el seguimiento conjunto del Plan Estrat\u00e9gico Comarcal","datePublished":"2023-11-22T11:08:53+00:00","mainEntityOfPage":{"@id":"https:\/\/iraurgiberritzen.eus\/es\/los-as-representantes-de-diferentes-agentes-realizan-el-seguimiento-conjunto-del-plan-estrategico-comarcal\/"},"wordCount":332,"publisher":{"@id":"https:\/\/iraurgiberritzen.eus\/es\/#organization"},"image":{"@id":"https:\/\/iraurgiberritzen.eus\/es\/los-as-representantes-de-diferentes-agentes-realizan-el-seguimiento-conjunto-del-plan-estrategico-comarcal\/#primaryimage"},"thumbnailUrl":"https:\/\/iraurgiberritzen.eus\/wp-content\/uploads\/2024\/01\/111f98f6130992942a4edb8b01d8011a.jpg","articleSection":["Noticias"],"inLanguage":"es"},{"@type":"WebPage","@id":"https:\/\/iraurgiberritzen.eus\/es\/los-as-representantes-de-diferentes-agentes-realizan-el-seguimiento-conjunto-del-plan-estrategico-comarcal\/","url":"https:\/\/iraurgiberritzen.eus\/es\/los-as-representantes-de-diferentes-agentes-realizan-el-seguimiento-conjunto-del-plan-estrategico-comarcal\/","name":"Los\/as representantes de diferentes agentes realizan el seguimiento conjunto del Plan Estrat\u00e9gico Comarcal - Iraurgi Berritzen","isPartOf":{"@id":"https:\/\/iraurgiberritzen.eus\/es\/#website"},"primaryImageOfPage":{"@id":"https:\/\/iraurgiberritzen.eus\/es\/los-as-representantes-de-diferentes-agentes-realizan-el-seguimiento-conjunto-del-plan-estrategico-comarcal\/#primaryimage"},"image":{"@id":"https:\/\/iraurgiberritzen.eus\/es\/los-as-representantes-de-diferentes-agentes-realizan-el-seguimiento-conjunto-del-plan-estrategico-comarcal\/#primaryimage"},"thumbnailUrl":"https:\/\/iraurgiberritzen.eus\/wp-content\/uploads\/2024\/01\/111f98f6130992942a4edb8b01d8011a.jpg","datePublished":"2023-11-22T11:08:53+00:00","breadcrumb":{"@id":"https:\/\/iraurgiberritzen.eus\/es\/los-as-representantes-de-diferentes-agentes-realizan-el-seguimiento-conjunto-del-plan-estrategico-comarcal\/#breadcrumb"},"inLanguage":"es","potentialAction":[{"@type":"ReadAction","target":["https:\/\/iraurgiberritzen.eus\/es\/los-as-representantes-de-diferentes-agentes-realizan-el-seguimiento-conjunto-del-plan-estrategico-comarcal\/"]}]},{"@type":"ImageObject","inLanguage":"es","@id":"https:\/\/iraurgiberritzen.eus\/es\/los-as-representantes-de-diferentes-agentes-realizan-el-seguimiento-conjunto-del-plan-estrategico-comarcal\/#primaryimage","url":"https:\/\/iraurgiberritzen.eus\/wp-content\/uploads\/2024\/01\/111f98f6130992942a4edb8b01d8011a.jpg","contentUrl":"https:\/\/iraurgiberritzen.eus\/wp-content\/uploads\/2024\/01\/111f98f6130992942a4edb8b01d8011a.jpg","width":400,"height":257},{"@type":"BreadcrumbList","@id":"https:\/\/iraurgiberritzen.eus\/es\/los-as-representantes-de-diferentes-agentes-realizan-el-seguimiento-conjunto-del-plan-estrategico-comarcal\/#breadcrumb","itemListElement":[{"@type":"ListItem","position":1,"name":"Home","item":"https:\/\/iraurgiberritzen.eus\/es\/"},{"@type":"ListItem","position":2,"name":"Los\/as representantes de diferentes agentes realizan el seguimiento conjunto del Plan Estrat\u00e9gico Comarcal"}]},{"@type":"WebSite","@id":"https:\/\/iraurgiberritzen.eus\/es\/#website","url":"https:\/\/iraurgiberritzen.eus\/es\/","name":"Iraurgi Berritzen","description":"Urola Erdiko Garapen Agentzia","publisher":{"@id":"https:\/\/iraurgiberritzen.eus\/es\/#organization"},"potentialAction":[{"@type":"SearchAction","target":{"@type":"EntryPoint","urlTemplate":"https:\/\/iraurgiberritzen.eus\/es\/?s={search_term_string}"},"query-input":{"@type":"PropertyValueSpecification","valueRequired":true,"valueName":"search_term_string"}}],"inLanguage":"es"},{"@type":"Organization","@id":"https:\/\/iraurgiberritzen.eus\/es\/#organization","name":"Iraurgi Berritzen","url":"https:\/\/iraurgiberritzen.eus\/es\/","logo":{"@type":"ImageObject","inLanguage":"es","@id":"https:\/\/iraurgiberritzen.eus\/es\/#\/schema\/logo\/image\/","url":"https:\/\/iraurgiberritzen.eus\/wp-content\/uploads\/2024\/02\/IRAURGI-BERRITZEN-logotipoa_2.png","contentUrl":"https:\/\/iraurgiberritzen.eus\/wp-content\/uploads\/2024\/02\/IRAURGI-BERRITZEN-logotipoa_2.png","width":496,"height":190,"caption":"Iraurgi Berritzen"},"image":{"@id":"https:\/\/iraurgiberritzen.eus\/es\/#\/schema\/logo\/image\/"}}]}},"_links":{"self":[{"href":"https:\/\/iraurgiberritzen.eus\/es\/wp-json\/wp\/v2\/posts\/17128","targetHints":{"allow":["GET"]}}],"collection":[{"href":"https:\/\/iraurgiberritzen.eus\/es\/wp-json\/wp\/v2\/posts"}],"about":[{"href":"https:\/\/iraurgiberritzen.eus\/es\/wp-json\/wp\/v2\/types\/post"}],"replies":[{"embeddable":true,"href":"https:\/\/iraurgiberritzen.eus\/es\/wp-json\/wp\/v2\/comments?post=17128"}],"version-history":[{"count":0,"href":"https:\/\/iraurgiberritzen.eus\/es\/wp-json\/wp\/v2\/posts\/17128\/revisions"}],"wp:featuredmedia":[{"embeddable":true,"href":"https:\/\/iraurgiberritzen.eus\/es\/wp-json\/wp\/v2\/media\/17127"}],"wp:attachment":[{"href":"https:\/\/iraurgiberritzen.eus\/es\/wp-json\/wp\/v2\/media?parent=17128"}],"wp:term":[{"taxonomy":"category","embeddable":true,"href":"https:\/\/iraurgiberritzen.eus\/es\/wp-json\/wp\/v2\/categories?post=17128"},{"taxonomy":"post_tag","embeddable":true,"href":"https:\/\/iraurgiberritzen.eus\/es\/wp-json\/wp\/v2\/tags?post=17128"}],"curies":[{"name":"wp","href":"https:\/\/api.w.org\/{rel}","templated":true}]}}