{"id":17136,"date":"2023-11-24T08:31:08","date_gmt":"2023-11-24T06:31:08","guid":{"rendered":"https:\/\/iraurgiberritzen.eus\/las-empresas-industriales-de-la-comarca-conocen-las-claves-herramientas-y-recursos-para-fomentar-su-internacionalizacion\/"},"modified":"2023-11-24T08:31:08","modified_gmt":"2023-11-24T06:31:08","slug":"las-empresas-industriales-de-la-comarca-conocen-las-claves-herramientas-y-recursos-para-fomentar-su-internacionalizacion","status":"publish","type":"post","link":"https:\/\/iraurgiberritzen.eus\/es\/las-empresas-industriales-de-la-comarca-conocen-las-claves-herramientas-y-recursos-para-fomentar-su-internacionalizacion\/","title":{"rendered":"Las empresas industriales de la comarca conocen las claves, herramientas y recursos para fomentar su internacionalizaci\u00f3n"},"content":{"rendered":"<p style=\"text-align: justify\">Hoy, 24 de Noviembre, se ha celebrado en el Palacio Basazabal de Azpeitia una jornada organizada por Iraurgi Berritzen en colaboraci\u00f3n con la C\u00e1mara de Gipuzkoa y con la colaboraci\u00f3n de Basque Trade&amp;Investment bajo el t\u00edtulo \u201cClaves para la internacionalizaci\u00f3n de las empresas\u00bb. En ella han participado varias empresas industriales de la comarca.<\/p>\n<p style=\"text-align: justify\">En esta jornada se han presentado en primer lugar, una serie de claves que hay que tener en cuenta a la hora de elegir en qu\u00e9 pa\u00edses vender y poner en marcha un proceso de internacionalizaci\u00f3n. En la segunda parte en cambio, se han presentado las herramientas que tienen las empresas a su disposici\u00f3n para analizar los mercados exteriores y las condiciones para acceder a los mismos. Asimismo, se han expuesto los programas y ayudas p\u00fablicos existentes para acompa\u00f1ar a las empresas en sus procesos de internacionalizaci\u00f3n.<\/p>\n<p style=\"text-align: justify\">Esta jornada ha sido una valiosa oportunidad para conocer los servicios y programas de apoyo disponibles para expandir su presencia en mercados exteriores. Su objetivo principal ha sido <strong>ayudar a las empresas de Urola Medio a superar el miedo a internacionalizarse y a explorar las posibilidades que esto ofrece para su crecimiento y desarrollo<\/strong>.<\/p>\n<p style=\"text-align: justify\">La jornada se enmarca dentro del Programa Ikasiz, definido con las propuestas recogidas en el seno de Enpresa Gunea (Espacio formado por representantes de diferentes empresas de la comarca). Su objetivo es compartir conocimientos y experiencias, as\u00ed como la sensibilizaci\u00f3n y difusi\u00f3n de buenas pr\u00e1cticas en diferentes \u00e1mbitos de gesti\u00f3n de la empresa.<\/p>\n","protected":false},"excerpt":{"rendered":"<p>Hoy, 24 de Noviembre, se ha celebrado en el Palacio Basazabal de Azpeitia una jornada organizada por Iraurgi Berritzen en colaboraci\u00f3n con la C\u00e1mara de Gipuzkoa y con la colaboraci\u00f3n de Basque Trade&amp;Investment bajo el t\u00edtulo \u201cClaves para la internacionalizaci\u00f3n de las empresas\u00bb. En ella han participado varias empresas industriales de la comarca. En esta [&hellip;]<\/p>\n","protected":false},"author":0,"featured_media":17135,"comment_status":"","ping_status":"closed","sticky":false,"template":"","format":"standard","meta":{"_acf_changed":false,"footnotes":""},"categories":[4],"tags":[],"class_list":["post-17136","post","type-post","status-publish","format-standard","has-post-thumbnail","hentry","category-noticias"],"acf":[],"yoast_head":"<!-- This site is optimized with the Yoast SEO plugin v27.4 - https:\/\/yoast.com\/product\/yoast-seo-wordpress\/ -->\n<title>Las empresas industriales de la comarca conocen las claves, herramientas y recursos para fomentar su internacionalizaci\u00f3n - Iraurgi Berritzen<\/title>\n<meta name=\"robots\" content=\"index, follow, max-snippet:-1, max-image-preview:large, max-video-preview:-1\" \/>\n<link rel=\"canonical\" href=\"https:\/\/iraurgiberritzen.eus\/es\/las-empresas-industriales-de-la-comarca-conocen-las-claves-herramientas-y-recursos-para-fomentar-su-internacionalizacion\/\" \/>\n<meta property=\"og:locale\" content=\"es_ES\" \/>\n<meta property=\"og:type\" content=\"article\" \/>\n<meta property=\"og:title\" content=\"Las empresas industriales de la comarca conocen las claves, herramientas y recursos para fomentar su internacionalizaci\u00f3n - Iraurgi Berritzen\" \/>\n<meta property=\"og:description\" content=\"Hoy, 24 de Noviembre, se ha celebrado en el Palacio Basazabal de Azpeitia una jornada organizada por Iraurgi Berritzen en colaboraci\u00f3n con la C\u00e1mara de Gipuzkoa y con la colaboraci\u00f3n de Basque Trade&amp;Investment bajo el t\u00edtulo \u201cClaves para la internacionalizaci\u00f3n de las empresas\u00bb. En ella han participado varias empresas industriales de la comarca. En esta [&hellip;]\" \/>\n<meta property=\"og:url\" content=\"https:\/\/iraurgiberritzen.eus\/es\/las-empresas-industriales-de-la-comarca-conocen-las-claves-herramientas-y-recursos-para-fomentar-su-internacionalizacion\/\" \/>\n<meta property=\"og:site_name\" content=\"Iraurgi Berritzen\" \/>\n<meta property=\"article:published_time\" content=\"2023-11-24T06:31:08+00:00\" \/>\n<meta name=\"twitter:card\" content=\"summary_large_image\" \/>\n<meta name=\"twitter:label1\" content=\"Tiempo de lectura\" \/>\n\t<meta name=\"twitter:data1\" content=\"1 minuto\" \/>\n<script type=\"application\/ld+json\" class=\"yoast-schema-graph\">{\"@context\":\"https:\\\/\\\/schema.org\",\"@graph\":[{\"@type\":\"Article\",\"@id\":\"https:\\\/\\\/iraurgiberritzen.eus\\\/es\\\/las-empresas-industriales-de-la-comarca-conocen-las-claves-herramientas-y-recursos-para-fomentar-su-internacionalizacion\\\/#article\",\"isPartOf\":{\"@id\":\"https:\\\/\\\/iraurgiberritzen.eus\\\/es\\\/las-empresas-industriales-de-la-comarca-conocen-las-claves-herramientas-y-recursos-para-fomentar-su-internacionalizacion\\\/\"},\"author\":{\"name\":\"\",\"@id\":\"\"},\"headline\":\"Las empresas industriales de la comarca conocen las claves, herramientas y recursos para fomentar su internacionalizaci\u00f3n\",\"datePublished\":\"2023-11-24T06:31:08+00:00\",\"mainEntityOfPage\":{\"@id\":\"https:\\\/\\\/iraurgiberritzen.eus\\\/es\\\/las-empresas-industriales-de-la-comarca-conocen-las-claves-herramientas-y-recursos-para-fomentar-su-internacionalizacion\\\/\"},\"wordCount\":280,\"publisher\":{\"@id\":\"https:\\\/\\\/iraurgiberritzen.eus\\\/es\\\/#organization\"},\"image\":{\"@id\":\"https:\\\/\\\/iraurgiberritzen.eus\\\/es\\\/las-empresas-industriales-de-la-comarca-conocen-las-claves-herramientas-y-recursos-para-fomentar-su-internacionalizacion\\\/#primaryimage\"},\"thumbnailUrl\":\"https:\\\/\\\/iraurgiberritzen.eus\\\/wp-content\\\/uploads\\\/2024\\\/01\\\/7cee367fd12ab81e6ccfd7ebc32d45ef.jpg\",\"articleSection\":[\"Noticias\"],\"inLanguage\":\"es\"},{\"@type\":\"WebPage\",\"@id\":\"https:\\\/\\\/iraurgiberritzen.eus\\\/es\\\/las-empresas-industriales-de-la-comarca-conocen-las-claves-herramientas-y-recursos-para-fomentar-su-internacionalizacion\\\/\",\"url\":\"https:\\\/\\\/iraurgiberritzen.eus\\\/es\\\/las-empresas-industriales-de-la-comarca-conocen-las-claves-herramientas-y-recursos-para-fomentar-su-internacionalizacion\\\/\",\"name\":\"Las empresas industriales de la comarca conocen las claves, herramientas y recursos para fomentar su internacionalizaci\u00f3n - Iraurgi Berritzen\",\"isPartOf\":{\"@id\":\"https:\\\/\\\/iraurgiberritzen.eus\\\/es\\\/#website\"},\"primaryImageOfPage\":{\"@id\":\"https:\\\/\\\/iraurgiberritzen.eus\\\/es\\\/las-empresas-industriales-de-la-comarca-conocen-las-claves-herramientas-y-recursos-para-fomentar-su-internacionalizacion\\\/#primaryimage\"},\"image\":{\"@id\":\"https:\\\/\\\/iraurgiberritzen.eus\\\/es\\\/las-empresas-industriales-de-la-comarca-conocen-las-claves-herramientas-y-recursos-para-fomentar-su-internacionalizacion\\\/#primaryimage\"},\"thumbnailUrl\":\"https:\\\/\\\/iraurgiberritzen.eus\\\/wp-content\\\/uploads\\\/2024\\\/01\\\/7cee367fd12ab81e6ccfd7ebc32d45ef.jpg\",\"datePublished\":\"2023-11-24T06:31:08+00:00\",\"breadcrumb\":{\"@id\":\"https:\\\/\\\/iraurgiberritzen.eus\\\/es\\\/las-empresas-industriales-de-la-comarca-conocen-las-claves-herramientas-y-recursos-para-fomentar-su-internacionalizacion\\\/#breadcrumb\"},\"inLanguage\":\"es\",\"potentialAction\":[{\"@type\":\"ReadAction\",\"target\":[\"https:\\\/\\\/iraurgiberritzen.eus\\\/es\\\/las-empresas-industriales-de-la-comarca-conocen-las-claves-herramientas-y-recursos-para-fomentar-su-internacionalizacion\\\/\"]}]},{\"@type\":\"ImageObject\",\"inLanguage\":\"es\",\"@id\":\"https:\\\/\\\/iraurgiberritzen.eus\\\/es\\\/las-empresas-industriales-de-la-comarca-conocen-las-claves-herramientas-y-recursos-para-fomentar-su-internacionalizacion\\\/#primaryimage\",\"url\":\"https:\\\/\\\/iraurgiberritzen.eus\\\/wp-content\\\/uploads\\\/2024\\\/01\\\/7cee367fd12ab81e6ccfd7ebc32d45ef.jpg\",\"contentUrl\":\"https:\\\/\\\/iraurgiberritzen.eus\\\/wp-content\\\/uploads\\\/2024\\\/01\\\/7cee367fd12ab81e6ccfd7ebc32d45ef.jpg\",\"width\":400,\"height\":257},{\"@type\":\"BreadcrumbList\",\"@id\":\"https:\\\/\\\/iraurgiberritzen.eus\\\/es\\\/las-empresas-industriales-de-la-comarca-conocen-las-claves-herramientas-y-recursos-para-fomentar-su-internacionalizacion\\\/#breadcrumb\",\"itemListElement\":[{\"@type\":\"ListItem\",\"position\":1,\"name\":\"Home\",\"item\":\"https:\\\/\\\/iraurgiberritzen.eus\\\/es\\\/\"},{\"@type\":\"ListItem\",\"position\":2,\"name\":\"Las empresas industriales de la comarca conocen las claves, herramientas y recursos para fomentar su internacionalizaci\u00f3n\"}]},{\"@type\":\"WebSite\",\"@id\":\"https:\\\/\\\/iraurgiberritzen.eus\\\/es\\\/#website\",\"url\":\"https:\\\/\\\/iraurgiberritzen.eus\\\/es\\\/\",\"name\":\"Iraurgi Berritzen\",\"description\":\"Urola Erdiko Garapen Agentzia\",\"publisher\":{\"@id\":\"https:\\\/\\\/iraurgiberritzen.eus\\\/es\\\/#organization\"},\"potentialAction\":[{\"@type\":\"SearchAction\",\"target\":{\"@type\":\"EntryPoint\",\"urlTemplate\":\"https:\\\/\\\/iraurgiberritzen.eus\\\/es\\\/?s={search_term_string}\"},\"query-input\":{\"@type\":\"PropertyValueSpecification\",\"valueRequired\":true,\"valueName\":\"search_term_string\"}}],\"inLanguage\":\"es\"},{\"@type\":\"Organization\",\"@id\":\"https:\\\/\\\/iraurgiberritzen.eus\\\/es\\\/#organization\",\"name\":\"Iraurgi Berritzen\",\"url\":\"https:\\\/\\\/iraurgiberritzen.eus\\\/es\\\/\",\"logo\":{\"@type\":\"ImageObject\",\"inLanguage\":\"es\",\"@id\":\"https:\\\/\\\/iraurgiberritzen.eus\\\/es\\\/#\\\/schema\\\/logo\\\/image\\\/\",\"url\":\"https:\\\/\\\/iraurgiberritzen.eus\\\/wp-content\\\/uploads\\\/2024\\\/02\\\/IRAURGI-BERRITZEN-logotipoa_2.png\",\"contentUrl\":\"https:\\\/\\\/iraurgiberritzen.eus\\\/wp-content\\\/uploads\\\/2024\\\/02\\\/IRAURGI-BERRITZEN-logotipoa_2.png\",\"width\":496,\"height\":190,\"caption\":\"Iraurgi Berritzen\"},\"image\":{\"@id\":\"https:\\\/\\\/iraurgiberritzen.eus\\\/es\\\/#\\\/schema\\\/logo\\\/image\\\/\"}}]}<\/script>\n<!-- \/ Yoast SEO plugin. -->","yoast_head_json":{"title":"Las empresas industriales de la comarca conocen las claves, herramientas y recursos para fomentar su internacionalizaci\u00f3n - Iraurgi Berritzen","robots":{"index":"index","follow":"follow","max-snippet":"max-snippet:-1","max-image-preview":"max-image-preview:large","max-video-preview":"max-video-preview:-1"},"canonical":"https:\/\/iraurgiberritzen.eus\/es\/las-empresas-industriales-de-la-comarca-conocen-las-claves-herramientas-y-recursos-para-fomentar-su-internacionalizacion\/","og_locale":"es_ES","og_type":"article","og_title":"Las empresas industriales de la comarca conocen las claves, herramientas y recursos para fomentar su internacionalizaci\u00f3n - Iraurgi Berritzen","og_description":"Hoy, 24 de Noviembre, se ha celebrado en el Palacio Basazabal de Azpeitia una jornada organizada por Iraurgi Berritzen en colaboraci\u00f3n con la C\u00e1mara de Gipuzkoa y con la colaboraci\u00f3n de Basque Trade&amp;Investment bajo el t\u00edtulo \u201cClaves para la internacionalizaci\u00f3n de las empresas\u00bb. En ella han participado varias empresas industriales de la comarca. En esta [&hellip;]","og_url":"https:\/\/iraurgiberritzen.eus\/es\/las-empresas-industriales-de-la-comarca-conocen-las-claves-herramientas-y-recursos-para-fomentar-su-internacionalizacion\/","og_site_name":"Iraurgi Berritzen","article_published_time":"2023-11-24T06:31:08+00:00","twitter_card":"summary_large_image","twitter_misc":{"Tiempo de lectura":"1 minuto"},"schema":{"@context":"https:\/\/schema.org","@graph":[{"@type":"Article","@id":"https:\/\/iraurgiberritzen.eus\/es\/las-empresas-industriales-de-la-comarca-conocen-las-claves-herramientas-y-recursos-para-fomentar-su-internacionalizacion\/#article","isPartOf":{"@id":"https:\/\/iraurgiberritzen.eus\/es\/las-empresas-industriales-de-la-comarca-conocen-las-claves-herramientas-y-recursos-para-fomentar-su-internacionalizacion\/"},"author":{"name":"","@id":""},"headline":"Las empresas industriales de la comarca conocen las claves, herramientas y recursos para fomentar su internacionalizaci\u00f3n","datePublished":"2023-11-24T06:31:08+00:00","mainEntityOfPage":{"@id":"https:\/\/iraurgiberritzen.eus\/es\/las-empresas-industriales-de-la-comarca-conocen-las-claves-herramientas-y-recursos-para-fomentar-su-internacionalizacion\/"},"wordCount":280,"publisher":{"@id":"https:\/\/iraurgiberritzen.eus\/es\/#organization"},"image":{"@id":"https:\/\/iraurgiberritzen.eus\/es\/las-empresas-industriales-de-la-comarca-conocen-las-claves-herramientas-y-recursos-para-fomentar-su-internacionalizacion\/#primaryimage"},"thumbnailUrl":"https:\/\/iraurgiberritzen.eus\/wp-content\/uploads\/2024\/01\/7cee367fd12ab81e6ccfd7ebc32d45ef.jpg","articleSection":["Noticias"],"inLanguage":"es"},{"@type":"WebPage","@id":"https:\/\/iraurgiberritzen.eus\/es\/las-empresas-industriales-de-la-comarca-conocen-las-claves-herramientas-y-recursos-para-fomentar-su-internacionalizacion\/","url":"https:\/\/iraurgiberritzen.eus\/es\/las-empresas-industriales-de-la-comarca-conocen-las-claves-herramientas-y-recursos-para-fomentar-su-internacionalizacion\/","name":"Las empresas industriales de la comarca conocen las claves, herramientas y recursos para fomentar su internacionalizaci\u00f3n - Iraurgi Berritzen","isPartOf":{"@id":"https:\/\/iraurgiberritzen.eus\/es\/#website"},"primaryImageOfPage":{"@id":"https:\/\/iraurgiberritzen.eus\/es\/las-empresas-industriales-de-la-comarca-conocen-las-claves-herramientas-y-recursos-para-fomentar-su-internacionalizacion\/#primaryimage"},"image":{"@id":"https:\/\/iraurgiberritzen.eus\/es\/las-empresas-industriales-de-la-comarca-conocen-las-claves-herramientas-y-recursos-para-fomentar-su-internacionalizacion\/#primaryimage"},"thumbnailUrl":"https:\/\/iraurgiberritzen.eus\/wp-content\/uploads\/2024\/01\/7cee367fd12ab81e6ccfd7ebc32d45ef.jpg","datePublished":"2023-11-24T06:31:08+00:00","breadcrumb":{"@id":"https:\/\/iraurgiberritzen.eus\/es\/las-empresas-industriales-de-la-comarca-conocen-las-claves-herramientas-y-recursos-para-fomentar-su-internacionalizacion\/#breadcrumb"},"inLanguage":"es","potentialAction":[{"@type":"ReadAction","target":["https:\/\/iraurgiberritzen.eus\/es\/las-empresas-industriales-de-la-comarca-conocen-las-claves-herramientas-y-recursos-para-fomentar-su-internacionalizacion\/"]}]},{"@type":"ImageObject","inLanguage":"es","@id":"https:\/\/iraurgiberritzen.eus\/es\/las-empresas-industriales-de-la-comarca-conocen-las-claves-herramientas-y-recursos-para-fomentar-su-internacionalizacion\/#primaryimage","url":"https:\/\/iraurgiberritzen.eus\/wp-content\/uploads\/2024\/01\/7cee367fd12ab81e6ccfd7ebc32d45ef.jpg","contentUrl":"https:\/\/iraurgiberritzen.eus\/wp-content\/uploads\/2024\/01\/7cee367fd12ab81e6ccfd7ebc32d45ef.jpg","width":400,"height":257},{"@type":"BreadcrumbList","@id":"https:\/\/iraurgiberritzen.eus\/es\/las-empresas-industriales-de-la-comarca-conocen-las-claves-herramientas-y-recursos-para-fomentar-su-internacionalizacion\/#breadcrumb","itemListElement":[{"@type":"ListItem","position":1,"name":"Home","item":"https:\/\/iraurgiberritzen.eus\/es\/"},{"@type":"ListItem","position":2,"name":"Las empresas industriales de la comarca conocen las claves, herramientas y recursos para fomentar su internacionalizaci\u00f3n"}]},{"@type":"WebSite","@id":"https:\/\/iraurgiberritzen.eus\/es\/#website","url":"https:\/\/iraurgiberritzen.eus\/es\/","name":"Iraurgi Berritzen","description":"Urola Erdiko Garapen Agentzia","publisher":{"@id":"https:\/\/iraurgiberritzen.eus\/es\/#organization"},"potentialAction":[{"@type":"SearchAction","target":{"@type":"EntryPoint","urlTemplate":"https:\/\/iraurgiberritzen.eus\/es\/?s={search_term_string}"},"query-input":{"@type":"PropertyValueSpecification","valueRequired":true,"valueName":"search_term_string"}}],"inLanguage":"es"},{"@type":"Organization","@id":"https:\/\/iraurgiberritzen.eus\/es\/#organization","name":"Iraurgi Berritzen","url":"https:\/\/iraurgiberritzen.eus\/es\/","logo":{"@type":"ImageObject","inLanguage":"es","@id":"https:\/\/iraurgiberritzen.eus\/es\/#\/schema\/logo\/image\/","url":"https:\/\/iraurgiberritzen.eus\/wp-content\/uploads\/2024\/02\/IRAURGI-BERRITZEN-logotipoa_2.png","contentUrl":"https:\/\/iraurgiberritzen.eus\/wp-content\/uploads\/2024\/02\/IRAURGI-BERRITZEN-logotipoa_2.png","width":496,"height":190,"caption":"Iraurgi Berritzen"},"image":{"@id":"https:\/\/iraurgiberritzen.eus\/es\/#\/schema\/logo\/image\/"}}]}},"_links":{"self":[{"href":"https:\/\/iraurgiberritzen.eus\/es\/wp-json\/wp\/v2\/posts\/17136","targetHints":{"allow":["GET"]}}],"collection":[{"href":"https:\/\/iraurgiberritzen.eus\/es\/wp-json\/wp\/v2\/posts"}],"about":[{"href":"https:\/\/iraurgiberritzen.eus\/es\/wp-json\/wp\/v2\/types\/post"}],"replies":[{"embeddable":true,"href":"https:\/\/iraurgiberritzen.eus\/es\/wp-json\/wp\/v2\/comments?post=17136"}],"version-history":[{"count":0,"href":"https:\/\/iraurgiberritzen.eus\/es\/wp-json\/wp\/v2\/posts\/17136\/revisions"}],"wp:featuredmedia":[{"embeddable":true,"href":"https:\/\/iraurgiberritzen.eus\/es\/wp-json\/wp\/v2\/media\/17135"}],"wp:attachment":[{"href":"https:\/\/iraurgiberritzen.eus\/es\/wp-json\/wp\/v2\/media?parent=17136"}],"wp:term":[{"taxonomy":"category","embeddable":true,"href":"https:\/\/iraurgiberritzen.eus\/es\/wp-json\/wp\/v2\/categories?post=17136"},{"taxonomy":"post_tag","embeddable":true,"href":"https:\/\/iraurgiberritzen.eus\/es\/wp-json\/wp\/v2\/tags?post=17136"}],"curies":[{"name":"wp","href":"https:\/\/api.w.org\/{rel}","templated":true}]}}