{"id":17144,"date":"2023-11-29T11:14:48","date_gmt":"2023-11-29T09:14:48","guid":{"rendered":"https:\/\/iraurgiberritzen.eus\/urola-erdia-eta-urola-garaiako-enpresek-ekonomia-zirkularraren-esparruan-garatzen-ari-diren-proiektuen-esperientziak-eta-ikaskuntzak-partekatu-dituzte\/"},"modified":"2023-11-29T11:14:48","modified_gmt":"2023-11-29T09:14:48","slug":"urola-erdia-eta-urola-garaiako-enpresek-ekonomia-zirkularraren-esparruan-garatzen-ari-diren-proiektuen-esperientziak-eta-ikaskuntzak-partekatu-dituzte","status":"publish","type":"post","link":"https:\/\/iraurgiberritzen.eus\/es\/urola-erdia-eta-urola-garaiako-enpresek-ekonomia-zirkularraren-esparruan-garatzen-ari-diren-proiektuen-esperientziak-eta-ikaskuntzak-partekatu-dituzte\/","title":{"rendered":"Empresas de Urola Erdia y Urola Garaia comparten experiencias y aprendizajes de los proyectos que est\u00e1n desarrollando en el \u00e1mbito de la Econom\u00eda Circular"},"content":{"rendered":"<p style=\"text-align: justify\">Hoy, 29 de Noviembre, dentro del proyecto \u201cUrola Zirkularra\u201d y con el fin de impulsar la Econom\u00eda Circular en las comarcas de Urola Erdia y Urola Garaia se ha celebrado una sesi\u00f3n conjunta con las 5 empresas que est\u00e1n participando en el proyecto, en la cual se han intercambiado las experiencias y aprendizajes que est\u00e1 teniendo cada empresa en el desarrollo del proceso.<\/p>\n<p style=\"text-align: justify\">El objetivo del proyecto \u201cUrola Zirkularra\u201d es identificar, valorar y priorizar nuevas oportunidades y nichos de mercado asociados a la econom\u00eda circular en las pymes industriales de las comarcas de Urola Erdia y Urola Garaia, mediante la creaci\u00f3n de un plan de acci\u00f3n individual para impulsar estas oportunidades.<\/p>\n<p style=\"text-align: justify\">En esta primera sesi\u00f3n conjunta entre las 5 empresas participantes en el proyecto, por una parte se ha compartido el grado de avance del proyecto, c\u00f3mo se est\u00e1 trabajando el proceso, sensibilidad de la empresa hacia la econom\u00eda circular, oportunidades que se detectan, dudas respecto al proceso, \u2026<\/p>\n<p style=\"text-align: justify\">Por parte de B+I Strategy, expertos que est\u00e1n apoyando en el desarrollo de los proyectos, se han expuesto las primeras conclusiones en cuanto al de punto de partida de las empresas, principales oportunidades circulares y primeros ejemplos de estrategias circulares concretas.<\/p>\n<p style=\"text-align: justify\">Adem\u00e1s, se ha contado tambi\u00e9n con la participaci\u00f3n de Ihobe, quien ha aportado su opini\u00f3n sobre las oportunidades que se empiezan a identificar, as\u00ed como ejemplos de proyectos cercanos y programas de ayudas, recursos y actividades de Ihobe que les pueden resultar \u00fatiles a las empresas.<\/p>\n<p style=\"text-align: justify\">El proyecto se desarrolla en colaboraci\u00f3n entre Iraurgi Berritzen y Uggasa, Agencias de Desarrollo e Innovaci\u00f3n de las comarcas de Urola Erdia y Urola Garaia, dentro del programa PYME Circular, gracias a la financiaci\u00f3n recibida por el Gobierno Vasco a trav\u00e9s de la entidad p\u00fablica IHOBE.<\/p>\n","protected":false},"excerpt":{"rendered":"<p>Hoy, 29 de Noviembre, dentro del proyecto \u201cUrola Zirkularra\u201d y con el fin de impulsar la Econom\u00eda Circular en las comarcas de Urola Erdia y Urola Garaia se ha celebrado una sesi\u00f3n conjunta con las 5 empresas que est\u00e1n participando en el proyecto, en la cual se han intercambiado las experiencias y aprendizajes que est\u00e1 [&hellip;]<\/p>\n","protected":false},"author":0,"featured_media":17143,"comment_status":"","ping_status":"closed","sticky":false,"template":"","format":"standard","meta":{"_acf_changed":false,"footnotes":""},"categories":[4],"tags":[],"class_list":["post-17144","post","type-post","status-publish","format-standard","has-post-thumbnail","hentry","category-noticias"],"acf":[],"yoast_head":"<!-- This site is optimized with the Yoast SEO plugin v27.4 - https:\/\/yoast.com\/product\/yoast-seo-wordpress\/ -->\n<title>Empresas de Urola Erdia y Urola Garaia comparten experiencias y aprendizajes de los proyectos que est\u00e1n desarrollando en el \u00e1mbito de la Econom\u00eda Circular - Iraurgi Berritzen<\/title>\n<meta name=\"robots\" content=\"index, follow, max-snippet:-1, max-image-preview:large, max-video-preview:-1\" \/>\n<link rel=\"canonical\" href=\"https:\/\/iraurgiberritzen.eus\/es\/urola-erdia-eta-urola-garaiako-enpresek-ekonomia-zirkularraren-esparruan-garatzen-ari-diren-proiektuen-esperientziak-eta-ikaskuntzak-partekatu-dituzte\/\" \/>\n<meta property=\"og:locale\" content=\"es_ES\" \/>\n<meta property=\"og:type\" content=\"article\" \/>\n<meta property=\"og:title\" content=\"Empresas de Urola Erdia y Urola Garaia comparten experiencias y aprendizajes de los proyectos que est\u00e1n desarrollando en el \u00e1mbito de la Econom\u00eda Circular - Iraurgi Berritzen\" \/>\n<meta property=\"og:description\" content=\"Hoy, 29 de Noviembre, dentro del proyecto \u201cUrola Zirkularra\u201d y con el fin de impulsar la Econom\u00eda Circular en las comarcas de Urola Erdia y Urola Garaia se ha celebrado una sesi\u00f3n conjunta con las 5 empresas que est\u00e1n participando en el proyecto, en la cual se han intercambiado las experiencias y aprendizajes que est\u00e1 [&hellip;]\" \/>\n<meta property=\"og:url\" content=\"https:\/\/iraurgiberritzen.eus\/es\/urola-erdia-eta-urola-garaiako-enpresek-ekonomia-zirkularraren-esparruan-garatzen-ari-diren-proiektuen-esperientziak-eta-ikaskuntzak-partekatu-dituzte\/\" \/>\n<meta property=\"og:site_name\" content=\"Iraurgi Berritzen\" \/>\n<meta property=\"article:published_time\" content=\"2023-11-29T09:14:48+00:00\" \/>\n<meta name=\"twitter:card\" content=\"summary_large_image\" \/>\n<meta name=\"twitter:label1\" content=\"Tiempo de lectura\" \/>\n\t<meta name=\"twitter:data1\" content=\"2 minutos\" \/>\n<script type=\"application\/ld+json\" class=\"yoast-schema-graph\">{\"@context\":\"https:\\\/\\\/schema.org\",\"@graph\":[{\"@type\":\"Article\",\"@id\":\"https:\\\/\\\/iraurgiberritzen.eus\\\/es\\\/urola-erdia-eta-urola-garaiako-enpresek-ekonomia-zirkularraren-esparruan-garatzen-ari-diren-proiektuen-esperientziak-eta-ikaskuntzak-partekatu-dituzte\\\/#article\",\"isPartOf\":{\"@id\":\"https:\\\/\\\/iraurgiberritzen.eus\\\/es\\\/urola-erdia-eta-urola-garaiako-enpresek-ekonomia-zirkularraren-esparruan-garatzen-ari-diren-proiektuen-esperientziak-eta-ikaskuntzak-partekatu-dituzte\\\/\"},\"author\":{\"name\":\"\",\"@id\":\"\"},\"headline\":\"Empresas de Urola Erdia y Urola Garaia comparten experiencias y aprendizajes de los proyectos que est\u00e1n desarrollando en el \u00e1mbito de la Econom\u00eda Circular\",\"datePublished\":\"2023-11-29T09:14:48+00:00\",\"mainEntityOfPage\":{\"@id\":\"https:\\\/\\\/iraurgiberritzen.eus\\\/es\\\/urola-erdia-eta-urola-garaiako-enpresek-ekonomia-zirkularraren-esparruan-garatzen-ari-diren-proiektuen-esperientziak-eta-ikaskuntzak-partekatu-dituzte\\\/\"},\"wordCount\":334,\"publisher\":{\"@id\":\"https:\\\/\\\/iraurgiberritzen.eus\\\/es\\\/#organization\"},\"image\":{\"@id\":\"https:\\\/\\\/iraurgiberritzen.eus\\\/es\\\/urola-erdia-eta-urola-garaiako-enpresek-ekonomia-zirkularraren-esparruan-garatzen-ari-diren-proiektuen-esperientziak-eta-ikaskuntzak-partekatu-dituzte\\\/#primaryimage\"},\"thumbnailUrl\":\"https:\\\/\\\/iraurgiberritzen.eus\\\/wp-content\\\/uploads\\\/2024\\\/01\\\/640bc71f20c2ac282130971ea91627ee.jpg\",\"articleSection\":[\"Noticias\"],\"inLanguage\":\"es\"},{\"@type\":\"WebPage\",\"@id\":\"https:\\\/\\\/iraurgiberritzen.eus\\\/es\\\/urola-erdia-eta-urola-garaiako-enpresek-ekonomia-zirkularraren-esparruan-garatzen-ari-diren-proiektuen-esperientziak-eta-ikaskuntzak-partekatu-dituzte\\\/\",\"url\":\"https:\\\/\\\/iraurgiberritzen.eus\\\/es\\\/urola-erdia-eta-urola-garaiako-enpresek-ekonomia-zirkularraren-esparruan-garatzen-ari-diren-proiektuen-esperientziak-eta-ikaskuntzak-partekatu-dituzte\\\/\",\"name\":\"Empresas de Urola Erdia y Urola Garaia comparten experiencias y aprendizajes de los proyectos que est\u00e1n desarrollando en el \u00e1mbito de la Econom\u00eda Circular - Iraurgi Berritzen\",\"isPartOf\":{\"@id\":\"https:\\\/\\\/iraurgiberritzen.eus\\\/es\\\/#website\"},\"primaryImageOfPage\":{\"@id\":\"https:\\\/\\\/iraurgiberritzen.eus\\\/es\\\/urola-erdia-eta-urola-garaiako-enpresek-ekonomia-zirkularraren-esparruan-garatzen-ari-diren-proiektuen-esperientziak-eta-ikaskuntzak-partekatu-dituzte\\\/#primaryimage\"},\"image\":{\"@id\":\"https:\\\/\\\/iraurgiberritzen.eus\\\/es\\\/urola-erdia-eta-urola-garaiako-enpresek-ekonomia-zirkularraren-esparruan-garatzen-ari-diren-proiektuen-esperientziak-eta-ikaskuntzak-partekatu-dituzte\\\/#primaryimage\"},\"thumbnailUrl\":\"https:\\\/\\\/iraurgiberritzen.eus\\\/wp-content\\\/uploads\\\/2024\\\/01\\\/640bc71f20c2ac282130971ea91627ee.jpg\",\"datePublished\":\"2023-11-29T09:14:48+00:00\",\"breadcrumb\":{\"@id\":\"https:\\\/\\\/iraurgiberritzen.eus\\\/es\\\/urola-erdia-eta-urola-garaiako-enpresek-ekonomia-zirkularraren-esparruan-garatzen-ari-diren-proiektuen-esperientziak-eta-ikaskuntzak-partekatu-dituzte\\\/#breadcrumb\"},\"inLanguage\":\"es\",\"potentialAction\":[{\"@type\":\"ReadAction\",\"target\":[\"https:\\\/\\\/iraurgiberritzen.eus\\\/es\\\/urola-erdia-eta-urola-garaiako-enpresek-ekonomia-zirkularraren-esparruan-garatzen-ari-diren-proiektuen-esperientziak-eta-ikaskuntzak-partekatu-dituzte\\\/\"]}]},{\"@type\":\"ImageObject\",\"inLanguage\":\"es\",\"@id\":\"https:\\\/\\\/iraurgiberritzen.eus\\\/es\\\/urola-erdia-eta-urola-garaiako-enpresek-ekonomia-zirkularraren-esparruan-garatzen-ari-diren-proiektuen-esperientziak-eta-ikaskuntzak-partekatu-dituzte\\\/#primaryimage\",\"url\":\"https:\\\/\\\/iraurgiberritzen.eus\\\/wp-content\\\/uploads\\\/2024\\\/01\\\/640bc71f20c2ac282130971ea91627ee.jpg\",\"contentUrl\":\"https:\\\/\\\/iraurgiberritzen.eus\\\/wp-content\\\/uploads\\\/2024\\\/01\\\/640bc71f20c2ac282130971ea91627ee.jpg\",\"width\":400,\"height\":257},{\"@type\":\"BreadcrumbList\",\"@id\":\"https:\\\/\\\/iraurgiberritzen.eus\\\/es\\\/urola-erdia-eta-urola-garaiako-enpresek-ekonomia-zirkularraren-esparruan-garatzen-ari-diren-proiektuen-esperientziak-eta-ikaskuntzak-partekatu-dituzte\\\/#breadcrumb\",\"itemListElement\":[{\"@type\":\"ListItem\",\"position\":1,\"name\":\"Home\",\"item\":\"https:\\\/\\\/iraurgiberritzen.eus\\\/es\\\/\"},{\"@type\":\"ListItem\",\"position\":2,\"name\":\"Empresas de Urola Erdia y Urola Garaia comparten experiencias y aprendizajes de los proyectos que est\u00e1n desarrollando en el \u00e1mbito de la Econom\u00eda Circular\"}]},{\"@type\":\"WebSite\",\"@id\":\"https:\\\/\\\/iraurgiberritzen.eus\\\/es\\\/#website\",\"url\":\"https:\\\/\\\/iraurgiberritzen.eus\\\/es\\\/\",\"name\":\"Iraurgi Berritzen\",\"description\":\"Urola Erdiko Garapen Agentzia\",\"publisher\":{\"@id\":\"https:\\\/\\\/iraurgiberritzen.eus\\\/es\\\/#organization\"},\"potentialAction\":[{\"@type\":\"SearchAction\",\"target\":{\"@type\":\"EntryPoint\",\"urlTemplate\":\"https:\\\/\\\/iraurgiberritzen.eus\\\/es\\\/?s={search_term_string}\"},\"query-input\":{\"@type\":\"PropertyValueSpecification\",\"valueRequired\":true,\"valueName\":\"search_term_string\"}}],\"inLanguage\":\"es\"},{\"@type\":\"Organization\",\"@id\":\"https:\\\/\\\/iraurgiberritzen.eus\\\/es\\\/#organization\",\"name\":\"Iraurgi Berritzen\",\"url\":\"https:\\\/\\\/iraurgiberritzen.eus\\\/es\\\/\",\"logo\":{\"@type\":\"ImageObject\",\"inLanguage\":\"es\",\"@id\":\"https:\\\/\\\/iraurgiberritzen.eus\\\/es\\\/#\\\/schema\\\/logo\\\/image\\\/\",\"url\":\"https:\\\/\\\/iraurgiberritzen.eus\\\/wp-content\\\/uploads\\\/2024\\\/02\\\/IRAURGI-BERRITZEN-logotipoa_2.png\",\"contentUrl\":\"https:\\\/\\\/iraurgiberritzen.eus\\\/wp-content\\\/uploads\\\/2024\\\/02\\\/IRAURGI-BERRITZEN-logotipoa_2.png\",\"width\":496,\"height\":190,\"caption\":\"Iraurgi Berritzen\"},\"image\":{\"@id\":\"https:\\\/\\\/iraurgiberritzen.eus\\\/es\\\/#\\\/schema\\\/logo\\\/image\\\/\"}}]}<\/script>\n<!-- \/ Yoast SEO plugin. -->","yoast_head_json":{"title":"Empresas de Urola Erdia y Urola Garaia comparten experiencias y aprendizajes de los proyectos que est\u00e1n desarrollando en el \u00e1mbito de la Econom\u00eda Circular - Iraurgi Berritzen","robots":{"index":"index","follow":"follow","max-snippet":"max-snippet:-1","max-image-preview":"max-image-preview:large","max-video-preview":"max-video-preview:-1"},"canonical":"https:\/\/iraurgiberritzen.eus\/es\/urola-erdia-eta-urola-garaiako-enpresek-ekonomia-zirkularraren-esparruan-garatzen-ari-diren-proiektuen-esperientziak-eta-ikaskuntzak-partekatu-dituzte\/","og_locale":"es_ES","og_type":"article","og_title":"Empresas de Urola Erdia y Urola Garaia comparten experiencias y aprendizajes de los proyectos que est\u00e1n desarrollando en el \u00e1mbito de la Econom\u00eda Circular - Iraurgi Berritzen","og_description":"Hoy, 29 de Noviembre, dentro del proyecto \u201cUrola Zirkularra\u201d y con el fin de impulsar la Econom\u00eda Circular en las comarcas de Urola Erdia y Urola Garaia se ha celebrado una sesi\u00f3n conjunta con las 5 empresas que est\u00e1n participando en el proyecto, en la cual se han intercambiado las experiencias y aprendizajes que est\u00e1 [&hellip;]","og_url":"https:\/\/iraurgiberritzen.eus\/es\/urola-erdia-eta-urola-garaiako-enpresek-ekonomia-zirkularraren-esparruan-garatzen-ari-diren-proiektuen-esperientziak-eta-ikaskuntzak-partekatu-dituzte\/","og_site_name":"Iraurgi Berritzen","article_published_time":"2023-11-29T09:14:48+00:00","twitter_card":"summary_large_image","twitter_misc":{"Tiempo de lectura":"2 minutos"},"schema":{"@context":"https:\/\/schema.org","@graph":[{"@type":"Article","@id":"https:\/\/iraurgiberritzen.eus\/es\/urola-erdia-eta-urola-garaiako-enpresek-ekonomia-zirkularraren-esparruan-garatzen-ari-diren-proiektuen-esperientziak-eta-ikaskuntzak-partekatu-dituzte\/#article","isPartOf":{"@id":"https:\/\/iraurgiberritzen.eus\/es\/urola-erdia-eta-urola-garaiako-enpresek-ekonomia-zirkularraren-esparruan-garatzen-ari-diren-proiektuen-esperientziak-eta-ikaskuntzak-partekatu-dituzte\/"},"author":{"name":"","@id":""},"headline":"Empresas de Urola Erdia y Urola Garaia comparten experiencias y aprendizajes de los proyectos que est\u00e1n desarrollando en el \u00e1mbito de la Econom\u00eda Circular","datePublished":"2023-11-29T09:14:48+00:00","mainEntityOfPage":{"@id":"https:\/\/iraurgiberritzen.eus\/es\/urola-erdia-eta-urola-garaiako-enpresek-ekonomia-zirkularraren-esparruan-garatzen-ari-diren-proiektuen-esperientziak-eta-ikaskuntzak-partekatu-dituzte\/"},"wordCount":334,"publisher":{"@id":"https:\/\/iraurgiberritzen.eus\/es\/#organization"},"image":{"@id":"https:\/\/iraurgiberritzen.eus\/es\/urola-erdia-eta-urola-garaiako-enpresek-ekonomia-zirkularraren-esparruan-garatzen-ari-diren-proiektuen-esperientziak-eta-ikaskuntzak-partekatu-dituzte\/#primaryimage"},"thumbnailUrl":"https:\/\/iraurgiberritzen.eus\/wp-content\/uploads\/2024\/01\/640bc71f20c2ac282130971ea91627ee.jpg","articleSection":["Noticias"],"inLanguage":"es"},{"@type":"WebPage","@id":"https:\/\/iraurgiberritzen.eus\/es\/urola-erdia-eta-urola-garaiako-enpresek-ekonomia-zirkularraren-esparruan-garatzen-ari-diren-proiektuen-esperientziak-eta-ikaskuntzak-partekatu-dituzte\/","url":"https:\/\/iraurgiberritzen.eus\/es\/urola-erdia-eta-urola-garaiako-enpresek-ekonomia-zirkularraren-esparruan-garatzen-ari-diren-proiektuen-esperientziak-eta-ikaskuntzak-partekatu-dituzte\/","name":"Empresas de Urola Erdia y Urola Garaia comparten experiencias y aprendizajes de los proyectos que est\u00e1n desarrollando en el \u00e1mbito de la Econom\u00eda Circular - Iraurgi Berritzen","isPartOf":{"@id":"https:\/\/iraurgiberritzen.eus\/es\/#website"},"primaryImageOfPage":{"@id":"https:\/\/iraurgiberritzen.eus\/es\/urola-erdia-eta-urola-garaiako-enpresek-ekonomia-zirkularraren-esparruan-garatzen-ari-diren-proiektuen-esperientziak-eta-ikaskuntzak-partekatu-dituzte\/#primaryimage"},"image":{"@id":"https:\/\/iraurgiberritzen.eus\/es\/urola-erdia-eta-urola-garaiako-enpresek-ekonomia-zirkularraren-esparruan-garatzen-ari-diren-proiektuen-esperientziak-eta-ikaskuntzak-partekatu-dituzte\/#primaryimage"},"thumbnailUrl":"https:\/\/iraurgiberritzen.eus\/wp-content\/uploads\/2024\/01\/640bc71f20c2ac282130971ea91627ee.jpg","datePublished":"2023-11-29T09:14:48+00:00","breadcrumb":{"@id":"https:\/\/iraurgiberritzen.eus\/es\/urola-erdia-eta-urola-garaiako-enpresek-ekonomia-zirkularraren-esparruan-garatzen-ari-diren-proiektuen-esperientziak-eta-ikaskuntzak-partekatu-dituzte\/#breadcrumb"},"inLanguage":"es","potentialAction":[{"@type":"ReadAction","target":["https:\/\/iraurgiberritzen.eus\/es\/urola-erdia-eta-urola-garaiako-enpresek-ekonomia-zirkularraren-esparruan-garatzen-ari-diren-proiektuen-esperientziak-eta-ikaskuntzak-partekatu-dituzte\/"]}]},{"@type":"ImageObject","inLanguage":"es","@id":"https:\/\/iraurgiberritzen.eus\/es\/urola-erdia-eta-urola-garaiako-enpresek-ekonomia-zirkularraren-esparruan-garatzen-ari-diren-proiektuen-esperientziak-eta-ikaskuntzak-partekatu-dituzte\/#primaryimage","url":"https:\/\/iraurgiberritzen.eus\/wp-content\/uploads\/2024\/01\/640bc71f20c2ac282130971ea91627ee.jpg","contentUrl":"https:\/\/iraurgiberritzen.eus\/wp-content\/uploads\/2024\/01\/640bc71f20c2ac282130971ea91627ee.jpg","width":400,"height":257},{"@type":"BreadcrumbList","@id":"https:\/\/iraurgiberritzen.eus\/es\/urola-erdia-eta-urola-garaiako-enpresek-ekonomia-zirkularraren-esparruan-garatzen-ari-diren-proiektuen-esperientziak-eta-ikaskuntzak-partekatu-dituzte\/#breadcrumb","itemListElement":[{"@type":"ListItem","position":1,"name":"Home","item":"https:\/\/iraurgiberritzen.eus\/es\/"},{"@type":"ListItem","position":2,"name":"Empresas de Urola Erdia y Urola Garaia comparten experiencias y aprendizajes de los proyectos que est\u00e1n desarrollando en el \u00e1mbito de la Econom\u00eda Circular"}]},{"@type":"WebSite","@id":"https:\/\/iraurgiberritzen.eus\/es\/#website","url":"https:\/\/iraurgiberritzen.eus\/es\/","name":"Iraurgi Berritzen","description":"Urola Erdiko Garapen Agentzia","publisher":{"@id":"https:\/\/iraurgiberritzen.eus\/es\/#organization"},"potentialAction":[{"@type":"SearchAction","target":{"@type":"EntryPoint","urlTemplate":"https:\/\/iraurgiberritzen.eus\/es\/?s={search_term_string}"},"query-input":{"@type":"PropertyValueSpecification","valueRequired":true,"valueName":"search_term_string"}}],"inLanguage":"es"},{"@type":"Organization","@id":"https:\/\/iraurgiberritzen.eus\/es\/#organization","name":"Iraurgi Berritzen","url":"https:\/\/iraurgiberritzen.eus\/es\/","logo":{"@type":"ImageObject","inLanguage":"es","@id":"https:\/\/iraurgiberritzen.eus\/es\/#\/schema\/logo\/image\/","url":"https:\/\/iraurgiberritzen.eus\/wp-content\/uploads\/2024\/02\/IRAURGI-BERRITZEN-logotipoa_2.png","contentUrl":"https:\/\/iraurgiberritzen.eus\/wp-content\/uploads\/2024\/02\/IRAURGI-BERRITZEN-logotipoa_2.png","width":496,"height":190,"caption":"Iraurgi Berritzen"},"image":{"@id":"https:\/\/iraurgiberritzen.eus\/es\/#\/schema\/logo\/image\/"}}]}},"_links":{"self":[{"href":"https:\/\/iraurgiberritzen.eus\/es\/wp-json\/wp\/v2\/posts\/17144","targetHints":{"allow":["GET"]}}],"collection":[{"href":"https:\/\/iraurgiberritzen.eus\/es\/wp-json\/wp\/v2\/posts"}],"about":[{"href":"https:\/\/iraurgiberritzen.eus\/es\/wp-json\/wp\/v2\/types\/post"}],"replies":[{"embeddable":true,"href":"https:\/\/iraurgiberritzen.eus\/es\/wp-json\/wp\/v2\/comments?post=17144"}],"version-history":[{"count":0,"href":"https:\/\/iraurgiberritzen.eus\/es\/wp-json\/wp\/v2\/posts\/17144\/revisions"}],"wp:featuredmedia":[{"embeddable":true,"href":"https:\/\/iraurgiberritzen.eus\/es\/wp-json\/wp\/v2\/media\/17143"}],"wp:attachment":[{"href":"https:\/\/iraurgiberritzen.eus\/es\/wp-json\/wp\/v2\/media?parent=17144"}],"wp:term":[{"taxonomy":"category","embeddable":true,"href":"https:\/\/iraurgiberritzen.eus\/es\/wp-json\/wp\/v2\/categories?post=17144"},{"taxonomy":"post_tag","embeddable":true,"href":"https:\/\/iraurgiberritzen.eus\/es\/wp-json\/wp\/v2\/tags?post=17144"}],"curies":[{"name":"wp","href":"https:\/\/api.w.org\/{rel}","templated":true}]}}