{"id":17160,"date":"2023-12-15T11:22:55","date_gmt":"2023-12-15T09:22:55","guid":{"rendered":"https:\/\/iraurgiberritzen.eus\/en-2024-se-dara-continuidad-a-la-oferta-formativa-dirigida-a-personas-emprendedoras-y-pequenos-negocios\/"},"modified":"2023-12-15T11:22:55","modified_gmt":"2023-12-15T09:22:55","slug":"en-2024-se-dara-continuidad-a-la-oferta-formativa-dirigida-a-personas-emprendedoras-y-pequenos-negocios","status":"publish","type":"post","link":"https:\/\/iraurgiberritzen.eus\/es\/en-2024-se-dara-continuidad-a-la-oferta-formativa-dirigida-a-personas-emprendedoras-y-pequenos-negocios\/","title":{"rendered":"En 2024 se dar\u00e1 continuidad a la oferta formativa dirigida a personas emprendedoras y peque\u00f1os negocios"},"content":{"rendered":"<p style=\"text-align: justify\">Las personas emprendedoras y peque\u00f1os negocios de la comarca han recibido durante todo el a\u00f1o sesiones de capacitaci\u00f3n para mejorar la gesti\u00f3n de su negocio.<\/p>\n<p style=\"text-align: justify\">Las sesiones han estado vinculadas a diferentes \u00e1reas, no obstante, la digitalizaci\u00f3n ha sido el tema predominante. Estas formaciones sobre digitalizaci\u00f3n se han impartido en el marco del programa Acelera Pyme, cuyo objetivo es fomentar la digitalizaci\u00f3n de peque\u00f1os negocios.<\/p>\n<p style=\"text-align: justify\">Las sesiones de redes sociales, han sido las que han tenido mayor acogida. Las personas emprendedoras y peque\u00f1os negocios han recibido conocimientos sobre el uso de Facebook, Instagram y Whatsapp Business. En cuanto a la gesti\u00f3n de los Recursos Humanos, han recibido una formaci\u00f3n sobre los puntos clave que deben tener en cuenta los peque\u00f1os negocios a la hora de contratar personal.<\/p>\n<p style=\"text-align: justify\">En total han participado alrededor de 50 personas y se han valorado positivamente las sesiones formativas recibidas. Desde el \u00e1rea de emprendimiento, de cara al pr\u00f3ximo a\u00f1o, se ha facilitado un cuestionario a todas las personas que han participado en las formaciones para poder identificar las carencias que pueden tener en sus negocios y de este modo planificar la agenda formativa de cara al pr\u00f3ximo a\u00f1o.<\/p>\n<p style=\"text-align: justify\">En 2024 el equipo t\u00e9cnico del Area de Emprendimiento seguir\u00e1 ofreciendo a las personas emprendedoras y peque\u00f1os negocios de la comarca las sesiones de formaci\u00f3n necesarias para facilitar la gesti\u00f3n diaria de sus negocios.<\/p>\n<p>&nbsp;<\/p>\n","protected":false},"excerpt":{"rendered":"<p>Las personas emprendedoras y peque\u00f1os negocios de la comarca han recibido durante todo el a\u00f1o sesiones de capacitaci\u00f3n para mejorar la gesti\u00f3n de su negocio. Las sesiones han estado vinculadas a diferentes \u00e1reas, no obstante, la digitalizaci\u00f3n ha sido el tema predominante. Estas formaciones sobre digitalizaci\u00f3n se han impartido en el marco del programa Acelera [&hellip;]<\/p>\n","protected":false},"author":0,"featured_media":17159,"comment_status":"","ping_status":"closed","sticky":false,"template":"","format":"standard","meta":{"_acf_changed":false,"footnotes":""},"categories":[4],"tags":[],"class_list":["post-17160","post","type-post","status-publish","format-standard","has-post-thumbnail","hentry","category-noticias"],"acf":[],"yoast_head":"<!-- This site is optimized with the Yoast SEO plugin v27.4 - https:\/\/yoast.com\/product\/yoast-seo-wordpress\/ -->\n<title>En 2024 se dar\u00e1 continuidad a la oferta formativa dirigida a personas emprendedoras y peque\u00f1os negocios - Iraurgi Berritzen<\/title>\n<meta name=\"robots\" content=\"index, follow, max-snippet:-1, max-image-preview:large, max-video-preview:-1\" \/>\n<link rel=\"canonical\" href=\"https:\/\/iraurgiberritzen.eus\/es\/en-2024-se-dara-continuidad-a-la-oferta-formativa-dirigida-a-personas-emprendedoras-y-pequenos-negocios\/\" \/>\n<meta property=\"og:locale\" content=\"es_ES\" \/>\n<meta property=\"og:type\" content=\"article\" \/>\n<meta property=\"og:title\" content=\"En 2024 se dar\u00e1 continuidad a la oferta formativa dirigida a personas emprendedoras y peque\u00f1os negocios - Iraurgi Berritzen\" \/>\n<meta property=\"og:description\" content=\"Las personas emprendedoras y peque\u00f1os negocios de la comarca han recibido durante todo el a\u00f1o sesiones de capacitaci\u00f3n para mejorar la gesti\u00f3n de su negocio. Las sesiones han estado vinculadas a diferentes \u00e1reas, no obstante, la digitalizaci\u00f3n ha sido el tema predominante. Estas formaciones sobre digitalizaci\u00f3n se han impartido en el marco del programa Acelera [&hellip;]\" \/>\n<meta property=\"og:url\" content=\"https:\/\/iraurgiberritzen.eus\/es\/en-2024-se-dara-continuidad-a-la-oferta-formativa-dirigida-a-personas-emprendedoras-y-pequenos-negocios\/\" \/>\n<meta property=\"og:site_name\" content=\"Iraurgi Berritzen\" \/>\n<meta property=\"article:published_time\" content=\"2023-12-15T09:22:55+00:00\" \/>\n<meta name=\"twitter:card\" content=\"summary_large_image\" \/>\n<meta name=\"twitter:label1\" content=\"Tiempo de lectura\" \/>\n\t<meta name=\"twitter:data1\" content=\"1 minuto\" \/>\n<script type=\"application\/ld+json\" class=\"yoast-schema-graph\">{\"@context\":\"https:\\\/\\\/schema.org\",\"@graph\":[{\"@type\":\"Article\",\"@id\":\"https:\\\/\\\/iraurgiberritzen.eus\\\/es\\\/en-2024-se-dara-continuidad-a-la-oferta-formativa-dirigida-a-personas-emprendedoras-y-pequenos-negocios\\\/#article\",\"isPartOf\":{\"@id\":\"https:\\\/\\\/iraurgiberritzen.eus\\\/es\\\/en-2024-se-dara-continuidad-a-la-oferta-formativa-dirigida-a-personas-emprendedoras-y-pequenos-negocios\\\/\"},\"author\":{\"name\":\"\",\"@id\":\"\"},\"headline\":\"En 2024 se dar\u00e1 continuidad a la oferta formativa dirigida a personas emprendedoras y peque\u00f1os negocios\",\"datePublished\":\"2023-12-15T09:22:55+00:00\",\"mainEntityOfPage\":{\"@id\":\"https:\\\/\\\/iraurgiberritzen.eus\\\/es\\\/en-2024-se-dara-continuidad-a-la-oferta-formativa-dirigida-a-personas-emprendedoras-y-pequenos-negocios\\\/\"},\"wordCount\":262,\"publisher\":{\"@id\":\"https:\\\/\\\/iraurgiberritzen.eus\\\/es\\\/#organization\"},\"image\":{\"@id\":\"https:\\\/\\\/iraurgiberritzen.eus\\\/es\\\/en-2024-se-dara-continuidad-a-la-oferta-formativa-dirigida-a-personas-emprendedoras-y-pequenos-negocios\\\/#primaryimage\"},\"thumbnailUrl\":\"https:\\\/\\\/iraurgiberritzen.eus\\\/wp-content\\\/uploads\\\/2024\\\/01\\\/b7488390dedefbaf9badeda0e0ea042d.jpg\",\"articleSection\":[\"Noticias\"],\"inLanguage\":\"es\"},{\"@type\":\"WebPage\",\"@id\":\"https:\\\/\\\/iraurgiberritzen.eus\\\/es\\\/en-2024-se-dara-continuidad-a-la-oferta-formativa-dirigida-a-personas-emprendedoras-y-pequenos-negocios\\\/\",\"url\":\"https:\\\/\\\/iraurgiberritzen.eus\\\/es\\\/en-2024-se-dara-continuidad-a-la-oferta-formativa-dirigida-a-personas-emprendedoras-y-pequenos-negocios\\\/\",\"name\":\"En 2024 se dar\u00e1 continuidad a la oferta formativa dirigida a personas emprendedoras y peque\u00f1os negocios - Iraurgi Berritzen\",\"isPartOf\":{\"@id\":\"https:\\\/\\\/iraurgiberritzen.eus\\\/es\\\/#website\"},\"primaryImageOfPage\":{\"@id\":\"https:\\\/\\\/iraurgiberritzen.eus\\\/es\\\/en-2024-se-dara-continuidad-a-la-oferta-formativa-dirigida-a-personas-emprendedoras-y-pequenos-negocios\\\/#primaryimage\"},\"image\":{\"@id\":\"https:\\\/\\\/iraurgiberritzen.eus\\\/es\\\/en-2024-se-dara-continuidad-a-la-oferta-formativa-dirigida-a-personas-emprendedoras-y-pequenos-negocios\\\/#primaryimage\"},\"thumbnailUrl\":\"https:\\\/\\\/iraurgiberritzen.eus\\\/wp-content\\\/uploads\\\/2024\\\/01\\\/b7488390dedefbaf9badeda0e0ea042d.jpg\",\"datePublished\":\"2023-12-15T09:22:55+00:00\",\"breadcrumb\":{\"@id\":\"https:\\\/\\\/iraurgiberritzen.eus\\\/es\\\/en-2024-se-dara-continuidad-a-la-oferta-formativa-dirigida-a-personas-emprendedoras-y-pequenos-negocios\\\/#breadcrumb\"},\"inLanguage\":\"es\",\"potentialAction\":[{\"@type\":\"ReadAction\",\"target\":[\"https:\\\/\\\/iraurgiberritzen.eus\\\/es\\\/en-2024-se-dara-continuidad-a-la-oferta-formativa-dirigida-a-personas-emprendedoras-y-pequenos-negocios\\\/\"]}]},{\"@type\":\"ImageObject\",\"inLanguage\":\"es\",\"@id\":\"https:\\\/\\\/iraurgiberritzen.eus\\\/es\\\/en-2024-se-dara-continuidad-a-la-oferta-formativa-dirigida-a-personas-emprendedoras-y-pequenos-negocios\\\/#primaryimage\",\"url\":\"https:\\\/\\\/iraurgiberritzen.eus\\\/wp-content\\\/uploads\\\/2024\\\/01\\\/b7488390dedefbaf9badeda0e0ea042d.jpg\",\"contentUrl\":\"https:\\\/\\\/iraurgiberritzen.eus\\\/wp-content\\\/uploads\\\/2024\\\/01\\\/b7488390dedefbaf9badeda0e0ea042d.jpg\",\"width\":400,\"height\":257},{\"@type\":\"BreadcrumbList\",\"@id\":\"https:\\\/\\\/iraurgiberritzen.eus\\\/es\\\/en-2024-se-dara-continuidad-a-la-oferta-formativa-dirigida-a-personas-emprendedoras-y-pequenos-negocios\\\/#breadcrumb\",\"itemListElement\":[{\"@type\":\"ListItem\",\"position\":1,\"name\":\"Home\",\"item\":\"https:\\\/\\\/iraurgiberritzen.eus\\\/es\\\/\"},{\"@type\":\"ListItem\",\"position\":2,\"name\":\"En 2024 se dar\u00e1 continuidad a la oferta formativa dirigida a personas emprendedoras y peque\u00f1os negocios\"}]},{\"@type\":\"WebSite\",\"@id\":\"https:\\\/\\\/iraurgiberritzen.eus\\\/es\\\/#website\",\"url\":\"https:\\\/\\\/iraurgiberritzen.eus\\\/es\\\/\",\"name\":\"Iraurgi Berritzen\",\"description\":\"Urola Erdiko Garapen Agentzia\",\"publisher\":{\"@id\":\"https:\\\/\\\/iraurgiberritzen.eus\\\/es\\\/#organization\"},\"potentialAction\":[{\"@type\":\"SearchAction\",\"target\":{\"@type\":\"EntryPoint\",\"urlTemplate\":\"https:\\\/\\\/iraurgiberritzen.eus\\\/es\\\/?s={search_term_string}\"},\"query-input\":{\"@type\":\"PropertyValueSpecification\",\"valueRequired\":true,\"valueName\":\"search_term_string\"}}],\"inLanguage\":\"es\"},{\"@type\":\"Organization\",\"@id\":\"https:\\\/\\\/iraurgiberritzen.eus\\\/es\\\/#organization\",\"name\":\"Iraurgi Berritzen\",\"url\":\"https:\\\/\\\/iraurgiberritzen.eus\\\/es\\\/\",\"logo\":{\"@type\":\"ImageObject\",\"inLanguage\":\"es\",\"@id\":\"https:\\\/\\\/iraurgiberritzen.eus\\\/es\\\/#\\\/schema\\\/logo\\\/image\\\/\",\"url\":\"https:\\\/\\\/iraurgiberritzen.eus\\\/wp-content\\\/uploads\\\/2024\\\/02\\\/IRAURGI-BERRITZEN-logotipoa_2.png\",\"contentUrl\":\"https:\\\/\\\/iraurgiberritzen.eus\\\/wp-content\\\/uploads\\\/2024\\\/02\\\/IRAURGI-BERRITZEN-logotipoa_2.png\",\"width\":496,\"height\":190,\"caption\":\"Iraurgi Berritzen\"},\"image\":{\"@id\":\"https:\\\/\\\/iraurgiberritzen.eus\\\/es\\\/#\\\/schema\\\/logo\\\/image\\\/\"}}]}<\/script>\n<!-- \/ Yoast SEO plugin. -->","yoast_head_json":{"title":"En 2024 se dar\u00e1 continuidad a la oferta formativa dirigida a personas emprendedoras y peque\u00f1os negocios - Iraurgi Berritzen","robots":{"index":"index","follow":"follow","max-snippet":"max-snippet:-1","max-image-preview":"max-image-preview:large","max-video-preview":"max-video-preview:-1"},"canonical":"https:\/\/iraurgiberritzen.eus\/es\/en-2024-se-dara-continuidad-a-la-oferta-formativa-dirigida-a-personas-emprendedoras-y-pequenos-negocios\/","og_locale":"es_ES","og_type":"article","og_title":"En 2024 se dar\u00e1 continuidad a la oferta formativa dirigida a personas emprendedoras y peque\u00f1os negocios - Iraurgi Berritzen","og_description":"Las personas emprendedoras y peque\u00f1os negocios de la comarca han recibido durante todo el a\u00f1o sesiones de capacitaci\u00f3n para mejorar la gesti\u00f3n de su negocio. Las sesiones han estado vinculadas a diferentes \u00e1reas, no obstante, la digitalizaci\u00f3n ha sido el tema predominante. Estas formaciones sobre digitalizaci\u00f3n se han impartido en el marco del programa Acelera [&hellip;]","og_url":"https:\/\/iraurgiberritzen.eus\/es\/en-2024-se-dara-continuidad-a-la-oferta-formativa-dirigida-a-personas-emprendedoras-y-pequenos-negocios\/","og_site_name":"Iraurgi Berritzen","article_published_time":"2023-12-15T09:22:55+00:00","twitter_card":"summary_large_image","twitter_misc":{"Tiempo de lectura":"1 minuto"},"schema":{"@context":"https:\/\/schema.org","@graph":[{"@type":"Article","@id":"https:\/\/iraurgiberritzen.eus\/es\/en-2024-se-dara-continuidad-a-la-oferta-formativa-dirigida-a-personas-emprendedoras-y-pequenos-negocios\/#article","isPartOf":{"@id":"https:\/\/iraurgiberritzen.eus\/es\/en-2024-se-dara-continuidad-a-la-oferta-formativa-dirigida-a-personas-emprendedoras-y-pequenos-negocios\/"},"author":{"name":"","@id":""},"headline":"En 2024 se dar\u00e1 continuidad a la oferta formativa dirigida a personas emprendedoras y peque\u00f1os negocios","datePublished":"2023-12-15T09:22:55+00:00","mainEntityOfPage":{"@id":"https:\/\/iraurgiberritzen.eus\/es\/en-2024-se-dara-continuidad-a-la-oferta-formativa-dirigida-a-personas-emprendedoras-y-pequenos-negocios\/"},"wordCount":262,"publisher":{"@id":"https:\/\/iraurgiberritzen.eus\/es\/#organization"},"image":{"@id":"https:\/\/iraurgiberritzen.eus\/es\/en-2024-se-dara-continuidad-a-la-oferta-formativa-dirigida-a-personas-emprendedoras-y-pequenos-negocios\/#primaryimage"},"thumbnailUrl":"https:\/\/iraurgiberritzen.eus\/wp-content\/uploads\/2024\/01\/b7488390dedefbaf9badeda0e0ea042d.jpg","articleSection":["Noticias"],"inLanguage":"es"},{"@type":"WebPage","@id":"https:\/\/iraurgiberritzen.eus\/es\/en-2024-se-dara-continuidad-a-la-oferta-formativa-dirigida-a-personas-emprendedoras-y-pequenos-negocios\/","url":"https:\/\/iraurgiberritzen.eus\/es\/en-2024-se-dara-continuidad-a-la-oferta-formativa-dirigida-a-personas-emprendedoras-y-pequenos-negocios\/","name":"En 2024 se dar\u00e1 continuidad a la oferta formativa dirigida a personas emprendedoras y peque\u00f1os negocios - Iraurgi Berritzen","isPartOf":{"@id":"https:\/\/iraurgiberritzen.eus\/es\/#website"},"primaryImageOfPage":{"@id":"https:\/\/iraurgiberritzen.eus\/es\/en-2024-se-dara-continuidad-a-la-oferta-formativa-dirigida-a-personas-emprendedoras-y-pequenos-negocios\/#primaryimage"},"image":{"@id":"https:\/\/iraurgiberritzen.eus\/es\/en-2024-se-dara-continuidad-a-la-oferta-formativa-dirigida-a-personas-emprendedoras-y-pequenos-negocios\/#primaryimage"},"thumbnailUrl":"https:\/\/iraurgiberritzen.eus\/wp-content\/uploads\/2024\/01\/b7488390dedefbaf9badeda0e0ea042d.jpg","datePublished":"2023-12-15T09:22:55+00:00","breadcrumb":{"@id":"https:\/\/iraurgiberritzen.eus\/es\/en-2024-se-dara-continuidad-a-la-oferta-formativa-dirigida-a-personas-emprendedoras-y-pequenos-negocios\/#breadcrumb"},"inLanguage":"es","potentialAction":[{"@type":"ReadAction","target":["https:\/\/iraurgiberritzen.eus\/es\/en-2024-se-dara-continuidad-a-la-oferta-formativa-dirigida-a-personas-emprendedoras-y-pequenos-negocios\/"]}]},{"@type":"ImageObject","inLanguage":"es","@id":"https:\/\/iraurgiberritzen.eus\/es\/en-2024-se-dara-continuidad-a-la-oferta-formativa-dirigida-a-personas-emprendedoras-y-pequenos-negocios\/#primaryimage","url":"https:\/\/iraurgiberritzen.eus\/wp-content\/uploads\/2024\/01\/b7488390dedefbaf9badeda0e0ea042d.jpg","contentUrl":"https:\/\/iraurgiberritzen.eus\/wp-content\/uploads\/2024\/01\/b7488390dedefbaf9badeda0e0ea042d.jpg","width":400,"height":257},{"@type":"BreadcrumbList","@id":"https:\/\/iraurgiberritzen.eus\/es\/en-2024-se-dara-continuidad-a-la-oferta-formativa-dirigida-a-personas-emprendedoras-y-pequenos-negocios\/#breadcrumb","itemListElement":[{"@type":"ListItem","position":1,"name":"Home","item":"https:\/\/iraurgiberritzen.eus\/es\/"},{"@type":"ListItem","position":2,"name":"En 2024 se dar\u00e1 continuidad a la oferta formativa dirigida a personas emprendedoras y peque\u00f1os negocios"}]},{"@type":"WebSite","@id":"https:\/\/iraurgiberritzen.eus\/es\/#website","url":"https:\/\/iraurgiberritzen.eus\/es\/","name":"Iraurgi Berritzen","description":"Urola Erdiko Garapen Agentzia","publisher":{"@id":"https:\/\/iraurgiberritzen.eus\/es\/#organization"},"potentialAction":[{"@type":"SearchAction","target":{"@type":"EntryPoint","urlTemplate":"https:\/\/iraurgiberritzen.eus\/es\/?s={search_term_string}"},"query-input":{"@type":"PropertyValueSpecification","valueRequired":true,"valueName":"search_term_string"}}],"inLanguage":"es"},{"@type":"Organization","@id":"https:\/\/iraurgiberritzen.eus\/es\/#organization","name":"Iraurgi Berritzen","url":"https:\/\/iraurgiberritzen.eus\/es\/","logo":{"@type":"ImageObject","inLanguage":"es","@id":"https:\/\/iraurgiberritzen.eus\/es\/#\/schema\/logo\/image\/","url":"https:\/\/iraurgiberritzen.eus\/wp-content\/uploads\/2024\/02\/IRAURGI-BERRITZEN-logotipoa_2.png","contentUrl":"https:\/\/iraurgiberritzen.eus\/wp-content\/uploads\/2024\/02\/IRAURGI-BERRITZEN-logotipoa_2.png","width":496,"height":190,"caption":"Iraurgi Berritzen"},"image":{"@id":"https:\/\/iraurgiberritzen.eus\/es\/#\/schema\/logo\/image\/"}}]}},"_links":{"self":[{"href":"https:\/\/iraurgiberritzen.eus\/es\/wp-json\/wp\/v2\/posts\/17160","targetHints":{"allow":["GET"]}}],"collection":[{"href":"https:\/\/iraurgiberritzen.eus\/es\/wp-json\/wp\/v2\/posts"}],"about":[{"href":"https:\/\/iraurgiberritzen.eus\/es\/wp-json\/wp\/v2\/types\/post"}],"replies":[{"embeddable":true,"href":"https:\/\/iraurgiberritzen.eus\/es\/wp-json\/wp\/v2\/comments?post=17160"}],"version-history":[{"count":0,"href":"https:\/\/iraurgiberritzen.eus\/es\/wp-json\/wp\/v2\/posts\/17160\/revisions"}],"wp:featuredmedia":[{"embeddable":true,"href":"https:\/\/iraurgiberritzen.eus\/es\/wp-json\/wp\/v2\/media\/17159"}],"wp:attachment":[{"href":"https:\/\/iraurgiberritzen.eus\/es\/wp-json\/wp\/v2\/media?parent=17160"}],"wp:term":[{"taxonomy":"category","embeddable":true,"href":"https:\/\/iraurgiberritzen.eus\/es\/wp-json\/wp\/v2\/categories?post=17160"},{"taxonomy":"post_tag","embeddable":true,"href":"https:\/\/iraurgiberritzen.eus\/es\/wp-json\/wp\/v2\/tags?post=17160"}],"curies":[{"name":"wp","href":"https:\/\/api.w.org\/{rel}","templated":true}]}}