{"id":17164,"date":"2023-12-15T12:25:09","date_gmt":"2023-12-15T10:25:09","guid":{"rendered":"https:\/\/iraurgiberritzen.eus\/el-alumnado-de-la-comarca-profundiza-en-las-reflexiones-sobre-su-orientacion-academica-y-profesional-con-la-ayuda-de-iraurgi-berritzen\/"},"modified":"2023-12-15T12:25:09","modified_gmt":"2023-12-15T10:25:09","slug":"el-alumnado-de-la-comarca-profundiza-en-las-reflexiones-sobre-su-orientacion-academica-y-profesional-con-la-ayuda-de-iraurgi-berritzen","status":"publish","type":"post","link":"https:\/\/iraurgiberritzen.eus\/es\/el-alumnado-de-la-comarca-profundiza-en-las-reflexiones-sobre-su-orientacion-academica-y-profesional-con-la-ayuda-de-iraurgi-berritzen\/","title":{"rendered":"El alumnado de la comarca profundiza en las reflexiones sobre su orientaci\u00f3n acad\u00e9mica y profesional con la ayuda de Iraurgi Berritzen"},"content":{"rendered":"<p style=\"text-align: justify\">En las \u00faltimas semanas, dentro del proyecto Gerolan y en dos cursos de bachillerato, se han celebrado sesiones de reflexi\u00f3n en 11 aulas y con m\u00e1s de 200 alumnos en total. Su objetivo ha sido sensibilizar al alumnado sobre la importancia de reflexionar sobre su futuro profesional y personal.<\/p>\n<p style=\"text-align: justify\">A trav\u00e9s de estas sesiones, partiendo de las preguntas \u00bfY ahora, d\u00f3nde y c\u00f3mo voy a dar continuidad a mis estudios? o \u00bfD\u00f3nde me veo dentro de cinco a\u00f1os?, se ha querido sensibilizar al alumno sobre la importancia de reflexionar sobre su futuro profesional y personal empleando distintas din\u00e1micas. Adem\u00e1s, se ha continuado con el proceso de reflexi\u00f3n del alumnado, y trabajado sus preguntas concretas, exponi\u00e9ndose a su vez la realidad socioecon\u00f3mica de la comarca.<\/p>\n<p style=\"text-align: justify\">En el \u00e1rea de educaci\u00f3n de Iraurgi Berritzen, a trav\u00e9s del proyecto GEROLAN, en los pr\u00f3ximos meses, adem\u00e1s de continuar con estas sesiones de sensibilizaci\u00f3n, se organizar\u00e1n visitas a diferentes agentes en funci\u00f3n de los intereses del alumnado. Estas sesiones de trabajo se dirigen tanto al alumnado de 4\u00ba de ESO y 2\u00ba de Bachiller.<\/p>\n<p style=\"text-align: justify\">Este proyecto tiene su origen en la red de colaboraci\u00f3n de agentes dinamizada por Iraurgi Berritzen y se desarrolla en colaboraci\u00f3n con los orientadores de los cinco centros escolares de la comarca. El objetivo principal de la iniciativa es reforzar el plan de orientaci\u00f3n de los centros, para lo cual se trabajan diferentes acciones en colaboraci\u00f3n. Entre ellas, se pueden destacar las sesiones de sensibilizaci\u00f3n que se celebran en los centros escolares o las visitas que se organizan a los diferentes agentes, en funci\u00f3n de los intereses que tienen los alumnos.<\/p>\n","protected":false},"excerpt":{"rendered":"<p>En las \u00faltimas semanas, dentro del proyecto Gerolan y en dos cursos de bachillerato, se han celebrado sesiones de reflexi\u00f3n en 11 aulas y con m\u00e1s de 200 alumnos en total. Su objetivo ha sido sensibilizar al alumnado sobre la importancia de reflexionar sobre su futuro profesional y personal. A trav\u00e9s de estas sesiones, partiendo [&hellip;]<\/p>\n","protected":false},"author":0,"featured_media":17163,"comment_status":"","ping_status":"closed","sticky":false,"template":"","format":"standard","meta":{"_acf_changed":false,"footnotes":""},"categories":[4],"tags":[],"class_list":["post-17164","post","type-post","status-publish","format-standard","has-post-thumbnail","hentry","category-noticias"],"acf":[],"yoast_head":"<!-- This site is optimized with the Yoast SEO plugin v27.4 - https:\/\/yoast.com\/product\/yoast-seo-wordpress\/ -->\n<title>El alumnado de la comarca profundiza en las reflexiones sobre su orientaci\u00f3n acad\u00e9mica y profesional con la ayuda de Iraurgi Berritzen - Iraurgi Berritzen<\/title>\n<meta name=\"robots\" content=\"index, follow, max-snippet:-1, max-image-preview:large, max-video-preview:-1\" \/>\n<link rel=\"canonical\" href=\"https:\/\/iraurgiberritzen.eus\/es\/el-alumnado-de-la-comarca-profundiza-en-las-reflexiones-sobre-su-orientacion-academica-y-profesional-con-la-ayuda-de-iraurgi-berritzen\/\" \/>\n<meta property=\"og:locale\" content=\"es_ES\" \/>\n<meta property=\"og:type\" content=\"article\" \/>\n<meta property=\"og:title\" content=\"El alumnado de la comarca profundiza en las reflexiones sobre su orientaci\u00f3n acad\u00e9mica y profesional con la ayuda de Iraurgi Berritzen - Iraurgi Berritzen\" \/>\n<meta property=\"og:description\" content=\"En las \u00faltimas semanas, dentro del proyecto Gerolan y en dos cursos de bachillerato, se han celebrado sesiones de reflexi\u00f3n en 11 aulas y con m\u00e1s de 200 alumnos en total. Su objetivo ha sido sensibilizar al alumnado sobre la importancia de reflexionar sobre su futuro profesional y personal. A trav\u00e9s de estas sesiones, partiendo [&hellip;]\" \/>\n<meta property=\"og:url\" content=\"https:\/\/iraurgiberritzen.eus\/es\/el-alumnado-de-la-comarca-profundiza-en-las-reflexiones-sobre-su-orientacion-academica-y-profesional-con-la-ayuda-de-iraurgi-berritzen\/\" \/>\n<meta property=\"og:site_name\" content=\"Iraurgi Berritzen\" \/>\n<meta property=\"article:published_time\" content=\"2023-12-15T10:25:09+00:00\" \/>\n<meta name=\"twitter:card\" content=\"summary_large_image\" \/>\n<meta name=\"twitter:label1\" content=\"Tiempo de lectura\" \/>\n\t<meta name=\"twitter:data1\" content=\"1 minuto\" \/>\n<script type=\"application\/ld+json\" class=\"yoast-schema-graph\">{\"@context\":\"https:\\\/\\\/schema.org\",\"@graph\":[{\"@type\":\"Article\",\"@id\":\"https:\\\/\\\/iraurgiberritzen.eus\\\/es\\\/el-alumnado-de-la-comarca-profundiza-en-las-reflexiones-sobre-su-orientacion-academica-y-profesional-con-la-ayuda-de-iraurgi-berritzen\\\/#article\",\"isPartOf\":{\"@id\":\"https:\\\/\\\/iraurgiberritzen.eus\\\/es\\\/el-alumnado-de-la-comarca-profundiza-en-las-reflexiones-sobre-su-orientacion-academica-y-profesional-con-la-ayuda-de-iraurgi-berritzen\\\/\"},\"author\":{\"name\":\"\",\"@id\":\"\"},\"headline\":\"El alumnado de la comarca profundiza en las reflexiones sobre su orientaci\u00f3n acad\u00e9mica y profesional con la ayuda de Iraurgi Berritzen\",\"datePublished\":\"2023-12-15T10:25:09+00:00\",\"mainEntityOfPage\":{\"@id\":\"https:\\\/\\\/iraurgiberritzen.eus\\\/es\\\/el-alumnado-de-la-comarca-profundiza-en-las-reflexiones-sobre-su-orientacion-academica-y-profesional-con-la-ayuda-de-iraurgi-berritzen\\\/\"},\"wordCount\":314,\"publisher\":{\"@id\":\"https:\\\/\\\/iraurgiberritzen.eus\\\/es\\\/#organization\"},\"image\":{\"@id\":\"https:\\\/\\\/iraurgiberritzen.eus\\\/es\\\/el-alumnado-de-la-comarca-profundiza-en-las-reflexiones-sobre-su-orientacion-academica-y-profesional-con-la-ayuda-de-iraurgi-berritzen\\\/#primaryimage\"},\"thumbnailUrl\":\"https:\\\/\\\/iraurgiberritzen.eus\\\/wp-content\\\/uploads\\\/2024\\\/01\\\/f1c4dafe9b2166c170d3410acf419ec3.jpg\",\"articleSection\":[\"Noticias\"],\"inLanguage\":\"es\"},{\"@type\":\"WebPage\",\"@id\":\"https:\\\/\\\/iraurgiberritzen.eus\\\/es\\\/el-alumnado-de-la-comarca-profundiza-en-las-reflexiones-sobre-su-orientacion-academica-y-profesional-con-la-ayuda-de-iraurgi-berritzen\\\/\",\"url\":\"https:\\\/\\\/iraurgiberritzen.eus\\\/es\\\/el-alumnado-de-la-comarca-profundiza-en-las-reflexiones-sobre-su-orientacion-academica-y-profesional-con-la-ayuda-de-iraurgi-berritzen\\\/\",\"name\":\"El alumnado de la comarca profundiza en las reflexiones sobre su orientaci\u00f3n acad\u00e9mica y profesional con la ayuda de Iraurgi Berritzen - Iraurgi Berritzen\",\"isPartOf\":{\"@id\":\"https:\\\/\\\/iraurgiberritzen.eus\\\/es\\\/#website\"},\"primaryImageOfPage\":{\"@id\":\"https:\\\/\\\/iraurgiberritzen.eus\\\/es\\\/el-alumnado-de-la-comarca-profundiza-en-las-reflexiones-sobre-su-orientacion-academica-y-profesional-con-la-ayuda-de-iraurgi-berritzen\\\/#primaryimage\"},\"image\":{\"@id\":\"https:\\\/\\\/iraurgiberritzen.eus\\\/es\\\/el-alumnado-de-la-comarca-profundiza-en-las-reflexiones-sobre-su-orientacion-academica-y-profesional-con-la-ayuda-de-iraurgi-berritzen\\\/#primaryimage\"},\"thumbnailUrl\":\"https:\\\/\\\/iraurgiberritzen.eus\\\/wp-content\\\/uploads\\\/2024\\\/01\\\/f1c4dafe9b2166c170d3410acf419ec3.jpg\",\"datePublished\":\"2023-12-15T10:25:09+00:00\",\"breadcrumb\":{\"@id\":\"https:\\\/\\\/iraurgiberritzen.eus\\\/es\\\/el-alumnado-de-la-comarca-profundiza-en-las-reflexiones-sobre-su-orientacion-academica-y-profesional-con-la-ayuda-de-iraurgi-berritzen\\\/#breadcrumb\"},\"inLanguage\":\"es\",\"potentialAction\":[{\"@type\":\"ReadAction\",\"target\":[\"https:\\\/\\\/iraurgiberritzen.eus\\\/es\\\/el-alumnado-de-la-comarca-profundiza-en-las-reflexiones-sobre-su-orientacion-academica-y-profesional-con-la-ayuda-de-iraurgi-berritzen\\\/\"]}]},{\"@type\":\"ImageObject\",\"inLanguage\":\"es\",\"@id\":\"https:\\\/\\\/iraurgiberritzen.eus\\\/es\\\/el-alumnado-de-la-comarca-profundiza-en-las-reflexiones-sobre-su-orientacion-academica-y-profesional-con-la-ayuda-de-iraurgi-berritzen\\\/#primaryimage\",\"url\":\"https:\\\/\\\/iraurgiberritzen.eus\\\/wp-content\\\/uploads\\\/2024\\\/01\\\/f1c4dafe9b2166c170d3410acf419ec3.jpg\",\"contentUrl\":\"https:\\\/\\\/iraurgiberritzen.eus\\\/wp-content\\\/uploads\\\/2024\\\/01\\\/f1c4dafe9b2166c170d3410acf419ec3.jpg\",\"width\":400,\"height\":257},{\"@type\":\"BreadcrumbList\",\"@id\":\"https:\\\/\\\/iraurgiberritzen.eus\\\/es\\\/el-alumnado-de-la-comarca-profundiza-en-las-reflexiones-sobre-su-orientacion-academica-y-profesional-con-la-ayuda-de-iraurgi-berritzen\\\/#breadcrumb\",\"itemListElement\":[{\"@type\":\"ListItem\",\"position\":1,\"name\":\"Home\",\"item\":\"https:\\\/\\\/iraurgiberritzen.eus\\\/es\\\/\"},{\"@type\":\"ListItem\",\"position\":2,\"name\":\"El alumnado de la comarca profundiza en las reflexiones sobre su orientaci\u00f3n acad\u00e9mica y profesional con la ayuda de Iraurgi Berritzen\"}]},{\"@type\":\"WebSite\",\"@id\":\"https:\\\/\\\/iraurgiberritzen.eus\\\/es\\\/#website\",\"url\":\"https:\\\/\\\/iraurgiberritzen.eus\\\/es\\\/\",\"name\":\"Iraurgi Berritzen\",\"description\":\"Urola Erdiko Garapen Agentzia\",\"publisher\":{\"@id\":\"https:\\\/\\\/iraurgiberritzen.eus\\\/es\\\/#organization\"},\"potentialAction\":[{\"@type\":\"SearchAction\",\"target\":{\"@type\":\"EntryPoint\",\"urlTemplate\":\"https:\\\/\\\/iraurgiberritzen.eus\\\/es\\\/?s={search_term_string}\"},\"query-input\":{\"@type\":\"PropertyValueSpecification\",\"valueRequired\":true,\"valueName\":\"search_term_string\"}}],\"inLanguage\":\"es\"},{\"@type\":\"Organization\",\"@id\":\"https:\\\/\\\/iraurgiberritzen.eus\\\/es\\\/#organization\",\"name\":\"Iraurgi Berritzen\",\"url\":\"https:\\\/\\\/iraurgiberritzen.eus\\\/es\\\/\",\"logo\":{\"@type\":\"ImageObject\",\"inLanguage\":\"es\",\"@id\":\"https:\\\/\\\/iraurgiberritzen.eus\\\/es\\\/#\\\/schema\\\/logo\\\/image\\\/\",\"url\":\"https:\\\/\\\/iraurgiberritzen.eus\\\/wp-content\\\/uploads\\\/2024\\\/02\\\/IRAURGI-BERRITZEN-logotipoa_2.png\",\"contentUrl\":\"https:\\\/\\\/iraurgiberritzen.eus\\\/wp-content\\\/uploads\\\/2024\\\/02\\\/IRAURGI-BERRITZEN-logotipoa_2.png\",\"width\":496,\"height\":190,\"caption\":\"Iraurgi Berritzen\"},\"image\":{\"@id\":\"https:\\\/\\\/iraurgiberritzen.eus\\\/es\\\/#\\\/schema\\\/logo\\\/image\\\/\"}}]}<\/script>\n<!-- \/ Yoast SEO plugin. -->","yoast_head_json":{"title":"El alumnado de la comarca profundiza en las reflexiones sobre su orientaci\u00f3n acad\u00e9mica y profesional con la ayuda de Iraurgi Berritzen - Iraurgi Berritzen","robots":{"index":"index","follow":"follow","max-snippet":"max-snippet:-1","max-image-preview":"max-image-preview:large","max-video-preview":"max-video-preview:-1"},"canonical":"https:\/\/iraurgiberritzen.eus\/es\/el-alumnado-de-la-comarca-profundiza-en-las-reflexiones-sobre-su-orientacion-academica-y-profesional-con-la-ayuda-de-iraurgi-berritzen\/","og_locale":"es_ES","og_type":"article","og_title":"El alumnado de la comarca profundiza en las reflexiones sobre su orientaci\u00f3n acad\u00e9mica y profesional con la ayuda de Iraurgi Berritzen - Iraurgi Berritzen","og_description":"En las \u00faltimas semanas, dentro del proyecto Gerolan y en dos cursos de bachillerato, se han celebrado sesiones de reflexi\u00f3n en 11 aulas y con m\u00e1s de 200 alumnos en total. Su objetivo ha sido sensibilizar al alumnado sobre la importancia de reflexionar sobre su futuro profesional y personal. A trav\u00e9s de estas sesiones, partiendo [&hellip;]","og_url":"https:\/\/iraurgiberritzen.eus\/es\/el-alumnado-de-la-comarca-profundiza-en-las-reflexiones-sobre-su-orientacion-academica-y-profesional-con-la-ayuda-de-iraurgi-berritzen\/","og_site_name":"Iraurgi Berritzen","article_published_time":"2023-12-15T10:25:09+00:00","twitter_card":"summary_large_image","twitter_misc":{"Tiempo de lectura":"1 minuto"},"schema":{"@context":"https:\/\/schema.org","@graph":[{"@type":"Article","@id":"https:\/\/iraurgiberritzen.eus\/es\/el-alumnado-de-la-comarca-profundiza-en-las-reflexiones-sobre-su-orientacion-academica-y-profesional-con-la-ayuda-de-iraurgi-berritzen\/#article","isPartOf":{"@id":"https:\/\/iraurgiberritzen.eus\/es\/el-alumnado-de-la-comarca-profundiza-en-las-reflexiones-sobre-su-orientacion-academica-y-profesional-con-la-ayuda-de-iraurgi-berritzen\/"},"author":{"name":"","@id":""},"headline":"El alumnado de la comarca profundiza en las reflexiones sobre su orientaci\u00f3n acad\u00e9mica y profesional con la ayuda de Iraurgi Berritzen","datePublished":"2023-12-15T10:25:09+00:00","mainEntityOfPage":{"@id":"https:\/\/iraurgiberritzen.eus\/es\/el-alumnado-de-la-comarca-profundiza-en-las-reflexiones-sobre-su-orientacion-academica-y-profesional-con-la-ayuda-de-iraurgi-berritzen\/"},"wordCount":314,"publisher":{"@id":"https:\/\/iraurgiberritzen.eus\/es\/#organization"},"image":{"@id":"https:\/\/iraurgiberritzen.eus\/es\/el-alumnado-de-la-comarca-profundiza-en-las-reflexiones-sobre-su-orientacion-academica-y-profesional-con-la-ayuda-de-iraurgi-berritzen\/#primaryimage"},"thumbnailUrl":"https:\/\/iraurgiberritzen.eus\/wp-content\/uploads\/2024\/01\/f1c4dafe9b2166c170d3410acf419ec3.jpg","articleSection":["Noticias"],"inLanguage":"es"},{"@type":"WebPage","@id":"https:\/\/iraurgiberritzen.eus\/es\/el-alumnado-de-la-comarca-profundiza-en-las-reflexiones-sobre-su-orientacion-academica-y-profesional-con-la-ayuda-de-iraurgi-berritzen\/","url":"https:\/\/iraurgiberritzen.eus\/es\/el-alumnado-de-la-comarca-profundiza-en-las-reflexiones-sobre-su-orientacion-academica-y-profesional-con-la-ayuda-de-iraurgi-berritzen\/","name":"El alumnado de la comarca profundiza en las reflexiones sobre su orientaci\u00f3n acad\u00e9mica y profesional con la ayuda de Iraurgi Berritzen - Iraurgi Berritzen","isPartOf":{"@id":"https:\/\/iraurgiberritzen.eus\/es\/#website"},"primaryImageOfPage":{"@id":"https:\/\/iraurgiberritzen.eus\/es\/el-alumnado-de-la-comarca-profundiza-en-las-reflexiones-sobre-su-orientacion-academica-y-profesional-con-la-ayuda-de-iraurgi-berritzen\/#primaryimage"},"image":{"@id":"https:\/\/iraurgiberritzen.eus\/es\/el-alumnado-de-la-comarca-profundiza-en-las-reflexiones-sobre-su-orientacion-academica-y-profesional-con-la-ayuda-de-iraurgi-berritzen\/#primaryimage"},"thumbnailUrl":"https:\/\/iraurgiberritzen.eus\/wp-content\/uploads\/2024\/01\/f1c4dafe9b2166c170d3410acf419ec3.jpg","datePublished":"2023-12-15T10:25:09+00:00","breadcrumb":{"@id":"https:\/\/iraurgiberritzen.eus\/es\/el-alumnado-de-la-comarca-profundiza-en-las-reflexiones-sobre-su-orientacion-academica-y-profesional-con-la-ayuda-de-iraurgi-berritzen\/#breadcrumb"},"inLanguage":"es","potentialAction":[{"@type":"ReadAction","target":["https:\/\/iraurgiberritzen.eus\/es\/el-alumnado-de-la-comarca-profundiza-en-las-reflexiones-sobre-su-orientacion-academica-y-profesional-con-la-ayuda-de-iraurgi-berritzen\/"]}]},{"@type":"ImageObject","inLanguage":"es","@id":"https:\/\/iraurgiberritzen.eus\/es\/el-alumnado-de-la-comarca-profundiza-en-las-reflexiones-sobre-su-orientacion-academica-y-profesional-con-la-ayuda-de-iraurgi-berritzen\/#primaryimage","url":"https:\/\/iraurgiberritzen.eus\/wp-content\/uploads\/2024\/01\/f1c4dafe9b2166c170d3410acf419ec3.jpg","contentUrl":"https:\/\/iraurgiberritzen.eus\/wp-content\/uploads\/2024\/01\/f1c4dafe9b2166c170d3410acf419ec3.jpg","width":400,"height":257},{"@type":"BreadcrumbList","@id":"https:\/\/iraurgiberritzen.eus\/es\/el-alumnado-de-la-comarca-profundiza-en-las-reflexiones-sobre-su-orientacion-academica-y-profesional-con-la-ayuda-de-iraurgi-berritzen\/#breadcrumb","itemListElement":[{"@type":"ListItem","position":1,"name":"Home","item":"https:\/\/iraurgiberritzen.eus\/es\/"},{"@type":"ListItem","position":2,"name":"El alumnado de la comarca profundiza en las reflexiones sobre su orientaci\u00f3n acad\u00e9mica y profesional con la ayuda de Iraurgi Berritzen"}]},{"@type":"WebSite","@id":"https:\/\/iraurgiberritzen.eus\/es\/#website","url":"https:\/\/iraurgiberritzen.eus\/es\/","name":"Iraurgi Berritzen","description":"Urola Erdiko Garapen Agentzia","publisher":{"@id":"https:\/\/iraurgiberritzen.eus\/es\/#organization"},"potentialAction":[{"@type":"SearchAction","target":{"@type":"EntryPoint","urlTemplate":"https:\/\/iraurgiberritzen.eus\/es\/?s={search_term_string}"},"query-input":{"@type":"PropertyValueSpecification","valueRequired":true,"valueName":"search_term_string"}}],"inLanguage":"es"},{"@type":"Organization","@id":"https:\/\/iraurgiberritzen.eus\/es\/#organization","name":"Iraurgi Berritzen","url":"https:\/\/iraurgiberritzen.eus\/es\/","logo":{"@type":"ImageObject","inLanguage":"es","@id":"https:\/\/iraurgiberritzen.eus\/es\/#\/schema\/logo\/image\/","url":"https:\/\/iraurgiberritzen.eus\/wp-content\/uploads\/2024\/02\/IRAURGI-BERRITZEN-logotipoa_2.png","contentUrl":"https:\/\/iraurgiberritzen.eus\/wp-content\/uploads\/2024\/02\/IRAURGI-BERRITZEN-logotipoa_2.png","width":496,"height":190,"caption":"Iraurgi Berritzen"},"image":{"@id":"https:\/\/iraurgiberritzen.eus\/es\/#\/schema\/logo\/image\/"}}]}},"_links":{"self":[{"href":"https:\/\/iraurgiberritzen.eus\/es\/wp-json\/wp\/v2\/posts\/17164","targetHints":{"allow":["GET"]}}],"collection":[{"href":"https:\/\/iraurgiberritzen.eus\/es\/wp-json\/wp\/v2\/posts"}],"about":[{"href":"https:\/\/iraurgiberritzen.eus\/es\/wp-json\/wp\/v2\/types\/post"}],"replies":[{"embeddable":true,"href":"https:\/\/iraurgiberritzen.eus\/es\/wp-json\/wp\/v2\/comments?post=17164"}],"version-history":[{"count":0,"href":"https:\/\/iraurgiberritzen.eus\/es\/wp-json\/wp\/v2\/posts\/17164\/revisions"}],"wp:featuredmedia":[{"embeddable":true,"href":"https:\/\/iraurgiberritzen.eus\/es\/wp-json\/wp\/v2\/media\/17163"}],"wp:attachment":[{"href":"https:\/\/iraurgiberritzen.eus\/es\/wp-json\/wp\/v2\/media?parent=17164"}],"wp:term":[{"taxonomy":"category","embeddable":true,"href":"https:\/\/iraurgiberritzen.eus\/es\/wp-json\/wp\/v2\/categories?post=17164"},{"taxonomy":"post_tag","embeddable":true,"href":"https:\/\/iraurgiberritzen.eus\/es\/wp-json\/wp\/v2\/tags?post=17164"}],"curies":[{"name":"wp","href":"https:\/\/api.w.org\/{rel}","templated":true}]}}