{"id":17172,"date":"2023-12-20T16:00:50","date_gmt":"2023-12-20T14:00:50","guid":{"rendered":"https:\/\/iraurgiberritzen.eus\/iraurgi-berritzen-alcaldes-y-representantes-empresariales-de-urola-erdia-se-reunen-con-la-diputada-foral-de-movilidad-para-abordar-el-servicio-de-transporte-publico\/"},"modified":"2023-12-20T16:00:50","modified_gmt":"2023-12-20T14:00:50","slug":"iraurgi-berritzen-alcaldes-y-representantes-empresariales-de-urola-erdia-se-reunen-con-la-diputada-foral-de-movilidad-para-abordar-el-servicio-de-transporte-publico","status":"publish","type":"post","link":"https:\/\/iraurgiberritzen.eus\/es\/iraurgi-berritzen-alcaldes-y-representantes-empresariales-de-urola-erdia-se-reunen-con-la-diputada-foral-de-movilidad-para-abordar-el-servicio-de-transporte-publico\/","title":{"rendered":"Iraurgi Berritzen, alcaldes y representantes empresariales de Urola Erdia se re\u00fanen con la diputada foral de movilidad para abordar el servicio de transporte p\u00fablico"},"content":{"rendered":"<p>En este primer encuentro, la alcaldesa de Azkoitia, Ana Azkoitia, el alcalde de Zestoa, Mikel Arregi, la Directora de Iraurgi Berritzen Bego\u00f1a Beobide y representantes empresariales de la comarca han analizado con&nbsp;la diputada foral de Movilidad, Turismo y Ordenaci\u00f3n del Territorio, Azahara Dom\u00ednguez,&nbsp;la situaci\u00f3n del servicio de transporte p\u00fablico en Urola Erdia, as\u00ed como las necesidades existentes.<\/p>\n<p>La alcaldesa&nbsp;de Azkoitia Ana Azkoitia, el alcalde de Zestoa, Mikel Arregi, as\u00ed como la Directora de Iraurgi Berritzen y representantes del tejido empresarial de Urola Erdia han mantenido una primera reuni\u00f3n con la diputada de Movilidad, Turismo y Ordenaci\u00f3n del Territorio, Azahara Dom\u00ednguez. En la reuni\u00f3n, los y las representantes comarcales han expuesto el contexto socioecon\u00f3mico de Urola Erdia, las potencialidades del entorno tur\u00edstico, as\u00ed como la situaci\u00f3n del transporte p\u00fablico.<\/p>\n<p>En la cita, que ha sido constructiva y se ha desarrollado en buena sinton\u00eda, se ha acordado seguir trabajando conjuntamente para que las y los ciudadanos de Urola Erdia contin\u00faen disponiendo de un servicio de transporte p\u00fablico que se ajuste a sus necesidades, que son concretamente, estudiar las conexiones con Bilbao y Vitoria, as\u00ed como con el aeropuerto y las Universidades de Bilbao y el campus de Leioa.<\/p>\n<p>Se ha acordado analizar el ajuste de algunas paradas, as\u00ed como encauzar una soluci\u00f3n para que las vecinas tengan una m\u00e1s f\u00e1cil conexi\u00f3n con el campus de Leioa. En este sentido, la diputada ha recordado el compromiso existente, por parte de su departamento, de subvencionar este transporte, que ser\u00e1 gestionado por una asociaci\u00f3n sin \u00e1nimo de lucro.<\/p>\n<p>\u201cDesde el Departamento de Movilidad apostamos por un sistema de transporte p\u00fablico sostenible, seguro y eficaz, que responda a las necesidades de la ciudadan\u00eda para que los guipuzcoanos y guipuzcoanas vean en el autob\u00fas una alternativa c\u00f3moda y segura para sus desplazamientos diarios\u201d, ha subrayado la diputada, Azahara Dom\u00ednguez.<\/p>\n","protected":false},"excerpt":{"rendered":"<p>En este primer encuentro, la alcaldesa de Azkoitia, Ana Azkoitia, el alcalde de Zestoa, Mikel Arregi, la Directora de Iraurgi Berritzen Bego\u00f1a Beobide y representantes empresariales de la comarca han analizado con&nbsp;la diputada foral de Movilidad, Turismo y Ordenaci\u00f3n del Territorio, Azahara Dom\u00ednguez,&nbsp;la situaci\u00f3n del servicio de transporte p\u00fablico en Urola Erdia, as\u00ed como las [&hellip;]<\/p>\n","protected":false},"author":0,"featured_media":17171,"comment_status":"","ping_status":"closed","sticky":false,"template":"","format":"standard","meta":{"_acf_changed":false,"footnotes":""},"categories":[4],"tags":[],"class_list":["post-17172","post","type-post","status-publish","format-standard","has-post-thumbnail","hentry","category-noticias"],"acf":[],"yoast_head":"<!-- This site is optimized with the Yoast SEO plugin v27.4 - https:\/\/yoast.com\/product\/yoast-seo-wordpress\/ -->\n<title>Iraurgi Berritzen, alcaldes y representantes empresariales de Urola Erdia se re\u00fanen con la diputada foral de movilidad para abordar el servicio de transporte p\u00fablico - Iraurgi Berritzen<\/title>\n<meta name=\"robots\" content=\"index, follow, max-snippet:-1, max-image-preview:large, max-video-preview:-1\" \/>\n<link rel=\"canonical\" href=\"https:\/\/iraurgiberritzen.eus\/es\/iraurgi-berritzen-alcaldes-y-representantes-empresariales-de-urola-erdia-se-reunen-con-la-diputada-foral-de-movilidad-para-abordar-el-servicio-de-transporte-publico\/\" \/>\n<meta property=\"og:locale\" content=\"es_ES\" \/>\n<meta property=\"og:type\" content=\"article\" \/>\n<meta property=\"og:title\" content=\"Iraurgi Berritzen, alcaldes y representantes empresariales de Urola Erdia se re\u00fanen con la diputada foral de movilidad para abordar el servicio de transporte p\u00fablico - Iraurgi Berritzen\" \/>\n<meta property=\"og:description\" content=\"En este primer encuentro, la alcaldesa de Azkoitia, Ana Azkoitia, el alcalde de Zestoa, Mikel Arregi, la Directora de Iraurgi Berritzen Bego\u00f1a Beobide y representantes empresariales de la comarca han analizado con&nbsp;la diputada foral de Movilidad, Turismo y Ordenaci\u00f3n del Territorio, Azahara Dom\u00ednguez,&nbsp;la situaci\u00f3n del servicio de transporte p\u00fablico en Urola Erdia, as\u00ed como las [&hellip;]\" \/>\n<meta property=\"og:url\" content=\"https:\/\/iraurgiberritzen.eus\/es\/iraurgi-berritzen-alcaldes-y-representantes-empresariales-de-urola-erdia-se-reunen-con-la-diputada-foral-de-movilidad-para-abordar-el-servicio-de-transporte-publico\/\" \/>\n<meta property=\"og:site_name\" content=\"Iraurgi Berritzen\" \/>\n<meta property=\"article:published_time\" content=\"2023-12-20T14:00:50+00:00\" \/>\n<meta name=\"twitter:card\" content=\"summary_large_image\" \/>\n<meta name=\"twitter:label1\" content=\"Tiempo de lectura\" \/>\n\t<meta name=\"twitter:data1\" content=\"2 minutos\" \/>\n<script type=\"application\/ld+json\" class=\"yoast-schema-graph\">{\"@context\":\"https:\\\/\\\/schema.org\",\"@graph\":[{\"@type\":\"Article\",\"@id\":\"https:\\\/\\\/iraurgiberritzen.eus\\\/es\\\/iraurgi-berritzen-alcaldes-y-representantes-empresariales-de-urola-erdia-se-reunen-con-la-diputada-foral-de-movilidad-para-abordar-el-servicio-de-transporte-publico\\\/#article\",\"isPartOf\":{\"@id\":\"https:\\\/\\\/iraurgiberritzen.eus\\\/es\\\/iraurgi-berritzen-alcaldes-y-representantes-empresariales-de-urola-erdia-se-reunen-con-la-diputada-foral-de-movilidad-para-abordar-el-servicio-de-transporte-publico\\\/\"},\"author\":{\"name\":\"\",\"@id\":\"\"},\"headline\":\"Iraurgi Berritzen, alcaldes y representantes empresariales de Urola Erdia se re\u00fanen con la diputada foral de movilidad para abordar el servicio de transporte p\u00fablico\",\"datePublished\":\"2023-12-20T14:00:50+00:00\",\"mainEntityOfPage\":{\"@id\":\"https:\\\/\\\/iraurgiberritzen.eus\\\/es\\\/iraurgi-berritzen-alcaldes-y-representantes-empresariales-de-urola-erdia-se-reunen-con-la-diputada-foral-de-movilidad-para-abordar-el-servicio-de-transporte-publico\\\/\"},\"wordCount\":360,\"publisher\":{\"@id\":\"https:\\\/\\\/iraurgiberritzen.eus\\\/es\\\/#organization\"},\"image\":{\"@id\":\"https:\\\/\\\/iraurgiberritzen.eus\\\/es\\\/iraurgi-berritzen-alcaldes-y-representantes-empresariales-de-urola-erdia-se-reunen-con-la-diputada-foral-de-movilidad-para-abordar-el-servicio-de-transporte-publico\\\/#primaryimage\"},\"thumbnailUrl\":\"https:\\\/\\\/iraurgiberritzen.eus\\\/wp-content\\\/uploads\\\/2024\\\/01\\\/2a0df9277911439bde7e4716ad3762e7.jpg\",\"articleSection\":[\"Noticias\"],\"inLanguage\":\"es\"},{\"@type\":\"WebPage\",\"@id\":\"https:\\\/\\\/iraurgiberritzen.eus\\\/es\\\/iraurgi-berritzen-alcaldes-y-representantes-empresariales-de-urola-erdia-se-reunen-con-la-diputada-foral-de-movilidad-para-abordar-el-servicio-de-transporte-publico\\\/\",\"url\":\"https:\\\/\\\/iraurgiberritzen.eus\\\/es\\\/iraurgi-berritzen-alcaldes-y-representantes-empresariales-de-urola-erdia-se-reunen-con-la-diputada-foral-de-movilidad-para-abordar-el-servicio-de-transporte-publico\\\/\",\"name\":\"Iraurgi Berritzen, alcaldes y representantes empresariales de Urola Erdia se re\u00fanen con la diputada foral de movilidad para abordar el servicio de transporte p\u00fablico - Iraurgi Berritzen\",\"isPartOf\":{\"@id\":\"https:\\\/\\\/iraurgiberritzen.eus\\\/es\\\/#website\"},\"primaryImageOfPage\":{\"@id\":\"https:\\\/\\\/iraurgiberritzen.eus\\\/es\\\/iraurgi-berritzen-alcaldes-y-representantes-empresariales-de-urola-erdia-se-reunen-con-la-diputada-foral-de-movilidad-para-abordar-el-servicio-de-transporte-publico\\\/#primaryimage\"},\"image\":{\"@id\":\"https:\\\/\\\/iraurgiberritzen.eus\\\/es\\\/iraurgi-berritzen-alcaldes-y-representantes-empresariales-de-urola-erdia-se-reunen-con-la-diputada-foral-de-movilidad-para-abordar-el-servicio-de-transporte-publico\\\/#primaryimage\"},\"thumbnailUrl\":\"https:\\\/\\\/iraurgiberritzen.eus\\\/wp-content\\\/uploads\\\/2024\\\/01\\\/2a0df9277911439bde7e4716ad3762e7.jpg\",\"datePublished\":\"2023-12-20T14:00:50+00:00\",\"breadcrumb\":{\"@id\":\"https:\\\/\\\/iraurgiberritzen.eus\\\/es\\\/iraurgi-berritzen-alcaldes-y-representantes-empresariales-de-urola-erdia-se-reunen-con-la-diputada-foral-de-movilidad-para-abordar-el-servicio-de-transporte-publico\\\/#breadcrumb\"},\"inLanguage\":\"es\",\"potentialAction\":[{\"@type\":\"ReadAction\",\"target\":[\"https:\\\/\\\/iraurgiberritzen.eus\\\/es\\\/iraurgi-berritzen-alcaldes-y-representantes-empresariales-de-urola-erdia-se-reunen-con-la-diputada-foral-de-movilidad-para-abordar-el-servicio-de-transporte-publico\\\/\"]}]},{\"@type\":\"ImageObject\",\"inLanguage\":\"es\",\"@id\":\"https:\\\/\\\/iraurgiberritzen.eus\\\/es\\\/iraurgi-berritzen-alcaldes-y-representantes-empresariales-de-urola-erdia-se-reunen-con-la-diputada-foral-de-movilidad-para-abordar-el-servicio-de-transporte-publico\\\/#primaryimage\",\"url\":\"https:\\\/\\\/iraurgiberritzen.eus\\\/wp-content\\\/uploads\\\/2024\\\/01\\\/2a0df9277911439bde7e4716ad3762e7.jpg\",\"contentUrl\":\"https:\\\/\\\/iraurgiberritzen.eus\\\/wp-content\\\/uploads\\\/2024\\\/01\\\/2a0df9277911439bde7e4716ad3762e7.jpg\",\"width\":600,\"height\":386},{\"@type\":\"BreadcrumbList\",\"@id\":\"https:\\\/\\\/iraurgiberritzen.eus\\\/es\\\/iraurgi-berritzen-alcaldes-y-representantes-empresariales-de-urola-erdia-se-reunen-con-la-diputada-foral-de-movilidad-para-abordar-el-servicio-de-transporte-publico\\\/#breadcrumb\",\"itemListElement\":[{\"@type\":\"ListItem\",\"position\":1,\"name\":\"Home\",\"item\":\"https:\\\/\\\/iraurgiberritzen.eus\\\/es\\\/\"},{\"@type\":\"ListItem\",\"position\":2,\"name\":\"Iraurgi Berritzen, alcaldes y representantes empresariales de Urola Erdia se re\u00fanen con la diputada foral de movilidad para abordar el servicio de transporte p\u00fablico\"}]},{\"@type\":\"WebSite\",\"@id\":\"https:\\\/\\\/iraurgiberritzen.eus\\\/es\\\/#website\",\"url\":\"https:\\\/\\\/iraurgiberritzen.eus\\\/es\\\/\",\"name\":\"Iraurgi Berritzen\",\"description\":\"Urola Erdiko Garapen Agentzia\",\"publisher\":{\"@id\":\"https:\\\/\\\/iraurgiberritzen.eus\\\/es\\\/#organization\"},\"potentialAction\":[{\"@type\":\"SearchAction\",\"target\":{\"@type\":\"EntryPoint\",\"urlTemplate\":\"https:\\\/\\\/iraurgiberritzen.eus\\\/es\\\/?s={search_term_string}\"},\"query-input\":{\"@type\":\"PropertyValueSpecification\",\"valueRequired\":true,\"valueName\":\"search_term_string\"}}],\"inLanguage\":\"es\"},{\"@type\":\"Organization\",\"@id\":\"https:\\\/\\\/iraurgiberritzen.eus\\\/es\\\/#organization\",\"name\":\"Iraurgi Berritzen\",\"url\":\"https:\\\/\\\/iraurgiberritzen.eus\\\/es\\\/\",\"logo\":{\"@type\":\"ImageObject\",\"inLanguage\":\"es\",\"@id\":\"https:\\\/\\\/iraurgiberritzen.eus\\\/es\\\/#\\\/schema\\\/logo\\\/image\\\/\",\"url\":\"https:\\\/\\\/iraurgiberritzen.eus\\\/wp-content\\\/uploads\\\/2024\\\/02\\\/IRAURGI-BERRITZEN-logotipoa_2.png\",\"contentUrl\":\"https:\\\/\\\/iraurgiberritzen.eus\\\/wp-content\\\/uploads\\\/2024\\\/02\\\/IRAURGI-BERRITZEN-logotipoa_2.png\",\"width\":496,\"height\":190,\"caption\":\"Iraurgi Berritzen\"},\"image\":{\"@id\":\"https:\\\/\\\/iraurgiberritzen.eus\\\/es\\\/#\\\/schema\\\/logo\\\/image\\\/\"}}]}<\/script>\n<!-- \/ Yoast SEO plugin. -->","yoast_head_json":{"title":"Iraurgi Berritzen, alcaldes y representantes empresariales de Urola Erdia se re\u00fanen con la diputada foral de movilidad para abordar el servicio de transporte p\u00fablico - Iraurgi Berritzen","robots":{"index":"index","follow":"follow","max-snippet":"max-snippet:-1","max-image-preview":"max-image-preview:large","max-video-preview":"max-video-preview:-1"},"canonical":"https:\/\/iraurgiberritzen.eus\/es\/iraurgi-berritzen-alcaldes-y-representantes-empresariales-de-urola-erdia-se-reunen-con-la-diputada-foral-de-movilidad-para-abordar-el-servicio-de-transporte-publico\/","og_locale":"es_ES","og_type":"article","og_title":"Iraurgi Berritzen, alcaldes y representantes empresariales de Urola Erdia se re\u00fanen con la diputada foral de movilidad para abordar el servicio de transporte p\u00fablico - Iraurgi Berritzen","og_description":"En este primer encuentro, la alcaldesa de Azkoitia, Ana Azkoitia, el alcalde de Zestoa, Mikel Arregi, la Directora de Iraurgi Berritzen Bego\u00f1a Beobide y representantes empresariales de la comarca han analizado con&nbsp;la diputada foral de Movilidad, Turismo y Ordenaci\u00f3n del Territorio, Azahara Dom\u00ednguez,&nbsp;la situaci\u00f3n del servicio de transporte p\u00fablico en Urola Erdia, as\u00ed como las [&hellip;]","og_url":"https:\/\/iraurgiberritzen.eus\/es\/iraurgi-berritzen-alcaldes-y-representantes-empresariales-de-urola-erdia-se-reunen-con-la-diputada-foral-de-movilidad-para-abordar-el-servicio-de-transporte-publico\/","og_site_name":"Iraurgi Berritzen","article_published_time":"2023-12-20T14:00:50+00:00","twitter_card":"summary_large_image","twitter_misc":{"Tiempo de lectura":"2 minutos"},"schema":{"@context":"https:\/\/schema.org","@graph":[{"@type":"Article","@id":"https:\/\/iraurgiberritzen.eus\/es\/iraurgi-berritzen-alcaldes-y-representantes-empresariales-de-urola-erdia-se-reunen-con-la-diputada-foral-de-movilidad-para-abordar-el-servicio-de-transporte-publico\/#article","isPartOf":{"@id":"https:\/\/iraurgiberritzen.eus\/es\/iraurgi-berritzen-alcaldes-y-representantes-empresariales-de-urola-erdia-se-reunen-con-la-diputada-foral-de-movilidad-para-abordar-el-servicio-de-transporte-publico\/"},"author":{"name":"","@id":""},"headline":"Iraurgi Berritzen, alcaldes y representantes empresariales de Urola Erdia se re\u00fanen con la diputada foral de movilidad para abordar el servicio de transporte p\u00fablico","datePublished":"2023-12-20T14:00:50+00:00","mainEntityOfPage":{"@id":"https:\/\/iraurgiberritzen.eus\/es\/iraurgi-berritzen-alcaldes-y-representantes-empresariales-de-urola-erdia-se-reunen-con-la-diputada-foral-de-movilidad-para-abordar-el-servicio-de-transporte-publico\/"},"wordCount":360,"publisher":{"@id":"https:\/\/iraurgiberritzen.eus\/es\/#organization"},"image":{"@id":"https:\/\/iraurgiberritzen.eus\/es\/iraurgi-berritzen-alcaldes-y-representantes-empresariales-de-urola-erdia-se-reunen-con-la-diputada-foral-de-movilidad-para-abordar-el-servicio-de-transporte-publico\/#primaryimage"},"thumbnailUrl":"https:\/\/iraurgiberritzen.eus\/wp-content\/uploads\/2024\/01\/2a0df9277911439bde7e4716ad3762e7.jpg","articleSection":["Noticias"],"inLanguage":"es"},{"@type":"WebPage","@id":"https:\/\/iraurgiberritzen.eus\/es\/iraurgi-berritzen-alcaldes-y-representantes-empresariales-de-urola-erdia-se-reunen-con-la-diputada-foral-de-movilidad-para-abordar-el-servicio-de-transporte-publico\/","url":"https:\/\/iraurgiberritzen.eus\/es\/iraurgi-berritzen-alcaldes-y-representantes-empresariales-de-urola-erdia-se-reunen-con-la-diputada-foral-de-movilidad-para-abordar-el-servicio-de-transporte-publico\/","name":"Iraurgi Berritzen, alcaldes y representantes empresariales de Urola Erdia se re\u00fanen con la diputada foral de movilidad para abordar el servicio de transporte p\u00fablico - Iraurgi Berritzen","isPartOf":{"@id":"https:\/\/iraurgiberritzen.eus\/es\/#website"},"primaryImageOfPage":{"@id":"https:\/\/iraurgiberritzen.eus\/es\/iraurgi-berritzen-alcaldes-y-representantes-empresariales-de-urola-erdia-se-reunen-con-la-diputada-foral-de-movilidad-para-abordar-el-servicio-de-transporte-publico\/#primaryimage"},"image":{"@id":"https:\/\/iraurgiberritzen.eus\/es\/iraurgi-berritzen-alcaldes-y-representantes-empresariales-de-urola-erdia-se-reunen-con-la-diputada-foral-de-movilidad-para-abordar-el-servicio-de-transporte-publico\/#primaryimage"},"thumbnailUrl":"https:\/\/iraurgiberritzen.eus\/wp-content\/uploads\/2024\/01\/2a0df9277911439bde7e4716ad3762e7.jpg","datePublished":"2023-12-20T14:00:50+00:00","breadcrumb":{"@id":"https:\/\/iraurgiberritzen.eus\/es\/iraurgi-berritzen-alcaldes-y-representantes-empresariales-de-urola-erdia-se-reunen-con-la-diputada-foral-de-movilidad-para-abordar-el-servicio-de-transporte-publico\/#breadcrumb"},"inLanguage":"es","potentialAction":[{"@type":"ReadAction","target":["https:\/\/iraurgiberritzen.eus\/es\/iraurgi-berritzen-alcaldes-y-representantes-empresariales-de-urola-erdia-se-reunen-con-la-diputada-foral-de-movilidad-para-abordar-el-servicio-de-transporte-publico\/"]}]},{"@type":"ImageObject","inLanguage":"es","@id":"https:\/\/iraurgiberritzen.eus\/es\/iraurgi-berritzen-alcaldes-y-representantes-empresariales-de-urola-erdia-se-reunen-con-la-diputada-foral-de-movilidad-para-abordar-el-servicio-de-transporte-publico\/#primaryimage","url":"https:\/\/iraurgiberritzen.eus\/wp-content\/uploads\/2024\/01\/2a0df9277911439bde7e4716ad3762e7.jpg","contentUrl":"https:\/\/iraurgiberritzen.eus\/wp-content\/uploads\/2024\/01\/2a0df9277911439bde7e4716ad3762e7.jpg","width":600,"height":386},{"@type":"BreadcrumbList","@id":"https:\/\/iraurgiberritzen.eus\/es\/iraurgi-berritzen-alcaldes-y-representantes-empresariales-de-urola-erdia-se-reunen-con-la-diputada-foral-de-movilidad-para-abordar-el-servicio-de-transporte-publico\/#breadcrumb","itemListElement":[{"@type":"ListItem","position":1,"name":"Home","item":"https:\/\/iraurgiberritzen.eus\/es\/"},{"@type":"ListItem","position":2,"name":"Iraurgi Berritzen, alcaldes y representantes empresariales de Urola Erdia se re\u00fanen con la diputada foral de movilidad para abordar el servicio de transporte p\u00fablico"}]},{"@type":"WebSite","@id":"https:\/\/iraurgiberritzen.eus\/es\/#website","url":"https:\/\/iraurgiberritzen.eus\/es\/","name":"Iraurgi Berritzen","description":"Urola Erdiko Garapen Agentzia","publisher":{"@id":"https:\/\/iraurgiberritzen.eus\/es\/#organization"},"potentialAction":[{"@type":"SearchAction","target":{"@type":"EntryPoint","urlTemplate":"https:\/\/iraurgiberritzen.eus\/es\/?s={search_term_string}"},"query-input":{"@type":"PropertyValueSpecification","valueRequired":true,"valueName":"search_term_string"}}],"inLanguage":"es"},{"@type":"Organization","@id":"https:\/\/iraurgiberritzen.eus\/es\/#organization","name":"Iraurgi Berritzen","url":"https:\/\/iraurgiberritzen.eus\/es\/","logo":{"@type":"ImageObject","inLanguage":"es","@id":"https:\/\/iraurgiberritzen.eus\/es\/#\/schema\/logo\/image\/","url":"https:\/\/iraurgiberritzen.eus\/wp-content\/uploads\/2024\/02\/IRAURGI-BERRITZEN-logotipoa_2.png","contentUrl":"https:\/\/iraurgiberritzen.eus\/wp-content\/uploads\/2024\/02\/IRAURGI-BERRITZEN-logotipoa_2.png","width":496,"height":190,"caption":"Iraurgi Berritzen"},"image":{"@id":"https:\/\/iraurgiberritzen.eus\/es\/#\/schema\/logo\/image\/"}}]}},"_links":{"self":[{"href":"https:\/\/iraurgiberritzen.eus\/es\/wp-json\/wp\/v2\/posts\/17172","targetHints":{"allow":["GET"]}}],"collection":[{"href":"https:\/\/iraurgiberritzen.eus\/es\/wp-json\/wp\/v2\/posts"}],"about":[{"href":"https:\/\/iraurgiberritzen.eus\/es\/wp-json\/wp\/v2\/types\/post"}],"replies":[{"embeddable":true,"href":"https:\/\/iraurgiberritzen.eus\/es\/wp-json\/wp\/v2\/comments?post=17172"}],"version-history":[{"count":0,"href":"https:\/\/iraurgiberritzen.eus\/es\/wp-json\/wp\/v2\/posts\/17172\/revisions"}],"wp:featuredmedia":[{"embeddable":true,"href":"https:\/\/iraurgiberritzen.eus\/es\/wp-json\/wp\/v2\/media\/17171"}],"wp:attachment":[{"href":"https:\/\/iraurgiberritzen.eus\/es\/wp-json\/wp\/v2\/media?parent=17172"}],"wp:term":[{"taxonomy":"category","embeddable":true,"href":"https:\/\/iraurgiberritzen.eus\/es\/wp-json\/wp\/v2\/categories?post=17172"},{"taxonomy":"post_tag","embeddable":true,"href":"https:\/\/iraurgiberritzen.eus\/es\/wp-json\/wp\/v2\/tags?post=17172"}],"curies":[{"name":"wp","href":"https:\/\/api.w.org\/{rel}","templated":true}]}}