{"id":18143,"date":"2024-01-18T09:43:43","date_gmt":"2024-01-18T07:43:43","guid":{"rendered":"https:\/\/iraurgiberritzen.eus\/urola-erdiko-alkateak-eragile-sozioekonomikoen-ordezkariak-eta-iraurgi-berritzen-bide-azpiegituren-foru-diputatuarekin-bildu-dira\/"},"modified":"2024-01-24T11:03:29","modified_gmt":"2024-01-24T09:03:29","slug":"urola-erdiko-alkateak-eragile-sozioekonomikoen-ordezkariak-eta-iraurgi-berritzen-bide-azpiegituren-foru-diputatuarekin-bildu-dira","status":"publish","type":"post","link":"https:\/\/iraurgiberritzen.eus\/es\/urola-erdiko-alkateak-eragile-sozioekonomikoen-ordezkariak-eta-iraurgi-berritzen-bide-azpiegituren-foru-diputatuarekin-bildu-dira\/","title":{"rendered":"Los alcaldes de Urola Erdia, representantes de los agentes socioecon\u00f3micos de la comarca e Iraurgi Berritzen, se han reunido con la diputada foral de infraestructuras viarias"},"content":{"rendered":"<h4>La Diputaci\u00f3n Foral de Gipuzkoa acogi\u00f3 ayer por la ma\u00f1ana la presentaci\u00f3n de necesidades de la comarca.<\/h4>\n<p>&nbsp;<\/p>\n<p>La diputada foral de infraestructuras viarias, Mar\u00eda Ubarretxena, el director de este departamento, Mikel Uribetxeberria, la alcaldesa de Azkoitia, Ana Azkoitia, la alcaldesa de Azpeitia, Nagore Alkorta, el alcalde de Zestoa, Mikel Arregi, la directora de Iraurgi Berritzen, Bego\u00f1a Beobide, y agentes socioecon\u00f3micos de la comarca, Naiara Aldazabal, de Biele Group, y Marian Etxeberria, del Grupo Sein, han analizado la situaci\u00f3n de las infraestructuras viarias de la comarca y las necesidades actuales.<\/p>\n<p>En la reflexi\u00f3n estrat\u00e9gica \u00abElkarrekin Urola Erdia Eraldatzen 2021-2027\u00bb, llevada a cabo en colaboraci\u00f3n con 76 agentes de la comarca, se concluy\u00f3 la necesidad de mejorar el sistema de infraestructuras del Urola Medio, y con el fin de satisfacer dicha necesidad, ayer por la ma\u00f1ana trasladaron al departamento de infraestructuras viarias las necesidades de mejora analizados.<\/p>\n<p>En cuanto a las subl\u00edneas que engloba esta necesidad, se pretende mejorar la red de movilidad a la que tienen acceso los diferentes ciudadanos y agentes socioecon\u00f3micos de la comarca. Para ello se constituy\u00f3 el a\u00f1o pasado una comisi\u00f3n de representantes municipales y empresariales, que analiz\u00f3 las adaptaciones y mejoras que necesita la red de carreteras del Urola Medio desde el punto de vista comarcal.<\/p>\n<p>Entre otras cuestiones, se solicit\u00f3 la mejora de diversas infraestructuras viarias de la comarca, en las conexiones entre los municipios de Azpeitia, Azkoitia y Zestoa, haciendo incapi\u00e9 en la necesidad de realizar\u00a0<strong>estudios t\u00e9cnicos<\/strong>\u00a0con el fin de\u00a0<strong>mejorar las carreteras que van al hospital de Zumarraga y a las salidas de la autopista A8 en Zestoa.<\/strong>\u00a0La mejora de estas infraestructuras, adem\u00e1s de beneficiar a la poblaci\u00f3n, favorecer\u00e1 el desarrollo e impulso socioecon\u00f3mico de nuestra comarca.<\/p>\n<p>La diputada foral, Maria Ubarretxena, puso en valor la solicitud realizada a ra\u00edz de la colaboraci\u00f3n entre\u00a0<strong>instituciones p\u00fablicas y privadas<\/strong>, y se comprometi\u00f3 a relizar estos estudios t\u00e9cnicos de la red viaria, acordando que la pr\u00f3xima reuni\u00f3n de trabajo sea en junio, para explicar los resultados de los estudios realizados.<\/p>\n","protected":false},"excerpt":{"rendered":"<p>La Diputaci\u00f3n Foral de Gipuzkoa acogi\u00f3 ayer por la ma\u00f1ana la presentaci\u00f3n de necesidades de la comarca. &nbsp; La diputada foral de infraestructuras viarias, Mar\u00eda Ubarretxena, el director de este departamento, Mikel Uribetxeberria, la alcaldesa de Azkoitia, Ana Azkoitia, la alcaldesa de Azpeitia, Nagore Alkorta, el alcalde de Zestoa, Mikel Arregi, la directora de Iraurgi [&hellip;]<\/p>\n","protected":false},"author":4,"featured_media":18131,"comment_status":"closed","ping_status":"closed","sticky":false,"template":"","format":"standard","meta":{"_acf_changed":false,"footnotes":""},"categories":[4],"tags":[],"class_list":["post-18143","post","type-post","status-publish","format-standard","has-post-thumbnail","hentry","category-noticias","arloak-desarrollo-local"],"acf":[],"yoast_head":"<!-- This site is optimized with the Yoast SEO plugin v27.4 - https:\/\/yoast.com\/product\/yoast-seo-wordpress\/ -->\n<title>Los alcaldes de Urola Erdia, representantes de los agentes socioecon\u00f3micos de la comarca e Iraurgi Berritzen, se han reunido con la diputada foral de infraestructuras viarias - Iraurgi Berritzen<\/title>\n<meta name=\"robots\" content=\"index, follow, max-snippet:-1, max-image-preview:large, max-video-preview:-1\" \/>\n<link rel=\"canonical\" href=\"https:\/\/iraurgiberritzen.eus\/es\/urola-erdiko-alkateak-eragile-sozioekonomikoen-ordezkariak-eta-iraurgi-berritzen-bide-azpiegituren-foru-diputatuarekin-bildu-dira\/\" \/>\n<meta property=\"og:locale\" content=\"es_ES\" \/>\n<meta property=\"og:type\" content=\"article\" \/>\n<meta property=\"og:title\" content=\"Los alcaldes de Urola Erdia, representantes de los agentes socioecon\u00f3micos de la comarca e Iraurgi Berritzen, se han reunido con la diputada foral de infraestructuras viarias - Iraurgi Berritzen\" \/>\n<meta property=\"og:description\" content=\"La Diputaci\u00f3n Foral de Gipuzkoa acogi\u00f3 ayer por la ma\u00f1ana la presentaci\u00f3n de necesidades de la comarca. &nbsp; La diputada foral de infraestructuras viarias, Mar\u00eda Ubarretxena, el director de este departamento, Mikel Uribetxeberria, la alcaldesa de Azkoitia, Ana Azkoitia, la alcaldesa de Azpeitia, Nagore Alkorta, el alcalde de Zestoa, Mikel Arregi, la directora de Iraurgi [&hellip;]\" \/>\n<meta property=\"og:url\" content=\"https:\/\/iraurgiberritzen.eus\/es\/urola-erdiko-alkateak-eragile-sozioekonomikoen-ordezkariak-eta-iraurgi-berritzen-bide-azpiegituren-foru-diputatuarekin-bildu-dira\/\" \/>\n<meta property=\"og:site_name\" content=\"Iraurgi Berritzen\" \/>\n<meta property=\"article:published_time\" content=\"2024-01-18T07:43:43+00:00\" \/>\n<meta property=\"article:modified_time\" content=\"2024-01-24T09:03:29+00:00\" \/>\n<meta property=\"og:image\" content=\"https:\/\/iraurgiberritzen.eus\/wp-content\/uploads\/2024\/01\/2024_01_17_Bilera-GFA_Bide-Azpiegiturak.png\" \/>\n\t<meta property=\"og:image:width\" content=\"800\" \/>\n\t<meta property=\"og:image:height\" content=\"550\" \/>\n\t<meta property=\"og:image:type\" content=\"image\/png\" \/>\n<meta name=\"author\" content=\"ainara\" \/>\n<meta name=\"twitter:card\" content=\"summary_large_image\" \/>\n<meta name=\"twitter:label1\" content=\"Escrito por\" \/>\n\t<meta name=\"twitter:data1\" content=\"ainara\" \/>\n\t<meta name=\"twitter:label2\" content=\"Tiempo de lectura\" \/>\n\t<meta name=\"twitter:data2\" content=\"3 minutos\" \/>\n<script type=\"application\/ld+json\" class=\"yoast-schema-graph\">{\"@context\":\"https:\\\/\\\/schema.org\",\"@graph\":[{\"@type\":\"Article\",\"@id\":\"https:\\\/\\\/iraurgiberritzen.eus\\\/es\\\/urola-erdiko-alkateak-eragile-sozioekonomikoen-ordezkariak-eta-iraurgi-berritzen-bide-azpiegituren-foru-diputatuarekin-bildu-dira\\\/#article\",\"isPartOf\":{\"@id\":\"https:\\\/\\\/iraurgiberritzen.eus\\\/es\\\/urola-erdiko-alkateak-eragile-sozioekonomikoen-ordezkariak-eta-iraurgi-berritzen-bide-azpiegituren-foru-diputatuarekin-bildu-dira\\\/\"},\"author\":{\"name\":\"ainara\",\"@id\":\"https:\\\/\\\/iraurgiberritzen.eus\\\/es\\\/#\\\/schema\\\/person\\\/a32c9825b3e2bfcbe757a97f6a15c8a5\"},\"headline\":\"Los alcaldes de Urola Erdia, representantes de los agentes socioecon\u00f3micos de la comarca e Iraurgi Berritzen, se han reunido con la diputada foral de infraestructuras viarias\",\"datePublished\":\"2024-01-18T07:43:43+00:00\",\"dateModified\":\"2024-01-24T09:03:29+00:00\",\"mainEntityOfPage\":{\"@id\":\"https:\\\/\\\/iraurgiberritzen.eus\\\/es\\\/urola-erdiko-alkateak-eragile-sozioekonomikoen-ordezkariak-eta-iraurgi-berritzen-bide-azpiegituren-foru-diputatuarekin-bildu-dira\\\/\"},\"wordCount\":390,\"publisher\":{\"@id\":\"https:\\\/\\\/iraurgiberritzen.eus\\\/es\\\/#organization\"},\"image\":{\"@id\":\"https:\\\/\\\/iraurgiberritzen.eus\\\/es\\\/urola-erdiko-alkateak-eragile-sozioekonomikoen-ordezkariak-eta-iraurgi-berritzen-bide-azpiegituren-foru-diputatuarekin-bildu-dira\\\/#primaryimage\"},\"thumbnailUrl\":\"https:\\\/\\\/iraurgiberritzen.eus\\\/wp-content\\\/uploads\\\/2024\\\/01\\\/2024_01_17_Bilera-GFA_Bide-Azpiegiturak.png\",\"articleSection\":[\"Noticias\"],\"inLanguage\":\"es\"},{\"@type\":\"WebPage\",\"@id\":\"https:\\\/\\\/iraurgiberritzen.eus\\\/es\\\/urola-erdiko-alkateak-eragile-sozioekonomikoen-ordezkariak-eta-iraurgi-berritzen-bide-azpiegituren-foru-diputatuarekin-bildu-dira\\\/\",\"url\":\"https:\\\/\\\/iraurgiberritzen.eus\\\/es\\\/urola-erdiko-alkateak-eragile-sozioekonomikoen-ordezkariak-eta-iraurgi-berritzen-bide-azpiegituren-foru-diputatuarekin-bildu-dira\\\/\",\"name\":\"Los alcaldes de Urola Erdia, representantes de los agentes socioecon\u00f3micos de la comarca e Iraurgi Berritzen, se han reunido con la diputada foral de infraestructuras viarias - Iraurgi Berritzen\",\"isPartOf\":{\"@id\":\"https:\\\/\\\/iraurgiberritzen.eus\\\/es\\\/#website\"},\"primaryImageOfPage\":{\"@id\":\"https:\\\/\\\/iraurgiberritzen.eus\\\/es\\\/urola-erdiko-alkateak-eragile-sozioekonomikoen-ordezkariak-eta-iraurgi-berritzen-bide-azpiegituren-foru-diputatuarekin-bildu-dira\\\/#primaryimage\"},\"image\":{\"@id\":\"https:\\\/\\\/iraurgiberritzen.eus\\\/es\\\/urola-erdiko-alkateak-eragile-sozioekonomikoen-ordezkariak-eta-iraurgi-berritzen-bide-azpiegituren-foru-diputatuarekin-bildu-dira\\\/#primaryimage\"},\"thumbnailUrl\":\"https:\\\/\\\/iraurgiberritzen.eus\\\/wp-content\\\/uploads\\\/2024\\\/01\\\/2024_01_17_Bilera-GFA_Bide-Azpiegiturak.png\",\"datePublished\":\"2024-01-18T07:43:43+00:00\",\"dateModified\":\"2024-01-24T09:03:29+00:00\",\"breadcrumb\":{\"@id\":\"https:\\\/\\\/iraurgiberritzen.eus\\\/es\\\/urola-erdiko-alkateak-eragile-sozioekonomikoen-ordezkariak-eta-iraurgi-berritzen-bide-azpiegituren-foru-diputatuarekin-bildu-dira\\\/#breadcrumb\"},\"inLanguage\":\"es\",\"potentialAction\":[{\"@type\":\"ReadAction\",\"target\":[\"https:\\\/\\\/iraurgiberritzen.eus\\\/es\\\/urola-erdiko-alkateak-eragile-sozioekonomikoen-ordezkariak-eta-iraurgi-berritzen-bide-azpiegituren-foru-diputatuarekin-bildu-dira\\\/\"]}]},{\"@type\":\"ImageObject\",\"inLanguage\":\"es\",\"@id\":\"https:\\\/\\\/iraurgiberritzen.eus\\\/es\\\/urola-erdiko-alkateak-eragile-sozioekonomikoen-ordezkariak-eta-iraurgi-berritzen-bide-azpiegituren-foru-diputatuarekin-bildu-dira\\\/#primaryimage\",\"url\":\"https:\\\/\\\/iraurgiberritzen.eus\\\/wp-content\\\/uploads\\\/2024\\\/01\\\/2024_01_17_Bilera-GFA_Bide-Azpiegiturak.png\",\"contentUrl\":\"https:\\\/\\\/iraurgiberritzen.eus\\\/wp-content\\\/uploads\\\/2024\\\/01\\\/2024_01_17_Bilera-GFA_Bide-Azpiegiturak.png\",\"width\":800,\"height\":550},{\"@type\":\"BreadcrumbList\",\"@id\":\"https:\\\/\\\/iraurgiberritzen.eus\\\/es\\\/urola-erdiko-alkateak-eragile-sozioekonomikoen-ordezkariak-eta-iraurgi-berritzen-bide-azpiegituren-foru-diputatuarekin-bildu-dira\\\/#breadcrumb\",\"itemListElement\":[{\"@type\":\"ListItem\",\"position\":1,\"name\":\"Home\",\"item\":\"https:\\\/\\\/iraurgiberritzen.eus\\\/es\\\/\"},{\"@type\":\"ListItem\",\"position\":2,\"name\":\"Los alcaldes de Urola Erdia, representantes de los agentes socioecon\u00f3micos de la comarca e Iraurgi Berritzen, se han reunido con la diputada foral de infraestructuras viarias\"}]},{\"@type\":\"WebSite\",\"@id\":\"https:\\\/\\\/iraurgiberritzen.eus\\\/es\\\/#website\",\"url\":\"https:\\\/\\\/iraurgiberritzen.eus\\\/es\\\/\",\"name\":\"Iraurgi Berritzen\",\"description\":\"Urola Erdiko Garapen Agentzia\",\"publisher\":{\"@id\":\"https:\\\/\\\/iraurgiberritzen.eus\\\/es\\\/#organization\"},\"potentialAction\":[{\"@type\":\"SearchAction\",\"target\":{\"@type\":\"EntryPoint\",\"urlTemplate\":\"https:\\\/\\\/iraurgiberritzen.eus\\\/es\\\/?s={search_term_string}\"},\"query-input\":{\"@type\":\"PropertyValueSpecification\",\"valueRequired\":true,\"valueName\":\"search_term_string\"}}],\"inLanguage\":\"es\"},{\"@type\":\"Organization\",\"@id\":\"https:\\\/\\\/iraurgiberritzen.eus\\\/es\\\/#organization\",\"name\":\"Iraurgi Berritzen\",\"url\":\"https:\\\/\\\/iraurgiberritzen.eus\\\/es\\\/\",\"logo\":{\"@type\":\"ImageObject\",\"inLanguage\":\"es\",\"@id\":\"https:\\\/\\\/iraurgiberritzen.eus\\\/es\\\/#\\\/schema\\\/logo\\\/image\\\/\",\"url\":\"https:\\\/\\\/iraurgiberritzen.eus\\\/wp-content\\\/uploads\\\/2024\\\/02\\\/IRAURGI-BERRITZEN-logotipoa_2.png\",\"contentUrl\":\"https:\\\/\\\/iraurgiberritzen.eus\\\/wp-content\\\/uploads\\\/2024\\\/02\\\/IRAURGI-BERRITZEN-logotipoa_2.png\",\"width\":496,\"height\":190,\"caption\":\"Iraurgi Berritzen\"},\"image\":{\"@id\":\"https:\\\/\\\/iraurgiberritzen.eus\\\/es\\\/#\\\/schema\\\/logo\\\/image\\\/\"}},{\"@type\":\"Person\",\"@id\":\"https:\\\/\\\/iraurgiberritzen.eus\\\/es\\\/#\\\/schema\\\/person\\\/a32c9825b3e2bfcbe757a97f6a15c8a5\",\"name\":\"ainara\"}]}<\/script>\n<!-- \/ Yoast SEO plugin. -->","yoast_head_json":{"title":"Los alcaldes de Urola Erdia, representantes de los agentes socioecon\u00f3micos de la comarca e Iraurgi Berritzen, se han reunido con la diputada foral de infraestructuras viarias - Iraurgi Berritzen","robots":{"index":"index","follow":"follow","max-snippet":"max-snippet:-1","max-image-preview":"max-image-preview:large","max-video-preview":"max-video-preview:-1"},"canonical":"https:\/\/iraurgiberritzen.eus\/es\/urola-erdiko-alkateak-eragile-sozioekonomikoen-ordezkariak-eta-iraurgi-berritzen-bide-azpiegituren-foru-diputatuarekin-bildu-dira\/","og_locale":"es_ES","og_type":"article","og_title":"Los alcaldes de Urola Erdia, representantes de los agentes socioecon\u00f3micos de la comarca e Iraurgi Berritzen, se han reunido con la diputada foral de infraestructuras viarias - Iraurgi Berritzen","og_description":"La Diputaci\u00f3n Foral de Gipuzkoa acogi\u00f3 ayer por la ma\u00f1ana la presentaci\u00f3n de necesidades de la comarca. &nbsp; La diputada foral de infraestructuras viarias, Mar\u00eda Ubarretxena, el director de este departamento, Mikel Uribetxeberria, la alcaldesa de Azkoitia, Ana Azkoitia, la alcaldesa de Azpeitia, Nagore Alkorta, el alcalde de Zestoa, Mikel Arregi, la directora de Iraurgi [&hellip;]","og_url":"https:\/\/iraurgiberritzen.eus\/es\/urola-erdiko-alkateak-eragile-sozioekonomikoen-ordezkariak-eta-iraurgi-berritzen-bide-azpiegituren-foru-diputatuarekin-bildu-dira\/","og_site_name":"Iraurgi Berritzen","article_published_time":"2024-01-18T07:43:43+00:00","article_modified_time":"2024-01-24T09:03:29+00:00","og_image":[{"width":800,"height":550,"url":"https:\/\/iraurgiberritzen.eus\/wp-content\/uploads\/2024\/01\/2024_01_17_Bilera-GFA_Bide-Azpiegiturak.png","type":"image\/png"}],"author":"ainara","twitter_card":"summary_large_image","twitter_misc":{"Escrito por":"ainara","Tiempo de lectura":"3 minutos"},"schema":{"@context":"https:\/\/schema.org","@graph":[{"@type":"Article","@id":"https:\/\/iraurgiberritzen.eus\/es\/urola-erdiko-alkateak-eragile-sozioekonomikoen-ordezkariak-eta-iraurgi-berritzen-bide-azpiegituren-foru-diputatuarekin-bildu-dira\/#article","isPartOf":{"@id":"https:\/\/iraurgiberritzen.eus\/es\/urola-erdiko-alkateak-eragile-sozioekonomikoen-ordezkariak-eta-iraurgi-berritzen-bide-azpiegituren-foru-diputatuarekin-bildu-dira\/"},"author":{"name":"ainara","@id":"https:\/\/iraurgiberritzen.eus\/es\/#\/schema\/person\/a32c9825b3e2bfcbe757a97f6a15c8a5"},"headline":"Los alcaldes de Urola Erdia, representantes de los agentes socioecon\u00f3micos de la comarca e Iraurgi Berritzen, se han reunido con la diputada foral de infraestructuras viarias","datePublished":"2024-01-18T07:43:43+00:00","dateModified":"2024-01-24T09:03:29+00:00","mainEntityOfPage":{"@id":"https:\/\/iraurgiberritzen.eus\/es\/urola-erdiko-alkateak-eragile-sozioekonomikoen-ordezkariak-eta-iraurgi-berritzen-bide-azpiegituren-foru-diputatuarekin-bildu-dira\/"},"wordCount":390,"publisher":{"@id":"https:\/\/iraurgiberritzen.eus\/es\/#organization"},"image":{"@id":"https:\/\/iraurgiberritzen.eus\/es\/urola-erdiko-alkateak-eragile-sozioekonomikoen-ordezkariak-eta-iraurgi-berritzen-bide-azpiegituren-foru-diputatuarekin-bildu-dira\/#primaryimage"},"thumbnailUrl":"https:\/\/iraurgiberritzen.eus\/wp-content\/uploads\/2024\/01\/2024_01_17_Bilera-GFA_Bide-Azpiegiturak.png","articleSection":["Noticias"],"inLanguage":"es"},{"@type":"WebPage","@id":"https:\/\/iraurgiberritzen.eus\/es\/urola-erdiko-alkateak-eragile-sozioekonomikoen-ordezkariak-eta-iraurgi-berritzen-bide-azpiegituren-foru-diputatuarekin-bildu-dira\/","url":"https:\/\/iraurgiberritzen.eus\/es\/urola-erdiko-alkateak-eragile-sozioekonomikoen-ordezkariak-eta-iraurgi-berritzen-bide-azpiegituren-foru-diputatuarekin-bildu-dira\/","name":"Los alcaldes de Urola Erdia, representantes de los agentes socioecon\u00f3micos de la comarca e Iraurgi Berritzen, se han reunido con la diputada foral de infraestructuras viarias - Iraurgi Berritzen","isPartOf":{"@id":"https:\/\/iraurgiberritzen.eus\/es\/#website"},"primaryImageOfPage":{"@id":"https:\/\/iraurgiberritzen.eus\/es\/urola-erdiko-alkateak-eragile-sozioekonomikoen-ordezkariak-eta-iraurgi-berritzen-bide-azpiegituren-foru-diputatuarekin-bildu-dira\/#primaryimage"},"image":{"@id":"https:\/\/iraurgiberritzen.eus\/es\/urola-erdiko-alkateak-eragile-sozioekonomikoen-ordezkariak-eta-iraurgi-berritzen-bide-azpiegituren-foru-diputatuarekin-bildu-dira\/#primaryimage"},"thumbnailUrl":"https:\/\/iraurgiberritzen.eus\/wp-content\/uploads\/2024\/01\/2024_01_17_Bilera-GFA_Bide-Azpiegiturak.png","datePublished":"2024-01-18T07:43:43+00:00","dateModified":"2024-01-24T09:03:29+00:00","breadcrumb":{"@id":"https:\/\/iraurgiberritzen.eus\/es\/urola-erdiko-alkateak-eragile-sozioekonomikoen-ordezkariak-eta-iraurgi-berritzen-bide-azpiegituren-foru-diputatuarekin-bildu-dira\/#breadcrumb"},"inLanguage":"es","potentialAction":[{"@type":"ReadAction","target":["https:\/\/iraurgiberritzen.eus\/es\/urola-erdiko-alkateak-eragile-sozioekonomikoen-ordezkariak-eta-iraurgi-berritzen-bide-azpiegituren-foru-diputatuarekin-bildu-dira\/"]}]},{"@type":"ImageObject","inLanguage":"es","@id":"https:\/\/iraurgiberritzen.eus\/es\/urola-erdiko-alkateak-eragile-sozioekonomikoen-ordezkariak-eta-iraurgi-berritzen-bide-azpiegituren-foru-diputatuarekin-bildu-dira\/#primaryimage","url":"https:\/\/iraurgiberritzen.eus\/wp-content\/uploads\/2024\/01\/2024_01_17_Bilera-GFA_Bide-Azpiegiturak.png","contentUrl":"https:\/\/iraurgiberritzen.eus\/wp-content\/uploads\/2024\/01\/2024_01_17_Bilera-GFA_Bide-Azpiegiturak.png","width":800,"height":550},{"@type":"BreadcrumbList","@id":"https:\/\/iraurgiberritzen.eus\/es\/urola-erdiko-alkateak-eragile-sozioekonomikoen-ordezkariak-eta-iraurgi-berritzen-bide-azpiegituren-foru-diputatuarekin-bildu-dira\/#breadcrumb","itemListElement":[{"@type":"ListItem","position":1,"name":"Home","item":"https:\/\/iraurgiberritzen.eus\/es\/"},{"@type":"ListItem","position":2,"name":"Los alcaldes de Urola Erdia, representantes de los agentes socioecon\u00f3micos de la comarca e Iraurgi Berritzen, se han reunido con la diputada foral de infraestructuras viarias"}]},{"@type":"WebSite","@id":"https:\/\/iraurgiberritzen.eus\/es\/#website","url":"https:\/\/iraurgiberritzen.eus\/es\/","name":"Iraurgi Berritzen","description":"Urola Erdiko Garapen Agentzia","publisher":{"@id":"https:\/\/iraurgiberritzen.eus\/es\/#organization"},"potentialAction":[{"@type":"SearchAction","target":{"@type":"EntryPoint","urlTemplate":"https:\/\/iraurgiberritzen.eus\/es\/?s={search_term_string}"},"query-input":{"@type":"PropertyValueSpecification","valueRequired":true,"valueName":"search_term_string"}}],"inLanguage":"es"},{"@type":"Organization","@id":"https:\/\/iraurgiberritzen.eus\/es\/#organization","name":"Iraurgi Berritzen","url":"https:\/\/iraurgiberritzen.eus\/es\/","logo":{"@type":"ImageObject","inLanguage":"es","@id":"https:\/\/iraurgiberritzen.eus\/es\/#\/schema\/logo\/image\/","url":"https:\/\/iraurgiberritzen.eus\/wp-content\/uploads\/2024\/02\/IRAURGI-BERRITZEN-logotipoa_2.png","contentUrl":"https:\/\/iraurgiberritzen.eus\/wp-content\/uploads\/2024\/02\/IRAURGI-BERRITZEN-logotipoa_2.png","width":496,"height":190,"caption":"Iraurgi Berritzen"},"image":{"@id":"https:\/\/iraurgiberritzen.eus\/es\/#\/schema\/logo\/image\/"}},{"@type":"Person","@id":"https:\/\/iraurgiberritzen.eus\/es\/#\/schema\/person\/a32c9825b3e2bfcbe757a97f6a15c8a5","name":"ainara"}]}},"_links":{"self":[{"href":"https:\/\/iraurgiberritzen.eus\/es\/wp-json\/wp\/v2\/posts\/18143","targetHints":{"allow":["GET"]}}],"collection":[{"href":"https:\/\/iraurgiberritzen.eus\/es\/wp-json\/wp\/v2\/posts"}],"about":[{"href":"https:\/\/iraurgiberritzen.eus\/es\/wp-json\/wp\/v2\/types\/post"}],"author":[{"embeddable":true,"href":"https:\/\/iraurgiberritzen.eus\/es\/wp-json\/wp\/v2\/users\/4"}],"replies":[{"embeddable":true,"href":"https:\/\/iraurgiberritzen.eus\/es\/wp-json\/wp\/v2\/comments?post=18143"}],"version-history":[{"count":2,"href":"https:\/\/iraurgiberritzen.eus\/es\/wp-json\/wp\/v2\/posts\/18143\/revisions"}],"predecessor-version":[{"id":18145,"href":"https:\/\/iraurgiberritzen.eus\/es\/wp-json\/wp\/v2\/posts\/18143\/revisions\/18145"}],"wp:featuredmedia":[{"embeddable":true,"href":"https:\/\/iraurgiberritzen.eus\/es\/wp-json\/wp\/v2\/media\/18131"}],"wp:attachment":[{"href":"https:\/\/iraurgiberritzen.eus\/es\/wp-json\/wp\/v2\/media?parent=18143"}],"wp:term":[{"taxonomy":"category","embeddable":true,"href":"https:\/\/iraurgiberritzen.eus\/es\/wp-json\/wp\/v2\/categories?post=18143"},{"taxonomy":"post_tag","embeddable":true,"href":"https:\/\/iraurgiberritzen.eus\/es\/wp-json\/wp\/v2\/tags?post=18143"}],"curies":[{"name":"wp","href":"https:\/\/api.w.org\/{rel}","templated":true}]}}