{"id":18150,"date":"2024-01-18T10:54:20","date_gmt":"2024-01-18T08:54:20","guid":{"rendered":"https:\/\/iraurgiberritzen.eus\/?p=18150"},"modified":"2024-01-24T11:03:00","modified_gmt":"2024-01-24T09:03:00","slug":"la-oferta-formativa-dirigida-a-personas-emprendedoras-y-pequenos-negocios-de-la-comarca-se-orientara-a-mejorar-la-gestion-y-digitalizacion-de-las-empresas","status":"publish","type":"post","link":"https:\/\/iraurgiberritzen.eus\/es\/la-oferta-formativa-dirigida-a-personas-emprendedoras-y-pequenos-negocios-de-la-comarca-se-orientara-a-mejorar-la-gestion-y-digitalizacion-de-las-empresas\/","title":{"rendered":"La oferta formativa dirigida a personas emprendedoras y peque\u00f1os negocios de la comarca se orientar\u00e1 a mejorar la gesti\u00f3n y digitalizaci\u00f3n de las empresas"},"content":{"rendered":"<p>La Agencia de Desarrollo e Innovaci\u00f3n de Urola Erdia, Iraurgi Berritzen, ha abierto el plazo para inscribirse en las sesiones formativas que ofrecer\u00e1 en el primer semestre de 2024, dirigidas a personas emprendedoras y peque\u00f1os negocios de la comarca. En estas sesiones, con el objetivo de mejorar su gesti\u00f3n, ver\u00e1n las diferentes herramientas que pueden utilizar en su d\u00eda a d\u00eda. He aqu\u00ed la informaci\u00f3n sobre las sesiones formativas que se van a ofrecer:<\/p>\n<p>14, 21 y 28 de febrero:<strong> \u00abComo desarrollar en plan de comunicaci\u00f3n de tu negocio\u00bb<\/strong>, a cargo de la Asesor\u00eda PKF Attest, en el Palacio Intsausti (Azkoitia), de 09:00 a 12:30 de la ma\u00f1ana.<br \/>\n21 de marzo: <strong>\u00abChat GPT: herramienta de creaci\u00f3n de contenidos\u201d<\/strong>, por Ingeniariak, el Colegio de Ingenieros Industriales de Gipuzkoa, en el Palacio Basazabal (Azpeitia), de 14:30 a 16:30.<br \/>\n17 de abril: <strong>\u00abTaller de fotograf\u00eda para Instagram\u00bb<\/strong>, de la mano de Momentu Argazkiak. Palacio Basazabal (Azpeitia) de 14:30 a 16:30.<br \/>\n15 de mayo: <strong>\u00abIdentificaci\u00f3n Digital: canal para comunicarse con la Administraci\u00f3n P\u00fablica\u00bb<\/strong>, por Ingeniariak, el Colegio de Ingenieros Industriales de Gipuzkoa, en el Palacio Intsausti (Azkoitia), de 14:30 a 16:30 horas.<br \/>\nEsta oferta formativa se enmarca dentro de los programas KLINK Bide y ERAIKILAN. El objetivo de KLINK Bide es acompa\u00f1ar a las personas emprendedoras en su trayectoria, poniendo a su disposici\u00f3n los recursos necesarios, y el de ERAIKILAN fomentar la competitividad de los gremios de la Construcci\u00f3n de la comarca y llevar a cabo acciones que posibiliten los procesos de traspaso.<\/p>\n<p>Para poder participar en estas sesiones de formaci\u00f3n es necesario inscribirse. Para ello, ponte en contacto con el \u00c1rea de Emprendimiento de Iraurgi Berritzen en los siguientes n\u00fameros de tel\u00e9fono: Alazne Larra\u00f1aga 688 71 87 77, Ione Eizagirre 688 60 12 99.<\/p>\n","protected":false},"excerpt":{"rendered":"<p>La Agencia de Desarrollo e Innovaci\u00f3n de Urola Erdia, Iraurgi Berritzen, ha abierto el plazo para inscribirse en las sesiones formativas que ofrecer\u00e1 en el primer semestre de 2024, dirigidas a personas emprendedoras y peque\u00f1os negocios de la comarca. En estas sesiones, con el objetivo de mejorar su gesti\u00f3n, ver\u00e1n las diferentes herramientas que pueden [&hellip;]<\/p>\n","protected":false},"author":4,"featured_media":18118,"comment_status":"closed","ping_status":"closed","sticky":false,"template":"","format":"standard","meta":{"_acf_changed":false,"footnotes":""},"categories":[4],"tags":[],"class_list":["post-18150","post","type-post","status-publish","format-standard","has-post-thumbnail","hentry","category-noticias","arloak-emprendimiento"],"acf":[],"yoast_head":"<!-- This site is optimized with the Yoast SEO plugin v27.4 - https:\/\/yoast.com\/product\/yoast-seo-wordpress\/ -->\n<title>La oferta formativa dirigida a personas emprendedoras y peque\u00f1os negocios de la comarca se orientar\u00e1 a mejorar la gesti\u00f3n y digitalizaci\u00f3n de las empresas - Iraurgi Berritzen<\/title>\n<meta name=\"robots\" content=\"index, follow, max-snippet:-1, max-image-preview:large, max-video-preview:-1\" \/>\n<link rel=\"canonical\" href=\"https:\/\/iraurgiberritzen.eus\/es\/la-oferta-formativa-dirigida-a-personas-emprendedoras-y-pequenos-negocios-de-la-comarca-se-orientara-a-mejorar-la-gestion-y-digitalizacion-de-las-empresas\/\" \/>\n<meta property=\"og:locale\" content=\"es_ES\" \/>\n<meta property=\"og:type\" content=\"article\" \/>\n<meta property=\"og:title\" content=\"La oferta formativa dirigida a personas emprendedoras y peque\u00f1os negocios de la comarca se orientar\u00e1 a mejorar la gesti\u00f3n y digitalizaci\u00f3n de las empresas - Iraurgi Berritzen\" \/>\n<meta property=\"og:description\" content=\"La Agencia de Desarrollo e Innovaci\u00f3n de Urola Erdia, Iraurgi Berritzen, ha abierto el plazo para inscribirse en las sesiones formativas que ofrecer\u00e1 en el primer semestre de 2024, dirigidas a personas emprendedoras y peque\u00f1os negocios de la comarca. En estas sesiones, con el objetivo de mejorar su gesti\u00f3n, ver\u00e1n las diferentes herramientas que pueden [&hellip;]\" \/>\n<meta property=\"og:url\" content=\"https:\/\/iraurgiberritzen.eus\/es\/la-oferta-formativa-dirigida-a-personas-emprendedoras-y-pequenos-negocios-de-la-comarca-se-orientara-a-mejorar-la-gestion-y-digitalizacion-de-las-empresas\/\" \/>\n<meta property=\"og:site_name\" content=\"Iraurgi Berritzen\" \/>\n<meta property=\"article:published_time\" content=\"2024-01-18T08:54:20+00:00\" \/>\n<meta property=\"article:modified_time\" content=\"2024-01-24T09:03:00+00:00\" \/>\n<meta property=\"og:image\" content=\"https:\/\/iraurgiberritzen.eus\/wp-content\/uploads\/2024\/01\/8d7d615a68d2ad1b0beadd8091ab5b84_L.jpeg\" \/>\n\t<meta property=\"og:image:width\" content=\"600\" \/>\n\t<meta property=\"og:image:height\" content=\"386\" \/>\n\t<meta property=\"og:image:type\" content=\"image\/jpeg\" \/>\n<meta name=\"author\" content=\"ainara\" \/>\n<meta name=\"twitter:card\" content=\"summary_large_image\" \/>\n<meta name=\"twitter:label1\" content=\"Escrito por\" \/>\n\t<meta name=\"twitter:data1\" content=\"ainara\" \/>\n\t<meta name=\"twitter:label2\" content=\"Tiempo de lectura\" \/>\n\t<meta name=\"twitter:data2\" content=\"2 minutos\" \/>\n<script type=\"application\/ld+json\" class=\"yoast-schema-graph\">{\"@context\":\"https:\\\/\\\/schema.org\",\"@graph\":[{\"@type\":\"Article\",\"@id\":\"https:\\\/\\\/iraurgiberritzen.eus\\\/es\\\/la-oferta-formativa-dirigida-a-personas-emprendedoras-y-pequenos-negocios-de-la-comarca-se-orientara-a-mejorar-la-gestion-y-digitalizacion-de-las-empresas\\\/#article\",\"isPartOf\":{\"@id\":\"https:\\\/\\\/iraurgiberritzen.eus\\\/es\\\/la-oferta-formativa-dirigida-a-personas-emprendedoras-y-pequenos-negocios-de-la-comarca-se-orientara-a-mejorar-la-gestion-y-digitalizacion-de-las-empresas\\\/\"},\"author\":{\"name\":\"ainara\",\"@id\":\"https:\\\/\\\/iraurgiberritzen.eus\\\/es\\\/#\\\/schema\\\/person\\\/a32c9825b3e2bfcbe757a97f6a15c8a5\"},\"headline\":\"La oferta formativa dirigida a personas emprendedoras y peque\u00f1os negocios de la comarca se orientar\u00e1 a mejorar la gesti\u00f3n y digitalizaci\u00f3n de las empresas\",\"datePublished\":\"2024-01-18T08:54:20+00:00\",\"dateModified\":\"2024-01-24T09:03:00+00:00\",\"mainEntityOfPage\":{\"@id\":\"https:\\\/\\\/iraurgiberritzen.eus\\\/es\\\/la-oferta-formativa-dirigida-a-personas-emprendedoras-y-pequenos-negocios-de-la-comarca-se-orientara-a-mejorar-la-gestion-y-digitalizacion-de-las-empresas\\\/\"},\"wordCount\":317,\"publisher\":{\"@id\":\"https:\\\/\\\/iraurgiberritzen.eus\\\/es\\\/#organization\"},\"image\":{\"@id\":\"https:\\\/\\\/iraurgiberritzen.eus\\\/es\\\/la-oferta-formativa-dirigida-a-personas-emprendedoras-y-pequenos-negocios-de-la-comarca-se-orientara-a-mejorar-la-gestion-y-digitalizacion-de-las-empresas\\\/#primaryimage\"},\"thumbnailUrl\":\"https:\\\/\\\/iraurgiberritzen.eus\\\/wp-content\\\/uploads\\\/2024\\\/01\\\/8d7d615a68d2ad1b0beadd8091ab5b84_L.jpeg\",\"articleSection\":[\"Noticias\"],\"inLanguage\":\"es\"},{\"@type\":\"WebPage\",\"@id\":\"https:\\\/\\\/iraurgiberritzen.eus\\\/es\\\/la-oferta-formativa-dirigida-a-personas-emprendedoras-y-pequenos-negocios-de-la-comarca-se-orientara-a-mejorar-la-gestion-y-digitalizacion-de-las-empresas\\\/\",\"url\":\"https:\\\/\\\/iraurgiberritzen.eus\\\/es\\\/la-oferta-formativa-dirigida-a-personas-emprendedoras-y-pequenos-negocios-de-la-comarca-se-orientara-a-mejorar-la-gestion-y-digitalizacion-de-las-empresas\\\/\",\"name\":\"La oferta formativa dirigida a personas emprendedoras y peque\u00f1os negocios de la comarca se orientar\u00e1 a mejorar la gesti\u00f3n y digitalizaci\u00f3n de las empresas - Iraurgi Berritzen\",\"isPartOf\":{\"@id\":\"https:\\\/\\\/iraurgiberritzen.eus\\\/es\\\/#website\"},\"primaryImageOfPage\":{\"@id\":\"https:\\\/\\\/iraurgiberritzen.eus\\\/es\\\/la-oferta-formativa-dirigida-a-personas-emprendedoras-y-pequenos-negocios-de-la-comarca-se-orientara-a-mejorar-la-gestion-y-digitalizacion-de-las-empresas\\\/#primaryimage\"},\"image\":{\"@id\":\"https:\\\/\\\/iraurgiberritzen.eus\\\/es\\\/la-oferta-formativa-dirigida-a-personas-emprendedoras-y-pequenos-negocios-de-la-comarca-se-orientara-a-mejorar-la-gestion-y-digitalizacion-de-las-empresas\\\/#primaryimage\"},\"thumbnailUrl\":\"https:\\\/\\\/iraurgiberritzen.eus\\\/wp-content\\\/uploads\\\/2024\\\/01\\\/8d7d615a68d2ad1b0beadd8091ab5b84_L.jpeg\",\"datePublished\":\"2024-01-18T08:54:20+00:00\",\"dateModified\":\"2024-01-24T09:03:00+00:00\",\"breadcrumb\":{\"@id\":\"https:\\\/\\\/iraurgiberritzen.eus\\\/es\\\/la-oferta-formativa-dirigida-a-personas-emprendedoras-y-pequenos-negocios-de-la-comarca-se-orientara-a-mejorar-la-gestion-y-digitalizacion-de-las-empresas\\\/#breadcrumb\"},\"inLanguage\":\"es\",\"potentialAction\":[{\"@type\":\"ReadAction\",\"target\":[\"https:\\\/\\\/iraurgiberritzen.eus\\\/es\\\/la-oferta-formativa-dirigida-a-personas-emprendedoras-y-pequenos-negocios-de-la-comarca-se-orientara-a-mejorar-la-gestion-y-digitalizacion-de-las-empresas\\\/\"]}]},{\"@type\":\"ImageObject\",\"inLanguage\":\"es\",\"@id\":\"https:\\\/\\\/iraurgiberritzen.eus\\\/es\\\/la-oferta-formativa-dirigida-a-personas-emprendedoras-y-pequenos-negocios-de-la-comarca-se-orientara-a-mejorar-la-gestion-y-digitalizacion-de-las-empresas\\\/#primaryimage\",\"url\":\"https:\\\/\\\/iraurgiberritzen.eus\\\/wp-content\\\/uploads\\\/2024\\\/01\\\/8d7d615a68d2ad1b0beadd8091ab5b84_L.jpeg\",\"contentUrl\":\"https:\\\/\\\/iraurgiberritzen.eus\\\/wp-content\\\/uploads\\\/2024\\\/01\\\/8d7d615a68d2ad1b0beadd8091ab5b84_L.jpeg\",\"width\":600,\"height\":386},{\"@type\":\"BreadcrumbList\",\"@id\":\"https:\\\/\\\/iraurgiberritzen.eus\\\/es\\\/la-oferta-formativa-dirigida-a-personas-emprendedoras-y-pequenos-negocios-de-la-comarca-se-orientara-a-mejorar-la-gestion-y-digitalizacion-de-las-empresas\\\/#breadcrumb\",\"itemListElement\":[{\"@type\":\"ListItem\",\"position\":1,\"name\":\"Home\",\"item\":\"https:\\\/\\\/iraurgiberritzen.eus\\\/es\\\/\"},{\"@type\":\"ListItem\",\"position\":2,\"name\":\"La oferta formativa dirigida a personas emprendedoras y peque\u00f1os negocios de la comarca se orientar\u00e1 a mejorar la gesti\u00f3n y digitalizaci\u00f3n de las empresas\"}]},{\"@type\":\"WebSite\",\"@id\":\"https:\\\/\\\/iraurgiberritzen.eus\\\/es\\\/#website\",\"url\":\"https:\\\/\\\/iraurgiberritzen.eus\\\/es\\\/\",\"name\":\"Iraurgi Berritzen\",\"description\":\"Urola Erdiko Garapen Agentzia\",\"publisher\":{\"@id\":\"https:\\\/\\\/iraurgiberritzen.eus\\\/es\\\/#organization\"},\"potentialAction\":[{\"@type\":\"SearchAction\",\"target\":{\"@type\":\"EntryPoint\",\"urlTemplate\":\"https:\\\/\\\/iraurgiberritzen.eus\\\/es\\\/?s={search_term_string}\"},\"query-input\":{\"@type\":\"PropertyValueSpecification\",\"valueRequired\":true,\"valueName\":\"search_term_string\"}}],\"inLanguage\":\"es\"},{\"@type\":\"Organization\",\"@id\":\"https:\\\/\\\/iraurgiberritzen.eus\\\/es\\\/#organization\",\"name\":\"Iraurgi Berritzen\",\"url\":\"https:\\\/\\\/iraurgiberritzen.eus\\\/es\\\/\",\"logo\":{\"@type\":\"ImageObject\",\"inLanguage\":\"es\",\"@id\":\"https:\\\/\\\/iraurgiberritzen.eus\\\/es\\\/#\\\/schema\\\/logo\\\/image\\\/\",\"url\":\"https:\\\/\\\/iraurgiberritzen.eus\\\/wp-content\\\/uploads\\\/2024\\\/02\\\/IRAURGI-BERRITZEN-logotipoa_2.png\",\"contentUrl\":\"https:\\\/\\\/iraurgiberritzen.eus\\\/wp-content\\\/uploads\\\/2024\\\/02\\\/IRAURGI-BERRITZEN-logotipoa_2.png\",\"width\":496,\"height\":190,\"caption\":\"Iraurgi Berritzen\"},\"image\":{\"@id\":\"https:\\\/\\\/iraurgiberritzen.eus\\\/es\\\/#\\\/schema\\\/logo\\\/image\\\/\"}},{\"@type\":\"Person\",\"@id\":\"https:\\\/\\\/iraurgiberritzen.eus\\\/es\\\/#\\\/schema\\\/person\\\/a32c9825b3e2bfcbe757a97f6a15c8a5\",\"name\":\"ainara\"}]}<\/script>\n<!-- \/ Yoast SEO plugin. -->","yoast_head_json":{"title":"La oferta formativa dirigida a personas emprendedoras y peque\u00f1os negocios de la comarca se orientar\u00e1 a mejorar la gesti\u00f3n y digitalizaci\u00f3n de las empresas - Iraurgi Berritzen","robots":{"index":"index","follow":"follow","max-snippet":"max-snippet:-1","max-image-preview":"max-image-preview:large","max-video-preview":"max-video-preview:-1"},"canonical":"https:\/\/iraurgiberritzen.eus\/es\/la-oferta-formativa-dirigida-a-personas-emprendedoras-y-pequenos-negocios-de-la-comarca-se-orientara-a-mejorar-la-gestion-y-digitalizacion-de-las-empresas\/","og_locale":"es_ES","og_type":"article","og_title":"La oferta formativa dirigida a personas emprendedoras y peque\u00f1os negocios de la comarca se orientar\u00e1 a mejorar la gesti\u00f3n y digitalizaci\u00f3n de las empresas - Iraurgi Berritzen","og_description":"La Agencia de Desarrollo e Innovaci\u00f3n de Urola Erdia, Iraurgi Berritzen, ha abierto el plazo para inscribirse en las sesiones formativas que ofrecer\u00e1 en el primer semestre de 2024, dirigidas a personas emprendedoras y peque\u00f1os negocios de la comarca. En estas sesiones, con el objetivo de mejorar su gesti\u00f3n, ver\u00e1n las diferentes herramientas que pueden [&hellip;]","og_url":"https:\/\/iraurgiberritzen.eus\/es\/la-oferta-formativa-dirigida-a-personas-emprendedoras-y-pequenos-negocios-de-la-comarca-se-orientara-a-mejorar-la-gestion-y-digitalizacion-de-las-empresas\/","og_site_name":"Iraurgi Berritzen","article_published_time":"2024-01-18T08:54:20+00:00","article_modified_time":"2024-01-24T09:03:00+00:00","og_image":[{"width":600,"height":386,"url":"https:\/\/iraurgiberritzen.eus\/wp-content\/uploads\/2024\/01\/8d7d615a68d2ad1b0beadd8091ab5b84_L.jpeg","type":"image\/jpeg"}],"author":"ainara","twitter_card":"summary_large_image","twitter_misc":{"Escrito por":"ainara","Tiempo de lectura":"2 minutos"},"schema":{"@context":"https:\/\/schema.org","@graph":[{"@type":"Article","@id":"https:\/\/iraurgiberritzen.eus\/es\/la-oferta-formativa-dirigida-a-personas-emprendedoras-y-pequenos-negocios-de-la-comarca-se-orientara-a-mejorar-la-gestion-y-digitalizacion-de-las-empresas\/#article","isPartOf":{"@id":"https:\/\/iraurgiberritzen.eus\/es\/la-oferta-formativa-dirigida-a-personas-emprendedoras-y-pequenos-negocios-de-la-comarca-se-orientara-a-mejorar-la-gestion-y-digitalizacion-de-las-empresas\/"},"author":{"name":"ainara","@id":"https:\/\/iraurgiberritzen.eus\/es\/#\/schema\/person\/a32c9825b3e2bfcbe757a97f6a15c8a5"},"headline":"La oferta formativa dirigida a personas emprendedoras y peque\u00f1os negocios de la comarca se orientar\u00e1 a mejorar la gesti\u00f3n y digitalizaci\u00f3n de las empresas","datePublished":"2024-01-18T08:54:20+00:00","dateModified":"2024-01-24T09:03:00+00:00","mainEntityOfPage":{"@id":"https:\/\/iraurgiberritzen.eus\/es\/la-oferta-formativa-dirigida-a-personas-emprendedoras-y-pequenos-negocios-de-la-comarca-se-orientara-a-mejorar-la-gestion-y-digitalizacion-de-las-empresas\/"},"wordCount":317,"publisher":{"@id":"https:\/\/iraurgiberritzen.eus\/es\/#organization"},"image":{"@id":"https:\/\/iraurgiberritzen.eus\/es\/la-oferta-formativa-dirigida-a-personas-emprendedoras-y-pequenos-negocios-de-la-comarca-se-orientara-a-mejorar-la-gestion-y-digitalizacion-de-las-empresas\/#primaryimage"},"thumbnailUrl":"https:\/\/iraurgiberritzen.eus\/wp-content\/uploads\/2024\/01\/8d7d615a68d2ad1b0beadd8091ab5b84_L.jpeg","articleSection":["Noticias"],"inLanguage":"es"},{"@type":"WebPage","@id":"https:\/\/iraurgiberritzen.eus\/es\/la-oferta-formativa-dirigida-a-personas-emprendedoras-y-pequenos-negocios-de-la-comarca-se-orientara-a-mejorar-la-gestion-y-digitalizacion-de-las-empresas\/","url":"https:\/\/iraurgiberritzen.eus\/es\/la-oferta-formativa-dirigida-a-personas-emprendedoras-y-pequenos-negocios-de-la-comarca-se-orientara-a-mejorar-la-gestion-y-digitalizacion-de-las-empresas\/","name":"La oferta formativa dirigida a personas emprendedoras y peque\u00f1os negocios de la comarca se orientar\u00e1 a mejorar la gesti\u00f3n y digitalizaci\u00f3n de las empresas - Iraurgi Berritzen","isPartOf":{"@id":"https:\/\/iraurgiberritzen.eus\/es\/#website"},"primaryImageOfPage":{"@id":"https:\/\/iraurgiberritzen.eus\/es\/la-oferta-formativa-dirigida-a-personas-emprendedoras-y-pequenos-negocios-de-la-comarca-se-orientara-a-mejorar-la-gestion-y-digitalizacion-de-las-empresas\/#primaryimage"},"image":{"@id":"https:\/\/iraurgiberritzen.eus\/es\/la-oferta-formativa-dirigida-a-personas-emprendedoras-y-pequenos-negocios-de-la-comarca-se-orientara-a-mejorar-la-gestion-y-digitalizacion-de-las-empresas\/#primaryimage"},"thumbnailUrl":"https:\/\/iraurgiberritzen.eus\/wp-content\/uploads\/2024\/01\/8d7d615a68d2ad1b0beadd8091ab5b84_L.jpeg","datePublished":"2024-01-18T08:54:20+00:00","dateModified":"2024-01-24T09:03:00+00:00","breadcrumb":{"@id":"https:\/\/iraurgiberritzen.eus\/es\/la-oferta-formativa-dirigida-a-personas-emprendedoras-y-pequenos-negocios-de-la-comarca-se-orientara-a-mejorar-la-gestion-y-digitalizacion-de-las-empresas\/#breadcrumb"},"inLanguage":"es","potentialAction":[{"@type":"ReadAction","target":["https:\/\/iraurgiberritzen.eus\/es\/la-oferta-formativa-dirigida-a-personas-emprendedoras-y-pequenos-negocios-de-la-comarca-se-orientara-a-mejorar-la-gestion-y-digitalizacion-de-las-empresas\/"]}]},{"@type":"ImageObject","inLanguage":"es","@id":"https:\/\/iraurgiberritzen.eus\/es\/la-oferta-formativa-dirigida-a-personas-emprendedoras-y-pequenos-negocios-de-la-comarca-se-orientara-a-mejorar-la-gestion-y-digitalizacion-de-las-empresas\/#primaryimage","url":"https:\/\/iraurgiberritzen.eus\/wp-content\/uploads\/2024\/01\/8d7d615a68d2ad1b0beadd8091ab5b84_L.jpeg","contentUrl":"https:\/\/iraurgiberritzen.eus\/wp-content\/uploads\/2024\/01\/8d7d615a68d2ad1b0beadd8091ab5b84_L.jpeg","width":600,"height":386},{"@type":"BreadcrumbList","@id":"https:\/\/iraurgiberritzen.eus\/es\/la-oferta-formativa-dirigida-a-personas-emprendedoras-y-pequenos-negocios-de-la-comarca-se-orientara-a-mejorar-la-gestion-y-digitalizacion-de-las-empresas\/#breadcrumb","itemListElement":[{"@type":"ListItem","position":1,"name":"Home","item":"https:\/\/iraurgiberritzen.eus\/es\/"},{"@type":"ListItem","position":2,"name":"La oferta formativa dirigida a personas emprendedoras y peque\u00f1os negocios de la comarca se orientar\u00e1 a mejorar la gesti\u00f3n y digitalizaci\u00f3n de las empresas"}]},{"@type":"WebSite","@id":"https:\/\/iraurgiberritzen.eus\/es\/#website","url":"https:\/\/iraurgiberritzen.eus\/es\/","name":"Iraurgi Berritzen","description":"Urola Erdiko Garapen Agentzia","publisher":{"@id":"https:\/\/iraurgiberritzen.eus\/es\/#organization"},"potentialAction":[{"@type":"SearchAction","target":{"@type":"EntryPoint","urlTemplate":"https:\/\/iraurgiberritzen.eus\/es\/?s={search_term_string}"},"query-input":{"@type":"PropertyValueSpecification","valueRequired":true,"valueName":"search_term_string"}}],"inLanguage":"es"},{"@type":"Organization","@id":"https:\/\/iraurgiberritzen.eus\/es\/#organization","name":"Iraurgi Berritzen","url":"https:\/\/iraurgiberritzen.eus\/es\/","logo":{"@type":"ImageObject","inLanguage":"es","@id":"https:\/\/iraurgiberritzen.eus\/es\/#\/schema\/logo\/image\/","url":"https:\/\/iraurgiberritzen.eus\/wp-content\/uploads\/2024\/02\/IRAURGI-BERRITZEN-logotipoa_2.png","contentUrl":"https:\/\/iraurgiberritzen.eus\/wp-content\/uploads\/2024\/02\/IRAURGI-BERRITZEN-logotipoa_2.png","width":496,"height":190,"caption":"Iraurgi Berritzen"},"image":{"@id":"https:\/\/iraurgiberritzen.eus\/es\/#\/schema\/logo\/image\/"}},{"@type":"Person","@id":"https:\/\/iraurgiberritzen.eus\/es\/#\/schema\/person\/a32c9825b3e2bfcbe757a97f6a15c8a5","name":"ainara"}]}},"_links":{"self":[{"href":"https:\/\/iraurgiberritzen.eus\/es\/wp-json\/wp\/v2\/posts\/18150","targetHints":{"allow":["GET"]}}],"collection":[{"href":"https:\/\/iraurgiberritzen.eus\/es\/wp-json\/wp\/v2\/posts"}],"about":[{"href":"https:\/\/iraurgiberritzen.eus\/es\/wp-json\/wp\/v2\/types\/post"}],"author":[{"embeddable":true,"href":"https:\/\/iraurgiberritzen.eus\/es\/wp-json\/wp\/v2\/users\/4"}],"replies":[{"embeddable":true,"href":"https:\/\/iraurgiberritzen.eus\/es\/wp-json\/wp\/v2\/comments?post=18150"}],"version-history":[{"count":1,"href":"https:\/\/iraurgiberritzen.eus\/es\/wp-json\/wp\/v2\/posts\/18150\/revisions"}],"predecessor-version":[{"id":18152,"href":"https:\/\/iraurgiberritzen.eus\/es\/wp-json\/wp\/v2\/posts\/18150\/revisions\/18152"}],"wp:featuredmedia":[{"embeddable":true,"href":"https:\/\/iraurgiberritzen.eus\/es\/wp-json\/wp\/v2\/media\/18118"}],"wp:attachment":[{"href":"https:\/\/iraurgiberritzen.eus\/es\/wp-json\/wp\/v2\/media?parent=18150"}],"wp:term":[{"taxonomy":"category","embeddable":true,"href":"https:\/\/iraurgiberritzen.eus\/es\/wp-json\/wp\/v2\/categories?post=18150"},{"taxonomy":"post_tag","embeddable":true,"href":"https:\/\/iraurgiberritzen.eus\/es\/wp-json\/wp\/v2\/tags?post=18150"}],"curies":[{"name":"wp","href":"https:\/\/api.w.org\/{rel}","templated":true}]}}