{"id":18180,"date":"2024-01-19T11:34:46","date_gmt":"2024-01-19T09:34:46","guid":{"rendered":"https:\/\/iraurgiberritzen.eus\/?p=18180"},"modified":"2024-01-24T11:38:30","modified_gmt":"2024-01-24T09:38:30","slug":"seguimiento-de-los-proyectos-de-colaboracion-con-los-directores-de-los-5-centros-de-la-comarca-en-el-marco-de-ib-hezkuntza","status":"publish","type":"post","link":"https:\/\/iraurgiberritzen.eus\/es\/seguimiento-de-los-proyectos-de-colaboracion-con-los-directores-de-los-5-centros-de-la-comarca-en-el-marco-de-ib-hezkuntza\/","title":{"rendered":"Seguimiento de los proyectos de colaboraci\u00f3n con los directores de los 5 centros de la comarca en el marco de IB Hezkuntza"},"content":{"rendered":"<h4>Se ha realizado el seguimiento de las l\u00edneas de trabajo comunes priorizadas a principio de curso, haciendo las valoraciones y adaptaciones correspondientes.<\/h4>\n<p>Las l\u00edneas de trabajo acordadas en com\u00fan:<\/p>\n<ul>\n<li>Proyecto<strong> IKASIZ lkastetxeak<\/strong>. Creaci\u00f3n de espacios colectivos e individuales orientados tanto a la sensibilizaci\u00f3n como a la capacitaci\u00f3n.<\/li>\n<li>Proyecto<strong> Ikastetxeak Saretzen<\/strong> (IB Harremanak). Crear din\u00e1micas y espacios orientados a fortalecer las relaciones entre los centros educativos y los diferentes agentes de la comarca. Identificaci\u00f3n de nuevas din\u00e1micas de relaci\u00f3n.<\/li>\n<\/ul>\n<p>Seguimiento de los proyectos en marcha:<\/p>\n<ul>\n<li><strong>Elkarrekin Eraikitzen:<\/strong> (Relaci\u00f3n directa del alumnado con los agentes socioecon\u00f3micos de la comarca, entrevistas con agentes, etc..).<\/li>\n<li><strong>Gerolan Orientazioa<\/strong>: (Complementar los planes de orientaci\u00f3n de los centros, desarrollando orientaciones concretas personalizadas, relacionando profesionales con alumnos).<\/li>\n<li><strong>STEAM Urola Erdian:<\/strong> (Desarrollo de proyectos tanto cient\u00edficos como tecnol\u00f3gicos, promoviendo las relaciones de los alumnos con los profesionales STEAM).<\/li>\n<li><strong>Izan Ekintzaile:<\/strong> (Trabajar los conceptos b\u00e1sicos del emprendizaje con el alumnado, apoy\u00e1ndonos en experiencias reales de diferentes emprendedores de la comarca).<\/li>\n<\/ul>\n<p>Para el seguimiento operativo de cada proyecto, cada uno de ellos cuenta con su propio equipo de trabajo, compuesto por una persona representante por cada centro.<\/p>\n","protected":false},"excerpt":{"rendered":"<p>Se ha realizado el seguimiento de las l\u00edneas de trabajo comunes priorizadas a principio de curso, haciendo las valoraciones y adaptaciones correspondientes. Las l\u00edneas de trabajo acordadas en com\u00fan: Proyecto IKASIZ lkastetxeak. Creaci\u00f3n de espacios colectivos e individuales orientados tanto a la sensibilizaci\u00f3n como a la capacitaci\u00f3n. Proyecto Ikastetxeak Saretzen (IB Harremanak). Crear din\u00e1micas y [&hellip;]<\/p>\n","protected":false},"author":4,"featured_media":18178,"comment_status":"closed","ping_status":"closed","sticky":false,"template":"","format":"standard","meta":{"_acf_changed":false,"footnotes":""},"categories":[4],"tags":[],"class_list":["post-18180","post","type-post","status-publish","format-standard","has-post-thumbnail","hentry","category-noticias","arloak-educacion"],"acf":[],"yoast_head":"<!-- This site is optimized with the Yoast SEO plugin v27.4 - https:\/\/yoast.com\/product\/yoast-seo-wordpress\/ -->\n<title>Seguimiento de los proyectos de colaboraci\u00f3n con los directores de los 5 centros de la comarca en el marco de IB Hezkuntza - Iraurgi Berritzen<\/title>\n<meta name=\"robots\" content=\"index, follow, max-snippet:-1, max-image-preview:large, max-video-preview:-1\" \/>\n<link rel=\"canonical\" href=\"https:\/\/iraurgiberritzen.eus\/es\/seguimiento-de-los-proyectos-de-colaboracion-con-los-directores-de-los-5-centros-de-la-comarca-en-el-marco-de-ib-hezkuntza\/\" \/>\n<meta property=\"og:locale\" content=\"es_ES\" \/>\n<meta property=\"og:type\" content=\"article\" \/>\n<meta property=\"og:title\" content=\"Seguimiento de los proyectos de colaboraci\u00f3n con los directores de los 5 centros de la comarca en el marco de IB Hezkuntza - Iraurgi Berritzen\" \/>\n<meta property=\"og:description\" content=\"Se ha realizado el seguimiento de las l\u00edneas de trabajo comunes priorizadas a principio de curso, haciendo las valoraciones y adaptaciones correspondientes. Las l\u00edneas de trabajo acordadas en com\u00fan: Proyecto IKASIZ lkastetxeak. Creaci\u00f3n de espacios colectivos e individuales orientados tanto a la sensibilizaci\u00f3n como a la capacitaci\u00f3n. Proyecto Ikastetxeak Saretzen (IB Harremanak). Crear din\u00e1micas y [&hellip;]\" \/>\n<meta property=\"og:url\" content=\"https:\/\/iraurgiberritzen.eus\/es\/seguimiento-de-los-proyectos-de-colaboracion-con-los-directores-de-los-5-centros-de-la-comarca-en-el-marco-de-ib-hezkuntza\/\" \/>\n<meta property=\"og:site_name\" content=\"Iraurgi Berritzen\" \/>\n<meta property=\"article:published_time\" content=\"2024-01-19T09:34:46+00:00\" \/>\n<meta property=\"article:modified_time\" content=\"2024-01-24T09:38:30+00:00\" \/>\n<meta property=\"og:image\" content=\"https:\/\/iraurgiberritzen.eus\/wp-content\/uploads\/2024\/01\/Hezkuntza-Gunea_2024_01_19.png\" \/>\n\t<meta property=\"og:image:width\" content=\"800\" \/>\n\t<meta property=\"og:image:height\" content=\"550\" \/>\n\t<meta property=\"og:image:type\" content=\"image\/png\" \/>\n<meta name=\"author\" content=\"ainara\" \/>\n<meta name=\"twitter:card\" content=\"summary_large_image\" \/>\n<meta name=\"twitter:label1\" content=\"Escrito por\" \/>\n\t<meta name=\"twitter:data1\" content=\"ainara\" \/>\n\t<meta name=\"twitter:label2\" content=\"Tiempo de lectura\" \/>\n\t<meta name=\"twitter:data2\" content=\"2 minutos\" \/>\n<script type=\"application\/ld+json\" class=\"yoast-schema-graph\">{\"@context\":\"https:\\\/\\\/schema.org\",\"@graph\":[{\"@type\":\"Article\",\"@id\":\"https:\\\/\\\/iraurgiberritzen.eus\\\/es\\\/seguimiento-de-los-proyectos-de-colaboracion-con-los-directores-de-los-5-centros-de-la-comarca-en-el-marco-de-ib-hezkuntza\\\/#article\",\"isPartOf\":{\"@id\":\"https:\\\/\\\/iraurgiberritzen.eus\\\/es\\\/seguimiento-de-los-proyectos-de-colaboracion-con-los-directores-de-los-5-centros-de-la-comarca-en-el-marco-de-ib-hezkuntza\\\/\"},\"author\":{\"name\":\"ainara\",\"@id\":\"https:\\\/\\\/iraurgiberritzen.eus\\\/es\\\/#\\\/schema\\\/person\\\/a32c9825b3e2bfcbe757a97f6a15c8a5\"},\"headline\":\"Seguimiento de los proyectos de colaboraci\u00f3n con los directores de los 5 centros de la comarca en el marco de IB Hezkuntza\",\"datePublished\":\"2024-01-19T09:34:46+00:00\",\"dateModified\":\"2024-01-24T09:38:30+00:00\",\"mainEntityOfPage\":{\"@id\":\"https:\\\/\\\/iraurgiberritzen.eus\\\/es\\\/seguimiento-de-los-proyectos-de-colaboracion-con-los-directores-de-los-5-centros-de-la-comarca-en-el-marco-de-ib-hezkuntza\\\/\"},\"wordCount\":225,\"publisher\":{\"@id\":\"https:\\\/\\\/iraurgiberritzen.eus\\\/es\\\/#organization\"},\"image\":{\"@id\":\"https:\\\/\\\/iraurgiberritzen.eus\\\/es\\\/seguimiento-de-los-proyectos-de-colaboracion-con-los-directores-de-los-5-centros-de-la-comarca-en-el-marco-de-ib-hezkuntza\\\/#primaryimage\"},\"thumbnailUrl\":\"https:\\\/\\\/iraurgiberritzen.eus\\\/wp-content\\\/uploads\\\/2024\\\/01\\\/Hezkuntza-Gunea_2024_01_19.png\",\"articleSection\":[\"Noticias\"],\"inLanguage\":\"es\"},{\"@type\":\"WebPage\",\"@id\":\"https:\\\/\\\/iraurgiberritzen.eus\\\/es\\\/seguimiento-de-los-proyectos-de-colaboracion-con-los-directores-de-los-5-centros-de-la-comarca-en-el-marco-de-ib-hezkuntza\\\/\",\"url\":\"https:\\\/\\\/iraurgiberritzen.eus\\\/es\\\/seguimiento-de-los-proyectos-de-colaboracion-con-los-directores-de-los-5-centros-de-la-comarca-en-el-marco-de-ib-hezkuntza\\\/\",\"name\":\"Seguimiento de los proyectos de colaboraci\u00f3n con los directores de los 5 centros de la comarca en el marco de IB Hezkuntza - Iraurgi Berritzen\",\"isPartOf\":{\"@id\":\"https:\\\/\\\/iraurgiberritzen.eus\\\/es\\\/#website\"},\"primaryImageOfPage\":{\"@id\":\"https:\\\/\\\/iraurgiberritzen.eus\\\/es\\\/seguimiento-de-los-proyectos-de-colaboracion-con-los-directores-de-los-5-centros-de-la-comarca-en-el-marco-de-ib-hezkuntza\\\/#primaryimage\"},\"image\":{\"@id\":\"https:\\\/\\\/iraurgiberritzen.eus\\\/es\\\/seguimiento-de-los-proyectos-de-colaboracion-con-los-directores-de-los-5-centros-de-la-comarca-en-el-marco-de-ib-hezkuntza\\\/#primaryimage\"},\"thumbnailUrl\":\"https:\\\/\\\/iraurgiberritzen.eus\\\/wp-content\\\/uploads\\\/2024\\\/01\\\/Hezkuntza-Gunea_2024_01_19.png\",\"datePublished\":\"2024-01-19T09:34:46+00:00\",\"dateModified\":\"2024-01-24T09:38:30+00:00\",\"breadcrumb\":{\"@id\":\"https:\\\/\\\/iraurgiberritzen.eus\\\/es\\\/seguimiento-de-los-proyectos-de-colaboracion-con-los-directores-de-los-5-centros-de-la-comarca-en-el-marco-de-ib-hezkuntza\\\/#breadcrumb\"},\"inLanguage\":\"es\",\"potentialAction\":[{\"@type\":\"ReadAction\",\"target\":[\"https:\\\/\\\/iraurgiberritzen.eus\\\/es\\\/seguimiento-de-los-proyectos-de-colaboracion-con-los-directores-de-los-5-centros-de-la-comarca-en-el-marco-de-ib-hezkuntza\\\/\"]}]},{\"@type\":\"ImageObject\",\"inLanguage\":\"es\",\"@id\":\"https:\\\/\\\/iraurgiberritzen.eus\\\/es\\\/seguimiento-de-los-proyectos-de-colaboracion-con-los-directores-de-los-5-centros-de-la-comarca-en-el-marco-de-ib-hezkuntza\\\/#primaryimage\",\"url\":\"https:\\\/\\\/iraurgiberritzen.eus\\\/wp-content\\\/uploads\\\/2024\\\/01\\\/Hezkuntza-Gunea_2024_01_19.png\",\"contentUrl\":\"https:\\\/\\\/iraurgiberritzen.eus\\\/wp-content\\\/uploads\\\/2024\\\/01\\\/Hezkuntza-Gunea_2024_01_19.png\",\"width\":800,\"height\":550},{\"@type\":\"BreadcrumbList\",\"@id\":\"https:\\\/\\\/iraurgiberritzen.eus\\\/es\\\/seguimiento-de-los-proyectos-de-colaboracion-con-los-directores-de-los-5-centros-de-la-comarca-en-el-marco-de-ib-hezkuntza\\\/#breadcrumb\",\"itemListElement\":[{\"@type\":\"ListItem\",\"position\":1,\"name\":\"Home\",\"item\":\"https:\\\/\\\/iraurgiberritzen.eus\\\/es\\\/\"},{\"@type\":\"ListItem\",\"position\":2,\"name\":\"Seguimiento de los proyectos de colaboraci\u00f3n con los directores de los 5 centros de la comarca en el marco de IB Hezkuntza\"}]},{\"@type\":\"WebSite\",\"@id\":\"https:\\\/\\\/iraurgiberritzen.eus\\\/es\\\/#website\",\"url\":\"https:\\\/\\\/iraurgiberritzen.eus\\\/es\\\/\",\"name\":\"Iraurgi Berritzen\",\"description\":\"Urola Erdiko Garapen Agentzia\",\"publisher\":{\"@id\":\"https:\\\/\\\/iraurgiberritzen.eus\\\/es\\\/#organization\"},\"potentialAction\":[{\"@type\":\"SearchAction\",\"target\":{\"@type\":\"EntryPoint\",\"urlTemplate\":\"https:\\\/\\\/iraurgiberritzen.eus\\\/es\\\/?s={search_term_string}\"},\"query-input\":{\"@type\":\"PropertyValueSpecification\",\"valueRequired\":true,\"valueName\":\"search_term_string\"}}],\"inLanguage\":\"es\"},{\"@type\":\"Organization\",\"@id\":\"https:\\\/\\\/iraurgiberritzen.eus\\\/es\\\/#organization\",\"name\":\"Iraurgi Berritzen\",\"url\":\"https:\\\/\\\/iraurgiberritzen.eus\\\/es\\\/\",\"logo\":{\"@type\":\"ImageObject\",\"inLanguage\":\"es\",\"@id\":\"https:\\\/\\\/iraurgiberritzen.eus\\\/es\\\/#\\\/schema\\\/logo\\\/image\\\/\",\"url\":\"https:\\\/\\\/iraurgiberritzen.eus\\\/wp-content\\\/uploads\\\/2024\\\/02\\\/IRAURGI-BERRITZEN-logotipoa_2.png\",\"contentUrl\":\"https:\\\/\\\/iraurgiberritzen.eus\\\/wp-content\\\/uploads\\\/2024\\\/02\\\/IRAURGI-BERRITZEN-logotipoa_2.png\",\"width\":496,\"height\":190,\"caption\":\"Iraurgi Berritzen\"},\"image\":{\"@id\":\"https:\\\/\\\/iraurgiberritzen.eus\\\/es\\\/#\\\/schema\\\/logo\\\/image\\\/\"}},{\"@type\":\"Person\",\"@id\":\"https:\\\/\\\/iraurgiberritzen.eus\\\/es\\\/#\\\/schema\\\/person\\\/a32c9825b3e2bfcbe757a97f6a15c8a5\",\"name\":\"ainara\"}]}<\/script>\n<!-- \/ Yoast SEO plugin. -->","yoast_head_json":{"title":"Seguimiento de los proyectos de colaboraci\u00f3n con los directores de los 5 centros de la comarca en el marco de IB Hezkuntza - Iraurgi Berritzen","robots":{"index":"index","follow":"follow","max-snippet":"max-snippet:-1","max-image-preview":"max-image-preview:large","max-video-preview":"max-video-preview:-1"},"canonical":"https:\/\/iraurgiberritzen.eus\/es\/seguimiento-de-los-proyectos-de-colaboracion-con-los-directores-de-los-5-centros-de-la-comarca-en-el-marco-de-ib-hezkuntza\/","og_locale":"es_ES","og_type":"article","og_title":"Seguimiento de los proyectos de colaboraci\u00f3n con los directores de los 5 centros de la comarca en el marco de IB Hezkuntza - Iraurgi Berritzen","og_description":"Se ha realizado el seguimiento de las l\u00edneas de trabajo comunes priorizadas a principio de curso, haciendo las valoraciones y adaptaciones correspondientes. Las l\u00edneas de trabajo acordadas en com\u00fan: Proyecto IKASIZ lkastetxeak. Creaci\u00f3n de espacios colectivos e individuales orientados tanto a la sensibilizaci\u00f3n como a la capacitaci\u00f3n. Proyecto Ikastetxeak Saretzen (IB Harremanak). Crear din\u00e1micas y [&hellip;]","og_url":"https:\/\/iraurgiberritzen.eus\/es\/seguimiento-de-los-proyectos-de-colaboracion-con-los-directores-de-los-5-centros-de-la-comarca-en-el-marco-de-ib-hezkuntza\/","og_site_name":"Iraurgi Berritzen","article_published_time":"2024-01-19T09:34:46+00:00","article_modified_time":"2024-01-24T09:38:30+00:00","og_image":[{"width":800,"height":550,"url":"https:\/\/iraurgiberritzen.eus\/wp-content\/uploads\/2024\/01\/Hezkuntza-Gunea_2024_01_19.png","type":"image\/png"}],"author":"ainara","twitter_card":"summary_large_image","twitter_misc":{"Escrito por":"ainara","Tiempo de lectura":"2 minutos"},"schema":{"@context":"https:\/\/schema.org","@graph":[{"@type":"Article","@id":"https:\/\/iraurgiberritzen.eus\/es\/seguimiento-de-los-proyectos-de-colaboracion-con-los-directores-de-los-5-centros-de-la-comarca-en-el-marco-de-ib-hezkuntza\/#article","isPartOf":{"@id":"https:\/\/iraurgiberritzen.eus\/es\/seguimiento-de-los-proyectos-de-colaboracion-con-los-directores-de-los-5-centros-de-la-comarca-en-el-marco-de-ib-hezkuntza\/"},"author":{"name":"ainara","@id":"https:\/\/iraurgiberritzen.eus\/es\/#\/schema\/person\/a32c9825b3e2bfcbe757a97f6a15c8a5"},"headline":"Seguimiento de los proyectos de colaboraci\u00f3n con los directores de los 5 centros de la comarca en el marco de IB Hezkuntza","datePublished":"2024-01-19T09:34:46+00:00","dateModified":"2024-01-24T09:38:30+00:00","mainEntityOfPage":{"@id":"https:\/\/iraurgiberritzen.eus\/es\/seguimiento-de-los-proyectos-de-colaboracion-con-los-directores-de-los-5-centros-de-la-comarca-en-el-marco-de-ib-hezkuntza\/"},"wordCount":225,"publisher":{"@id":"https:\/\/iraurgiberritzen.eus\/es\/#organization"},"image":{"@id":"https:\/\/iraurgiberritzen.eus\/es\/seguimiento-de-los-proyectos-de-colaboracion-con-los-directores-de-los-5-centros-de-la-comarca-en-el-marco-de-ib-hezkuntza\/#primaryimage"},"thumbnailUrl":"https:\/\/iraurgiberritzen.eus\/wp-content\/uploads\/2024\/01\/Hezkuntza-Gunea_2024_01_19.png","articleSection":["Noticias"],"inLanguage":"es"},{"@type":"WebPage","@id":"https:\/\/iraurgiberritzen.eus\/es\/seguimiento-de-los-proyectos-de-colaboracion-con-los-directores-de-los-5-centros-de-la-comarca-en-el-marco-de-ib-hezkuntza\/","url":"https:\/\/iraurgiberritzen.eus\/es\/seguimiento-de-los-proyectos-de-colaboracion-con-los-directores-de-los-5-centros-de-la-comarca-en-el-marco-de-ib-hezkuntza\/","name":"Seguimiento de los proyectos de colaboraci\u00f3n con los directores de los 5 centros de la comarca en el marco de IB Hezkuntza - Iraurgi Berritzen","isPartOf":{"@id":"https:\/\/iraurgiberritzen.eus\/es\/#website"},"primaryImageOfPage":{"@id":"https:\/\/iraurgiberritzen.eus\/es\/seguimiento-de-los-proyectos-de-colaboracion-con-los-directores-de-los-5-centros-de-la-comarca-en-el-marco-de-ib-hezkuntza\/#primaryimage"},"image":{"@id":"https:\/\/iraurgiberritzen.eus\/es\/seguimiento-de-los-proyectos-de-colaboracion-con-los-directores-de-los-5-centros-de-la-comarca-en-el-marco-de-ib-hezkuntza\/#primaryimage"},"thumbnailUrl":"https:\/\/iraurgiberritzen.eus\/wp-content\/uploads\/2024\/01\/Hezkuntza-Gunea_2024_01_19.png","datePublished":"2024-01-19T09:34:46+00:00","dateModified":"2024-01-24T09:38:30+00:00","breadcrumb":{"@id":"https:\/\/iraurgiberritzen.eus\/es\/seguimiento-de-los-proyectos-de-colaboracion-con-los-directores-de-los-5-centros-de-la-comarca-en-el-marco-de-ib-hezkuntza\/#breadcrumb"},"inLanguage":"es","potentialAction":[{"@type":"ReadAction","target":["https:\/\/iraurgiberritzen.eus\/es\/seguimiento-de-los-proyectos-de-colaboracion-con-los-directores-de-los-5-centros-de-la-comarca-en-el-marco-de-ib-hezkuntza\/"]}]},{"@type":"ImageObject","inLanguage":"es","@id":"https:\/\/iraurgiberritzen.eus\/es\/seguimiento-de-los-proyectos-de-colaboracion-con-los-directores-de-los-5-centros-de-la-comarca-en-el-marco-de-ib-hezkuntza\/#primaryimage","url":"https:\/\/iraurgiberritzen.eus\/wp-content\/uploads\/2024\/01\/Hezkuntza-Gunea_2024_01_19.png","contentUrl":"https:\/\/iraurgiberritzen.eus\/wp-content\/uploads\/2024\/01\/Hezkuntza-Gunea_2024_01_19.png","width":800,"height":550},{"@type":"BreadcrumbList","@id":"https:\/\/iraurgiberritzen.eus\/es\/seguimiento-de-los-proyectos-de-colaboracion-con-los-directores-de-los-5-centros-de-la-comarca-en-el-marco-de-ib-hezkuntza\/#breadcrumb","itemListElement":[{"@type":"ListItem","position":1,"name":"Home","item":"https:\/\/iraurgiberritzen.eus\/es\/"},{"@type":"ListItem","position":2,"name":"Seguimiento de los proyectos de colaboraci\u00f3n con los directores de los 5 centros de la comarca en el marco de IB Hezkuntza"}]},{"@type":"WebSite","@id":"https:\/\/iraurgiberritzen.eus\/es\/#website","url":"https:\/\/iraurgiberritzen.eus\/es\/","name":"Iraurgi Berritzen","description":"Urola Erdiko Garapen Agentzia","publisher":{"@id":"https:\/\/iraurgiberritzen.eus\/es\/#organization"},"potentialAction":[{"@type":"SearchAction","target":{"@type":"EntryPoint","urlTemplate":"https:\/\/iraurgiberritzen.eus\/es\/?s={search_term_string}"},"query-input":{"@type":"PropertyValueSpecification","valueRequired":true,"valueName":"search_term_string"}}],"inLanguage":"es"},{"@type":"Organization","@id":"https:\/\/iraurgiberritzen.eus\/es\/#organization","name":"Iraurgi Berritzen","url":"https:\/\/iraurgiberritzen.eus\/es\/","logo":{"@type":"ImageObject","inLanguage":"es","@id":"https:\/\/iraurgiberritzen.eus\/es\/#\/schema\/logo\/image\/","url":"https:\/\/iraurgiberritzen.eus\/wp-content\/uploads\/2024\/02\/IRAURGI-BERRITZEN-logotipoa_2.png","contentUrl":"https:\/\/iraurgiberritzen.eus\/wp-content\/uploads\/2024\/02\/IRAURGI-BERRITZEN-logotipoa_2.png","width":496,"height":190,"caption":"Iraurgi Berritzen"},"image":{"@id":"https:\/\/iraurgiberritzen.eus\/es\/#\/schema\/logo\/image\/"}},{"@type":"Person","@id":"https:\/\/iraurgiberritzen.eus\/es\/#\/schema\/person\/a32c9825b3e2bfcbe757a97f6a15c8a5","name":"ainara"}]}},"_links":{"self":[{"href":"https:\/\/iraurgiberritzen.eus\/es\/wp-json\/wp\/v2\/posts\/18180","targetHints":{"allow":["GET"]}}],"collection":[{"href":"https:\/\/iraurgiberritzen.eus\/es\/wp-json\/wp\/v2\/posts"}],"about":[{"href":"https:\/\/iraurgiberritzen.eus\/es\/wp-json\/wp\/v2\/types\/post"}],"author":[{"embeddable":true,"href":"https:\/\/iraurgiberritzen.eus\/es\/wp-json\/wp\/v2\/users\/4"}],"replies":[{"embeddable":true,"href":"https:\/\/iraurgiberritzen.eus\/es\/wp-json\/wp\/v2\/comments?post=18180"}],"version-history":[{"count":3,"href":"https:\/\/iraurgiberritzen.eus\/es\/wp-json\/wp\/v2\/posts\/18180\/revisions"}],"predecessor-version":[{"id":18183,"href":"https:\/\/iraurgiberritzen.eus\/es\/wp-json\/wp\/v2\/posts\/18180\/revisions\/18183"}],"wp:featuredmedia":[{"embeddable":true,"href":"https:\/\/iraurgiberritzen.eus\/es\/wp-json\/wp\/v2\/media\/18178"}],"wp:attachment":[{"href":"https:\/\/iraurgiberritzen.eus\/es\/wp-json\/wp\/v2\/media?parent=18180"}],"wp:term":[{"taxonomy":"category","embeddable":true,"href":"https:\/\/iraurgiberritzen.eus\/es\/wp-json\/wp\/v2\/categories?post=18180"},{"taxonomy":"post_tag","embeddable":true,"href":"https:\/\/iraurgiberritzen.eus\/es\/wp-json\/wp\/v2\/tags?post=18180"}],"curies":[{"name":"wp","href":"https:\/\/api.w.org\/{rel}","templated":true}]}}