{"id":18297,"date":"2024-02-07T09:52:50","date_gmt":"2024-02-07T07:52:50","guid":{"rendered":"https:\/\/iraurgiberritzen.eus\/?p=18297"},"modified":"2024-02-07T09:52:50","modified_gmt":"2024-02-07T07:52:50","slug":"desarrollando-el-espiritu-emprendedor-el-alumnado-de-urola-bhi-ha-conocido-de-cerca-la-actividad-emprendedora-de-la-comarca","status":"publish","type":"post","link":"https:\/\/iraurgiberritzen.eus\/es\/desarrollando-el-espiritu-emprendedor-el-alumnado-de-urola-bhi-ha-conocido-de-cerca-la-actividad-emprendedora-de-la-comarca\/","title":{"rendered":"Desarrollando el esp\u00edritu emprendedor: el alumnado de Urola BHI, ha conocido de cerca la actividad emprendedora de la comarca"},"content":{"rendered":"<p>El IES Urola de Azpeitia acaba de finalizar el proyecto Izan ekintzaile! que tiene como objetivo fomentar el emprendimiento entre el alumnado. El proyecto tiene dos objetivos principales, por un lado, acercar al alumnado la realidad socioecon\u00f3mica de la comarca y sensibilizar sobre la importancia de la actividad emprendedora en la misma, y, por otro lado, conocer de cerca las vivencias de las personas emprendedoras y trabajar las competencias necesarias.<\/p>\n<p>A lo largo del curso se han llevado a cabo dos sesiones. En la primera sesi\u00f3n, el alumnado ha conocido la actividad emprendedora de la comarca y han visto el impacto que tienen los retos y las tendencias del futuro en el emprendimiento.<\/p>\n<p>La segunda sesi\u00f3n ha contado con la participaci\u00f3n del emprendedor Alex Silva, fundador de Baskey Rentals. En la primera parte de la sesi\u00f3n, el emprendedor ha compartido su trayectoria profesional y su experiencia personal. Y en la segunda parte, el alumnado ha presentado sus proyectos de emprendimiento que han ido trabajando en las \u00faltimas semanas. En la sesi\u00f3n, se ha generado un intercambio enriquecedor entre el alumnado y el emprendedor, dando lugar a una reflexi\u00f3n sobre el emprendimiento. En general, el alumnado de IES Urola lo ha valorado muy positivamente la sesi\u00f3n.<\/p>\n<p>En el proyecto Izan Ekintzaile! tambi\u00e9n est\u00e1n participando otros dos centros educativos, Ikasberri y Azkoitia BHI, los cuales recibir\u00e1n visitas de varias personas emprendedoras de la comarca en los pr\u00f3ximos meses.<\/p>\n","protected":false},"excerpt":{"rendered":"<p>El IES Urola de Azpeitia acaba de finalizar el proyecto Izan ekintzaile! que tiene como objetivo fomentar el emprendimiento entre el alumnado. El proyecto tiene dos objetivos principales, por un lado, acercar al alumnado la realidad socioecon\u00f3mica de la comarca y sensibilizar sobre la importancia de la actividad emprendedora en la misma, y, por otro [&hellip;]<\/p>\n","protected":false},"author":4,"featured_media":18295,"comment_status":"closed","ping_status":"closed","sticky":false,"template":"","format":"standard","meta":{"_acf_changed":false,"footnotes":""},"categories":[4],"tags":[],"class_list":["post-18297","post","type-post","status-publish","format-standard","has-post-thumbnail","hentry","category-noticias","arloak-educacion","arloak-emprendimiento","arloak-se-emprendedor"],"acf":[],"yoast_head":"<!-- This site is optimized with the Yoast SEO plugin v27.4 - https:\/\/yoast.com\/product\/yoast-seo-wordpress\/ -->\n<title>Desarrollando el esp\u00edritu emprendedor: el alumnado de Urola BHI, ha conocido de cerca la actividad emprendedora de la comarca - Iraurgi Berritzen<\/title>\n<meta name=\"robots\" content=\"index, follow, max-snippet:-1, max-image-preview:large, max-video-preview:-1\" \/>\n<link rel=\"canonical\" href=\"https:\/\/iraurgiberritzen.eus\/es\/desarrollando-el-espiritu-emprendedor-el-alumnado-de-urola-bhi-ha-conocido-de-cerca-la-actividad-emprendedora-de-la-comarca\/\" \/>\n<meta property=\"og:locale\" content=\"es_ES\" \/>\n<meta property=\"og:type\" content=\"article\" \/>\n<meta property=\"og:title\" content=\"Desarrollando el esp\u00edritu emprendedor: el alumnado de Urola BHI, ha conocido de cerca la actividad emprendedora de la comarca - Iraurgi Berritzen\" \/>\n<meta property=\"og:description\" content=\"El IES Urola de Azpeitia acaba de finalizar el proyecto Izan ekintzaile! que tiene como objetivo fomentar el emprendimiento entre el alumnado. El proyecto tiene dos objetivos principales, por un lado, acercar al alumnado la realidad socioecon\u00f3mica de la comarca y sensibilizar sobre la importancia de la actividad emprendedora en la misma, y, por otro [&hellip;]\" \/>\n<meta property=\"og:url\" content=\"https:\/\/iraurgiberritzen.eus\/es\/desarrollando-el-espiritu-emprendedor-el-alumnado-de-urola-bhi-ha-conocido-de-cerca-la-actividad-emprendedora-de-la-comarca\/\" \/>\n<meta property=\"og:site_name\" content=\"Iraurgi Berritzen\" \/>\n<meta property=\"article:published_time\" content=\"2024-02-07T07:52:50+00:00\" \/>\n<meta property=\"og:image\" content=\"https:\/\/iraurgiberritzen.eus\/wp-content\/uploads\/2024\/02\/Diseno-sin-titulo-2024-02-07T085007.883.png\" \/>\n\t<meta property=\"og:image:width\" content=\"800\" \/>\n\t<meta property=\"og:image:height\" content=\"550\" \/>\n\t<meta property=\"og:image:type\" content=\"image\/png\" \/>\n<meta name=\"author\" content=\"ainara\" \/>\n<meta name=\"twitter:card\" content=\"summary_large_image\" \/>\n<meta name=\"twitter:label1\" content=\"Escrito por\" \/>\n\t<meta name=\"twitter:data1\" content=\"ainara\" \/>\n\t<meta name=\"twitter:label2\" content=\"Tiempo de lectura\" \/>\n\t<meta name=\"twitter:data2\" content=\"2 minutos\" \/>\n<script type=\"application\/ld+json\" class=\"yoast-schema-graph\">{\"@context\":\"https:\\\/\\\/schema.org\",\"@graph\":[{\"@type\":\"Article\",\"@id\":\"https:\\\/\\\/iraurgiberritzen.eus\\\/es\\\/desarrollando-el-espiritu-emprendedor-el-alumnado-de-urola-bhi-ha-conocido-de-cerca-la-actividad-emprendedora-de-la-comarca\\\/#article\",\"isPartOf\":{\"@id\":\"https:\\\/\\\/iraurgiberritzen.eus\\\/es\\\/desarrollando-el-espiritu-emprendedor-el-alumnado-de-urola-bhi-ha-conocido-de-cerca-la-actividad-emprendedora-de-la-comarca\\\/\"},\"author\":{\"name\":\"ainara\",\"@id\":\"https:\\\/\\\/iraurgiberritzen.eus\\\/es\\\/#\\\/schema\\\/person\\\/a32c9825b3e2bfcbe757a97f6a15c8a5\"},\"headline\":\"Desarrollando el esp\u00edritu emprendedor: el alumnado de Urola BHI, ha conocido de cerca la actividad emprendedora de la comarca\",\"datePublished\":\"2024-02-07T07:52:50+00:00\",\"mainEntityOfPage\":{\"@id\":\"https:\\\/\\\/iraurgiberritzen.eus\\\/es\\\/desarrollando-el-espiritu-emprendedor-el-alumnado-de-urola-bhi-ha-conocido-de-cerca-la-actividad-emprendedora-de-la-comarca\\\/\"},\"wordCount\":268,\"publisher\":{\"@id\":\"https:\\\/\\\/iraurgiberritzen.eus\\\/es\\\/#organization\"},\"image\":{\"@id\":\"https:\\\/\\\/iraurgiberritzen.eus\\\/es\\\/desarrollando-el-espiritu-emprendedor-el-alumnado-de-urola-bhi-ha-conocido-de-cerca-la-actividad-emprendedora-de-la-comarca\\\/#primaryimage\"},\"thumbnailUrl\":\"https:\\\/\\\/iraurgiberritzen.eus\\\/wp-content\\\/uploads\\\/2024\\\/02\\\/Diseno-sin-titulo-2024-02-07T085007.883.png\",\"articleSection\":[\"Noticias\"],\"inLanguage\":\"es\"},{\"@type\":\"WebPage\",\"@id\":\"https:\\\/\\\/iraurgiberritzen.eus\\\/es\\\/desarrollando-el-espiritu-emprendedor-el-alumnado-de-urola-bhi-ha-conocido-de-cerca-la-actividad-emprendedora-de-la-comarca\\\/\",\"url\":\"https:\\\/\\\/iraurgiberritzen.eus\\\/es\\\/desarrollando-el-espiritu-emprendedor-el-alumnado-de-urola-bhi-ha-conocido-de-cerca-la-actividad-emprendedora-de-la-comarca\\\/\",\"name\":\"Desarrollando el esp\u00edritu emprendedor: el alumnado de Urola BHI, ha conocido de cerca la actividad emprendedora de la comarca - Iraurgi Berritzen\",\"isPartOf\":{\"@id\":\"https:\\\/\\\/iraurgiberritzen.eus\\\/es\\\/#website\"},\"primaryImageOfPage\":{\"@id\":\"https:\\\/\\\/iraurgiberritzen.eus\\\/es\\\/desarrollando-el-espiritu-emprendedor-el-alumnado-de-urola-bhi-ha-conocido-de-cerca-la-actividad-emprendedora-de-la-comarca\\\/#primaryimage\"},\"image\":{\"@id\":\"https:\\\/\\\/iraurgiberritzen.eus\\\/es\\\/desarrollando-el-espiritu-emprendedor-el-alumnado-de-urola-bhi-ha-conocido-de-cerca-la-actividad-emprendedora-de-la-comarca\\\/#primaryimage\"},\"thumbnailUrl\":\"https:\\\/\\\/iraurgiberritzen.eus\\\/wp-content\\\/uploads\\\/2024\\\/02\\\/Diseno-sin-titulo-2024-02-07T085007.883.png\",\"datePublished\":\"2024-02-07T07:52:50+00:00\",\"breadcrumb\":{\"@id\":\"https:\\\/\\\/iraurgiberritzen.eus\\\/es\\\/desarrollando-el-espiritu-emprendedor-el-alumnado-de-urola-bhi-ha-conocido-de-cerca-la-actividad-emprendedora-de-la-comarca\\\/#breadcrumb\"},\"inLanguage\":\"es\",\"potentialAction\":[{\"@type\":\"ReadAction\",\"target\":[\"https:\\\/\\\/iraurgiberritzen.eus\\\/es\\\/desarrollando-el-espiritu-emprendedor-el-alumnado-de-urola-bhi-ha-conocido-de-cerca-la-actividad-emprendedora-de-la-comarca\\\/\"]}]},{\"@type\":\"ImageObject\",\"inLanguage\":\"es\",\"@id\":\"https:\\\/\\\/iraurgiberritzen.eus\\\/es\\\/desarrollando-el-espiritu-emprendedor-el-alumnado-de-urola-bhi-ha-conocido-de-cerca-la-actividad-emprendedora-de-la-comarca\\\/#primaryimage\",\"url\":\"https:\\\/\\\/iraurgiberritzen.eus\\\/wp-content\\\/uploads\\\/2024\\\/02\\\/Diseno-sin-titulo-2024-02-07T085007.883.png\",\"contentUrl\":\"https:\\\/\\\/iraurgiberritzen.eus\\\/wp-content\\\/uploads\\\/2024\\\/02\\\/Diseno-sin-titulo-2024-02-07T085007.883.png\",\"width\":800,\"height\":550},{\"@type\":\"BreadcrumbList\",\"@id\":\"https:\\\/\\\/iraurgiberritzen.eus\\\/es\\\/desarrollando-el-espiritu-emprendedor-el-alumnado-de-urola-bhi-ha-conocido-de-cerca-la-actividad-emprendedora-de-la-comarca\\\/#breadcrumb\",\"itemListElement\":[{\"@type\":\"ListItem\",\"position\":1,\"name\":\"Home\",\"item\":\"https:\\\/\\\/iraurgiberritzen.eus\\\/es\\\/\"},{\"@type\":\"ListItem\",\"position\":2,\"name\":\"Desarrollando el esp\u00edritu emprendedor: el alumnado de Urola BHI, ha conocido de cerca la actividad emprendedora de la comarca\"}]},{\"@type\":\"WebSite\",\"@id\":\"https:\\\/\\\/iraurgiberritzen.eus\\\/es\\\/#website\",\"url\":\"https:\\\/\\\/iraurgiberritzen.eus\\\/es\\\/\",\"name\":\"Iraurgi Berritzen\",\"description\":\"Urola Erdiko Garapen Agentzia\",\"publisher\":{\"@id\":\"https:\\\/\\\/iraurgiberritzen.eus\\\/es\\\/#organization\"},\"potentialAction\":[{\"@type\":\"SearchAction\",\"target\":{\"@type\":\"EntryPoint\",\"urlTemplate\":\"https:\\\/\\\/iraurgiberritzen.eus\\\/es\\\/?s={search_term_string}\"},\"query-input\":{\"@type\":\"PropertyValueSpecification\",\"valueRequired\":true,\"valueName\":\"search_term_string\"}}],\"inLanguage\":\"es\"},{\"@type\":\"Organization\",\"@id\":\"https:\\\/\\\/iraurgiberritzen.eus\\\/es\\\/#organization\",\"name\":\"Iraurgi Berritzen\",\"url\":\"https:\\\/\\\/iraurgiberritzen.eus\\\/es\\\/\",\"logo\":{\"@type\":\"ImageObject\",\"inLanguage\":\"es\",\"@id\":\"https:\\\/\\\/iraurgiberritzen.eus\\\/es\\\/#\\\/schema\\\/logo\\\/image\\\/\",\"url\":\"https:\\\/\\\/iraurgiberritzen.eus\\\/wp-content\\\/uploads\\\/2024\\\/02\\\/IRAURGI-BERRITZEN-logotipoa_2.png\",\"contentUrl\":\"https:\\\/\\\/iraurgiberritzen.eus\\\/wp-content\\\/uploads\\\/2024\\\/02\\\/IRAURGI-BERRITZEN-logotipoa_2.png\",\"width\":496,\"height\":190,\"caption\":\"Iraurgi Berritzen\"},\"image\":{\"@id\":\"https:\\\/\\\/iraurgiberritzen.eus\\\/es\\\/#\\\/schema\\\/logo\\\/image\\\/\"}},{\"@type\":\"Person\",\"@id\":\"https:\\\/\\\/iraurgiberritzen.eus\\\/es\\\/#\\\/schema\\\/person\\\/a32c9825b3e2bfcbe757a97f6a15c8a5\",\"name\":\"ainara\"}]}<\/script>\n<!-- \/ Yoast SEO plugin. -->","yoast_head_json":{"title":"Desarrollando el esp\u00edritu emprendedor: el alumnado de Urola BHI, ha conocido de cerca la actividad emprendedora de la comarca - Iraurgi Berritzen","robots":{"index":"index","follow":"follow","max-snippet":"max-snippet:-1","max-image-preview":"max-image-preview:large","max-video-preview":"max-video-preview:-1"},"canonical":"https:\/\/iraurgiberritzen.eus\/es\/desarrollando-el-espiritu-emprendedor-el-alumnado-de-urola-bhi-ha-conocido-de-cerca-la-actividad-emprendedora-de-la-comarca\/","og_locale":"es_ES","og_type":"article","og_title":"Desarrollando el esp\u00edritu emprendedor: el alumnado de Urola BHI, ha conocido de cerca la actividad emprendedora de la comarca - Iraurgi Berritzen","og_description":"El IES Urola de Azpeitia acaba de finalizar el proyecto Izan ekintzaile! que tiene como objetivo fomentar el emprendimiento entre el alumnado. El proyecto tiene dos objetivos principales, por un lado, acercar al alumnado la realidad socioecon\u00f3mica de la comarca y sensibilizar sobre la importancia de la actividad emprendedora en la misma, y, por otro [&hellip;]","og_url":"https:\/\/iraurgiberritzen.eus\/es\/desarrollando-el-espiritu-emprendedor-el-alumnado-de-urola-bhi-ha-conocido-de-cerca-la-actividad-emprendedora-de-la-comarca\/","og_site_name":"Iraurgi Berritzen","article_published_time":"2024-02-07T07:52:50+00:00","og_image":[{"width":800,"height":550,"url":"https:\/\/iraurgiberritzen.eus\/wp-content\/uploads\/2024\/02\/Diseno-sin-titulo-2024-02-07T085007.883.png","type":"image\/png"}],"author":"ainara","twitter_card":"summary_large_image","twitter_misc":{"Escrito por":"ainara","Tiempo de lectura":"2 minutos"},"schema":{"@context":"https:\/\/schema.org","@graph":[{"@type":"Article","@id":"https:\/\/iraurgiberritzen.eus\/es\/desarrollando-el-espiritu-emprendedor-el-alumnado-de-urola-bhi-ha-conocido-de-cerca-la-actividad-emprendedora-de-la-comarca\/#article","isPartOf":{"@id":"https:\/\/iraurgiberritzen.eus\/es\/desarrollando-el-espiritu-emprendedor-el-alumnado-de-urola-bhi-ha-conocido-de-cerca-la-actividad-emprendedora-de-la-comarca\/"},"author":{"name":"ainara","@id":"https:\/\/iraurgiberritzen.eus\/es\/#\/schema\/person\/a32c9825b3e2bfcbe757a97f6a15c8a5"},"headline":"Desarrollando el esp\u00edritu emprendedor: el alumnado de Urola BHI, ha conocido de cerca la actividad emprendedora de la comarca","datePublished":"2024-02-07T07:52:50+00:00","mainEntityOfPage":{"@id":"https:\/\/iraurgiberritzen.eus\/es\/desarrollando-el-espiritu-emprendedor-el-alumnado-de-urola-bhi-ha-conocido-de-cerca-la-actividad-emprendedora-de-la-comarca\/"},"wordCount":268,"publisher":{"@id":"https:\/\/iraurgiberritzen.eus\/es\/#organization"},"image":{"@id":"https:\/\/iraurgiberritzen.eus\/es\/desarrollando-el-espiritu-emprendedor-el-alumnado-de-urola-bhi-ha-conocido-de-cerca-la-actividad-emprendedora-de-la-comarca\/#primaryimage"},"thumbnailUrl":"https:\/\/iraurgiberritzen.eus\/wp-content\/uploads\/2024\/02\/Diseno-sin-titulo-2024-02-07T085007.883.png","articleSection":["Noticias"],"inLanguage":"es"},{"@type":"WebPage","@id":"https:\/\/iraurgiberritzen.eus\/es\/desarrollando-el-espiritu-emprendedor-el-alumnado-de-urola-bhi-ha-conocido-de-cerca-la-actividad-emprendedora-de-la-comarca\/","url":"https:\/\/iraurgiberritzen.eus\/es\/desarrollando-el-espiritu-emprendedor-el-alumnado-de-urola-bhi-ha-conocido-de-cerca-la-actividad-emprendedora-de-la-comarca\/","name":"Desarrollando el esp\u00edritu emprendedor: el alumnado de Urola BHI, ha conocido de cerca la actividad emprendedora de la comarca - Iraurgi Berritzen","isPartOf":{"@id":"https:\/\/iraurgiberritzen.eus\/es\/#website"},"primaryImageOfPage":{"@id":"https:\/\/iraurgiberritzen.eus\/es\/desarrollando-el-espiritu-emprendedor-el-alumnado-de-urola-bhi-ha-conocido-de-cerca-la-actividad-emprendedora-de-la-comarca\/#primaryimage"},"image":{"@id":"https:\/\/iraurgiberritzen.eus\/es\/desarrollando-el-espiritu-emprendedor-el-alumnado-de-urola-bhi-ha-conocido-de-cerca-la-actividad-emprendedora-de-la-comarca\/#primaryimage"},"thumbnailUrl":"https:\/\/iraurgiberritzen.eus\/wp-content\/uploads\/2024\/02\/Diseno-sin-titulo-2024-02-07T085007.883.png","datePublished":"2024-02-07T07:52:50+00:00","breadcrumb":{"@id":"https:\/\/iraurgiberritzen.eus\/es\/desarrollando-el-espiritu-emprendedor-el-alumnado-de-urola-bhi-ha-conocido-de-cerca-la-actividad-emprendedora-de-la-comarca\/#breadcrumb"},"inLanguage":"es","potentialAction":[{"@type":"ReadAction","target":["https:\/\/iraurgiberritzen.eus\/es\/desarrollando-el-espiritu-emprendedor-el-alumnado-de-urola-bhi-ha-conocido-de-cerca-la-actividad-emprendedora-de-la-comarca\/"]}]},{"@type":"ImageObject","inLanguage":"es","@id":"https:\/\/iraurgiberritzen.eus\/es\/desarrollando-el-espiritu-emprendedor-el-alumnado-de-urola-bhi-ha-conocido-de-cerca-la-actividad-emprendedora-de-la-comarca\/#primaryimage","url":"https:\/\/iraurgiberritzen.eus\/wp-content\/uploads\/2024\/02\/Diseno-sin-titulo-2024-02-07T085007.883.png","contentUrl":"https:\/\/iraurgiberritzen.eus\/wp-content\/uploads\/2024\/02\/Diseno-sin-titulo-2024-02-07T085007.883.png","width":800,"height":550},{"@type":"BreadcrumbList","@id":"https:\/\/iraurgiberritzen.eus\/es\/desarrollando-el-espiritu-emprendedor-el-alumnado-de-urola-bhi-ha-conocido-de-cerca-la-actividad-emprendedora-de-la-comarca\/#breadcrumb","itemListElement":[{"@type":"ListItem","position":1,"name":"Home","item":"https:\/\/iraurgiberritzen.eus\/es\/"},{"@type":"ListItem","position":2,"name":"Desarrollando el esp\u00edritu emprendedor: el alumnado de Urola BHI, ha conocido de cerca la actividad emprendedora de la comarca"}]},{"@type":"WebSite","@id":"https:\/\/iraurgiberritzen.eus\/es\/#website","url":"https:\/\/iraurgiberritzen.eus\/es\/","name":"Iraurgi Berritzen","description":"Urola Erdiko Garapen Agentzia","publisher":{"@id":"https:\/\/iraurgiberritzen.eus\/es\/#organization"},"potentialAction":[{"@type":"SearchAction","target":{"@type":"EntryPoint","urlTemplate":"https:\/\/iraurgiberritzen.eus\/es\/?s={search_term_string}"},"query-input":{"@type":"PropertyValueSpecification","valueRequired":true,"valueName":"search_term_string"}}],"inLanguage":"es"},{"@type":"Organization","@id":"https:\/\/iraurgiberritzen.eus\/es\/#organization","name":"Iraurgi Berritzen","url":"https:\/\/iraurgiberritzen.eus\/es\/","logo":{"@type":"ImageObject","inLanguage":"es","@id":"https:\/\/iraurgiberritzen.eus\/es\/#\/schema\/logo\/image\/","url":"https:\/\/iraurgiberritzen.eus\/wp-content\/uploads\/2024\/02\/IRAURGI-BERRITZEN-logotipoa_2.png","contentUrl":"https:\/\/iraurgiberritzen.eus\/wp-content\/uploads\/2024\/02\/IRAURGI-BERRITZEN-logotipoa_2.png","width":496,"height":190,"caption":"Iraurgi Berritzen"},"image":{"@id":"https:\/\/iraurgiberritzen.eus\/es\/#\/schema\/logo\/image\/"}},{"@type":"Person","@id":"https:\/\/iraurgiberritzen.eus\/es\/#\/schema\/person\/a32c9825b3e2bfcbe757a97f6a15c8a5","name":"ainara"}]}},"_links":{"self":[{"href":"https:\/\/iraurgiberritzen.eus\/es\/wp-json\/wp\/v2\/posts\/18297","targetHints":{"allow":["GET"]}}],"collection":[{"href":"https:\/\/iraurgiberritzen.eus\/es\/wp-json\/wp\/v2\/posts"}],"about":[{"href":"https:\/\/iraurgiberritzen.eus\/es\/wp-json\/wp\/v2\/types\/post"}],"author":[{"embeddable":true,"href":"https:\/\/iraurgiberritzen.eus\/es\/wp-json\/wp\/v2\/users\/4"}],"replies":[{"embeddable":true,"href":"https:\/\/iraurgiberritzen.eus\/es\/wp-json\/wp\/v2\/comments?post=18297"}],"version-history":[{"count":1,"href":"https:\/\/iraurgiberritzen.eus\/es\/wp-json\/wp\/v2\/posts\/18297\/revisions"}],"predecessor-version":[{"id":18298,"href":"https:\/\/iraurgiberritzen.eus\/es\/wp-json\/wp\/v2\/posts\/18297\/revisions\/18298"}],"wp:featuredmedia":[{"embeddable":true,"href":"https:\/\/iraurgiberritzen.eus\/es\/wp-json\/wp\/v2\/media\/18295"}],"wp:attachment":[{"href":"https:\/\/iraurgiberritzen.eus\/es\/wp-json\/wp\/v2\/media?parent=18297"}],"wp:term":[{"taxonomy":"category","embeddable":true,"href":"https:\/\/iraurgiberritzen.eus\/es\/wp-json\/wp\/v2\/categories?post=18297"},{"taxonomy":"post_tag","embeddable":true,"href":"https:\/\/iraurgiberritzen.eus\/es\/wp-json\/wp\/v2\/tags?post=18297"}],"curies":[{"name":"wp","href":"https:\/\/api.w.org\/{rel}","templated":true}]}}