{"id":18320,"date":"2024-01-26T10:25:16","date_gmt":"2024-01-26T08:25:16","guid":{"rendered":"https:\/\/iraurgiberritzen.eus\/?p=18320"},"modified":"2024-02-07T10:26:23","modified_gmt":"2024-02-07T08:26:23","slug":"seguimiento-de-la-reflexion-estrategica-de-urola-erdia-en-la-xxi-topaketak-de-la-red-ib","status":"publish","type":"post","link":"https:\/\/iraurgiberritzen.eus\/es\/seguimiento-de-la-reflexion-estrategica-de-urola-erdia-en-la-xxi-topaketak-de-la-red-ib\/","title":{"rendered":"Seguimiento de la reflexi\u00f3n estrat\u00e9gica de Urola Erdia en la XXI Topaketak de la Red IB"},"content":{"rendered":"<p>Hoy se ha celebrado la XXI Topaketak de la Red IB, en la Casa de Espiritualidad de Loiola (Azpeitia). En ella han participado diferentes agentes del \u00e1mbito socioecon\u00f3mico de la comarca: empresas, emprendedores, colegios, asociaciones comerciales, empleo, turismo y ayuntamientos.<\/p>\n<p>El evento de hoy ha sido inaugurado por Ana Azkoitia, alcaldesa de Azkoitia y Presidenta de Iraurgi Berritzen, como representante municipal de la comarca. En ella se ha compartido con las alrededor de 60 personas que han asistido a la misma en representaci\u00f3n de la comarca, el seguimiento del Plan de Acci\u00f3n del Proceso de Reflexi\u00f3n \u00abElkarrekin Urola Erdia Eraldatzen 2022-2027\u00bb, llevado a cabo en colaboraci\u00f3n con alcaldes y agentes de diferentes sectores de las localidades de Urola Medio, de la mano de la directora de la agencia, Bego\u00f1a Beobide. Asimismo, se ha puesto en valor el modelo de gobernanza colaborativa que est\u00e1 desarrollando la agencia con el objetivo de transformar la comarca.<\/p>\n<p>Las personas participantes han tenido hoy una excelente oportunidad para reforzar sus relaciones. Adem\u00e1s, han podido escuchar la conferencia del orador reconocido internacionalmente <a href=\"https:\/\/www.linkedin.com\/in\/javier-mart%C3%ADnez-aldanondo-aprendizaje\/\">Javier Martinez Aldanondo<\/a>, experto en la gesti\u00f3n del conocimiento y el aprendizaje de las organizaciones. Este ha puesto el foco en la importancia de la inteligencia colectiva y la cooperaci\u00f3n para la transformaci\u00f3n de la comarca.<\/p>\n<p>Nagore Alkorta, alcaldesa de Azpeitia y vicepresidenta de Iraurgi Berritzen, ha clausurado el evento.<\/p>\n<img loading=\"lazy\" decoding=\"async\" class=\"alignnone size-medium wp-image-18316 aligncenter\" src=\"https:\/\/iraurgiberritzen.eus\/wp-content\/uploads\/2024\/01\/2-3-300x206.png\" alt=\"\" width=\"300\" height=\"206\" srcset=\"https:\/\/iraurgiberritzen.eus\/wp-content\/uploads\/2024\/01\/2-3-300x206.png 300w, https:\/\/iraurgiberritzen.eus\/wp-content\/uploads\/2024\/01\/2-3-768x528.png 768w, https:\/\/iraurgiberritzen.eus\/wp-content\/uploads\/2024\/01\/2-3.png 800w\" sizes=\"auto, (max-width: 300px) 100vw, 300px\" \/><img loading=\"lazy\" decoding=\"async\" class=\"alignnone size-medium wp-image-18312 aligncenter\" src=\"https:\/\/iraurgiberritzen.eus\/wp-content\/uploads\/2024\/01\/3-2-300x206.png\" alt=\"\" width=\"300\" height=\"206\" srcset=\"https:\/\/iraurgiberritzen.eus\/wp-content\/uploads\/2024\/01\/3-2-300x206.png 300w, https:\/\/iraurgiberritzen.eus\/wp-content\/uploads\/2024\/01\/3-2-768x528.png 768w, https:\/\/iraurgiberritzen.eus\/wp-content\/uploads\/2024\/01\/3-2.png 800w\" sizes=\"auto, (max-width: 300px) 100vw, 300px\" \/><img loading=\"lazy\" decoding=\"async\" class=\"alignnone size-medium wp-image-18314 aligncenter\" src=\"https:\/\/iraurgiberritzen.eus\/wp-content\/uploads\/2024\/01\/5-2-300x206.png\" alt=\"\" width=\"300\" height=\"206\" srcset=\"https:\/\/iraurgiberritzen.eus\/wp-content\/uploads\/2024\/01\/5-2-300x206.png 300w, https:\/\/iraurgiberritzen.eus\/wp-content\/uploads\/2024\/01\/5-2-768x528.png 768w, https:\/\/iraurgiberritzen.eus\/wp-content\/uploads\/2024\/01\/5-2.png 800w\" sizes=\"auto, (max-width: 300px) 100vw, 300px\" \/><img loading=\"lazy\" decoding=\"async\" class=\"alignnone size-medium wp-image-18310 aligncenter\" src=\"https:\/\/iraurgiberritzen.eus\/wp-content\/uploads\/2024\/01\/4-3-300x206.png\" alt=\"\" width=\"300\" height=\"206\" srcset=\"https:\/\/iraurgiberritzen.eus\/wp-content\/uploads\/2024\/01\/4-3-300x206.png 300w, https:\/\/iraurgiberritzen.eus\/wp-content\/uploads\/2024\/01\/4-3-768x528.png 768w, https:\/\/iraurgiberritzen.eus\/wp-content\/uploads\/2024\/01\/4-3.png 800w\" sizes=\"auto, (max-width: 300px) 100vw, 300px\" \/><img loading=\"lazy\" decoding=\"async\" class=\"alignnone size-medium wp-image-18318 aligncenter\" src=\"https:\/\/iraurgiberritzen.eus\/wp-content\/uploads\/2024\/01\/1-4-300x206.png\" alt=\"\" width=\"300\" height=\"206\" srcset=\"https:\/\/iraurgiberritzen.eus\/wp-content\/uploads\/2024\/01\/1-4-300x206.png 300w, https:\/\/iraurgiberritzen.eus\/wp-content\/uploads\/2024\/01\/1-4-768x528.png 768w, https:\/\/iraurgiberritzen.eus\/wp-content\/uploads\/2024\/01\/1-4.png 800w\" sizes=\"auto, (max-width: 300px) 100vw, 300px\" \/>\n<p>&nbsp;<\/p>\n<p>&nbsp;<\/p>\n","protected":false},"excerpt":{"rendered":"<p>Hoy se ha celebrado la XXI Topaketak de la Red IB, en la Casa de Espiritualidad de Loiola (Azpeitia). En ella han participado diferentes agentes del \u00e1mbito socioecon\u00f3mico de la comarca: empresas, emprendedores, colegios, asociaciones comerciales, empleo, turismo y ayuntamientos. El evento de hoy ha sido inaugurado por Ana Azkoitia, alcaldesa de Azkoitia y Presidenta [&hellip;]<\/p>\n","protected":false},"author":4,"featured_media":18308,"comment_status":"closed","ping_status":"closed","sticky":false,"template":"","format":"standard","meta":{"_acf_changed":false,"footnotes":""},"categories":[4],"tags":[],"class_list":["post-18320","post","type-post","status-publish","format-standard","has-post-thumbnail","hentry","category-noticias","arloak-desarrollo-local"],"acf":[],"yoast_head":"<!-- This site is optimized with the Yoast SEO plugin v27.4 - https:\/\/yoast.com\/product\/yoast-seo-wordpress\/ -->\n<title>Seguimiento de la reflexi\u00f3n estrat\u00e9gica de Urola Erdia en la XXI Topaketak de la Red IB - Iraurgi Berritzen<\/title>\n<meta name=\"robots\" content=\"index, follow, max-snippet:-1, max-image-preview:large, max-video-preview:-1\" \/>\n<link rel=\"canonical\" href=\"https:\/\/iraurgiberritzen.eus\/es\/seguimiento-de-la-reflexion-estrategica-de-urola-erdia-en-la-xxi-topaketak-de-la-red-ib\/\" \/>\n<meta property=\"og:locale\" content=\"es_ES\" \/>\n<meta property=\"og:type\" content=\"article\" \/>\n<meta property=\"og:title\" content=\"Seguimiento de la reflexi\u00f3n estrat\u00e9gica de Urola Erdia en la XXI Topaketak de la Red IB - Iraurgi Berritzen\" \/>\n<meta property=\"og:description\" content=\"Hoy se ha celebrado la XXI Topaketak de la Red IB, en la Casa de Espiritualidad de Loiola (Azpeitia). En ella han participado diferentes agentes del \u00e1mbito socioecon\u00f3mico de la comarca: empresas, emprendedores, colegios, asociaciones comerciales, empleo, turismo y ayuntamientos. El evento de hoy ha sido inaugurado por Ana Azkoitia, alcaldesa de Azkoitia y Presidenta [&hellip;]\" \/>\n<meta property=\"og:url\" content=\"https:\/\/iraurgiberritzen.eus\/es\/seguimiento-de-la-reflexion-estrategica-de-urola-erdia-en-la-xxi-topaketak-de-la-red-ib\/\" \/>\n<meta property=\"og:site_name\" content=\"Iraurgi Berritzen\" \/>\n<meta property=\"article:published_time\" content=\"2024-01-26T08:25:16+00:00\" \/>\n<meta property=\"article:modified_time\" content=\"2024-02-07T08:26:23+00:00\" \/>\n<meta property=\"og:image\" content=\"https:\/\/iraurgiberritzen.eus\/wp-content\/uploads\/2024\/01\/Diseno-sin-titulo-2024-02-07T090432.492.png\" \/>\n\t<meta property=\"og:image:width\" content=\"800\" \/>\n\t<meta property=\"og:image:height\" content=\"550\" \/>\n\t<meta property=\"og:image:type\" content=\"image\/png\" \/>\n<meta name=\"author\" content=\"ainara\" \/>\n<meta name=\"twitter:card\" content=\"summary_large_image\" \/>\n<meta name=\"twitter:label1\" content=\"Escrito por\" \/>\n\t<meta name=\"twitter:data1\" content=\"ainara\" \/>\n\t<meta name=\"twitter:label2\" content=\"Tiempo de lectura\" \/>\n\t<meta name=\"twitter:data2\" content=\"3 minutos\" \/>\n<script type=\"application\/ld+json\" class=\"yoast-schema-graph\">{\"@context\":\"https:\\\/\\\/schema.org\",\"@graph\":[{\"@type\":\"Article\",\"@id\":\"https:\\\/\\\/iraurgiberritzen.eus\\\/es\\\/seguimiento-de-la-reflexion-estrategica-de-urola-erdia-en-la-xxi-topaketak-de-la-red-ib\\\/#article\",\"isPartOf\":{\"@id\":\"https:\\\/\\\/iraurgiberritzen.eus\\\/es\\\/seguimiento-de-la-reflexion-estrategica-de-urola-erdia-en-la-xxi-topaketak-de-la-red-ib\\\/\"},\"author\":{\"name\":\"ainara\",\"@id\":\"https:\\\/\\\/iraurgiberritzen.eus\\\/es\\\/#\\\/schema\\\/person\\\/a32c9825b3e2bfcbe757a97f6a15c8a5\"},\"headline\":\"Seguimiento de la reflexi\u00f3n estrat\u00e9gica de Urola Erdia en la XXI Topaketak de la Red IB\",\"datePublished\":\"2024-01-26T08:25:16+00:00\",\"dateModified\":\"2024-02-07T08:26:23+00:00\",\"mainEntityOfPage\":{\"@id\":\"https:\\\/\\\/iraurgiberritzen.eus\\\/es\\\/seguimiento-de-la-reflexion-estrategica-de-urola-erdia-en-la-xxi-topaketak-de-la-red-ib\\\/\"},\"wordCount\":255,\"publisher\":{\"@id\":\"https:\\\/\\\/iraurgiberritzen.eus\\\/es\\\/#organization\"},\"image\":{\"@id\":\"https:\\\/\\\/iraurgiberritzen.eus\\\/es\\\/seguimiento-de-la-reflexion-estrategica-de-urola-erdia-en-la-xxi-topaketak-de-la-red-ib\\\/#primaryimage\"},\"thumbnailUrl\":\"https:\\\/\\\/iraurgiberritzen.eus\\\/wp-content\\\/uploads\\\/2024\\\/01\\\/Diseno-sin-titulo-2024-02-07T090432.492.png\",\"articleSection\":[\"Noticias\"],\"inLanguage\":\"es\"},{\"@type\":\"WebPage\",\"@id\":\"https:\\\/\\\/iraurgiberritzen.eus\\\/es\\\/seguimiento-de-la-reflexion-estrategica-de-urola-erdia-en-la-xxi-topaketak-de-la-red-ib\\\/\",\"url\":\"https:\\\/\\\/iraurgiberritzen.eus\\\/es\\\/seguimiento-de-la-reflexion-estrategica-de-urola-erdia-en-la-xxi-topaketak-de-la-red-ib\\\/\",\"name\":\"Seguimiento de la reflexi\u00f3n estrat\u00e9gica de Urola Erdia en la XXI Topaketak de la Red IB - Iraurgi Berritzen\",\"isPartOf\":{\"@id\":\"https:\\\/\\\/iraurgiberritzen.eus\\\/es\\\/#website\"},\"primaryImageOfPage\":{\"@id\":\"https:\\\/\\\/iraurgiberritzen.eus\\\/es\\\/seguimiento-de-la-reflexion-estrategica-de-urola-erdia-en-la-xxi-topaketak-de-la-red-ib\\\/#primaryimage\"},\"image\":{\"@id\":\"https:\\\/\\\/iraurgiberritzen.eus\\\/es\\\/seguimiento-de-la-reflexion-estrategica-de-urola-erdia-en-la-xxi-topaketak-de-la-red-ib\\\/#primaryimage\"},\"thumbnailUrl\":\"https:\\\/\\\/iraurgiberritzen.eus\\\/wp-content\\\/uploads\\\/2024\\\/01\\\/Diseno-sin-titulo-2024-02-07T090432.492.png\",\"datePublished\":\"2024-01-26T08:25:16+00:00\",\"dateModified\":\"2024-02-07T08:26:23+00:00\",\"breadcrumb\":{\"@id\":\"https:\\\/\\\/iraurgiberritzen.eus\\\/es\\\/seguimiento-de-la-reflexion-estrategica-de-urola-erdia-en-la-xxi-topaketak-de-la-red-ib\\\/#breadcrumb\"},\"inLanguage\":\"es\",\"potentialAction\":[{\"@type\":\"ReadAction\",\"target\":[\"https:\\\/\\\/iraurgiberritzen.eus\\\/es\\\/seguimiento-de-la-reflexion-estrategica-de-urola-erdia-en-la-xxi-topaketak-de-la-red-ib\\\/\"]}]},{\"@type\":\"ImageObject\",\"inLanguage\":\"es\",\"@id\":\"https:\\\/\\\/iraurgiberritzen.eus\\\/es\\\/seguimiento-de-la-reflexion-estrategica-de-urola-erdia-en-la-xxi-topaketak-de-la-red-ib\\\/#primaryimage\",\"url\":\"https:\\\/\\\/iraurgiberritzen.eus\\\/wp-content\\\/uploads\\\/2024\\\/01\\\/Diseno-sin-titulo-2024-02-07T090432.492.png\",\"contentUrl\":\"https:\\\/\\\/iraurgiberritzen.eus\\\/wp-content\\\/uploads\\\/2024\\\/01\\\/Diseno-sin-titulo-2024-02-07T090432.492.png\",\"width\":800,\"height\":550},{\"@type\":\"BreadcrumbList\",\"@id\":\"https:\\\/\\\/iraurgiberritzen.eus\\\/es\\\/seguimiento-de-la-reflexion-estrategica-de-urola-erdia-en-la-xxi-topaketak-de-la-red-ib\\\/#breadcrumb\",\"itemListElement\":[{\"@type\":\"ListItem\",\"position\":1,\"name\":\"Home\",\"item\":\"https:\\\/\\\/iraurgiberritzen.eus\\\/es\\\/\"},{\"@type\":\"ListItem\",\"position\":2,\"name\":\"Seguimiento de la reflexi\u00f3n estrat\u00e9gica de Urola Erdia en la XXI Topaketak de la Red IB\"}]},{\"@type\":\"WebSite\",\"@id\":\"https:\\\/\\\/iraurgiberritzen.eus\\\/es\\\/#website\",\"url\":\"https:\\\/\\\/iraurgiberritzen.eus\\\/es\\\/\",\"name\":\"Iraurgi Berritzen\",\"description\":\"Urola Erdiko Garapen Agentzia\",\"publisher\":{\"@id\":\"https:\\\/\\\/iraurgiberritzen.eus\\\/es\\\/#organization\"},\"potentialAction\":[{\"@type\":\"SearchAction\",\"target\":{\"@type\":\"EntryPoint\",\"urlTemplate\":\"https:\\\/\\\/iraurgiberritzen.eus\\\/es\\\/?s={search_term_string}\"},\"query-input\":{\"@type\":\"PropertyValueSpecification\",\"valueRequired\":true,\"valueName\":\"search_term_string\"}}],\"inLanguage\":\"es\"},{\"@type\":\"Organization\",\"@id\":\"https:\\\/\\\/iraurgiberritzen.eus\\\/es\\\/#organization\",\"name\":\"Iraurgi Berritzen\",\"url\":\"https:\\\/\\\/iraurgiberritzen.eus\\\/es\\\/\",\"logo\":{\"@type\":\"ImageObject\",\"inLanguage\":\"es\",\"@id\":\"https:\\\/\\\/iraurgiberritzen.eus\\\/es\\\/#\\\/schema\\\/logo\\\/image\\\/\",\"url\":\"https:\\\/\\\/iraurgiberritzen.eus\\\/wp-content\\\/uploads\\\/2024\\\/02\\\/IRAURGI-BERRITZEN-logotipoa_2.png\",\"contentUrl\":\"https:\\\/\\\/iraurgiberritzen.eus\\\/wp-content\\\/uploads\\\/2024\\\/02\\\/IRAURGI-BERRITZEN-logotipoa_2.png\",\"width\":496,\"height\":190,\"caption\":\"Iraurgi Berritzen\"},\"image\":{\"@id\":\"https:\\\/\\\/iraurgiberritzen.eus\\\/es\\\/#\\\/schema\\\/logo\\\/image\\\/\"}},{\"@type\":\"Person\",\"@id\":\"https:\\\/\\\/iraurgiberritzen.eus\\\/es\\\/#\\\/schema\\\/person\\\/a32c9825b3e2bfcbe757a97f6a15c8a5\",\"name\":\"ainara\"}]}<\/script>\n<!-- \/ Yoast SEO plugin. -->","yoast_head_json":{"title":"Seguimiento de la reflexi\u00f3n estrat\u00e9gica de Urola Erdia en la XXI Topaketak de la Red IB - Iraurgi Berritzen","robots":{"index":"index","follow":"follow","max-snippet":"max-snippet:-1","max-image-preview":"max-image-preview:large","max-video-preview":"max-video-preview:-1"},"canonical":"https:\/\/iraurgiberritzen.eus\/es\/seguimiento-de-la-reflexion-estrategica-de-urola-erdia-en-la-xxi-topaketak-de-la-red-ib\/","og_locale":"es_ES","og_type":"article","og_title":"Seguimiento de la reflexi\u00f3n estrat\u00e9gica de Urola Erdia en la XXI Topaketak de la Red IB - Iraurgi Berritzen","og_description":"Hoy se ha celebrado la XXI Topaketak de la Red IB, en la Casa de Espiritualidad de Loiola (Azpeitia). En ella han participado diferentes agentes del \u00e1mbito socioecon\u00f3mico de la comarca: empresas, emprendedores, colegios, asociaciones comerciales, empleo, turismo y ayuntamientos. El evento de hoy ha sido inaugurado por Ana Azkoitia, alcaldesa de Azkoitia y Presidenta [&hellip;]","og_url":"https:\/\/iraurgiberritzen.eus\/es\/seguimiento-de-la-reflexion-estrategica-de-urola-erdia-en-la-xxi-topaketak-de-la-red-ib\/","og_site_name":"Iraurgi Berritzen","article_published_time":"2024-01-26T08:25:16+00:00","article_modified_time":"2024-02-07T08:26:23+00:00","og_image":[{"width":800,"height":550,"url":"https:\/\/iraurgiberritzen.eus\/wp-content\/uploads\/2024\/01\/Diseno-sin-titulo-2024-02-07T090432.492.png","type":"image\/png"}],"author":"ainara","twitter_card":"summary_large_image","twitter_misc":{"Escrito por":"ainara","Tiempo de lectura":"3 minutos"},"schema":{"@context":"https:\/\/schema.org","@graph":[{"@type":"Article","@id":"https:\/\/iraurgiberritzen.eus\/es\/seguimiento-de-la-reflexion-estrategica-de-urola-erdia-en-la-xxi-topaketak-de-la-red-ib\/#article","isPartOf":{"@id":"https:\/\/iraurgiberritzen.eus\/es\/seguimiento-de-la-reflexion-estrategica-de-urola-erdia-en-la-xxi-topaketak-de-la-red-ib\/"},"author":{"name":"ainara","@id":"https:\/\/iraurgiberritzen.eus\/es\/#\/schema\/person\/a32c9825b3e2bfcbe757a97f6a15c8a5"},"headline":"Seguimiento de la reflexi\u00f3n estrat\u00e9gica de Urola Erdia en la XXI Topaketak de la Red IB","datePublished":"2024-01-26T08:25:16+00:00","dateModified":"2024-02-07T08:26:23+00:00","mainEntityOfPage":{"@id":"https:\/\/iraurgiberritzen.eus\/es\/seguimiento-de-la-reflexion-estrategica-de-urola-erdia-en-la-xxi-topaketak-de-la-red-ib\/"},"wordCount":255,"publisher":{"@id":"https:\/\/iraurgiberritzen.eus\/es\/#organization"},"image":{"@id":"https:\/\/iraurgiberritzen.eus\/es\/seguimiento-de-la-reflexion-estrategica-de-urola-erdia-en-la-xxi-topaketak-de-la-red-ib\/#primaryimage"},"thumbnailUrl":"https:\/\/iraurgiberritzen.eus\/wp-content\/uploads\/2024\/01\/Diseno-sin-titulo-2024-02-07T090432.492.png","articleSection":["Noticias"],"inLanguage":"es"},{"@type":"WebPage","@id":"https:\/\/iraurgiberritzen.eus\/es\/seguimiento-de-la-reflexion-estrategica-de-urola-erdia-en-la-xxi-topaketak-de-la-red-ib\/","url":"https:\/\/iraurgiberritzen.eus\/es\/seguimiento-de-la-reflexion-estrategica-de-urola-erdia-en-la-xxi-topaketak-de-la-red-ib\/","name":"Seguimiento de la reflexi\u00f3n estrat\u00e9gica de Urola Erdia en la XXI Topaketak de la Red IB - Iraurgi Berritzen","isPartOf":{"@id":"https:\/\/iraurgiberritzen.eus\/es\/#website"},"primaryImageOfPage":{"@id":"https:\/\/iraurgiberritzen.eus\/es\/seguimiento-de-la-reflexion-estrategica-de-urola-erdia-en-la-xxi-topaketak-de-la-red-ib\/#primaryimage"},"image":{"@id":"https:\/\/iraurgiberritzen.eus\/es\/seguimiento-de-la-reflexion-estrategica-de-urola-erdia-en-la-xxi-topaketak-de-la-red-ib\/#primaryimage"},"thumbnailUrl":"https:\/\/iraurgiberritzen.eus\/wp-content\/uploads\/2024\/01\/Diseno-sin-titulo-2024-02-07T090432.492.png","datePublished":"2024-01-26T08:25:16+00:00","dateModified":"2024-02-07T08:26:23+00:00","breadcrumb":{"@id":"https:\/\/iraurgiberritzen.eus\/es\/seguimiento-de-la-reflexion-estrategica-de-urola-erdia-en-la-xxi-topaketak-de-la-red-ib\/#breadcrumb"},"inLanguage":"es","potentialAction":[{"@type":"ReadAction","target":["https:\/\/iraurgiberritzen.eus\/es\/seguimiento-de-la-reflexion-estrategica-de-urola-erdia-en-la-xxi-topaketak-de-la-red-ib\/"]}]},{"@type":"ImageObject","inLanguage":"es","@id":"https:\/\/iraurgiberritzen.eus\/es\/seguimiento-de-la-reflexion-estrategica-de-urola-erdia-en-la-xxi-topaketak-de-la-red-ib\/#primaryimage","url":"https:\/\/iraurgiberritzen.eus\/wp-content\/uploads\/2024\/01\/Diseno-sin-titulo-2024-02-07T090432.492.png","contentUrl":"https:\/\/iraurgiberritzen.eus\/wp-content\/uploads\/2024\/01\/Diseno-sin-titulo-2024-02-07T090432.492.png","width":800,"height":550},{"@type":"BreadcrumbList","@id":"https:\/\/iraurgiberritzen.eus\/es\/seguimiento-de-la-reflexion-estrategica-de-urola-erdia-en-la-xxi-topaketak-de-la-red-ib\/#breadcrumb","itemListElement":[{"@type":"ListItem","position":1,"name":"Home","item":"https:\/\/iraurgiberritzen.eus\/es\/"},{"@type":"ListItem","position":2,"name":"Seguimiento de la reflexi\u00f3n estrat\u00e9gica de Urola Erdia en la XXI Topaketak de la Red IB"}]},{"@type":"WebSite","@id":"https:\/\/iraurgiberritzen.eus\/es\/#website","url":"https:\/\/iraurgiberritzen.eus\/es\/","name":"Iraurgi Berritzen","description":"Urola Erdiko Garapen Agentzia","publisher":{"@id":"https:\/\/iraurgiberritzen.eus\/es\/#organization"},"potentialAction":[{"@type":"SearchAction","target":{"@type":"EntryPoint","urlTemplate":"https:\/\/iraurgiberritzen.eus\/es\/?s={search_term_string}"},"query-input":{"@type":"PropertyValueSpecification","valueRequired":true,"valueName":"search_term_string"}}],"inLanguage":"es"},{"@type":"Organization","@id":"https:\/\/iraurgiberritzen.eus\/es\/#organization","name":"Iraurgi Berritzen","url":"https:\/\/iraurgiberritzen.eus\/es\/","logo":{"@type":"ImageObject","inLanguage":"es","@id":"https:\/\/iraurgiberritzen.eus\/es\/#\/schema\/logo\/image\/","url":"https:\/\/iraurgiberritzen.eus\/wp-content\/uploads\/2024\/02\/IRAURGI-BERRITZEN-logotipoa_2.png","contentUrl":"https:\/\/iraurgiberritzen.eus\/wp-content\/uploads\/2024\/02\/IRAURGI-BERRITZEN-logotipoa_2.png","width":496,"height":190,"caption":"Iraurgi Berritzen"},"image":{"@id":"https:\/\/iraurgiberritzen.eus\/es\/#\/schema\/logo\/image\/"}},{"@type":"Person","@id":"https:\/\/iraurgiberritzen.eus\/es\/#\/schema\/person\/a32c9825b3e2bfcbe757a97f6a15c8a5","name":"ainara"}]}},"_links":{"self":[{"href":"https:\/\/iraurgiberritzen.eus\/es\/wp-json\/wp\/v2\/posts\/18320","targetHints":{"allow":["GET"]}}],"collection":[{"href":"https:\/\/iraurgiberritzen.eus\/es\/wp-json\/wp\/v2\/posts"}],"about":[{"href":"https:\/\/iraurgiberritzen.eus\/es\/wp-json\/wp\/v2\/types\/post"}],"author":[{"embeddable":true,"href":"https:\/\/iraurgiberritzen.eus\/es\/wp-json\/wp\/v2\/users\/4"}],"replies":[{"embeddable":true,"href":"https:\/\/iraurgiberritzen.eus\/es\/wp-json\/wp\/v2\/comments?post=18320"}],"version-history":[{"count":2,"href":"https:\/\/iraurgiberritzen.eus\/es\/wp-json\/wp\/v2\/posts\/18320\/revisions"}],"predecessor-version":[{"id":18322,"href":"https:\/\/iraurgiberritzen.eus\/es\/wp-json\/wp\/v2\/posts\/18320\/revisions\/18322"}],"wp:featuredmedia":[{"embeddable":true,"href":"https:\/\/iraurgiberritzen.eus\/es\/wp-json\/wp\/v2\/media\/18308"}],"wp:attachment":[{"href":"https:\/\/iraurgiberritzen.eus\/es\/wp-json\/wp\/v2\/media?parent=18320"}],"wp:term":[{"taxonomy":"category","embeddable":true,"href":"https:\/\/iraurgiberritzen.eus\/es\/wp-json\/wp\/v2\/categories?post=18320"},{"taxonomy":"post_tag","embeddable":true,"href":"https:\/\/iraurgiberritzen.eus\/es\/wp-json\/wp\/v2\/tags?post=18320"}],"curies":[{"name":"wp","href":"https:\/\/api.w.org\/{rel}","templated":true}]}}