{"id":18333,"date":"2024-02-02T11:00:16","date_gmt":"2024-02-02T09:00:16","guid":{"rendered":"https:\/\/iraurgiberritzen.eus\/?p=18333"},"modified":"2024-02-07T11:09:13","modified_gmt":"2024-02-07T09:09:13","slug":"en-marcha-el-nuevo-programa-especializado-en-inteligencia-artificial-generativa-dirigida-a-empresas-industriales","status":"publish","type":"post","link":"https:\/\/iraurgiberritzen.eus\/es\/en-marcha-el-nuevo-programa-especializado-en-inteligencia-artificial-generativa-dirigida-a-empresas-industriales\/","title":{"rendered":"En marcha el nuevo programa especializado en Inteligencia Artificial Generativa dirigida a empresas industriales"},"content":{"rendered":"<p>Dirigido a empresas industriales, entre el 22 de marzo y el 31 de mayo se pondr\u00e1 en marcha el nuevo Programa especializado en Inteligencia Artificial Generativa. Este programa lo pondr\u00e1n en marcha las empresas <strong><a href=\"https:\/\/brainandcode.tech\/\">brainandcode.tech<\/a>,<\/strong>\u00a0<strong><a href=\"https:\/\/digitalentu.com\/\">DigiTalentu<\/a> <\/strong>y <strong><a href=\"https:\/\/adi-revolution.com\/\">ADI Revolution<\/a><\/strong>, que contar\u00e1n con la colaboraci\u00f3n de las Agencias de Desarrollo Iraurgi Berritzen, Uggassa y Goieki.<\/p>\n<p>Desarrollar habilidades en el uso de la Inteligencia Artificial Generativa se ha convertido en un nuevo factor cr\u00edtico de \u00e9xito para las empresas industriales que quieren continuar siendo rentables en un contexto cada vez m\u00e1s competitivo, cambiante y global. Por lo tanto, este nuevo programa nace para dar respuesta a este reto.<\/p>\n<p>El itinerario formativo se compone de un m\u00f3dulo introductorio (transversal a todos los participantes) que se complementa con uno o varios m\u00f3dulos de especializaci\u00f3n de libre elecci\u00f3n por cada uno de los inscritos. El Programa se ha dise\u00f1ado con un enfoque eminentemente pr\u00e1ctico y tiene como objetivo que los casos de uso y herramientas presentadas puedan aplicarse directamente en el d\u00eda a d\u00eda de los principales departamentos funcionales de la empresa industrial.<\/p>\n<p>Para inscribirte o acceder al dossier del programa, haz clic en el siguiente enlace: <strong><a href=\"https:\/\/industria.digitalentu.com\/\">Dossier<\/a><\/strong><\/p>\n<p>Si tienes alguna duda o quieres obtener m\u00e1s informaci\u00f3n, escribe a <strong>bbeobide@iraurgiberritzen.eus<\/strong>.<\/p>\n","protected":false},"excerpt":{"rendered":"<p>Dirigido a empresas industriales, entre el 22 de marzo y el 31 de mayo se pondr\u00e1 en marcha el nuevo Programa especializado en Inteligencia Artificial Generativa. Este programa lo pondr\u00e1n en marcha las empresas brainandcode.tech,\u00a0DigiTalentu y ADI Revolution, que contar\u00e1n con la colaboraci\u00f3n de las Agencias de Desarrollo Iraurgi Berritzen, Uggassa y Goieki. Desarrollar habilidades [&hellip;]<\/p>\n","protected":false},"author":4,"featured_media":18332,"comment_status":"closed","ping_status":"closed","sticky":false,"template":"","format":"standard","meta":{"_acf_changed":false,"footnotes":""},"categories":[4],"tags":[],"class_list":["post-18333","post","type-post","status-publish","format-standard","has-post-thumbnail","hentry","category-noticias","arloak-enpresa"],"acf":[],"yoast_head":"<!-- This site is optimized with the Yoast SEO plugin v27.4 - https:\/\/yoast.com\/product\/yoast-seo-wordpress\/ -->\n<title>En marcha el nuevo programa especializado en Inteligencia Artificial Generativa dirigida a empresas industriales - Iraurgi Berritzen<\/title>\n<meta name=\"robots\" content=\"index, follow, max-snippet:-1, max-image-preview:large, max-video-preview:-1\" \/>\n<link rel=\"canonical\" href=\"https:\/\/iraurgiberritzen.eus\/es\/en-marcha-el-nuevo-programa-especializado-en-inteligencia-artificial-generativa-dirigida-a-empresas-industriales\/\" \/>\n<meta property=\"og:locale\" content=\"es_ES\" \/>\n<meta property=\"og:type\" content=\"article\" \/>\n<meta property=\"og:title\" content=\"En marcha el nuevo programa especializado en Inteligencia Artificial Generativa dirigida a empresas industriales - Iraurgi Berritzen\" \/>\n<meta property=\"og:description\" content=\"Dirigido a empresas industriales, entre el 22 de marzo y el 31 de mayo se pondr\u00e1 en marcha el nuevo Programa especializado en Inteligencia Artificial Generativa. Este programa lo pondr\u00e1n en marcha las empresas brainandcode.tech,\u00a0DigiTalentu y ADI Revolution, que contar\u00e1n con la colaboraci\u00f3n de las Agencias de Desarrollo Iraurgi Berritzen, Uggassa y Goieki. Desarrollar habilidades [&hellip;]\" \/>\n<meta property=\"og:url\" content=\"https:\/\/iraurgiberritzen.eus\/es\/en-marcha-el-nuevo-programa-especializado-en-inteligencia-artificial-generativa-dirigida-a-empresas-industriales\/\" \/>\n<meta property=\"og:site_name\" content=\"Iraurgi Berritzen\" \/>\n<meta property=\"article:published_time\" content=\"2024-02-02T09:00:16+00:00\" \/>\n<meta property=\"article:modified_time\" content=\"2024-02-07T09:09:13+00:00\" \/>\n<meta property=\"og:image\" content=\"https:\/\/iraurgiberritzen.eus\/wp-content\/uploads\/2024\/02\/PORTADA-IB-WEB-800-x-550-px-1.png\" \/>\n\t<meta property=\"og:image:width\" content=\"800\" \/>\n\t<meta property=\"og:image:height\" content=\"550\" \/>\n\t<meta property=\"og:image:type\" content=\"image\/png\" \/>\n<meta name=\"author\" content=\"ainara\" \/>\n<meta name=\"twitter:card\" content=\"summary_large_image\" \/>\n<meta name=\"twitter:label1\" content=\"Escrito por\" \/>\n\t<meta name=\"twitter:data1\" content=\"ainara\" \/>\n\t<meta name=\"twitter:label2\" content=\"Tiempo de lectura\" \/>\n\t<meta name=\"twitter:data2\" content=\"2 minutos\" \/>\n<script type=\"application\/ld+json\" class=\"yoast-schema-graph\">{\"@context\":\"https:\\\/\\\/schema.org\",\"@graph\":[{\"@type\":\"Article\",\"@id\":\"https:\\\/\\\/iraurgiberritzen.eus\\\/es\\\/en-marcha-el-nuevo-programa-especializado-en-inteligencia-artificial-generativa-dirigida-a-empresas-industriales\\\/#article\",\"isPartOf\":{\"@id\":\"https:\\\/\\\/iraurgiberritzen.eus\\\/es\\\/en-marcha-el-nuevo-programa-especializado-en-inteligencia-artificial-generativa-dirigida-a-empresas-industriales\\\/\"},\"author\":{\"name\":\"ainara\",\"@id\":\"https:\\\/\\\/iraurgiberritzen.eus\\\/es\\\/#\\\/schema\\\/person\\\/a32c9825b3e2bfcbe757a97f6a15c8a5\"},\"headline\":\"En marcha el nuevo programa especializado en Inteligencia Artificial Generativa dirigida a empresas industriales\",\"datePublished\":\"2024-02-02T09:00:16+00:00\",\"dateModified\":\"2024-02-07T09:09:13+00:00\",\"mainEntityOfPage\":{\"@id\":\"https:\\\/\\\/iraurgiberritzen.eus\\\/es\\\/en-marcha-el-nuevo-programa-especializado-en-inteligencia-artificial-generativa-dirigida-a-empresas-industriales\\\/\"},\"wordCount\":235,\"publisher\":{\"@id\":\"https:\\\/\\\/iraurgiberritzen.eus\\\/es\\\/#organization\"},\"image\":{\"@id\":\"https:\\\/\\\/iraurgiberritzen.eus\\\/es\\\/en-marcha-el-nuevo-programa-especializado-en-inteligencia-artificial-generativa-dirigida-a-empresas-industriales\\\/#primaryimage\"},\"thumbnailUrl\":\"https:\\\/\\\/iraurgiberritzen.eus\\\/wp-content\\\/uploads\\\/2024\\\/02\\\/PORTADA-IB-WEB-800-x-550-px-1.png\",\"articleSection\":[\"Noticias\"],\"inLanguage\":\"es\"},{\"@type\":\"WebPage\",\"@id\":\"https:\\\/\\\/iraurgiberritzen.eus\\\/es\\\/en-marcha-el-nuevo-programa-especializado-en-inteligencia-artificial-generativa-dirigida-a-empresas-industriales\\\/\",\"url\":\"https:\\\/\\\/iraurgiberritzen.eus\\\/es\\\/en-marcha-el-nuevo-programa-especializado-en-inteligencia-artificial-generativa-dirigida-a-empresas-industriales\\\/\",\"name\":\"En marcha el nuevo programa especializado en Inteligencia Artificial Generativa dirigida a empresas industriales - Iraurgi Berritzen\",\"isPartOf\":{\"@id\":\"https:\\\/\\\/iraurgiberritzen.eus\\\/es\\\/#website\"},\"primaryImageOfPage\":{\"@id\":\"https:\\\/\\\/iraurgiberritzen.eus\\\/es\\\/en-marcha-el-nuevo-programa-especializado-en-inteligencia-artificial-generativa-dirigida-a-empresas-industriales\\\/#primaryimage\"},\"image\":{\"@id\":\"https:\\\/\\\/iraurgiberritzen.eus\\\/es\\\/en-marcha-el-nuevo-programa-especializado-en-inteligencia-artificial-generativa-dirigida-a-empresas-industriales\\\/#primaryimage\"},\"thumbnailUrl\":\"https:\\\/\\\/iraurgiberritzen.eus\\\/wp-content\\\/uploads\\\/2024\\\/02\\\/PORTADA-IB-WEB-800-x-550-px-1.png\",\"datePublished\":\"2024-02-02T09:00:16+00:00\",\"dateModified\":\"2024-02-07T09:09:13+00:00\",\"breadcrumb\":{\"@id\":\"https:\\\/\\\/iraurgiberritzen.eus\\\/es\\\/en-marcha-el-nuevo-programa-especializado-en-inteligencia-artificial-generativa-dirigida-a-empresas-industriales\\\/#breadcrumb\"},\"inLanguage\":\"es\",\"potentialAction\":[{\"@type\":\"ReadAction\",\"target\":[\"https:\\\/\\\/iraurgiberritzen.eus\\\/es\\\/en-marcha-el-nuevo-programa-especializado-en-inteligencia-artificial-generativa-dirigida-a-empresas-industriales\\\/\"]}]},{\"@type\":\"ImageObject\",\"inLanguage\":\"es\",\"@id\":\"https:\\\/\\\/iraurgiberritzen.eus\\\/es\\\/en-marcha-el-nuevo-programa-especializado-en-inteligencia-artificial-generativa-dirigida-a-empresas-industriales\\\/#primaryimage\",\"url\":\"https:\\\/\\\/iraurgiberritzen.eus\\\/wp-content\\\/uploads\\\/2024\\\/02\\\/PORTADA-IB-WEB-800-x-550-px-1.png\",\"contentUrl\":\"https:\\\/\\\/iraurgiberritzen.eus\\\/wp-content\\\/uploads\\\/2024\\\/02\\\/PORTADA-IB-WEB-800-x-550-px-1.png\",\"width\":800,\"height\":550},{\"@type\":\"BreadcrumbList\",\"@id\":\"https:\\\/\\\/iraurgiberritzen.eus\\\/es\\\/en-marcha-el-nuevo-programa-especializado-en-inteligencia-artificial-generativa-dirigida-a-empresas-industriales\\\/#breadcrumb\",\"itemListElement\":[{\"@type\":\"ListItem\",\"position\":1,\"name\":\"Home\",\"item\":\"https:\\\/\\\/iraurgiberritzen.eus\\\/es\\\/\"},{\"@type\":\"ListItem\",\"position\":2,\"name\":\"En marcha el nuevo programa especializado en Inteligencia Artificial Generativa dirigida a empresas industriales\"}]},{\"@type\":\"WebSite\",\"@id\":\"https:\\\/\\\/iraurgiberritzen.eus\\\/es\\\/#website\",\"url\":\"https:\\\/\\\/iraurgiberritzen.eus\\\/es\\\/\",\"name\":\"Iraurgi Berritzen\",\"description\":\"Urola Erdiko Garapen Agentzia\",\"publisher\":{\"@id\":\"https:\\\/\\\/iraurgiberritzen.eus\\\/es\\\/#organization\"},\"potentialAction\":[{\"@type\":\"SearchAction\",\"target\":{\"@type\":\"EntryPoint\",\"urlTemplate\":\"https:\\\/\\\/iraurgiberritzen.eus\\\/es\\\/?s={search_term_string}\"},\"query-input\":{\"@type\":\"PropertyValueSpecification\",\"valueRequired\":true,\"valueName\":\"search_term_string\"}}],\"inLanguage\":\"es\"},{\"@type\":\"Organization\",\"@id\":\"https:\\\/\\\/iraurgiberritzen.eus\\\/es\\\/#organization\",\"name\":\"Iraurgi Berritzen\",\"url\":\"https:\\\/\\\/iraurgiberritzen.eus\\\/es\\\/\",\"logo\":{\"@type\":\"ImageObject\",\"inLanguage\":\"es\",\"@id\":\"https:\\\/\\\/iraurgiberritzen.eus\\\/es\\\/#\\\/schema\\\/logo\\\/image\\\/\",\"url\":\"https:\\\/\\\/iraurgiberritzen.eus\\\/wp-content\\\/uploads\\\/2024\\\/02\\\/IRAURGI-BERRITZEN-logotipoa_2.png\",\"contentUrl\":\"https:\\\/\\\/iraurgiberritzen.eus\\\/wp-content\\\/uploads\\\/2024\\\/02\\\/IRAURGI-BERRITZEN-logotipoa_2.png\",\"width\":496,\"height\":190,\"caption\":\"Iraurgi Berritzen\"},\"image\":{\"@id\":\"https:\\\/\\\/iraurgiberritzen.eus\\\/es\\\/#\\\/schema\\\/logo\\\/image\\\/\"}},{\"@type\":\"Person\",\"@id\":\"https:\\\/\\\/iraurgiberritzen.eus\\\/es\\\/#\\\/schema\\\/person\\\/a32c9825b3e2bfcbe757a97f6a15c8a5\",\"name\":\"ainara\"}]}<\/script>\n<!-- \/ Yoast SEO plugin. -->","yoast_head_json":{"title":"En marcha el nuevo programa especializado en Inteligencia Artificial Generativa dirigida a empresas industriales - Iraurgi Berritzen","robots":{"index":"index","follow":"follow","max-snippet":"max-snippet:-1","max-image-preview":"max-image-preview:large","max-video-preview":"max-video-preview:-1"},"canonical":"https:\/\/iraurgiberritzen.eus\/es\/en-marcha-el-nuevo-programa-especializado-en-inteligencia-artificial-generativa-dirigida-a-empresas-industriales\/","og_locale":"es_ES","og_type":"article","og_title":"En marcha el nuevo programa especializado en Inteligencia Artificial Generativa dirigida a empresas industriales - Iraurgi Berritzen","og_description":"Dirigido a empresas industriales, entre el 22 de marzo y el 31 de mayo se pondr\u00e1 en marcha el nuevo Programa especializado en Inteligencia Artificial Generativa. Este programa lo pondr\u00e1n en marcha las empresas brainandcode.tech,\u00a0DigiTalentu y ADI Revolution, que contar\u00e1n con la colaboraci\u00f3n de las Agencias de Desarrollo Iraurgi Berritzen, Uggassa y Goieki. Desarrollar habilidades [&hellip;]","og_url":"https:\/\/iraurgiberritzen.eus\/es\/en-marcha-el-nuevo-programa-especializado-en-inteligencia-artificial-generativa-dirigida-a-empresas-industriales\/","og_site_name":"Iraurgi Berritzen","article_published_time":"2024-02-02T09:00:16+00:00","article_modified_time":"2024-02-07T09:09:13+00:00","og_image":[{"width":800,"height":550,"url":"https:\/\/iraurgiberritzen.eus\/wp-content\/uploads\/2024\/02\/PORTADA-IB-WEB-800-x-550-px-1.png","type":"image\/png"}],"author":"ainara","twitter_card":"summary_large_image","twitter_misc":{"Escrito por":"ainara","Tiempo de lectura":"2 minutos"},"schema":{"@context":"https:\/\/schema.org","@graph":[{"@type":"Article","@id":"https:\/\/iraurgiberritzen.eus\/es\/en-marcha-el-nuevo-programa-especializado-en-inteligencia-artificial-generativa-dirigida-a-empresas-industriales\/#article","isPartOf":{"@id":"https:\/\/iraurgiberritzen.eus\/es\/en-marcha-el-nuevo-programa-especializado-en-inteligencia-artificial-generativa-dirigida-a-empresas-industriales\/"},"author":{"name":"ainara","@id":"https:\/\/iraurgiberritzen.eus\/es\/#\/schema\/person\/a32c9825b3e2bfcbe757a97f6a15c8a5"},"headline":"En marcha el nuevo programa especializado en Inteligencia Artificial Generativa dirigida a empresas industriales","datePublished":"2024-02-02T09:00:16+00:00","dateModified":"2024-02-07T09:09:13+00:00","mainEntityOfPage":{"@id":"https:\/\/iraurgiberritzen.eus\/es\/en-marcha-el-nuevo-programa-especializado-en-inteligencia-artificial-generativa-dirigida-a-empresas-industriales\/"},"wordCount":235,"publisher":{"@id":"https:\/\/iraurgiberritzen.eus\/es\/#organization"},"image":{"@id":"https:\/\/iraurgiberritzen.eus\/es\/en-marcha-el-nuevo-programa-especializado-en-inteligencia-artificial-generativa-dirigida-a-empresas-industriales\/#primaryimage"},"thumbnailUrl":"https:\/\/iraurgiberritzen.eus\/wp-content\/uploads\/2024\/02\/PORTADA-IB-WEB-800-x-550-px-1.png","articleSection":["Noticias"],"inLanguage":"es"},{"@type":"WebPage","@id":"https:\/\/iraurgiberritzen.eus\/es\/en-marcha-el-nuevo-programa-especializado-en-inteligencia-artificial-generativa-dirigida-a-empresas-industriales\/","url":"https:\/\/iraurgiberritzen.eus\/es\/en-marcha-el-nuevo-programa-especializado-en-inteligencia-artificial-generativa-dirigida-a-empresas-industriales\/","name":"En marcha el nuevo programa especializado en Inteligencia Artificial Generativa dirigida a empresas industriales - Iraurgi Berritzen","isPartOf":{"@id":"https:\/\/iraurgiberritzen.eus\/es\/#website"},"primaryImageOfPage":{"@id":"https:\/\/iraurgiberritzen.eus\/es\/en-marcha-el-nuevo-programa-especializado-en-inteligencia-artificial-generativa-dirigida-a-empresas-industriales\/#primaryimage"},"image":{"@id":"https:\/\/iraurgiberritzen.eus\/es\/en-marcha-el-nuevo-programa-especializado-en-inteligencia-artificial-generativa-dirigida-a-empresas-industriales\/#primaryimage"},"thumbnailUrl":"https:\/\/iraurgiberritzen.eus\/wp-content\/uploads\/2024\/02\/PORTADA-IB-WEB-800-x-550-px-1.png","datePublished":"2024-02-02T09:00:16+00:00","dateModified":"2024-02-07T09:09:13+00:00","breadcrumb":{"@id":"https:\/\/iraurgiberritzen.eus\/es\/en-marcha-el-nuevo-programa-especializado-en-inteligencia-artificial-generativa-dirigida-a-empresas-industriales\/#breadcrumb"},"inLanguage":"es","potentialAction":[{"@type":"ReadAction","target":["https:\/\/iraurgiberritzen.eus\/es\/en-marcha-el-nuevo-programa-especializado-en-inteligencia-artificial-generativa-dirigida-a-empresas-industriales\/"]}]},{"@type":"ImageObject","inLanguage":"es","@id":"https:\/\/iraurgiberritzen.eus\/es\/en-marcha-el-nuevo-programa-especializado-en-inteligencia-artificial-generativa-dirigida-a-empresas-industriales\/#primaryimage","url":"https:\/\/iraurgiberritzen.eus\/wp-content\/uploads\/2024\/02\/PORTADA-IB-WEB-800-x-550-px-1.png","contentUrl":"https:\/\/iraurgiberritzen.eus\/wp-content\/uploads\/2024\/02\/PORTADA-IB-WEB-800-x-550-px-1.png","width":800,"height":550},{"@type":"BreadcrumbList","@id":"https:\/\/iraurgiberritzen.eus\/es\/en-marcha-el-nuevo-programa-especializado-en-inteligencia-artificial-generativa-dirigida-a-empresas-industriales\/#breadcrumb","itemListElement":[{"@type":"ListItem","position":1,"name":"Home","item":"https:\/\/iraurgiberritzen.eus\/es\/"},{"@type":"ListItem","position":2,"name":"En marcha el nuevo programa especializado en Inteligencia Artificial Generativa dirigida a empresas industriales"}]},{"@type":"WebSite","@id":"https:\/\/iraurgiberritzen.eus\/es\/#website","url":"https:\/\/iraurgiberritzen.eus\/es\/","name":"Iraurgi Berritzen","description":"Urola Erdiko Garapen Agentzia","publisher":{"@id":"https:\/\/iraurgiberritzen.eus\/es\/#organization"},"potentialAction":[{"@type":"SearchAction","target":{"@type":"EntryPoint","urlTemplate":"https:\/\/iraurgiberritzen.eus\/es\/?s={search_term_string}"},"query-input":{"@type":"PropertyValueSpecification","valueRequired":true,"valueName":"search_term_string"}}],"inLanguage":"es"},{"@type":"Organization","@id":"https:\/\/iraurgiberritzen.eus\/es\/#organization","name":"Iraurgi Berritzen","url":"https:\/\/iraurgiberritzen.eus\/es\/","logo":{"@type":"ImageObject","inLanguage":"es","@id":"https:\/\/iraurgiberritzen.eus\/es\/#\/schema\/logo\/image\/","url":"https:\/\/iraurgiberritzen.eus\/wp-content\/uploads\/2024\/02\/IRAURGI-BERRITZEN-logotipoa_2.png","contentUrl":"https:\/\/iraurgiberritzen.eus\/wp-content\/uploads\/2024\/02\/IRAURGI-BERRITZEN-logotipoa_2.png","width":496,"height":190,"caption":"Iraurgi Berritzen"},"image":{"@id":"https:\/\/iraurgiberritzen.eus\/es\/#\/schema\/logo\/image\/"}},{"@type":"Person","@id":"https:\/\/iraurgiberritzen.eus\/es\/#\/schema\/person\/a32c9825b3e2bfcbe757a97f6a15c8a5","name":"ainara"}]}},"_links":{"self":[{"href":"https:\/\/iraurgiberritzen.eus\/es\/wp-json\/wp\/v2\/posts\/18333","targetHints":{"allow":["GET"]}}],"collection":[{"href":"https:\/\/iraurgiberritzen.eus\/es\/wp-json\/wp\/v2\/posts"}],"about":[{"href":"https:\/\/iraurgiberritzen.eus\/es\/wp-json\/wp\/v2\/types\/post"}],"author":[{"embeddable":true,"href":"https:\/\/iraurgiberritzen.eus\/es\/wp-json\/wp\/v2\/users\/4"}],"replies":[{"embeddable":true,"href":"https:\/\/iraurgiberritzen.eus\/es\/wp-json\/wp\/v2\/comments?post=18333"}],"version-history":[{"count":2,"href":"https:\/\/iraurgiberritzen.eus\/es\/wp-json\/wp\/v2\/posts\/18333\/revisions"}],"predecessor-version":[{"id":18338,"href":"https:\/\/iraurgiberritzen.eus\/es\/wp-json\/wp\/v2\/posts\/18333\/revisions\/18338"}],"wp:featuredmedia":[{"embeddable":true,"href":"https:\/\/iraurgiberritzen.eus\/es\/wp-json\/wp\/v2\/media\/18332"}],"wp:attachment":[{"href":"https:\/\/iraurgiberritzen.eus\/es\/wp-json\/wp\/v2\/media?parent=18333"}],"wp:term":[{"taxonomy":"category","embeddable":true,"href":"https:\/\/iraurgiberritzen.eus\/es\/wp-json\/wp\/v2\/categories?post=18333"},{"taxonomy":"post_tag","embeddable":true,"href":"https:\/\/iraurgiberritzen.eus\/es\/wp-json\/wp\/v2\/tags?post=18333"}],"curies":[{"name":"wp","href":"https:\/\/api.w.org\/{rel}","templated":true}]}}