{"id":18431,"date":"2024-02-09T11:30:13","date_gmt":"2024-02-09T09:30:13","guid":{"rendered":"https:\/\/iraurgiberritzen.eus\/?p=18431"},"modified":"2024-02-10T18:07:31","modified_gmt":"2024-02-10T16:07:31","slug":"reforzando-la-orientacion-academica-del-alumnado-en-colaboracion-con-el-equipo-de-orientadoras-de-los-5-centros-de-la-comarca","status":"publish","type":"post","link":"https:\/\/iraurgiberritzen.eus\/es\/reforzando-la-orientacion-academica-del-alumnado-en-colaboracion-con-el-equipo-de-orientadoras-de-los-5-centros-de-la-comarca\/","title":{"rendered":"Reforzando la orientaci\u00f3n acad\u00e9mica del alumnado, en colaboraci\u00f3n con el equipo de orientadoras de los 5 centros de la comarca"},"content":{"rendered":"<h4>El grupo de trabajo de las orientadoras acuerda la planificaci\u00f3n de las acciones que se llevar\u00e1n a cabo en los pr\u00f3ximos dos meses.<\/h4>\n<p>Gerolan es un proyecto que sigue en marcha, y las orientadoras de los 5 centros educativos se han reunido en el Palacio Intsausti para concretar y organizar las acciones de los pr\u00f3ximos meses.<\/p>\n<p>Este proyecto tiene su origen en la red de colaboraci\u00f3n de agentes que dinamiza Iraurgi Berritzen, y se desarrolla en colaboraci\u00f3n con las orientadoras de los 5 centros escolares de la comarca. El objetivo principal de la iniciativa es reforzar el plan de orientaci\u00f3n de los centros y para ello se trabajan diversas acciones en colaboraci\u00f3n. Entre ellas, se pueden destacar las sesiones de sensibilizaci\u00f3n que se celebran en los centros escolares o las visitas que se organizan a diferentes agentes en funci\u00f3n de los intereses del alumnado.<\/p>\n<p>El proyecto se dirige al alumnado de 4\u00ba ESO y 2\u00ba Bachiller y se prev\u00e9 que en el proceso participen <strong>300 alumnos\/as<\/strong> y alrededor de <strong>35 agentes<\/strong> de la comarca.<\/p>\n<p>En el caso del alumnado de <strong>4\u00ba ESO<\/strong>, actualmente est\u00e1n recibiendo sesiones de orientaci\u00f3n y est\u00e1 previsto que finalicen en las pr\u00f3ximas tres semanas. Con estas sesiones de reflexi\u00f3n se pretende poner al alumnado a pensar en su futuro acad\u00e9mico y profesional y, una vez finalizadas, se prev\u00e9n dos acciones en colaboraci\u00f3n.<\/p>\n<p>Por un lado, visitar\u00e1n la feria de ciclos de grado medio y superior que se celebrar\u00e1 en Zarautz el 6 de marzo para conocer la oferta de Formaci\u00f3n Profesional de los centros escolares de Urola Erdia y Urola Kosta. Por otro lado, el 14 de marzo conocer\u00e1n los ciclos de grado medio de la Formaci\u00f3n Profesional de Izarraitz Lanbide Heziketa. En el centro, tanto con el profesorado como con el alumnado de los ciclos, tendr\u00e1n la oportunidad de resolver sus dudas y, una vez realizada la acci\u00f3n del centro, realizar\u00e1n visitas a diferentes agentes seg\u00fan los ciclos interesados.<\/p>\n<p>En el caso del alumnado de <strong>2\u00ba Bachiller<\/strong>, tras las sesiones de reflexi\u00f3n en oto\u00f1o, entre febrero y marzo, podr\u00e1n realizar visitas a diferentes agentes de la comarca. En las visitas tendr\u00e1n la oportunidad de conocer de cerca el d\u00eda a d\u00eda de los agentes y resolver dudas con diferentes profesionales. Las visitas ser\u00e1n m\u00faltiples y los j\u00f3venes podr\u00e1n visitar empresas industriales, servicios sociales, centros de salud, servicios deportivos, medios de comunicaci\u00f3n y agentes culturales, entre otros.<\/p>\n<p>Por otra parte, el alumnado interesado en la Formaci\u00f3n Profesional podr\u00e1 participar en la Feria de Formaci\u00f3n Profesional de Zarautz y conocer la oferta de ciclos formativos de Grado Superior de la Formaci\u00f3n Profesional de Izarraitz Lanbide Heziketa.<\/p>\n","protected":false},"excerpt":{"rendered":"<p>El grupo de trabajo de las orientadoras acuerda la planificaci\u00f3n de las acciones que se llevar\u00e1n a cabo en los pr\u00f3ximos dos meses. Gerolan es un proyecto que sigue en marcha, y las orientadoras de los 5 centros educativos se han reunido en el Palacio Intsausti para concretar y organizar las acciones de los pr\u00f3ximos [&hellip;]<\/p>\n","protected":false},"author":4,"featured_media":18427,"comment_status":"closed","ping_status":"closed","sticky":false,"template":"","format":"standard","meta":{"_acf_changed":false,"footnotes":""},"categories":[4],"tags":[],"class_list":["post-18431","post","type-post","status-publish","format-standard","has-post-thumbnail","hentry","category-noticias","arloak-educacion","arloak-gerolan-es"],"acf":[],"yoast_head":"<!-- This site is optimized with the Yoast SEO plugin v27.4 - https:\/\/yoast.com\/product\/yoast-seo-wordpress\/ -->\n<title>Reforzando la orientaci\u00f3n acad\u00e9mica del alumnado, en colaboraci\u00f3n con el equipo de orientadoras de los 5 centros de la comarca - Iraurgi Berritzen<\/title>\n<meta name=\"robots\" content=\"index, follow, max-snippet:-1, max-image-preview:large, max-video-preview:-1\" \/>\n<link rel=\"canonical\" href=\"https:\/\/iraurgiberritzen.eus\/es\/reforzando-la-orientacion-academica-del-alumnado-en-colaboracion-con-el-equipo-de-orientadoras-de-los-5-centros-de-la-comarca\/\" \/>\n<meta property=\"og:locale\" content=\"es_ES\" \/>\n<meta property=\"og:type\" content=\"article\" \/>\n<meta property=\"og:title\" content=\"Reforzando la orientaci\u00f3n acad\u00e9mica del alumnado, en colaboraci\u00f3n con el equipo de orientadoras de los 5 centros de la comarca - Iraurgi Berritzen\" \/>\n<meta property=\"og:description\" content=\"El grupo de trabajo de las orientadoras acuerda la planificaci\u00f3n de las acciones que se llevar\u00e1n a cabo en los pr\u00f3ximos dos meses. Gerolan es un proyecto que sigue en marcha, y las orientadoras de los 5 centros educativos se han reunido en el Palacio Intsausti para concretar y organizar las acciones de los pr\u00f3ximos [&hellip;]\" \/>\n<meta property=\"og:url\" content=\"https:\/\/iraurgiberritzen.eus\/es\/reforzando-la-orientacion-academica-del-alumnado-en-colaboracion-con-el-equipo-de-orientadoras-de-los-5-centros-de-la-comarca\/\" \/>\n<meta property=\"og:site_name\" content=\"Iraurgi Berritzen\" \/>\n<meta property=\"article:published_time\" content=\"2024-02-09T09:30:13+00:00\" \/>\n<meta property=\"article:modified_time\" content=\"2024-02-10T16:07:31+00:00\" \/>\n<meta property=\"og:image\" content=\"https:\/\/iraurgiberritzen.eus\/wp-content\/uploads\/2024\/02\/PORTADA-IB-WEB-800-x-550-px-5.png\" \/>\n\t<meta property=\"og:image:width\" content=\"800\" \/>\n\t<meta property=\"og:image:height\" content=\"550\" \/>\n\t<meta property=\"og:image:type\" content=\"image\/png\" \/>\n<meta name=\"author\" content=\"ainara\" \/>\n<meta name=\"twitter:card\" content=\"summary_large_image\" \/>\n<meta name=\"twitter:label1\" content=\"Escrito por\" \/>\n\t<meta name=\"twitter:data1\" content=\"ainara\" \/>\n\t<meta name=\"twitter:label2\" content=\"Tiempo de lectura\" \/>\n\t<meta name=\"twitter:data2\" content=\"3 minutos\" \/>\n<script type=\"application\/ld+json\" class=\"yoast-schema-graph\">{\"@context\":\"https:\\\/\\\/schema.org\",\"@graph\":[{\"@type\":\"Article\",\"@id\":\"https:\\\/\\\/iraurgiberritzen.eus\\\/es\\\/reforzando-la-orientacion-academica-del-alumnado-en-colaboracion-con-el-equipo-de-orientadoras-de-los-5-centros-de-la-comarca\\\/#article\",\"isPartOf\":{\"@id\":\"https:\\\/\\\/iraurgiberritzen.eus\\\/es\\\/reforzando-la-orientacion-academica-del-alumnado-en-colaboracion-con-el-equipo-de-orientadoras-de-los-5-centros-de-la-comarca\\\/\"},\"author\":{\"name\":\"ainara\",\"@id\":\"https:\\\/\\\/iraurgiberritzen.eus\\\/es\\\/#\\\/schema\\\/person\\\/a32c9825b3e2bfcbe757a97f6a15c8a5\"},\"headline\":\"Reforzando la orientaci\u00f3n acad\u00e9mica del alumnado, en colaboraci\u00f3n con el equipo de orientadoras de los 5 centros de la comarca\",\"datePublished\":\"2024-02-09T09:30:13+00:00\",\"dateModified\":\"2024-02-10T16:07:31+00:00\",\"mainEntityOfPage\":{\"@id\":\"https:\\\/\\\/iraurgiberritzen.eus\\\/es\\\/reforzando-la-orientacion-academica-del-alumnado-en-colaboracion-con-el-equipo-de-orientadoras-de-los-5-centros-de-la-comarca\\\/\"},\"wordCount\":491,\"publisher\":{\"@id\":\"https:\\\/\\\/iraurgiberritzen.eus\\\/es\\\/#organization\"},\"image\":{\"@id\":\"https:\\\/\\\/iraurgiberritzen.eus\\\/es\\\/reforzando-la-orientacion-academica-del-alumnado-en-colaboracion-con-el-equipo-de-orientadoras-de-los-5-centros-de-la-comarca\\\/#primaryimage\"},\"thumbnailUrl\":\"https:\\\/\\\/iraurgiberritzen.eus\\\/wp-content\\\/uploads\\\/2024\\\/02\\\/PORTADA-IB-WEB-800-x-550-px-5.png\",\"articleSection\":[\"Noticias\"],\"inLanguage\":\"es\"},{\"@type\":\"WebPage\",\"@id\":\"https:\\\/\\\/iraurgiberritzen.eus\\\/es\\\/reforzando-la-orientacion-academica-del-alumnado-en-colaboracion-con-el-equipo-de-orientadoras-de-los-5-centros-de-la-comarca\\\/\",\"url\":\"https:\\\/\\\/iraurgiberritzen.eus\\\/es\\\/reforzando-la-orientacion-academica-del-alumnado-en-colaboracion-con-el-equipo-de-orientadoras-de-los-5-centros-de-la-comarca\\\/\",\"name\":\"Reforzando la orientaci\u00f3n acad\u00e9mica del alumnado, en colaboraci\u00f3n con el equipo de orientadoras de los 5 centros de la comarca - Iraurgi Berritzen\",\"isPartOf\":{\"@id\":\"https:\\\/\\\/iraurgiberritzen.eus\\\/es\\\/#website\"},\"primaryImageOfPage\":{\"@id\":\"https:\\\/\\\/iraurgiberritzen.eus\\\/es\\\/reforzando-la-orientacion-academica-del-alumnado-en-colaboracion-con-el-equipo-de-orientadoras-de-los-5-centros-de-la-comarca\\\/#primaryimage\"},\"image\":{\"@id\":\"https:\\\/\\\/iraurgiberritzen.eus\\\/es\\\/reforzando-la-orientacion-academica-del-alumnado-en-colaboracion-con-el-equipo-de-orientadoras-de-los-5-centros-de-la-comarca\\\/#primaryimage\"},\"thumbnailUrl\":\"https:\\\/\\\/iraurgiberritzen.eus\\\/wp-content\\\/uploads\\\/2024\\\/02\\\/PORTADA-IB-WEB-800-x-550-px-5.png\",\"datePublished\":\"2024-02-09T09:30:13+00:00\",\"dateModified\":\"2024-02-10T16:07:31+00:00\",\"breadcrumb\":{\"@id\":\"https:\\\/\\\/iraurgiberritzen.eus\\\/es\\\/reforzando-la-orientacion-academica-del-alumnado-en-colaboracion-con-el-equipo-de-orientadoras-de-los-5-centros-de-la-comarca\\\/#breadcrumb\"},\"inLanguage\":\"es\",\"potentialAction\":[{\"@type\":\"ReadAction\",\"target\":[\"https:\\\/\\\/iraurgiberritzen.eus\\\/es\\\/reforzando-la-orientacion-academica-del-alumnado-en-colaboracion-con-el-equipo-de-orientadoras-de-los-5-centros-de-la-comarca\\\/\"]}]},{\"@type\":\"ImageObject\",\"inLanguage\":\"es\",\"@id\":\"https:\\\/\\\/iraurgiberritzen.eus\\\/es\\\/reforzando-la-orientacion-academica-del-alumnado-en-colaboracion-con-el-equipo-de-orientadoras-de-los-5-centros-de-la-comarca\\\/#primaryimage\",\"url\":\"https:\\\/\\\/iraurgiberritzen.eus\\\/wp-content\\\/uploads\\\/2024\\\/02\\\/PORTADA-IB-WEB-800-x-550-px-5.png\",\"contentUrl\":\"https:\\\/\\\/iraurgiberritzen.eus\\\/wp-content\\\/uploads\\\/2024\\\/02\\\/PORTADA-IB-WEB-800-x-550-px-5.png\",\"width\":800,\"height\":550},{\"@type\":\"BreadcrumbList\",\"@id\":\"https:\\\/\\\/iraurgiberritzen.eus\\\/es\\\/reforzando-la-orientacion-academica-del-alumnado-en-colaboracion-con-el-equipo-de-orientadoras-de-los-5-centros-de-la-comarca\\\/#breadcrumb\",\"itemListElement\":[{\"@type\":\"ListItem\",\"position\":1,\"name\":\"Home\",\"item\":\"https:\\\/\\\/iraurgiberritzen.eus\\\/es\\\/\"},{\"@type\":\"ListItem\",\"position\":2,\"name\":\"Reforzando la orientaci\u00f3n acad\u00e9mica del alumnado, en colaboraci\u00f3n con el equipo de orientadoras de los 5 centros de la comarca\"}]},{\"@type\":\"WebSite\",\"@id\":\"https:\\\/\\\/iraurgiberritzen.eus\\\/es\\\/#website\",\"url\":\"https:\\\/\\\/iraurgiberritzen.eus\\\/es\\\/\",\"name\":\"Iraurgi Berritzen\",\"description\":\"Urola Erdiko Garapen Agentzia\",\"publisher\":{\"@id\":\"https:\\\/\\\/iraurgiberritzen.eus\\\/es\\\/#organization\"},\"potentialAction\":[{\"@type\":\"SearchAction\",\"target\":{\"@type\":\"EntryPoint\",\"urlTemplate\":\"https:\\\/\\\/iraurgiberritzen.eus\\\/es\\\/?s={search_term_string}\"},\"query-input\":{\"@type\":\"PropertyValueSpecification\",\"valueRequired\":true,\"valueName\":\"search_term_string\"}}],\"inLanguage\":\"es\"},{\"@type\":\"Organization\",\"@id\":\"https:\\\/\\\/iraurgiberritzen.eus\\\/es\\\/#organization\",\"name\":\"Iraurgi Berritzen\",\"url\":\"https:\\\/\\\/iraurgiberritzen.eus\\\/es\\\/\",\"logo\":{\"@type\":\"ImageObject\",\"inLanguage\":\"es\",\"@id\":\"https:\\\/\\\/iraurgiberritzen.eus\\\/es\\\/#\\\/schema\\\/logo\\\/image\\\/\",\"url\":\"https:\\\/\\\/iraurgiberritzen.eus\\\/wp-content\\\/uploads\\\/2024\\\/02\\\/IRAURGI-BERRITZEN-logotipoa_2.png\",\"contentUrl\":\"https:\\\/\\\/iraurgiberritzen.eus\\\/wp-content\\\/uploads\\\/2024\\\/02\\\/IRAURGI-BERRITZEN-logotipoa_2.png\",\"width\":496,\"height\":190,\"caption\":\"Iraurgi Berritzen\"},\"image\":{\"@id\":\"https:\\\/\\\/iraurgiberritzen.eus\\\/es\\\/#\\\/schema\\\/logo\\\/image\\\/\"}},{\"@type\":\"Person\",\"@id\":\"https:\\\/\\\/iraurgiberritzen.eus\\\/es\\\/#\\\/schema\\\/person\\\/a32c9825b3e2bfcbe757a97f6a15c8a5\",\"name\":\"ainara\"}]}<\/script>\n<!-- \/ Yoast SEO plugin. -->","yoast_head_json":{"title":"Reforzando la orientaci\u00f3n acad\u00e9mica del alumnado, en colaboraci\u00f3n con el equipo de orientadoras de los 5 centros de la comarca - Iraurgi Berritzen","robots":{"index":"index","follow":"follow","max-snippet":"max-snippet:-1","max-image-preview":"max-image-preview:large","max-video-preview":"max-video-preview:-1"},"canonical":"https:\/\/iraurgiberritzen.eus\/es\/reforzando-la-orientacion-academica-del-alumnado-en-colaboracion-con-el-equipo-de-orientadoras-de-los-5-centros-de-la-comarca\/","og_locale":"es_ES","og_type":"article","og_title":"Reforzando la orientaci\u00f3n acad\u00e9mica del alumnado, en colaboraci\u00f3n con el equipo de orientadoras de los 5 centros de la comarca - Iraurgi Berritzen","og_description":"El grupo de trabajo de las orientadoras acuerda la planificaci\u00f3n de las acciones que se llevar\u00e1n a cabo en los pr\u00f3ximos dos meses. Gerolan es un proyecto que sigue en marcha, y las orientadoras de los 5 centros educativos se han reunido en el Palacio Intsausti para concretar y organizar las acciones de los pr\u00f3ximos [&hellip;]","og_url":"https:\/\/iraurgiberritzen.eus\/es\/reforzando-la-orientacion-academica-del-alumnado-en-colaboracion-con-el-equipo-de-orientadoras-de-los-5-centros-de-la-comarca\/","og_site_name":"Iraurgi Berritzen","article_published_time":"2024-02-09T09:30:13+00:00","article_modified_time":"2024-02-10T16:07:31+00:00","og_image":[{"width":800,"height":550,"url":"https:\/\/iraurgiberritzen.eus\/wp-content\/uploads\/2024\/02\/PORTADA-IB-WEB-800-x-550-px-5.png","type":"image\/png"}],"author":"ainara","twitter_card":"summary_large_image","twitter_misc":{"Escrito por":"ainara","Tiempo de lectura":"3 minutos"},"schema":{"@context":"https:\/\/schema.org","@graph":[{"@type":"Article","@id":"https:\/\/iraurgiberritzen.eus\/es\/reforzando-la-orientacion-academica-del-alumnado-en-colaboracion-con-el-equipo-de-orientadoras-de-los-5-centros-de-la-comarca\/#article","isPartOf":{"@id":"https:\/\/iraurgiberritzen.eus\/es\/reforzando-la-orientacion-academica-del-alumnado-en-colaboracion-con-el-equipo-de-orientadoras-de-los-5-centros-de-la-comarca\/"},"author":{"name":"ainara","@id":"https:\/\/iraurgiberritzen.eus\/es\/#\/schema\/person\/a32c9825b3e2bfcbe757a97f6a15c8a5"},"headline":"Reforzando la orientaci\u00f3n acad\u00e9mica del alumnado, en colaboraci\u00f3n con el equipo de orientadoras de los 5 centros de la comarca","datePublished":"2024-02-09T09:30:13+00:00","dateModified":"2024-02-10T16:07:31+00:00","mainEntityOfPage":{"@id":"https:\/\/iraurgiberritzen.eus\/es\/reforzando-la-orientacion-academica-del-alumnado-en-colaboracion-con-el-equipo-de-orientadoras-de-los-5-centros-de-la-comarca\/"},"wordCount":491,"publisher":{"@id":"https:\/\/iraurgiberritzen.eus\/es\/#organization"},"image":{"@id":"https:\/\/iraurgiberritzen.eus\/es\/reforzando-la-orientacion-academica-del-alumnado-en-colaboracion-con-el-equipo-de-orientadoras-de-los-5-centros-de-la-comarca\/#primaryimage"},"thumbnailUrl":"https:\/\/iraurgiberritzen.eus\/wp-content\/uploads\/2024\/02\/PORTADA-IB-WEB-800-x-550-px-5.png","articleSection":["Noticias"],"inLanguage":"es"},{"@type":"WebPage","@id":"https:\/\/iraurgiberritzen.eus\/es\/reforzando-la-orientacion-academica-del-alumnado-en-colaboracion-con-el-equipo-de-orientadoras-de-los-5-centros-de-la-comarca\/","url":"https:\/\/iraurgiberritzen.eus\/es\/reforzando-la-orientacion-academica-del-alumnado-en-colaboracion-con-el-equipo-de-orientadoras-de-los-5-centros-de-la-comarca\/","name":"Reforzando la orientaci\u00f3n acad\u00e9mica del alumnado, en colaboraci\u00f3n con el equipo de orientadoras de los 5 centros de la comarca - Iraurgi Berritzen","isPartOf":{"@id":"https:\/\/iraurgiberritzen.eus\/es\/#website"},"primaryImageOfPage":{"@id":"https:\/\/iraurgiberritzen.eus\/es\/reforzando-la-orientacion-academica-del-alumnado-en-colaboracion-con-el-equipo-de-orientadoras-de-los-5-centros-de-la-comarca\/#primaryimage"},"image":{"@id":"https:\/\/iraurgiberritzen.eus\/es\/reforzando-la-orientacion-academica-del-alumnado-en-colaboracion-con-el-equipo-de-orientadoras-de-los-5-centros-de-la-comarca\/#primaryimage"},"thumbnailUrl":"https:\/\/iraurgiberritzen.eus\/wp-content\/uploads\/2024\/02\/PORTADA-IB-WEB-800-x-550-px-5.png","datePublished":"2024-02-09T09:30:13+00:00","dateModified":"2024-02-10T16:07:31+00:00","breadcrumb":{"@id":"https:\/\/iraurgiberritzen.eus\/es\/reforzando-la-orientacion-academica-del-alumnado-en-colaboracion-con-el-equipo-de-orientadoras-de-los-5-centros-de-la-comarca\/#breadcrumb"},"inLanguage":"es","potentialAction":[{"@type":"ReadAction","target":["https:\/\/iraurgiberritzen.eus\/es\/reforzando-la-orientacion-academica-del-alumnado-en-colaboracion-con-el-equipo-de-orientadoras-de-los-5-centros-de-la-comarca\/"]}]},{"@type":"ImageObject","inLanguage":"es","@id":"https:\/\/iraurgiberritzen.eus\/es\/reforzando-la-orientacion-academica-del-alumnado-en-colaboracion-con-el-equipo-de-orientadoras-de-los-5-centros-de-la-comarca\/#primaryimage","url":"https:\/\/iraurgiberritzen.eus\/wp-content\/uploads\/2024\/02\/PORTADA-IB-WEB-800-x-550-px-5.png","contentUrl":"https:\/\/iraurgiberritzen.eus\/wp-content\/uploads\/2024\/02\/PORTADA-IB-WEB-800-x-550-px-5.png","width":800,"height":550},{"@type":"BreadcrumbList","@id":"https:\/\/iraurgiberritzen.eus\/es\/reforzando-la-orientacion-academica-del-alumnado-en-colaboracion-con-el-equipo-de-orientadoras-de-los-5-centros-de-la-comarca\/#breadcrumb","itemListElement":[{"@type":"ListItem","position":1,"name":"Home","item":"https:\/\/iraurgiberritzen.eus\/es\/"},{"@type":"ListItem","position":2,"name":"Reforzando la orientaci\u00f3n acad\u00e9mica del alumnado, en colaboraci\u00f3n con el equipo de orientadoras de los 5 centros de la comarca"}]},{"@type":"WebSite","@id":"https:\/\/iraurgiberritzen.eus\/es\/#website","url":"https:\/\/iraurgiberritzen.eus\/es\/","name":"Iraurgi Berritzen","description":"Urola Erdiko Garapen Agentzia","publisher":{"@id":"https:\/\/iraurgiberritzen.eus\/es\/#organization"},"potentialAction":[{"@type":"SearchAction","target":{"@type":"EntryPoint","urlTemplate":"https:\/\/iraurgiberritzen.eus\/es\/?s={search_term_string}"},"query-input":{"@type":"PropertyValueSpecification","valueRequired":true,"valueName":"search_term_string"}}],"inLanguage":"es"},{"@type":"Organization","@id":"https:\/\/iraurgiberritzen.eus\/es\/#organization","name":"Iraurgi Berritzen","url":"https:\/\/iraurgiberritzen.eus\/es\/","logo":{"@type":"ImageObject","inLanguage":"es","@id":"https:\/\/iraurgiberritzen.eus\/es\/#\/schema\/logo\/image\/","url":"https:\/\/iraurgiberritzen.eus\/wp-content\/uploads\/2024\/02\/IRAURGI-BERRITZEN-logotipoa_2.png","contentUrl":"https:\/\/iraurgiberritzen.eus\/wp-content\/uploads\/2024\/02\/IRAURGI-BERRITZEN-logotipoa_2.png","width":496,"height":190,"caption":"Iraurgi Berritzen"},"image":{"@id":"https:\/\/iraurgiberritzen.eus\/es\/#\/schema\/logo\/image\/"}},{"@type":"Person","@id":"https:\/\/iraurgiberritzen.eus\/es\/#\/schema\/person\/a32c9825b3e2bfcbe757a97f6a15c8a5","name":"ainara"}]}},"_links":{"self":[{"href":"https:\/\/iraurgiberritzen.eus\/es\/wp-json\/wp\/v2\/posts\/18431","targetHints":{"allow":["GET"]}}],"collection":[{"href":"https:\/\/iraurgiberritzen.eus\/es\/wp-json\/wp\/v2\/posts"}],"about":[{"href":"https:\/\/iraurgiberritzen.eus\/es\/wp-json\/wp\/v2\/types\/post"}],"author":[{"embeddable":true,"href":"https:\/\/iraurgiberritzen.eus\/es\/wp-json\/wp\/v2\/users\/4"}],"replies":[{"embeddable":true,"href":"https:\/\/iraurgiberritzen.eus\/es\/wp-json\/wp\/v2\/comments?post=18431"}],"version-history":[{"count":1,"href":"https:\/\/iraurgiberritzen.eus\/es\/wp-json\/wp\/v2\/posts\/18431\/revisions"}],"predecessor-version":[{"id":18432,"href":"https:\/\/iraurgiberritzen.eus\/es\/wp-json\/wp\/v2\/posts\/18431\/revisions\/18432"}],"wp:featuredmedia":[{"embeddable":true,"href":"https:\/\/iraurgiberritzen.eus\/es\/wp-json\/wp\/v2\/media\/18427"}],"wp:attachment":[{"href":"https:\/\/iraurgiberritzen.eus\/es\/wp-json\/wp\/v2\/media?parent=18431"}],"wp:term":[{"taxonomy":"category","embeddable":true,"href":"https:\/\/iraurgiberritzen.eus\/es\/wp-json\/wp\/v2\/categories?post=18431"},{"taxonomy":"post_tag","embeddable":true,"href":"https:\/\/iraurgiberritzen.eus\/es\/wp-json\/wp\/v2\/tags?post=18431"}],"curies":[{"name":"wp","href":"https:\/\/api.w.org\/{rel}","templated":true}]}}