{"id":18449,"date":"2024-02-09T12:10:08","date_gmt":"2024-02-09T10:10:08","guid":{"rendered":"https:\/\/iraurgiberritzen.eus\/?p=18449"},"modified":"2024-02-10T18:18:08","modified_gmt":"2024-02-10T16:18:08","slug":"el-alumnado-de-izarraitz-lanbide-heziketa-ha-sido-premiado-por-sus-ideas-de-negocio-innovadores","status":"publish","type":"post","link":"https:\/\/iraurgiberritzen.eus\/es\/el-alumnado-de-izarraitz-lanbide-heziketa-ha-sido-premiado-por-sus-ideas-de-negocio-innovadores\/","title":{"rendered":"El alumnado de Izarraitz Lanbide Heziketa ha sido premiado por sus ideas de negocio innovadores"},"content":{"rendered":"<h4><strong>Este a\u00f1o se ha celebrado la V. Edici\u00f3n de los \u201cEkintzailetza sariak\u201d. Iniciativa promovida por Izarraitz Lanbide Heziketa, dentro del programa Urrats Bat, y que cuenta con el apoyo de Iraurgi Berritzen.<\/strong><\/h4>\n<p>El objetivo es que alumnos de los ciclos medios y superiores, partiendo de una necesidad identificada, desarrollen una idea de negocio, analizando la posible viabilidad del mismo. Las ideas de negocio presentadas, son valoradas por profesores de Izarraitz e Iraurgi Berritzen y reciben el apoyo de los alumnos del Centro.<\/p>\n<p>Las mejores ideas son premiadas con vales de compra para ser utilizados en los comercios de Azkoitia y Azpeitia, para lo cual, las asociaciones de comerciantes Herrixen (Azkoitia) y Bertan (Azpeitia) ponen a disposici\u00f3n de las personas premiadas dichos bonos de compra.<\/p>\n<p>Este a\u00f1o, y por primera vez, Iraurgi Berritzen ha premiado una idea de negocio. Esta idea responde a las necesidades de la comarca y se alinea con tres de los seis retos que se derivaron de la Reflexi\u00f3n Estrat\u00e9gica desarrollada en colaboraci\u00f3n con agentes de diferentes sectores de la comarca: crear comarca, incidir en la competitividad del tejido socioecon\u00f3mico y facilitar la transici\u00f3n verde. La iniciativa premiada, promueve el consumo de productos kil\u00f3metro cero, desarrollando para ello una aplicaci\u00f3n y m\u00e1quinas de vending adaptadas a los espacios donde se fueran a ubicar, cohesionando el primer sector y la industria.<\/p>\n<img loading=\"lazy\" decoding=\"async\" class=\"wp-image-18450 aligncenter\" src=\"https:\/\/iraurgiberritzen.eus\/wp-content\/uploads\/2024\/02\/PORTADA-IB-WEB-800-x-550-px-6-2-300x206.png\" alt=\"\" width=\"800\" height=\"549\" srcset=\"https:\/\/iraurgiberritzen.eus\/wp-content\/uploads\/2024\/02\/PORTADA-IB-WEB-800-x-550-px-6-2-300x206.png 300w, https:\/\/iraurgiberritzen.eus\/wp-content\/uploads\/2024\/02\/PORTADA-IB-WEB-800-x-550-px-6-2-768x528.png 768w, https:\/\/iraurgiberritzen.eus\/wp-content\/uploads\/2024\/02\/PORTADA-IB-WEB-800-x-550-px-6-2.png 800w\" sizes=\"auto, (max-width: 800px) 100vw, 800px\" \/>\n","protected":false},"excerpt":{"rendered":"<p>Este a\u00f1o se ha celebrado la V. Edici\u00f3n de los \u201cEkintzailetza sariak\u201d. Iniciativa promovida por Izarraitz Lanbide Heziketa, dentro del programa Urrats Bat, y que cuenta con el apoyo de Iraurgi Berritzen. El objetivo es que alumnos de los ciclos medios y superiores, partiendo de una necesidad identificada, desarrollen una idea de negocio, analizando la [&hellip;]<\/p>\n","protected":false},"author":4,"featured_media":18448,"comment_status":"closed","ping_status":"closed","sticky":false,"template":"","format":"standard","meta":{"_acf_changed":false,"footnotes":""},"categories":[4],"tags":[],"class_list":["post-18449","post","type-post","status-publish","format-standard","has-post-thumbnail","hentry","category-noticias","arloak-emprendimiento"],"acf":[],"yoast_head":"<!-- This site is optimized with the Yoast SEO plugin v27.4 - https:\/\/yoast.com\/product\/yoast-seo-wordpress\/ -->\n<title>El alumnado de Izarraitz Lanbide Heziketa ha sido premiado por sus ideas de negocio innovadores - Iraurgi Berritzen<\/title>\n<meta name=\"robots\" content=\"index, follow, max-snippet:-1, max-image-preview:large, max-video-preview:-1\" \/>\n<link rel=\"canonical\" href=\"https:\/\/iraurgiberritzen.eus\/es\/el-alumnado-de-izarraitz-lanbide-heziketa-ha-sido-premiado-por-sus-ideas-de-negocio-innovadores\/\" \/>\n<meta property=\"og:locale\" content=\"es_ES\" \/>\n<meta property=\"og:type\" content=\"article\" \/>\n<meta property=\"og:title\" content=\"El alumnado de Izarraitz Lanbide Heziketa ha sido premiado por sus ideas de negocio innovadores - Iraurgi Berritzen\" \/>\n<meta property=\"og:description\" content=\"Este a\u00f1o se ha celebrado la V. Edici\u00f3n de los \u201cEkintzailetza sariak\u201d. Iniciativa promovida por Izarraitz Lanbide Heziketa, dentro del programa Urrats Bat, y que cuenta con el apoyo de Iraurgi Berritzen. El objetivo es que alumnos de los ciclos medios y superiores, partiendo de una necesidad identificada, desarrollen una idea de negocio, analizando la [&hellip;]\" \/>\n<meta property=\"og:url\" content=\"https:\/\/iraurgiberritzen.eus\/es\/el-alumnado-de-izarraitz-lanbide-heziketa-ha-sido-premiado-por-sus-ideas-de-negocio-innovadores\/\" \/>\n<meta property=\"og:site_name\" content=\"Iraurgi Berritzen\" \/>\n<meta property=\"article:published_time\" content=\"2024-02-09T10:10:08+00:00\" \/>\n<meta property=\"article:modified_time\" content=\"2024-02-10T16:18:08+00:00\" \/>\n<meta property=\"og:image\" content=\"https:\/\/iraurgiberritzen.eus\/wp-content\/uploads\/2024\/02\/PORTADA-IB-WEB-800-x-550-px-7.png\" \/>\n\t<meta property=\"og:image:width\" content=\"800\" \/>\n\t<meta property=\"og:image:height\" content=\"550\" \/>\n\t<meta property=\"og:image:type\" content=\"image\/png\" \/>\n<meta name=\"author\" content=\"ainara\" \/>\n<meta name=\"twitter:card\" content=\"summary_large_image\" \/>\n<meta name=\"twitter:label1\" content=\"Escrito por\" \/>\n\t<meta name=\"twitter:data1\" content=\"ainara\" \/>\n\t<meta name=\"twitter:label2\" content=\"Tiempo de lectura\" \/>\n\t<meta name=\"twitter:data2\" content=\"2 minutos\" \/>\n<script type=\"application\/ld+json\" class=\"yoast-schema-graph\">{\"@context\":\"https:\\\/\\\/schema.org\",\"@graph\":[{\"@type\":\"Article\",\"@id\":\"https:\\\/\\\/iraurgiberritzen.eus\\\/es\\\/el-alumnado-de-izarraitz-lanbide-heziketa-ha-sido-premiado-por-sus-ideas-de-negocio-innovadores\\\/#article\",\"isPartOf\":{\"@id\":\"https:\\\/\\\/iraurgiberritzen.eus\\\/es\\\/el-alumnado-de-izarraitz-lanbide-heziketa-ha-sido-premiado-por-sus-ideas-de-negocio-innovadores\\\/\"},\"author\":{\"name\":\"ainara\",\"@id\":\"https:\\\/\\\/iraurgiberritzen.eus\\\/es\\\/#\\\/schema\\\/person\\\/a32c9825b3e2bfcbe757a97f6a15c8a5\"},\"headline\":\"El alumnado de Izarraitz Lanbide Heziketa ha sido premiado por sus ideas de negocio innovadores\",\"datePublished\":\"2024-02-09T10:10:08+00:00\",\"dateModified\":\"2024-02-10T16:18:08+00:00\",\"mainEntityOfPage\":{\"@id\":\"https:\\\/\\\/iraurgiberritzen.eus\\\/es\\\/el-alumnado-de-izarraitz-lanbide-heziketa-ha-sido-premiado-por-sus-ideas-de-negocio-innovadores\\\/\"},\"wordCount\":250,\"publisher\":{\"@id\":\"https:\\\/\\\/iraurgiberritzen.eus\\\/es\\\/#organization\"},\"image\":{\"@id\":\"https:\\\/\\\/iraurgiberritzen.eus\\\/es\\\/el-alumnado-de-izarraitz-lanbide-heziketa-ha-sido-premiado-por-sus-ideas-de-negocio-innovadores\\\/#primaryimage\"},\"thumbnailUrl\":\"https:\\\/\\\/iraurgiberritzen.eus\\\/wp-content\\\/uploads\\\/2024\\\/02\\\/PORTADA-IB-WEB-800-x-550-px-7.png\",\"articleSection\":[\"Noticias\"],\"inLanguage\":\"es\"},{\"@type\":\"WebPage\",\"@id\":\"https:\\\/\\\/iraurgiberritzen.eus\\\/es\\\/el-alumnado-de-izarraitz-lanbide-heziketa-ha-sido-premiado-por-sus-ideas-de-negocio-innovadores\\\/\",\"url\":\"https:\\\/\\\/iraurgiberritzen.eus\\\/es\\\/el-alumnado-de-izarraitz-lanbide-heziketa-ha-sido-premiado-por-sus-ideas-de-negocio-innovadores\\\/\",\"name\":\"El alumnado de Izarraitz Lanbide Heziketa ha sido premiado por sus ideas de negocio innovadores - Iraurgi Berritzen\",\"isPartOf\":{\"@id\":\"https:\\\/\\\/iraurgiberritzen.eus\\\/es\\\/#website\"},\"primaryImageOfPage\":{\"@id\":\"https:\\\/\\\/iraurgiberritzen.eus\\\/es\\\/el-alumnado-de-izarraitz-lanbide-heziketa-ha-sido-premiado-por-sus-ideas-de-negocio-innovadores\\\/#primaryimage\"},\"image\":{\"@id\":\"https:\\\/\\\/iraurgiberritzen.eus\\\/es\\\/el-alumnado-de-izarraitz-lanbide-heziketa-ha-sido-premiado-por-sus-ideas-de-negocio-innovadores\\\/#primaryimage\"},\"thumbnailUrl\":\"https:\\\/\\\/iraurgiberritzen.eus\\\/wp-content\\\/uploads\\\/2024\\\/02\\\/PORTADA-IB-WEB-800-x-550-px-7.png\",\"datePublished\":\"2024-02-09T10:10:08+00:00\",\"dateModified\":\"2024-02-10T16:18:08+00:00\",\"breadcrumb\":{\"@id\":\"https:\\\/\\\/iraurgiberritzen.eus\\\/es\\\/el-alumnado-de-izarraitz-lanbide-heziketa-ha-sido-premiado-por-sus-ideas-de-negocio-innovadores\\\/#breadcrumb\"},\"inLanguage\":\"es\",\"potentialAction\":[{\"@type\":\"ReadAction\",\"target\":[\"https:\\\/\\\/iraurgiberritzen.eus\\\/es\\\/el-alumnado-de-izarraitz-lanbide-heziketa-ha-sido-premiado-por-sus-ideas-de-negocio-innovadores\\\/\"]}]},{\"@type\":\"ImageObject\",\"inLanguage\":\"es\",\"@id\":\"https:\\\/\\\/iraurgiberritzen.eus\\\/es\\\/el-alumnado-de-izarraitz-lanbide-heziketa-ha-sido-premiado-por-sus-ideas-de-negocio-innovadores\\\/#primaryimage\",\"url\":\"https:\\\/\\\/iraurgiberritzen.eus\\\/wp-content\\\/uploads\\\/2024\\\/02\\\/PORTADA-IB-WEB-800-x-550-px-7.png\",\"contentUrl\":\"https:\\\/\\\/iraurgiberritzen.eus\\\/wp-content\\\/uploads\\\/2024\\\/02\\\/PORTADA-IB-WEB-800-x-550-px-7.png\",\"width\":800,\"height\":550},{\"@type\":\"BreadcrumbList\",\"@id\":\"https:\\\/\\\/iraurgiberritzen.eus\\\/es\\\/el-alumnado-de-izarraitz-lanbide-heziketa-ha-sido-premiado-por-sus-ideas-de-negocio-innovadores\\\/#breadcrumb\",\"itemListElement\":[{\"@type\":\"ListItem\",\"position\":1,\"name\":\"Home\",\"item\":\"https:\\\/\\\/iraurgiberritzen.eus\\\/es\\\/\"},{\"@type\":\"ListItem\",\"position\":2,\"name\":\"El alumnado de Izarraitz Lanbide Heziketa ha sido premiado por sus ideas de negocio innovadores\"}]},{\"@type\":\"WebSite\",\"@id\":\"https:\\\/\\\/iraurgiberritzen.eus\\\/es\\\/#website\",\"url\":\"https:\\\/\\\/iraurgiberritzen.eus\\\/es\\\/\",\"name\":\"Iraurgi Berritzen\",\"description\":\"Urola Erdiko Garapen Agentzia\",\"publisher\":{\"@id\":\"https:\\\/\\\/iraurgiberritzen.eus\\\/es\\\/#organization\"},\"potentialAction\":[{\"@type\":\"SearchAction\",\"target\":{\"@type\":\"EntryPoint\",\"urlTemplate\":\"https:\\\/\\\/iraurgiberritzen.eus\\\/es\\\/?s={search_term_string}\"},\"query-input\":{\"@type\":\"PropertyValueSpecification\",\"valueRequired\":true,\"valueName\":\"search_term_string\"}}],\"inLanguage\":\"es\"},{\"@type\":\"Organization\",\"@id\":\"https:\\\/\\\/iraurgiberritzen.eus\\\/es\\\/#organization\",\"name\":\"Iraurgi Berritzen\",\"url\":\"https:\\\/\\\/iraurgiberritzen.eus\\\/es\\\/\",\"logo\":{\"@type\":\"ImageObject\",\"inLanguage\":\"es\",\"@id\":\"https:\\\/\\\/iraurgiberritzen.eus\\\/es\\\/#\\\/schema\\\/logo\\\/image\\\/\",\"url\":\"https:\\\/\\\/iraurgiberritzen.eus\\\/wp-content\\\/uploads\\\/2024\\\/02\\\/IRAURGI-BERRITZEN-logotipoa_2.png\",\"contentUrl\":\"https:\\\/\\\/iraurgiberritzen.eus\\\/wp-content\\\/uploads\\\/2024\\\/02\\\/IRAURGI-BERRITZEN-logotipoa_2.png\",\"width\":496,\"height\":190,\"caption\":\"Iraurgi Berritzen\"},\"image\":{\"@id\":\"https:\\\/\\\/iraurgiberritzen.eus\\\/es\\\/#\\\/schema\\\/logo\\\/image\\\/\"}},{\"@type\":\"Person\",\"@id\":\"https:\\\/\\\/iraurgiberritzen.eus\\\/es\\\/#\\\/schema\\\/person\\\/a32c9825b3e2bfcbe757a97f6a15c8a5\",\"name\":\"ainara\"}]}<\/script>\n<!-- \/ Yoast SEO plugin. -->","yoast_head_json":{"title":"El alumnado de Izarraitz Lanbide Heziketa ha sido premiado por sus ideas de negocio innovadores - Iraurgi Berritzen","robots":{"index":"index","follow":"follow","max-snippet":"max-snippet:-1","max-image-preview":"max-image-preview:large","max-video-preview":"max-video-preview:-1"},"canonical":"https:\/\/iraurgiberritzen.eus\/es\/el-alumnado-de-izarraitz-lanbide-heziketa-ha-sido-premiado-por-sus-ideas-de-negocio-innovadores\/","og_locale":"es_ES","og_type":"article","og_title":"El alumnado de Izarraitz Lanbide Heziketa ha sido premiado por sus ideas de negocio innovadores - Iraurgi Berritzen","og_description":"Este a\u00f1o se ha celebrado la V. Edici\u00f3n de los \u201cEkintzailetza sariak\u201d. Iniciativa promovida por Izarraitz Lanbide Heziketa, dentro del programa Urrats Bat, y que cuenta con el apoyo de Iraurgi Berritzen. El objetivo es que alumnos de los ciclos medios y superiores, partiendo de una necesidad identificada, desarrollen una idea de negocio, analizando la [&hellip;]","og_url":"https:\/\/iraurgiberritzen.eus\/es\/el-alumnado-de-izarraitz-lanbide-heziketa-ha-sido-premiado-por-sus-ideas-de-negocio-innovadores\/","og_site_name":"Iraurgi Berritzen","article_published_time":"2024-02-09T10:10:08+00:00","article_modified_time":"2024-02-10T16:18:08+00:00","og_image":[{"width":800,"height":550,"url":"https:\/\/iraurgiberritzen.eus\/wp-content\/uploads\/2024\/02\/PORTADA-IB-WEB-800-x-550-px-7.png","type":"image\/png"}],"author":"ainara","twitter_card":"summary_large_image","twitter_misc":{"Escrito por":"ainara","Tiempo de lectura":"2 minutos"},"schema":{"@context":"https:\/\/schema.org","@graph":[{"@type":"Article","@id":"https:\/\/iraurgiberritzen.eus\/es\/el-alumnado-de-izarraitz-lanbide-heziketa-ha-sido-premiado-por-sus-ideas-de-negocio-innovadores\/#article","isPartOf":{"@id":"https:\/\/iraurgiberritzen.eus\/es\/el-alumnado-de-izarraitz-lanbide-heziketa-ha-sido-premiado-por-sus-ideas-de-negocio-innovadores\/"},"author":{"name":"ainara","@id":"https:\/\/iraurgiberritzen.eus\/es\/#\/schema\/person\/a32c9825b3e2bfcbe757a97f6a15c8a5"},"headline":"El alumnado de Izarraitz Lanbide Heziketa ha sido premiado por sus ideas de negocio innovadores","datePublished":"2024-02-09T10:10:08+00:00","dateModified":"2024-02-10T16:18:08+00:00","mainEntityOfPage":{"@id":"https:\/\/iraurgiberritzen.eus\/es\/el-alumnado-de-izarraitz-lanbide-heziketa-ha-sido-premiado-por-sus-ideas-de-negocio-innovadores\/"},"wordCount":250,"publisher":{"@id":"https:\/\/iraurgiberritzen.eus\/es\/#organization"},"image":{"@id":"https:\/\/iraurgiberritzen.eus\/es\/el-alumnado-de-izarraitz-lanbide-heziketa-ha-sido-premiado-por-sus-ideas-de-negocio-innovadores\/#primaryimage"},"thumbnailUrl":"https:\/\/iraurgiberritzen.eus\/wp-content\/uploads\/2024\/02\/PORTADA-IB-WEB-800-x-550-px-7.png","articleSection":["Noticias"],"inLanguage":"es"},{"@type":"WebPage","@id":"https:\/\/iraurgiberritzen.eus\/es\/el-alumnado-de-izarraitz-lanbide-heziketa-ha-sido-premiado-por-sus-ideas-de-negocio-innovadores\/","url":"https:\/\/iraurgiberritzen.eus\/es\/el-alumnado-de-izarraitz-lanbide-heziketa-ha-sido-premiado-por-sus-ideas-de-negocio-innovadores\/","name":"El alumnado de Izarraitz Lanbide Heziketa ha sido premiado por sus ideas de negocio innovadores - Iraurgi Berritzen","isPartOf":{"@id":"https:\/\/iraurgiberritzen.eus\/es\/#website"},"primaryImageOfPage":{"@id":"https:\/\/iraurgiberritzen.eus\/es\/el-alumnado-de-izarraitz-lanbide-heziketa-ha-sido-premiado-por-sus-ideas-de-negocio-innovadores\/#primaryimage"},"image":{"@id":"https:\/\/iraurgiberritzen.eus\/es\/el-alumnado-de-izarraitz-lanbide-heziketa-ha-sido-premiado-por-sus-ideas-de-negocio-innovadores\/#primaryimage"},"thumbnailUrl":"https:\/\/iraurgiberritzen.eus\/wp-content\/uploads\/2024\/02\/PORTADA-IB-WEB-800-x-550-px-7.png","datePublished":"2024-02-09T10:10:08+00:00","dateModified":"2024-02-10T16:18:08+00:00","breadcrumb":{"@id":"https:\/\/iraurgiberritzen.eus\/es\/el-alumnado-de-izarraitz-lanbide-heziketa-ha-sido-premiado-por-sus-ideas-de-negocio-innovadores\/#breadcrumb"},"inLanguage":"es","potentialAction":[{"@type":"ReadAction","target":["https:\/\/iraurgiberritzen.eus\/es\/el-alumnado-de-izarraitz-lanbide-heziketa-ha-sido-premiado-por-sus-ideas-de-negocio-innovadores\/"]}]},{"@type":"ImageObject","inLanguage":"es","@id":"https:\/\/iraurgiberritzen.eus\/es\/el-alumnado-de-izarraitz-lanbide-heziketa-ha-sido-premiado-por-sus-ideas-de-negocio-innovadores\/#primaryimage","url":"https:\/\/iraurgiberritzen.eus\/wp-content\/uploads\/2024\/02\/PORTADA-IB-WEB-800-x-550-px-7.png","contentUrl":"https:\/\/iraurgiberritzen.eus\/wp-content\/uploads\/2024\/02\/PORTADA-IB-WEB-800-x-550-px-7.png","width":800,"height":550},{"@type":"BreadcrumbList","@id":"https:\/\/iraurgiberritzen.eus\/es\/el-alumnado-de-izarraitz-lanbide-heziketa-ha-sido-premiado-por-sus-ideas-de-negocio-innovadores\/#breadcrumb","itemListElement":[{"@type":"ListItem","position":1,"name":"Home","item":"https:\/\/iraurgiberritzen.eus\/es\/"},{"@type":"ListItem","position":2,"name":"El alumnado de Izarraitz Lanbide Heziketa ha sido premiado por sus ideas de negocio innovadores"}]},{"@type":"WebSite","@id":"https:\/\/iraurgiberritzen.eus\/es\/#website","url":"https:\/\/iraurgiberritzen.eus\/es\/","name":"Iraurgi Berritzen","description":"Urola Erdiko Garapen Agentzia","publisher":{"@id":"https:\/\/iraurgiberritzen.eus\/es\/#organization"},"potentialAction":[{"@type":"SearchAction","target":{"@type":"EntryPoint","urlTemplate":"https:\/\/iraurgiberritzen.eus\/es\/?s={search_term_string}"},"query-input":{"@type":"PropertyValueSpecification","valueRequired":true,"valueName":"search_term_string"}}],"inLanguage":"es"},{"@type":"Organization","@id":"https:\/\/iraurgiberritzen.eus\/es\/#organization","name":"Iraurgi Berritzen","url":"https:\/\/iraurgiberritzen.eus\/es\/","logo":{"@type":"ImageObject","inLanguage":"es","@id":"https:\/\/iraurgiberritzen.eus\/es\/#\/schema\/logo\/image\/","url":"https:\/\/iraurgiberritzen.eus\/wp-content\/uploads\/2024\/02\/IRAURGI-BERRITZEN-logotipoa_2.png","contentUrl":"https:\/\/iraurgiberritzen.eus\/wp-content\/uploads\/2024\/02\/IRAURGI-BERRITZEN-logotipoa_2.png","width":496,"height":190,"caption":"Iraurgi Berritzen"},"image":{"@id":"https:\/\/iraurgiberritzen.eus\/es\/#\/schema\/logo\/image\/"}},{"@type":"Person","@id":"https:\/\/iraurgiberritzen.eus\/es\/#\/schema\/person\/a32c9825b3e2bfcbe757a97f6a15c8a5","name":"ainara"}]}},"_links":{"self":[{"href":"https:\/\/iraurgiberritzen.eus\/es\/wp-json\/wp\/v2\/posts\/18449","targetHints":{"allow":["GET"]}}],"collection":[{"href":"https:\/\/iraurgiberritzen.eus\/es\/wp-json\/wp\/v2\/posts"}],"about":[{"href":"https:\/\/iraurgiberritzen.eus\/es\/wp-json\/wp\/v2\/types\/post"}],"author":[{"embeddable":true,"href":"https:\/\/iraurgiberritzen.eus\/es\/wp-json\/wp\/v2\/users\/4"}],"replies":[{"embeddable":true,"href":"https:\/\/iraurgiberritzen.eus\/es\/wp-json\/wp\/v2\/comments?post=18449"}],"version-history":[{"count":1,"href":"https:\/\/iraurgiberritzen.eus\/es\/wp-json\/wp\/v2\/posts\/18449\/revisions"}],"predecessor-version":[{"id":18452,"href":"https:\/\/iraurgiberritzen.eus\/es\/wp-json\/wp\/v2\/posts\/18449\/revisions\/18452"}],"wp:featuredmedia":[{"embeddable":true,"href":"https:\/\/iraurgiberritzen.eus\/es\/wp-json\/wp\/v2\/media\/18448"}],"wp:attachment":[{"href":"https:\/\/iraurgiberritzen.eus\/es\/wp-json\/wp\/v2\/media?parent=18449"}],"wp:term":[{"taxonomy":"category","embeddable":true,"href":"https:\/\/iraurgiberritzen.eus\/es\/wp-json\/wp\/v2\/categories?post=18449"},{"taxonomy":"post_tag","embeddable":true,"href":"https:\/\/iraurgiberritzen.eus\/es\/wp-json\/wp\/v2\/tags?post=18449"}],"curies":[{"name":"wp","href":"https:\/\/api.w.org\/{rel}","templated":true}]}}