{"id":19048,"date":"2024-02-26T00:47:12","date_gmt":"2024-02-25T22:47:12","guid":{"rendered":"https:\/\/iraurgiberritzen.eus\/?p=19048"},"modified":"2024-02-26T00:47:12","modified_gmt":"2024-02-25T22:47:12","slug":"el-indice-de-desempleo-de-urola-erdia-estable-durante-el-ultimo-ano","status":"publish","type":"post","link":"https:\/\/iraurgiberritzen.eus\/es\/el-indice-de-desempleo-de-urola-erdia-estable-durante-el-ultimo-ano\/","title":{"rendered":"El \u00edndice de desempleo de Urola Erdia estable durante el \u00faltimo a\u00f1o"},"content":{"rendered":"<p>En Urola Medio, a finales de enero de 2024 seg\u00fan el Servicio Vasco de Empleo-Lanbide se han contabilizado 1.211 ciudadanos en situaci\u00f3n de desempleo. En enero el n\u00famero de parados ha seguido una tendencia al alza y se han contabilizado 24 parados m\u00e1s que en diciembre. Respecto a Enero del a\u00f1o pasado, en cambio, se contabiliza un parado menos en la comarca.<\/p>\n<p>Seg\u00fan las estimaciones de Iraurgi Berritzen, el \u00edndice de desempleo de Urola Erdia a finales de Enero se sit\u00faa en el 7,5%. Por el contrario, los \u00edndices de desempelo de Gipuzkoa y de la CAPV se sit\u00faan en el 8,3% y 10,1%, respectivamente, situ\u00e1ndose en ambos casos por encima del \u00edndice comarcal.<\/p>\n<p>Atendiendo al \u00edndice de desempleo comarcal por g\u00e9nero, el \u00edndice masculino es del 5,9% y el femenino del 9,2%. A finales de enero, el \u00edndice de desempleo de las mujeres de Urola Erdia es 3 puntos superior al de los hombres. En Gipuzkoa y en la CAPV tambi\u00e9n se observa una diferencia cercana a los 3 puntos entre ambos g\u00e9neros.<\/p>\n<p>Evoluci\u00f3n negativa en diferentes indicadores durante el \u00faltimo trimestre del a\u00f1o 2023<\/p>\n<p>Entre octubre y diciembre se observa una evoluci\u00f3n negativa en los diferentes indicadores del mercado laboral. Se pueden destacar, entre otros, los siguientes puntos:<\/p>\n<ul>\n<li>En Urola Erdia, finales de diciembre se han contabilizado 13.081 afiliados, 10 afiliados m\u00e1s que a finales de septiembre. En cambio, en comparaci\u00f3n con diciembre de 2022, en la comarca se contabilizaron 69 afiliados menos y, por tanto, un descenso del 0,5%. En cambio, en el mismo periodo la evoluci\u00f3n de Gipuzkoa y Euskadi ha sido positiva, registr\u00e1ndose crecimientos del 2,0% y 2,1%, respectivamente. A finales de a\u00f1o, el 77,5% de los afiliados se destina al r\u00e9gimen general. Por el contrario, en cuanto a los sectores econ\u00f3micos, el 42,8% de los afiliados de la comarca se destina a la industria, el doble que Gipuzkoa y la CAPV.<\/li>\n<li>En cuanto a la evoluci\u00f3n de los contratos, en el \u00faltimo trimestre del a\u00f1o se han contabilizado 937 contratos en Urola Erdia, un 28,0% menos que en el mismo trimestre del a\u00f1o anterior. El mayor n\u00famero de contratos se registra en los servicios y en la industria, con un 69,3% y un 25,7%, respectivamente. Asimismo, del total de contratos contabilizados en el trimestre, el 69,8% han sido temporales.<\/li>\n<li>En lo que se refiere a los Expedientes de Garant\u00eda de Ingresos (RGI), el n\u00famero de expedientes contabilizados en Urola Erdia sigue en l\u00ednea ascendente y a final de a\u00f1o se han contabilizado un total de 626 expedientes. En el \u00faltimo a\u00f1o, debido al incremento registrado sobre todo en el segundo semestre, se registra un crecimiento del 17,7% en la comarca.<\/li>\n<li>Para finalizar, la comarca contabiliza 5 Expedientes de Regulaci\u00f3n Temporal de Empleo (ERTE) vigentes a finales de diciembre. Estos expedientes afectan a un total de 203 trabajadores.<\/li>\n<\/ul>\n<p>Iraurgi Berritzen continuar\u00e1 en los pr\u00f3ximos meses analizando detenidamente los indicadores socioecon\u00f3micos de la comarca, con el objetivo de conocer en todo momento la evoluci\u00f3n del mercado de trabajo comarcal y adecuar las pol\u00edticas de promoci\u00f3n comarcal a las necesidades del momento.<\/p>\n<img loading=\"lazy\" decoding=\"async\" class=\" wp-image-19049 aligncenter\" src=\"https:\/\/iraurgiberritzen.eus\/wp-content\/uploads\/2024\/02\/LanMerkatua_2023-4H_ES-2-137x300.png\" alt=\"\" width=\"594\" height=\"1301\" srcset=\"https:\/\/iraurgiberritzen.eus\/wp-content\/uploads\/2024\/02\/LanMerkatua_2023-4H_ES-2-137x300.png 137w, https:\/\/iraurgiberritzen.eus\/wp-content\/uploads\/2024\/02\/LanMerkatua_2023-4H_ES-2-468x1024.png 468w, https:\/\/iraurgiberritzen.eus\/wp-content\/uploads\/2024\/02\/LanMerkatua_2023-4H_ES-2-702x1536.png 702w\" sizes=\"auto, (max-width: 594px) 100vw, 594px\" \/>\n<p>&nbsp;<\/p>\n<p>&nbsp;<\/p>\n","protected":false},"excerpt":{"rendered":"<p>En Urola Medio, a finales de enero de 2024 seg\u00fan el Servicio Vasco de Empleo-Lanbide se han contabilizado 1.211 ciudadanos en situaci\u00f3n de desempleo. En enero el n\u00famero de parados ha seguido una tendencia al alza y se han contabilizado 24 parados m\u00e1s que en diciembre. Respecto a Enero del a\u00f1o pasado, en cambio, se [&hellip;]<\/p>\n","protected":false},"author":4,"featured_media":19047,"comment_status":"closed","ping_status":"closed","sticky":false,"template":"","format":"standard","meta":{"_acf_changed":false,"footnotes":""},"categories":[4],"tags":[],"class_list":["post-19048","post","type-post","status-publish","format-standard","has-post-thumbnail","hentry","category-noticias","arloak-desarrollo-local"],"acf":[],"yoast_head":"<!-- This site is optimized with the Yoast SEO plugin v27.4 - https:\/\/yoast.com\/product\/yoast-seo-wordpress\/ -->\n<title>El \u00edndice de desempleo de Urola Erdia estable durante el \u00faltimo a\u00f1o - Iraurgi Berritzen<\/title>\n<meta name=\"robots\" content=\"index, follow, max-snippet:-1, max-image-preview:large, max-video-preview:-1\" \/>\n<link rel=\"canonical\" href=\"https:\/\/iraurgiberritzen.eus\/es\/el-indice-de-desempleo-de-urola-erdia-estable-durante-el-ultimo-ano\/\" \/>\n<meta property=\"og:locale\" content=\"es_ES\" \/>\n<meta property=\"og:type\" content=\"article\" \/>\n<meta property=\"og:title\" content=\"El \u00edndice de desempleo de Urola Erdia estable durante el \u00faltimo a\u00f1o - Iraurgi Berritzen\" \/>\n<meta property=\"og:description\" content=\"En Urola Medio, a finales de enero de 2024 seg\u00fan el Servicio Vasco de Empleo-Lanbide se han contabilizado 1.211 ciudadanos en situaci\u00f3n de desempleo. En enero el n\u00famero de parados ha seguido una tendencia al alza y se han contabilizado 24 parados m\u00e1s que en diciembre. Respecto a Enero del a\u00f1o pasado, en cambio, se [&hellip;]\" \/>\n<meta property=\"og:url\" content=\"https:\/\/iraurgiberritzen.eus\/es\/el-indice-de-desempleo-de-urola-erdia-estable-durante-el-ultimo-ano\/\" \/>\n<meta property=\"og:site_name\" content=\"Iraurgi Berritzen\" \/>\n<meta property=\"article:published_time\" content=\"2024-02-25T22:47:12+00:00\" \/>\n<meta property=\"og:image\" content=\"https:\/\/iraurgiberritzen.eus\/wp-content\/uploads\/2024\/02\/PORTADA-IB-WEB-800-x-550-px-12.png\" \/>\n\t<meta property=\"og:image:width\" content=\"800\" \/>\n\t<meta property=\"og:image:height\" content=\"550\" \/>\n\t<meta property=\"og:image:type\" content=\"image\/png\" \/>\n<meta name=\"author\" content=\"ainara\" \/>\n<meta name=\"twitter:card\" content=\"summary_large_image\" \/>\n<meta name=\"twitter:label1\" content=\"Escrito por\" \/>\n\t<meta name=\"twitter:data1\" content=\"ainara\" \/>\n\t<meta name=\"twitter:label2\" content=\"Tiempo de lectura\" \/>\n\t<meta name=\"twitter:data2\" content=\"4 minutos\" \/>\n<script type=\"application\/ld+json\" class=\"yoast-schema-graph\">{\"@context\":\"https:\\\/\\\/schema.org\",\"@graph\":[{\"@type\":\"Article\",\"@id\":\"https:\\\/\\\/iraurgiberritzen.eus\\\/es\\\/el-indice-de-desempleo-de-urola-erdia-estable-durante-el-ultimo-ano\\\/#article\",\"isPartOf\":{\"@id\":\"https:\\\/\\\/iraurgiberritzen.eus\\\/es\\\/el-indice-de-desempleo-de-urola-erdia-estable-durante-el-ultimo-ano\\\/\"},\"author\":{\"name\":\"ainara\",\"@id\":\"https:\\\/\\\/iraurgiberritzen.eus\\\/es\\\/#\\\/schema\\\/person\\\/a32c9825b3e2bfcbe757a97f6a15c8a5\"},\"headline\":\"El \u00edndice de desempleo de Urola Erdia estable durante el \u00faltimo a\u00f1o\",\"datePublished\":\"2024-02-25T22:47:12+00:00\",\"mainEntityOfPage\":{\"@id\":\"https:\\\/\\\/iraurgiberritzen.eus\\\/es\\\/el-indice-de-desempleo-de-urola-erdia-estable-durante-el-ultimo-ano\\\/\"},\"wordCount\":538,\"publisher\":{\"@id\":\"https:\\\/\\\/iraurgiberritzen.eus\\\/es\\\/#organization\"},\"image\":{\"@id\":\"https:\\\/\\\/iraurgiberritzen.eus\\\/es\\\/el-indice-de-desempleo-de-urola-erdia-estable-durante-el-ultimo-ano\\\/#primaryimage\"},\"thumbnailUrl\":\"https:\\\/\\\/iraurgiberritzen.eus\\\/wp-content\\\/uploads\\\/2024\\\/02\\\/PORTADA-IB-WEB-800-x-550-px-12.png\",\"articleSection\":[\"Noticias\"],\"inLanguage\":\"es\"},{\"@type\":\"WebPage\",\"@id\":\"https:\\\/\\\/iraurgiberritzen.eus\\\/es\\\/el-indice-de-desempleo-de-urola-erdia-estable-durante-el-ultimo-ano\\\/\",\"url\":\"https:\\\/\\\/iraurgiberritzen.eus\\\/es\\\/el-indice-de-desempleo-de-urola-erdia-estable-durante-el-ultimo-ano\\\/\",\"name\":\"El \u00edndice de desempleo de Urola Erdia estable durante el \u00faltimo a\u00f1o - Iraurgi Berritzen\",\"isPartOf\":{\"@id\":\"https:\\\/\\\/iraurgiberritzen.eus\\\/es\\\/#website\"},\"primaryImageOfPage\":{\"@id\":\"https:\\\/\\\/iraurgiberritzen.eus\\\/es\\\/el-indice-de-desempleo-de-urola-erdia-estable-durante-el-ultimo-ano\\\/#primaryimage\"},\"image\":{\"@id\":\"https:\\\/\\\/iraurgiberritzen.eus\\\/es\\\/el-indice-de-desempleo-de-urola-erdia-estable-durante-el-ultimo-ano\\\/#primaryimage\"},\"thumbnailUrl\":\"https:\\\/\\\/iraurgiberritzen.eus\\\/wp-content\\\/uploads\\\/2024\\\/02\\\/PORTADA-IB-WEB-800-x-550-px-12.png\",\"datePublished\":\"2024-02-25T22:47:12+00:00\",\"breadcrumb\":{\"@id\":\"https:\\\/\\\/iraurgiberritzen.eus\\\/es\\\/el-indice-de-desempleo-de-urola-erdia-estable-durante-el-ultimo-ano\\\/#breadcrumb\"},\"inLanguage\":\"es\",\"potentialAction\":[{\"@type\":\"ReadAction\",\"target\":[\"https:\\\/\\\/iraurgiberritzen.eus\\\/es\\\/el-indice-de-desempleo-de-urola-erdia-estable-durante-el-ultimo-ano\\\/\"]}]},{\"@type\":\"ImageObject\",\"inLanguage\":\"es\",\"@id\":\"https:\\\/\\\/iraurgiberritzen.eus\\\/es\\\/el-indice-de-desempleo-de-urola-erdia-estable-durante-el-ultimo-ano\\\/#primaryimage\",\"url\":\"https:\\\/\\\/iraurgiberritzen.eus\\\/wp-content\\\/uploads\\\/2024\\\/02\\\/PORTADA-IB-WEB-800-x-550-px-12.png\",\"contentUrl\":\"https:\\\/\\\/iraurgiberritzen.eus\\\/wp-content\\\/uploads\\\/2024\\\/02\\\/PORTADA-IB-WEB-800-x-550-px-12.png\",\"width\":800,\"height\":550},{\"@type\":\"BreadcrumbList\",\"@id\":\"https:\\\/\\\/iraurgiberritzen.eus\\\/es\\\/el-indice-de-desempleo-de-urola-erdia-estable-durante-el-ultimo-ano\\\/#breadcrumb\",\"itemListElement\":[{\"@type\":\"ListItem\",\"position\":1,\"name\":\"Home\",\"item\":\"https:\\\/\\\/iraurgiberritzen.eus\\\/es\\\/\"},{\"@type\":\"ListItem\",\"position\":2,\"name\":\"El \u00edndice de desempleo de Urola Erdia estable durante el \u00faltimo a\u00f1o\"}]},{\"@type\":\"WebSite\",\"@id\":\"https:\\\/\\\/iraurgiberritzen.eus\\\/es\\\/#website\",\"url\":\"https:\\\/\\\/iraurgiberritzen.eus\\\/es\\\/\",\"name\":\"Iraurgi Berritzen\",\"description\":\"Urola Erdiko Garapen Agentzia\",\"publisher\":{\"@id\":\"https:\\\/\\\/iraurgiberritzen.eus\\\/es\\\/#organization\"},\"potentialAction\":[{\"@type\":\"SearchAction\",\"target\":{\"@type\":\"EntryPoint\",\"urlTemplate\":\"https:\\\/\\\/iraurgiberritzen.eus\\\/es\\\/?s={search_term_string}\"},\"query-input\":{\"@type\":\"PropertyValueSpecification\",\"valueRequired\":true,\"valueName\":\"search_term_string\"}}],\"inLanguage\":\"es\"},{\"@type\":\"Organization\",\"@id\":\"https:\\\/\\\/iraurgiberritzen.eus\\\/es\\\/#organization\",\"name\":\"Iraurgi Berritzen\",\"url\":\"https:\\\/\\\/iraurgiberritzen.eus\\\/es\\\/\",\"logo\":{\"@type\":\"ImageObject\",\"inLanguage\":\"es\",\"@id\":\"https:\\\/\\\/iraurgiberritzen.eus\\\/es\\\/#\\\/schema\\\/logo\\\/image\\\/\",\"url\":\"https:\\\/\\\/iraurgiberritzen.eus\\\/wp-content\\\/uploads\\\/2024\\\/02\\\/IRAURGI-BERRITZEN-logotipoa_2.png\",\"contentUrl\":\"https:\\\/\\\/iraurgiberritzen.eus\\\/wp-content\\\/uploads\\\/2024\\\/02\\\/IRAURGI-BERRITZEN-logotipoa_2.png\",\"width\":496,\"height\":190,\"caption\":\"Iraurgi Berritzen\"},\"image\":{\"@id\":\"https:\\\/\\\/iraurgiberritzen.eus\\\/es\\\/#\\\/schema\\\/logo\\\/image\\\/\"}},{\"@type\":\"Person\",\"@id\":\"https:\\\/\\\/iraurgiberritzen.eus\\\/es\\\/#\\\/schema\\\/person\\\/a32c9825b3e2bfcbe757a97f6a15c8a5\",\"name\":\"ainara\"}]}<\/script>\n<!-- \/ Yoast SEO plugin. -->","yoast_head_json":{"title":"El \u00edndice de desempleo de Urola Erdia estable durante el \u00faltimo a\u00f1o - Iraurgi Berritzen","robots":{"index":"index","follow":"follow","max-snippet":"max-snippet:-1","max-image-preview":"max-image-preview:large","max-video-preview":"max-video-preview:-1"},"canonical":"https:\/\/iraurgiberritzen.eus\/es\/el-indice-de-desempleo-de-urola-erdia-estable-durante-el-ultimo-ano\/","og_locale":"es_ES","og_type":"article","og_title":"El \u00edndice de desempleo de Urola Erdia estable durante el \u00faltimo a\u00f1o - Iraurgi Berritzen","og_description":"En Urola Medio, a finales de enero de 2024 seg\u00fan el Servicio Vasco de Empleo-Lanbide se han contabilizado 1.211 ciudadanos en situaci\u00f3n de desempleo. En enero el n\u00famero de parados ha seguido una tendencia al alza y se han contabilizado 24 parados m\u00e1s que en diciembre. Respecto a Enero del a\u00f1o pasado, en cambio, se [&hellip;]","og_url":"https:\/\/iraurgiberritzen.eus\/es\/el-indice-de-desempleo-de-urola-erdia-estable-durante-el-ultimo-ano\/","og_site_name":"Iraurgi Berritzen","article_published_time":"2024-02-25T22:47:12+00:00","og_image":[{"width":800,"height":550,"url":"https:\/\/iraurgiberritzen.eus\/wp-content\/uploads\/2024\/02\/PORTADA-IB-WEB-800-x-550-px-12.png","type":"image\/png"}],"author":"ainara","twitter_card":"summary_large_image","twitter_misc":{"Escrito por":"ainara","Tiempo de lectura":"4 minutos"},"schema":{"@context":"https:\/\/schema.org","@graph":[{"@type":"Article","@id":"https:\/\/iraurgiberritzen.eus\/es\/el-indice-de-desempleo-de-urola-erdia-estable-durante-el-ultimo-ano\/#article","isPartOf":{"@id":"https:\/\/iraurgiberritzen.eus\/es\/el-indice-de-desempleo-de-urola-erdia-estable-durante-el-ultimo-ano\/"},"author":{"name":"ainara","@id":"https:\/\/iraurgiberritzen.eus\/es\/#\/schema\/person\/a32c9825b3e2bfcbe757a97f6a15c8a5"},"headline":"El \u00edndice de desempleo de Urola Erdia estable durante el \u00faltimo a\u00f1o","datePublished":"2024-02-25T22:47:12+00:00","mainEntityOfPage":{"@id":"https:\/\/iraurgiberritzen.eus\/es\/el-indice-de-desempleo-de-urola-erdia-estable-durante-el-ultimo-ano\/"},"wordCount":538,"publisher":{"@id":"https:\/\/iraurgiberritzen.eus\/es\/#organization"},"image":{"@id":"https:\/\/iraurgiberritzen.eus\/es\/el-indice-de-desempleo-de-urola-erdia-estable-durante-el-ultimo-ano\/#primaryimage"},"thumbnailUrl":"https:\/\/iraurgiberritzen.eus\/wp-content\/uploads\/2024\/02\/PORTADA-IB-WEB-800-x-550-px-12.png","articleSection":["Noticias"],"inLanguage":"es"},{"@type":"WebPage","@id":"https:\/\/iraurgiberritzen.eus\/es\/el-indice-de-desempleo-de-urola-erdia-estable-durante-el-ultimo-ano\/","url":"https:\/\/iraurgiberritzen.eus\/es\/el-indice-de-desempleo-de-urola-erdia-estable-durante-el-ultimo-ano\/","name":"El \u00edndice de desempleo de Urola Erdia estable durante el \u00faltimo a\u00f1o - Iraurgi Berritzen","isPartOf":{"@id":"https:\/\/iraurgiberritzen.eus\/es\/#website"},"primaryImageOfPage":{"@id":"https:\/\/iraurgiberritzen.eus\/es\/el-indice-de-desempleo-de-urola-erdia-estable-durante-el-ultimo-ano\/#primaryimage"},"image":{"@id":"https:\/\/iraurgiberritzen.eus\/es\/el-indice-de-desempleo-de-urola-erdia-estable-durante-el-ultimo-ano\/#primaryimage"},"thumbnailUrl":"https:\/\/iraurgiberritzen.eus\/wp-content\/uploads\/2024\/02\/PORTADA-IB-WEB-800-x-550-px-12.png","datePublished":"2024-02-25T22:47:12+00:00","breadcrumb":{"@id":"https:\/\/iraurgiberritzen.eus\/es\/el-indice-de-desempleo-de-urola-erdia-estable-durante-el-ultimo-ano\/#breadcrumb"},"inLanguage":"es","potentialAction":[{"@type":"ReadAction","target":["https:\/\/iraurgiberritzen.eus\/es\/el-indice-de-desempleo-de-urola-erdia-estable-durante-el-ultimo-ano\/"]}]},{"@type":"ImageObject","inLanguage":"es","@id":"https:\/\/iraurgiberritzen.eus\/es\/el-indice-de-desempleo-de-urola-erdia-estable-durante-el-ultimo-ano\/#primaryimage","url":"https:\/\/iraurgiberritzen.eus\/wp-content\/uploads\/2024\/02\/PORTADA-IB-WEB-800-x-550-px-12.png","contentUrl":"https:\/\/iraurgiberritzen.eus\/wp-content\/uploads\/2024\/02\/PORTADA-IB-WEB-800-x-550-px-12.png","width":800,"height":550},{"@type":"BreadcrumbList","@id":"https:\/\/iraurgiberritzen.eus\/es\/el-indice-de-desempleo-de-urola-erdia-estable-durante-el-ultimo-ano\/#breadcrumb","itemListElement":[{"@type":"ListItem","position":1,"name":"Home","item":"https:\/\/iraurgiberritzen.eus\/es\/"},{"@type":"ListItem","position":2,"name":"El \u00edndice de desempleo de Urola Erdia estable durante el \u00faltimo a\u00f1o"}]},{"@type":"WebSite","@id":"https:\/\/iraurgiberritzen.eus\/es\/#website","url":"https:\/\/iraurgiberritzen.eus\/es\/","name":"Iraurgi Berritzen","description":"Urola Erdiko Garapen Agentzia","publisher":{"@id":"https:\/\/iraurgiberritzen.eus\/es\/#organization"},"potentialAction":[{"@type":"SearchAction","target":{"@type":"EntryPoint","urlTemplate":"https:\/\/iraurgiberritzen.eus\/es\/?s={search_term_string}"},"query-input":{"@type":"PropertyValueSpecification","valueRequired":true,"valueName":"search_term_string"}}],"inLanguage":"es"},{"@type":"Organization","@id":"https:\/\/iraurgiberritzen.eus\/es\/#organization","name":"Iraurgi Berritzen","url":"https:\/\/iraurgiberritzen.eus\/es\/","logo":{"@type":"ImageObject","inLanguage":"es","@id":"https:\/\/iraurgiberritzen.eus\/es\/#\/schema\/logo\/image\/","url":"https:\/\/iraurgiberritzen.eus\/wp-content\/uploads\/2024\/02\/IRAURGI-BERRITZEN-logotipoa_2.png","contentUrl":"https:\/\/iraurgiberritzen.eus\/wp-content\/uploads\/2024\/02\/IRAURGI-BERRITZEN-logotipoa_2.png","width":496,"height":190,"caption":"Iraurgi Berritzen"},"image":{"@id":"https:\/\/iraurgiberritzen.eus\/es\/#\/schema\/logo\/image\/"}},{"@type":"Person","@id":"https:\/\/iraurgiberritzen.eus\/es\/#\/schema\/person\/a32c9825b3e2bfcbe757a97f6a15c8a5","name":"ainara"}]}},"_links":{"self":[{"href":"https:\/\/iraurgiberritzen.eus\/es\/wp-json\/wp\/v2\/posts\/19048","targetHints":{"allow":["GET"]}}],"collection":[{"href":"https:\/\/iraurgiberritzen.eus\/es\/wp-json\/wp\/v2\/posts"}],"about":[{"href":"https:\/\/iraurgiberritzen.eus\/es\/wp-json\/wp\/v2\/types\/post"}],"author":[{"embeddable":true,"href":"https:\/\/iraurgiberritzen.eus\/es\/wp-json\/wp\/v2\/users\/4"}],"replies":[{"embeddable":true,"href":"https:\/\/iraurgiberritzen.eus\/es\/wp-json\/wp\/v2\/comments?post=19048"}],"version-history":[{"count":1,"href":"https:\/\/iraurgiberritzen.eus\/es\/wp-json\/wp\/v2\/posts\/19048\/revisions"}],"predecessor-version":[{"id":19051,"href":"https:\/\/iraurgiberritzen.eus\/es\/wp-json\/wp\/v2\/posts\/19048\/revisions\/19051"}],"wp:featuredmedia":[{"embeddable":true,"href":"https:\/\/iraurgiberritzen.eus\/es\/wp-json\/wp\/v2\/media\/19047"}],"wp:attachment":[{"href":"https:\/\/iraurgiberritzen.eus\/es\/wp-json\/wp\/v2\/media?parent=19048"}],"wp:term":[{"taxonomy":"category","embeddable":true,"href":"https:\/\/iraurgiberritzen.eus\/es\/wp-json\/wp\/v2\/categories?post=19048"},{"taxonomy":"post_tag","embeddable":true,"href":"https:\/\/iraurgiberritzen.eus\/es\/wp-json\/wp\/v2\/tags?post=19048"}],"curies":[{"name":"wp","href":"https:\/\/api.w.org\/{rel}","templated":true}]}}