{"id":19257,"date":"2024-03-01T13:46:23","date_gmt":"2024-03-01T11:46:23","guid":{"rendered":"https:\/\/iraurgiberritzen.eus\/?p=19257"},"modified":"2024-03-05T13:54:36","modified_gmt":"2024-03-05T11:54:36","slug":"el-grupo-de-responsables-de-produccion-ha-definido-su-proposito-en-el-marco-ikasiz","status":"publish","type":"post","link":"https:\/\/iraurgiberritzen.eus\/es\/el-grupo-de-responsables-de-produccion-ha-definido-su-proposito-en-el-marco-ikasiz\/","title":{"rendered":"El Grupo de Responsables de Producci\u00f3n ha definido su prop\u00f3sito"},"content":{"rendered":"<p>Se han reunido <strong>12 Responsables de Producci\u00f3n<\/strong> de empresas de la comarca para debatir y trabajar conjuntamente sobre los temas que se van a tratar en el marco de trabajo del Programa IKASIZ: para qu\u00e9, en qu\u00e9 y c\u00f3mo.<\/p>\n<p>Entre los principales objetivos definidos:<\/p>\n<ul>\n<li>Crear espacios para conocerse y aprender unos de otros, compartiendo las experiencias que cada uno pueda tener en diferentes \u00e1mbitos.<\/li>\n<li>Compartir y realizar reflexiones colectivas en temas concretos sobre dificultades y retos que puedan ser comunes.<\/li>\n<li>Reflexionar con diferentes expertos sobre los retos de cara al futuro y visualizar oportunidades de mejora desde una perspectiva operativa.<\/li>\n<\/ul>\n<p>Entre las principales l\u00edneas de trabajo identificadas para trabajar conjuntamente destacan:<\/p>\n<ul>\n<li>Captura de datos.<\/li>\n<li>Optimizaci\u00f3n de procesos de fabricaci\u00f3n (Lean manufacturing, kanban&#8230;).<\/li>\n<li>IA (Impacto de la inteligencia artificial en los procesos de fabricaci\u00f3n).<\/li>\n<li>Gesti\u00f3n de equipos de trabajo (Liderazgo).<\/li>\n<li>Gesti\u00f3n de herramientas.<\/li>\n<li>Seguridad de las m\u00e1quinas, prevenci\u00f3n.<\/li>\n<\/ul>\n<p>A lo largo del a\u00f1o, el Grupo de Responsables de Producci\u00f3n ir\u00e1 trabajando en diferentes din\u00e1micas y enfoques, donde se priorizar\u00e1 el compartir experiencias reales seg\u00fan los temas acordados.<\/p>\n","protected":false},"excerpt":{"rendered":"<p>Se han reunido 12 Responsables de Producci\u00f3n de empresas de la comarca para debatir y trabajar conjuntamente sobre los temas que se van a tratar en el marco de trabajo del Programa IKASIZ: para qu\u00e9, en qu\u00e9 y c\u00f3mo. Entre los principales objetivos definidos: Crear espacios para conocerse y aprender unos de otros, compartiendo las [&hellip;]<\/p>\n","protected":false},"author":4,"featured_media":19255,"comment_status":"closed","ping_status":"closed","sticky":false,"template":"","format":"standard","meta":{"_acf_changed":false,"footnotes":""},"categories":[4],"tags":[],"class_list":["post-19257","post","type-post","status-publish","format-standard","has-post-thumbnail","hentry","category-noticias","arloak-enpresa"],"acf":[],"yoast_head":"<!-- This site is optimized with the Yoast SEO plugin v27.4 - https:\/\/yoast.com\/product\/yoast-seo-wordpress\/ -->\n<title>El Grupo de Responsables de Producci\u00f3n ha definido su prop\u00f3sito - Iraurgi Berritzen<\/title>\n<meta name=\"robots\" content=\"index, follow, max-snippet:-1, max-image-preview:large, max-video-preview:-1\" \/>\n<link rel=\"canonical\" href=\"https:\/\/iraurgiberritzen.eus\/es\/el-grupo-de-responsables-de-produccion-ha-definido-su-proposito-en-el-marco-ikasiz\/\" \/>\n<meta property=\"og:locale\" content=\"es_ES\" \/>\n<meta property=\"og:type\" content=\"article\" \/>\n<meta property=\"og:title\" content=\"El Grupo de Responsables de Producci\u00f3n ha definido su prop\u00f3sito - Iraurgi Berritzen\" \/>\n<meta property=\"og:description\" content=\"Se han reunido 12 Responsables de Producci\u00f3n de empresas de la comarca para debatir y trabajar conjuntamente sobre los temas que se van a tratar en el marco de trabajo del Programa IKASIZ: para qu\u00e9, en qu\u00e9 y c\u00f3mo. Entre los principales objetivos definidos: Crear espacios para conocerse y aprender unos de otros, compartiendo las [&hellip;]\" \/>\n<meta property=\"og:url\" content=\"https:\/\/iraurgiberritzen.eus\/es\/el-grupo-de-responsables-de-produccion-ha-definido-su-proposito-en-el-marco-ikasiz\/\" \/>\n<meta property=\"og:site_name\" content=\"Iraurgi Berritzen\" \/>\n<meta property=\"article:published_time\" content=\"2024-03-01T11:46:23+00:00\" \/>\n<meta property=\"article:modified_time\" content=\"2024-03-05T11:54:36+00:00\" \/>\n<meta property=\"og:image\" content=\"https:\/\/iraurgiberritzen.eus\/wp-content\/uploads\/2024\/03\/PORTADA-IB-WEB-800-x-550-px-16.png\" \/>\n\t<meta property=\"og:image:width\" content=\"800\" \/>\n\t<meta property=\"og:image:height\" content=\"550\" \/>\n\t<meta property=\"og:image:type\" content=\"image\/png\" \/>\n<meta name=\"author\" content=\"ainara\" \/>\n<meta name=\"twitter:card\" content=\"summary_large_image\" \/>\n<meta name=\"twitter:label1\" content=\"Escrito por\" \/>\n\t<meta name=\"twitter:data1\" content=\"ainara\" \/>\n\t<meta name=\"twitter:label2\" content=\"Tiempo de lectura\" \/>\n\t<meta name=\"twitter:data2\" content=\"2 minutos\" \/>\n<script type=\"application\/ld+json\" class=\"yoast-schema-graph\">{\"@context\":\"https:\\\/\\\/schema.org\",\"@graph\":[{\"@type\":\"Article\",\"@id\":\"https:\\\/\\\/iraurgiberritzen.eus\\\/es\\\/el-grupo-de-responsables-de-produccion-ha-definido-su-proposito-en-el-marco-ikasiz\\\/#article\",\"isPartOf\":{\"@id\":\"https:\\\/\\\/iraurgiberritzen.eus\\\/es\\\/el-grupo-de-responsables-de-produccion-ha-definido-su-proposito-en-el-marco-ikasiz\\\/\"},\"author\":{\"name\":\"ainara\",\"@id\":\"https:\\\/\\\/iraurgiberritzen.eus\\\/es\\\/#\\\/schema\\\/person\\\/a32c9825b3e2bfcbe757a97f6a15c8a5\"},\"headline\":\"El Grupo de Responsables de Producci\u00f3n ha definido su prop\u00f3sito\",\"datePublished\":\"2024-03-01T11:46:23+00:00\",\"dateModified\":\"2024-03-05T11:54:36+00:00\",\"mainEntityOfPage\":{\"@id\":\"https:\\\/\\\/iraurgiberritzen.eus\\\/es\\\/el-grupo-de-responsables-de-produccion-ha-definido-su-proposito-en-el-marco-ikasiz\\\/\"},\"wordCount\":201,\"publisher\":{\"@id\":\"https:\\\/\\\/iraurgiberritzen.eus\\\/es\\\/#organization\"},\"image\":{\"@id\":\"https:\\\/\\\/iraurgiberritzen.eus\\\/es\\\/el-grupo-de-responsables-de-produccion-ha-definido-su-proposito-en-el-marco-ikasiz\\\/#primaryimage\"},\"thumbnailUrl\":\"https:\\\/\\\/iraurgiberritzen.eus\\\/wp-content\\\/uploads\\\/2024\\\/03\\\/PORTADA-IB-WEB-800-x-550-px-16.png\",\"articleSection\":[\"Noticias\"],\"inLanguage\":\"es\"},{\"@type\":\"WebPage\",\"@id\":\"https:\\\/\\\/iraurgiberritzen.eus\\\/es\\\/el-grupo-de-responsables-de-produccion-ha-definido-su-proposito-en-el-marco-ikasiz\\\/\",\"url\":\"https:\\\/\\\/iraurgiberritzen.eus\\\/es\\\/el-grupo-de-responsables-de-produccion-ha-definido-su-proposito-en-el-marco-ikasiz\\\/\",\"name\":\"El Grupo de Responsables de Producci\u00f3n ha definido su prop\u00f3sito - Iraurgi Berritzen\",\"isPartOf\":{\"@id\":\"https:\\\/\\\/iraurgiberritzen.eus\\\/es\\\/#website\"},\"primaryImageOfPage\":{\"@id\":\"https:\\\/\\\/iraurgiberritzen.eus\\\/es\\\/el-grupo-de-responsables-de-produccion-ha-definido-su-proposito-en-el-marco-ikasiz\\\/#primaryimage\"},\"image\":{\"@id\":\"https:\\\/\\\/iraurgiberritzen.eus\\\/es\\\/el-grupo-de-responsables-de-produccion-ha-definido-su-proposito-en-el-marco-ikasiz\\\/#primaryimage\"},\"thumbnailUrl\":\"https:\\\/\\\/iraurgiberritzen.eus\\\/wp-content\\\/uploads\\\/2024\\\/03\\\/PORTADA-IB-WEB-800-x-550-px-16.png\",\"datePublished\":\"2024-03-01T11:46:23+00:00\",\"dateModified\":\"2024-03-05T11:54:36+00:00\",\"breadcrumb\":{\"@id\":\"https:\\\/\\\/iraurgiberritzen.eus\\\/es\\\/el-grupo-de-responsables-de-produccion-ha-definido-su-proposito-en-el-marco-ikasiz\\\/#breadcrumb\"},\"inLanguage\":\"es\",\"potentialAction\":[{\"@type\":\"ReadAction\",\"target\":[\"https:\\\/\\\/iraurgiberritzen.eus\\\/es\\\/el-grupo-de-responsables-de-produccion-ha-definido-su-proposito-en-el-marco-ikasiz\\\/\"]}]},{\"@type\":\"ImageObject\",\"inLanguage\":\"es\",\"@id\":\"https:\\\/\\\/iraurgiberritzen.eus\\\/es\\\/el-grupo-de-responsables-de-produccion-ha-definido-su-proposito-en-el-marco-ikasiz\\\/#primaryimage\",\"url\":\"https:\\\/\\\/iraurgiberritzen.eus\\\/wp-content\\\/uploads\\\/2024\\\/03\\\/PORTADA-IB-WEB-800-x-550-px-16.png\",\"contentUrl\":\"https:\\\/\\\/iraurgiberritzen.eus\\\/wp-content\\\/uploads\\\/2024\\\/03\\\/PORTADA-IB-WEB-800-x-550-px-16.png\",\"width\":800,\"height\":550},{\"@type\":\"BreadcrumbList\",\"@id\":\"https:\\\/\\\/iraurgiberritzen.eus\\\/es\\\/el-grupo-de-responsables-de-produccion-ha-definido-su-proposito-en-el-marco-ikasiz\\\/#breadcrumb\",\"itemListElement\":[{\"@type\":\"ListItem\",\"position\":1,\"name\":\"Home\",\"item\":\"https:\\\/\\\/iraurgiberritzen.eus\\\/es\\\/\"},{\"@type\":\"ListItem\",\"position\":2,\"name\":\"El Grupo de Responsables de Producci\u00f3n ha definido su prop\u00f3sito\"}]},{\"@type\":\"WebSite\",\"@id\":\"https:\\\/\\\/iraurgiberritzen.eus\\\/es\\\/#website\",\"url\":\"https:\\\/\\\/iraurgiberritzen.eus\\\/es\\\/\",\"name\":\"Iraurgi Berritzen\",\"description\":\"Urola Erdiko Garapen Agentzia\",\"publisher\":{\"@id\":\"https:\\\/\\\/iraurgiberritzen.eus\\\/es\\\/#organization\"},\"potentialAction\":[{\"@type\":\"SearchAction\",\"target\":{\"@type\":\"EntryPoint\",\"urlTemplate\":\"https:\\\/\\\/iraurgiberritzen.eus\\\/es\\\/?s={search_term_string}\"},\"query-input\":{\"@type\":\"PropertyValueSpecification\",\"valueRequired\":true,\"valueName\":\"search_term_string\"}}],\"inLanguage\":\"es\"},{\"@type\":\"Organization\",\"@id\":\"https:\\\/\\\/iraurgiberritzen.eus\\\/es\\\/#organization\",\"name\":\"Iraurgi Berritzen\",\"url\":\"https:\\\/\\\/iraurgiberritzen.eus\\\/es\\\/\",\"logo\":{\"@type\":\"ImageObject\",\"inLanguage\":\"es\",\"@id\":\"https:\\\/\\\/iraurgiberritzen.eus\\\/es\\\/#\\\/schema\\\/logo\\\/image\\\/\",\"url\":\"https:\\\/\\\/iraurgiberritzen.eus\\\/wp-content\\\/uploads\\\/2024\\\/02\\\/IRAURGI-BERRITZEN-logotipoa_2.png\",\"contentUrl\":\"https:\\\/\\\/iraurgiberritzen.eus\\\/wp-content\\\/uploads\\\/2024\\\/02\\\/IRAURGI-BERRITZEN-logotipoa_2.png\",\"width\":496,\"height\":190,\"caption\":\"Iraurgi Berritzen\"},\"image\":{\"@id\":\"https:\\\/\\\/iraurgiberritzen.eus\\\/es\\\/#\\\/schema\\\/logo\\\/image\\\/\"}},{\"@type\":\"Person\",\"@id\":\"https:\\\/\\\/iraurgiberritzen.eus\\\/es\\\/#\\\/schema\\\/person\\\/a32c9825b3e2bfcbe757a97f6a15c8a5\",\"name\":\"ainara\"}]}<\/script>\n<!-- \/ Yoast SEO plugin. -->","yoast_head_json":{"title":"El Grupo de Responsables de Producci\u00f3n ha definido su prop\u00f3sito - Iraurgi Berritzen","robots":{"index":"index","follow":"follow","max-snippet":"max-snippet:-1","max-image-preview":"max-image-preview:large","max-video-preview":"max-video-preview:-1"},"canonical":"https:\/\/iraurgiberritzen.eus\/es\/el-grupo-de-responsables-de-produccion-ha-definido-su-proposito-en-el-marco-ikasiz\/","og_locale":"es_ES","og_type":"article","og_title":"El Grupo de Responsables de Producci\u00f3n ha definido su prop\u00f3sito - Iraurgi Berritzen","og_description":"Se han reunido 12 Responsables de Producci\u00f3n de empresas de la comarca para debatir y trabajar conjuntamente sobre los temas que se van a tratar en el marco de trabajo del Programa IKASIZ: para qu\u00e9, en qu\u00e9 y c\u00f3mo. Entre los principales objetivos definidos: Crear espacios para conocerse y aprender unos de otros, compartiendo las [&hellip;]","og_url":"https:\/\/iraurgiberritzen.eus\/es\/el-grupo-de-responsables-de-produccion-ha-definido-su-proposito-en-el-marco-ikasiz\/","og_site_name":"Iraurgi Berritzen","article_published_time":"2024-03-01T11:46:23+00:00","article_modified_time":"2024-03-05T11:54:36+00:00","og_image":[{"width":800,"height":550,"url":"https:\/\/iraurgiberritzen.eus\/wp-content\/uploads\/2024\/03\/PORTADA-IB-WEB-800-x-550-px-16.png","type":"image\/png"}],"author":"ainara","twitter_card":"summary_large_image","twitter_misc":{"Escrito por":"ainara","Tiempo de lectura":"2 minutos"},"schema":{"@context":"https:\/\/schema.org","@graph":[{"@type":"Article","@id":"https:\/\/iraurgiberritzen.eus\/es\/el-grupo-de-responsables-de-produccion-ha-definido-su-proposito-en-el-marco-ikasiz\/#article","isPartOf":{"@id":"https:\/\/iraurgiberritzen.eus\/es\/el-grupo-de-responsables-de-produccion-ha-definido-su-proposito-en-el-marco-ikasiz\/"},"author":{"name":"ainara","@id":"https:\/\/iraurgiberritzen.eus\/es\/#\/schema\/person\/a32c9825b3e2bfcbe757a97f6a15c8a5"},"headline":"El Grupo de Responsables de Producci\u00f3n ha definido su prop\u00f3sito","datePublished":"2024-03-01T11:46:23+00:00","dateModified":"2024-03-05T11:54:36+00:00","mainEntityOfPage":{"@id":"https:\/\/iraurgiberritzen.eus\/es\/el-grupo-de-responsables-de-produccion-ha-definido-su-proposito-en-el-marco-ikasiz\/"},"wordCount":201,"publisher":{"@id":"https:\/\/iraurgiberritzen.eus\/es\/#organization"},"image":{"@id":"https:\/\/iraurgiberritzen.eus\/es\/el-grupo-de-responsables-de-produccion-ha-definido-su-proposito-en-el-marco-ikasiz\/#primaryimage"},"thumbnailUrl":"https:\/\/iraurgiberritzen.eus\/wp-content\/uploads\/2024\/03\/PORTADA-IB-WEB-800-x-550-px-16.png","articleSection":["Noticias"],"inLanguage":"es"},{"@type":"WebPage","@id":"https:\/\/iraurgiberritzen.eus\/es\/el-grupo-de-responsables-de-produccion-ha-definido-su-proposito-en-el-marco-ikasiz\/","url":"https:\/\/iraurgiberritzen.eus\/es\/el-grupo-de-responsables-de-produccion-ha-definido-su-proposito-en-el-marco-ikasiz\/","name":"El Grupo de Responsables de Producci\u00f3n ha definido su prop\u00f3sito - Iraurgi Berritzen","isPartOf":{"@id":"https:\/\/iraurgiberritzen.eus\/es\/#website"},"primaryImageOfPage":{"@id":"https:\/\/iraurgiberritzen.eus\/es\/el-grupo-de-responsables-de-produccion-ha-definido-su-proposito-en-el-marco-ikasiz\/#primaryimage"},"image":{"@id":"https:\/\/iraurgiberritzen.eus\/es\/el-grupo-de-responsables-de-produccion-ha-definido-su-proposito-en-el-marco-ikasiz\/#primaryimage"},"thumbnailUrl":"https:\/\/iraurgiberritzen.eus\/wp-content\/uploads\/2024\/03\/PORTADA-IB-WEB-800-x-550-px-16.png","datePublished":"2024-03-01T11:46:23+00:00","dateModified":"2024-03-05T11:54:36+00:00","breadcrumb":{"@id":"https:\/\/iraurgiberritzen.eus\/es\/el-grupo-de-responsables-de-produccion-ha-definido-su-proposito-en-el-marco-ikasiz\/#breadcrumb"},"inLanguage":"es","potentialAction":[{"@type":"ReadAction","target":["https:\/\/iraurgiberritzen.eus\/es\/el-grupo-de-responsables-de-produccion-ha-definido-su-proposito-en-el-marco-ikasiz\/"]}]},{"@type":"ImageObject","inLanguage":"es","@id":"https:\/\/iraurgiberritzen.eus\/es\/el-grupo-de-responsables-de-produccion-ha-definido-su-proposito-en-el-marco-ikasiz\/#primaryimage","url":"https:\/\/iraurgiberritzen.eus\/wp-content\/uploads\/2024\/03\/PORTADA-IB-WEB-800-x-550-px-16.png","contentUrl":"https:\/\/iraurgiberritzen.eus\/wp-content\/uploads\/2024\/03\/PORTADA-IB-WEB-800-x-550-px-16.png","width":800,"height":550},{"@type":"BreadcrumbList","@id":"https:\/\/iraurgiberritzen.eus\/es\/el-grupo-de-responsables-de-produccion-ha-definido-su-proposito-en-el-marco-ikasiz\/#breadcrumb","itemListElement":[{"@type":"ListItem","position":1,"name":"Home","item":"https:\/\/iraurgiberritzen.eus\/es\/"},{"@type":"ListItem","position":2,"name":"El Grupo de Responsables de Producci\u00f3n ha definido su prop\u00f3sito"}]},{"@type":"WebSite","@id":"https:\/\/iraurgiberritzen.eus\/es\/#website","url":"https:\/\/iraurgiberritzen.eus\/es\/","name":"Iraurgi Berritzen","description":"Urola Erdiko Garapen Agentzia","publisher":{"@id":"https:\/\/iraurgiberritzen.eus\/es\/#organization"},"potentialAction":[{"@type":"SearchAction","target":{"@type":"EntryPoint","urlTemplate":"https:\/\/iraurgiberritzen.eus\/es\/?s={search_term_string}"},"query-input":{"@type":"PropertyValueSpecification","valueRequired":true,"valueName":"search_term_string"}}],"inLanguage":"es"},{"@type":"Organization","@id":"https:\/\/iraurgiberritzen.eus\/es\/#organization","name":"Iraurgi Berritzen","url":"https:\/\/iraurgiberritzen.eus\/es\/","logo":{"@type":"ImageObject","inLanguage":"es","@id":"https:\/\/iraurgiberritzen.eus\/es\/#\/schema\/logo\/image\/","url":"https:\/\/iraurgiberritzen.eus\/wp-content\/uploads\/2024\/02\/IRAURGI-BERRITZEN-logotipoa_2.png","contentUrl":"https:\/\/iraurgiberritzen.eus\/wp-content\/uploads\/2024\/02\/IRAURGI-BERRITZEN-logotipoa_2.png","width":496,"height":190,"caption":"Iraurgi Berritzen"},"image":{"@id":"https:\/\/iraurgiberritzen.eus\/es\/#\/schema\/logo\/image\/"}},{"@type":"Person","@id":"https:\/\/iraurgiberritzen.eus\/es\/#\/schema\/person\/a32c9825b3e2bfcbe757a97f6a15c8a5","name":"ainara"}]}},"_links":{"self":[{"href":"https:\/\/iraurgiberritzen.eus\/es\/wp-json\/wp\/v2\/posts\/19257","targetHints":{"allow":["GET"]}}],"collection":[{"href":"https:\/\/iraurgiberritzen.eus\/es\/wp-json\/wp\/v2\/posts"}],"about":[{"href":"https:\/\/iraurgiberritzen.eus\/es\/wp-json\/wp\/v2\/types\/post"}],"author":[{"embeddable":true,"href":"https:\/\/iraurgiberritzen.eus\/es\/wp-json\/wp\/v2\/users\/4"}],"replies":[{"embeddable":true,"href":"https:\/\/iraurgiberritzen.eus\/es\/wp-json\/wp\/v2\/comments?post=19257"}],"version-history":[{"count":6,"href":"https:\/\/iraurgiberritzen.eus\/es\/wp-json\/wp\/v2\/posts\/19257\/revisions"}],"predecessor-version":[{"id":19351,"href":"https:\/\/iraurgiberritzen.eus\/es\/wp-json\/wp\/v2\/posts\/19257\/revisions\/19351"}],"wp:featuredmedia":[{"embeddable":true,"href":"https:\/\/iraurgiberritzen.eus\/es\/wp-json\/wp\/v2\/media\/19255"}],"wp:attachment":[{"href":"https:\/\/iraurgiberritzen.eus\/es\/wp-json\/wp\/v2\/media?parent=19257"}],"wp:term":[{"taxonomy":"category","embeddable":true,"href":"https:\/\/iraurgiberritzen.eus\/es\/wp-json\/wp\/v2\/categories?post=19257"},{"taxonomy":"post_tag","embeddable":true,"href":"https:\/\/iraurgiberritzen.eus\/es\/wp-json\/wp\/v2\/tags?post=19257"}],"curies":[{"name":"wp","href":"https:\/\/api.w.org\/{rel}","templated":true}]}}