{"id":19274,"date":"2024-03-04T07:00:39","date_gmt":"2024-03-04T05:00:39","guid":{"rendered":"https:\/\/iraurgiberritzen.eus\/?p=19274"},"modified":"2024-03-04T10:25:58","modified_gmt":"2024-03-04T08:25:58","slug":"la-fotografa-y-emprendedora-ane-bastida-ha-compartido-su-experiencia-con-el-alumnado-de-ikasberri","status":"publish","type":"post","link":"https:\/\/iraurgiberritzen.eus\/es\/la-fotografa-y-emprendedora-ane-bastida-ha-compartido-su-experiencia-con-el-alumnado-de-ikasberri\/","title":{"rendered":"El alumnado de Ikasberri conoce la experiencia de la fot\u00f3grafa y emprendedora Ane Bastida"},"content":{"rendered":"<p>El centro educativo Ikasberri ha trabajado el proyecto Izan ekintzaile! que tiene como objetivo fomentar el emprendimiento entre el alumnado. El proyecto tiene dos objetivos principales, por un lado, acercar al alumnado la realidad socioecon\u00f3mica de la comarca y sensibilizar sobre la importancia de la actividad emprendedora en la misma, y, por otro lado, conocer de cerca las vivencias de las personas emprendedoras y trabajar las competencias necesarias.<\/p>\n<p>A lo largo del curso se han llevado a cabo dos sesiones. En la primera sesi\u00f3n, el alumnado ha conocido la actividad emprendedora de la comarca y han visto el impacto que tienen los retos y las tendencias del futuro en el emprendimiento.<\/p>\n<p>En la segunda sesi\u00f3n, han recibido la visita de la fot\u00f3grafa y emprendedora Ane Bastida. En la primera parte de la sesi\u00f3n, la emprendedora ha compartido su trayectoria profesional y su experiencia personal. Y en la segunda parte, el alumnado ha presentado sus proyectos de emprendimiento. Durante el curso han ido desarrollando sus ideas de negocio, analizando la viabilidad y reflexionando sobre c\u00f3mo pueden dar respuesta a los retos del futuro. En general, el alumnado ha realizado una valoraci\u00f3n muy positiva de las dos sesiones.<\/p>\n<p>&nbsp;<\/p>\n","protected":false},"excerpt":{"rendered":"<p>El centro educativo Ikasberri ha trabajado el proyecto Izan ekintzaile! que tiene como objetivo fomentar el emprendimiento entre el alumnado. El proyecto tiene dos objetivos principales, por un lado, acercar al alumnado la realidad socioecon\u00f3mica de la comarca y sensibilizar sobre la importancia de la actividad emprendedora en la misma, y, por otro lado, conocer [&hellip;]<\/p>\n","protected":false},"author":4,"featured_media":19272,"comment_status":"closed","ping_status":"closed","sticky":false,"template":"","format":"standard","meta":{"_acf_changed":false,"footnotes":""},"categories":[4],"tags":[],"class_list":["post-19274","post","type-post","status-publish","format-standard","has-post-thumbnail","hentry","category-noticias","arloak-educacion","arloak-emprendimiento","arloak-se-emprendedor"],"acf":[],"yoast_head":"<!-- This site is optimized with the Yoast SEO plugin v27.4 - https:\/\/yoast.com\/product\/yoast-seo-wordpress\/ -->\n<title>El alumnado de Ikasberri conoce la experiencia de la fot\u00f3grafa y emprendedora Ane Bastida - Iraurgi Berritzen<\/title>\n<meta name=\"robots\" content=\"index, follow, max-snippet:-1, max-image-preview:large, max-video-preview:-1\" \/>\n<link rel=\"canonical\" href=\"https:\/\/iraurgiberritzen.eus\/es\/la-fotografa-y-emprendedora-ane-bastida-ha-compartido-su-experiencia-con-el-alumnado-de-ikasberri\/\" \/>\n<meta property=\"og:locale\" content=\"es_ES\" \/>\n<meta property=\"og:type\" content=\"article\" \/>\n<meta property=\"og:title\" content=\"El alumnado de Ikasberri conoce la experiencia de la fot\u00f3grafa y emprendedora Ane Bastida - Iraurgi Berritzen\" \/>\n<meta property=\"og:description\" content=\"El centro educativo Ikasberri ha trabajado el proyecto Izan ekintzaile! que tiene como objetivo fomentar el emprendimiento entre el alumnado. El proyecto tiene dos objetivos principales, por un lado, acercar al alumnado la realidad socioecon\u00f3mica de la comarca y sensibilizar sobre la importancia de la actividad emprendedora en la misma, y, por otro lado, conocer [&hellip;]\" \/>\n<meta property=\"og:url\" content=\"https:\/\/iraurgiberritzen.eus\/es\/la-fotografa-y-emprendedora-ane-bastida-ha-compartido-su-experiencia-con-el-alumnado-de-ikasberri\/\" \/>\n<meta property=\"og:site_name\" content=\"Iraurgi Berritzen\" \/>\n<meta property=\"article:published_time\" content=\"2024-03-04T05:00:39+00:00\" \/>\n<meta property=\"article:modified_time\" content=\"2024-03-04T08:25:58+00:00\" \/>\n<meta property=\"og:image\" content=\"https:\/\/iraurgiberritzen.eus\/wp-content\/uploads\/2024\/03\/PORTADA-IB-WEB-800-x-550-px-17.png\" \/>\n\t<meta property=\"og:image:width\" content=\"800\" \/>\n\t<meta property=\"og:image:height\" content=\"550\" \/>\n\t<meta property=\"og:image:type\" content=\"image\/png\" \/>\n<meta name=\"author\" content=\"ainara\" \/>\n<meta name=\"twitter:card\" content=\"summary_large_image\" \/>\n<meta name=\"twitter:label1\" content=\"Escrito por\" \/>\n\t<meta name=\"twitter:data1\" content=\"ainara\" \/>\n\t<meta name=\"twitter:label2\" content=\"Tiempo de lectura\" \/>\n\t<meta name=\"twitter:data2\" content=\"2 minutos\" \/>\n<script type=\"application\/ld+json\" class=\"yoast-schema-graph\">{\"@context\":\"https:\\\/\\\/schema.org\",\"@graph\":[{\"@type\":\"Article\",\"@id\":\"https:\\\/\\\/iraurgiberritzen.eus\\\/es\\\/la-fotografa-y-emprendedora-ane-bastida-ha-compartido-su-experiencia-con-el-alumnado-de-ikasberri\\\/#article\",\"isPartOf\":{\"@id\":\"https:\\\/\\\/iraurgiberritzen.eus\\\/es\\\/la-fotografa-y-emprendedora-ane-bastida-ha-compartido-su-experiencia-con-el-alumnado-de-ikasberri\\\/\"},\"author\":{\"name\":\"ainara\",\"@id\":\"https:\\\/\\\/iraurgiberritzen.eus\\\/es\\\/#\\\/schema\\\/person\\\/a32c9825b3e2bfcbe757a97f6a15c8a5\"},\"headline\":\"El alumnado de Ikasberri conoce la experiencia de la fot\u00f3grafa y emprendedora Ane Bastida\",\"datePublished\":\"2024-03-04T05:00:39+00:00\",\"dateModified\":\"2024-03-04T08:25:58+00:00\",\"mainEntityOfPage\":{\"@id\":\"https:\\\/\\\/iraurgiberritzen.eus\\\/es\\\/la-fotografa-y-emprendedora-ane-bastida-ha-compartido-su-experiencia-con-el-alumnado-de-ikasberri\\\/\"},\"wordCount\":219,\"publisher\":{\"@id\":\"https:\\\/\\\/iraurgiberritzen.eus\\\/es\\\/#organization\"},\"image\":{\"@id\":\"https:\\\/\\\/iraurgiberritzen.eus\\\/es\\\/la-fotografa-y-emprendedora-ane-bastida-ha-compartido-su-experiencia-con-el-alumnado-de-ikasberri\\\/#primaryimage\"},\"thumbnailUrl\":\"https:\\\/\\\/iraurgiberritzen.eus\\\/wp-content\\\/uploads\\\/2024\\\/03\\\/PORTADA-IB-WEB-800-x-550-px-17.png\",\"articleSection\":[\"Noticias\"],\"inLanguage\":\"es\"},{\"@type\":\"WebPage\",\"@id\":\"https:\\\/\\\/iraurgiberritzen.eus\\\/es\\\/la-fotografa-y-emprendedora-ane-bastida-ha-compartido-su-experiencia-con-el-alumnado-de-ikasberri\\\/\",\"url\":\"https:\\\/\\\/iraurgiberritzen.eus\\\/es\\\/la-fotografa-y-emprendedora-ane-bastida-ha-compartido-su-experiencia-con-el-alumnado-de-ikasberri\\\/\",\"name\":\"El alumnado de Ikasberri conoce la experiencia de la fot\u00f3grafa y emprendedora Ane Bastida - Iraurgi Berritzen\",\"isPartOf\":{\"@id\":\"https:\\\/\\\/iraurgiberritzen.eus\\\/es\\\/#website\"},\"primaryImageOfPage\":{\"@id\":\"https:\\\/\\\/iraurgiberritzen.eus\\\/es\\\/la-fotografa-y-emprendedora-ane-bastida-ha-compartido-su-experiencia-con-el-alumnado-de-ikasberri\\\/#primaryimage\"},\"image\":{\"@id\":\"https:\\\/\\\/iraurgiberritzen.eus\\\/es\\\/la-fotografa-y-emprendedora-ane-bastida-ha-compartido-su-experiencia-con-el-alumnado-de-ikasberri\\\/#primaryimage\"},\"thumbnailUrl\":\"https:\\\/\\\/iraurgiberritzen.eus\\\/wp-content\\\/uploads\\\/2024\\\/03\\\/PORTADA-IB-WEB-800-x-550-px-17.png\",\"datePublished\":\"2024-03-04T05:00:39+00:00\",\"dateModified\":\"2024-03-04T08:25:58+00:00\",\"breadcrumb\":{\"@id\":\"https:\\\/\\\/iraurgiberritzen.eus\\\/es\\\/la-fotografa-y-emprendedora-ane-bastida-ha-compartido-su-experiencia-con-el-alumnado-de-ikasberri\\\/#breadcrumb\"},\"inLanguage\":\"es\",\"potentialAction\":[{\"@type\":\"ReadAction\",\"target\":[\"https:\\\/\\\/iraurgiberritzen.eus\\\/es\\\/la-fotografa-y-emprendedora-ane-bastida-ha-compartido-su-experiencia-con-el-alumnado-de-ikasberri\\\/\"]}]},{\"@type\":\"ImageObject\",\"inLanguage\":\"es\",\"@id\":\"https:\\\/\\\/iraurgiberritzen.eus\\\/es\\\/la-fotografa-y-emprendedora-ane-bastida-ha-compartido-su-experiencia-con-el-alumnado-de-ikasberri\\\/#primaryimage\",\"url\":\"https:\\\/\\\/iraurgiberritzen.eus\\\/wp-content\\\/uploads\\\/2024\\\/03\\\/PORTADA-IB-WEB-800-x-550-px-17.png\",\"contentUrl\":\"https:\\\/\\\/iraurgiberritzen.eus\\\/wp-content\\\/uploads\\\/2024\\\/03\\\/PORTADA-IB-WEB-800-x-550-px-17.png\",\"width\":800,\"height\":550},{\"@type\":\"BreadcrumbList\",\"@id\":\"https:\\\/\\\/iraurgiberritzen.eus\\\/es\\\/la-fotografa-y-emprendedora-ane-bastida-ha-compartido-su-experiencia-con-el-alumnado-de-ikasberri\\\/#breadcrumb\",\"itemListElement\":[{\"@type\":\"ListItem\",\"position\":1,\"name\":\"Home\",\"item\":\"https:\\\/\\\/iraurgiberritzen.eus\\\/es\\\/\"},{\"@type\":\"ListItem\",\"position\":2,\"name\":\"El alumnado de Ikasberri conoce la experiencia de la fot\u00f3grafa y emprendedora Ane Bastida\"}]},{\"@type\":\"WebSite\",\"@id\":\"https:\\\/\\\/iraurgiberritzen.eus\\\/es\\\/#website\",\"url\":\"https:\\\/\\\/iraurgiberritzen.eus\\\/es\\\/\",\"name\":\"Iraurgi Berritzen\",\"description\":\"Urola Erdiko Garapen Agentzia\",\"publisher\":{\"@id\":\"https:\\\/\\\/iraurgiberritzen.eus\\\/es\\\/#organization\"},\"potentialAction\":[{\"@type\":\"SearchAction\",\"target\":{\"@type\":\"EntryPoint\",\"urlTemplate\":\"https:\\\/\\\/iraurgiberritzen.eus\\\/es\\\/?s={search_term_string}\"},\"query-input\":{\"@type\":\"PropertyValueSpecification\",\"valueRequired\":true,\"valueName\":\"search_term_string\"}}],\"inLanguage\":\"es\"},{\"@type\":\"Organization\",\"@id\":\"https:\\\/\\\/iraurgiberritzen.eus\\\/es\\\/#organization\",\"name\":\"Iraurgi Berritzen\",\"url\":\"https:\\\/\\\/iraurgiberritzen.eus\\\/es\\\/\",\"logo\":{\"@type\":\"ImageObject\",\"inLanguage\":\"es\",\"@id\":\"https:\\\/\\\/iraurgiberritzen.eus\\\/es\\\/#\\\/schema\\\/logo\\\/image\\\/\",\"url\":\"https:\\\/\\\/iraurgiberritzen.eus\\\/wp-content\\\/uploads\\\/2024\\\/02\\\/IRAURGI-BERRITZEN-logotipoa_2.png\",\"contentUrl\":\"https:\\\/\\\/iraurgiberritzen.eus\\\/wp-content\\\/uploads\\\/2024\\\/02\\\/IRAURGI-BERRITZEN-logotipoa_2.png\",\"width\":496,\"height\":190,\"caption\":\"Iraurgi Berritzen\"},\"image\":{\"@id\":\"https:\\\/\\\/iraurgiberritzen.eus\\\/es\\\/#\\\/schema\\\/logo\\\/image\\\/\"}},{\"@type\":\"Person\",\"@id\":\"https:\\\/\\\/iraurgiberritzen.eus\\\/es\\\/#\\\/schema\\\/person\\\/a32c9825b3e2bfcbe757a97f6a15c8a5\",\"name\":\"ainara\"}]}<\/script>\n<!-- \/ Yoast SEO plugin. -->","yoast_head_json":{"title":"El alumnado de Ikasberri conoce la experiencia de la fot\u00f3grafa y emprendedora Ane Bastida - Iraurgi Berritzen","robots":{"index":"index","follow":"follow","max-snippet":"max-snippet:-1","max-image-preview":"max-image-preview:large","max-video-preview":"max-video-preview:-1"},"canonical":"https:\/\/iraurgiberritzen.eus\/es\/la-fotografa-y-emprendedora-ane-bastida-ha-compartido-su-experiencia-con-el-alumnado-de-ikasberri\/","og_locale":"es_ES","og_type":"article","og_title":"El alumnado de Ikasberri conoce la experiencia de la fot\u00f3grafa y emprendedora Ane Bastida - Iraurgi Berritzen","og_description":"El centro educativo Ikasberri ha trabajado el proyecto Izan ekintzaile! que tiene como objetivo fomentar el emprendimiento entre el alumnado. El proyecto tiene dos objetivos principales, por un lado, acercar al alumnado la realidad socioecon\u00f3mica de la comarca y sensibilizar sobre la importancia de la actividad emprendedora en la misma, y, por otro lado, conocer [&hellip;]","og_url":"https:\/\/iraurgiberritzen.eus\/es\/la-fotografa-y-emprendedora-ane-bastida-ha-compartido-su-experiencia-con-el-alumnado-de-ikasberri\/","og_site_name":"Iraurgi Berritzen","article_published_time":"2024-03-04T05:00:39+00:00","article_modified_time":"2024-03-04T08:25:58+00:00","og_image":[{"width":800,"height":550,"url":"https:\/\/iraurgiberritzen.eus\/wp-content\/uploads\/2024\/03\/PORTADA-IB-WEB-800-x-550-px-17.png","type":"image\/png"}],"author":"ainara","twitter_card":"summary_large_image","twitter_misc":{"Escrito por":"ainara","Tiempo de lectura":"2 minutos"},"schema":{"@context":"https:\/\/schema.org","@graph":[{"@type":"Article","@id":"https:\/\/iraurgiberritzen.eus\/es\/la-fotografa-y-emprendedora-ane-bastida-ha-compartido-su-experiencia-con-el-alumnado-de-ikasberri\/#article","isPartOf":{"@id":"https:\/\/iraurgiberritzen.eus\/es\/la-fotografa-y-emprendedora-ane-bastida-ha-compartido-su-experiencia-con-el-alumnado-de-ikasberri\/"},"author":{"name":"ainara","@id":"https:\/\/iraurgiberritzen.eus\/es\/#\/schema\/person\/a32c9825b3e2bfcbe757a97f6a15c8a5"},"headline":"El alumnado de Ikasberri conoce la experiencia de la fot\u00f3grafa y emprendedora Ane Bastida","datePublished":"2024-03-04T05:00:39+00:00","dateModified":"2024-03-04T08:25:58+00:00","mainEntityOfPage":{"@id":"https:\/\/iraurgiberritzen.eus\/es\/la-fotografa-y-emprendedora-ane-bastida-ha-compartido-su-experiencia-con-el-alumnado-de-ikasberri\/"},"wordCount":219,"publisher":{"@id":"https:\/\/iraurgiberritzen.eus\/es\/#organization"},"image":{"@id":"https:\/\/iraurgiberritzen.eus\/es\/la-fotografa-y-emprendedora-ane-bastida-ha-compartido-su-experiencia-con-el-alumnado-de-ikasberri\/#primaryimage"},"thumbnailUrl":"https:\/\/iraurgiberritzen.eus\/wp-content\/uploads\/2024\/03\/PORTADA-IB-WEB-800-x-550-px-17.png","articleSection":["Noticias"],"inLanguage":"es"},{"@type":"WebPage","@id":"https:\/\/iraurgiberritzen.eus\/es\/la-fotografa-y-emprendedora-ane-bastida-ha-compartido-su-experiencia-con-el-alumnado-de-ikasberri\/","url":"https:\/\/iraurgiberritzen.eus\/es\/la-fotografa-y-emprendedora-ane-bastida-ha-compartido-su-experiencia-con-el-alumnado-de-ikasberri\/","name":"El alumnado de Ikasberri conoce la experiencia de la fot\u00f3grafa y emprendedora Ane Bastida - Iraurgi Berritzen","isPartOf":{"@id":"https:\/\/iraurgiberritzen.eus\/es\/#website"},"primaryImageOfPage":{"@id":"https:\/\/iraurgiberritzen.eus\/es\/la-fotografa-y-emprendedora-ane-bastida-ha-compartido-su-experiencia-con-el-alumnado-de-ikasberri\/#primaryimage"},"image":{"@id":"https:\/\/iraurgiberritzen.eus\/es\/la-fotografa-y-emprendedora-ane-bastida-ha-compartido-su-experiencia-con-el-alumnado-de-ikasberri\/#primaryimage"},"thumbnailUrl":"https:\/\/iraurgiberritzen.eus\/wp-content\/uploads\/2024\/03\/PORTADA-IB-WEB-800-x-550-px-17.png","datePublished":"2024-03-04T05:00:39+00:00","dateModified":"2024-03-04T08:25:58+00:00","breadcrumb":{"@id":"https:\/\/iraurgiberritzen.eus\/es\/la-fotografa-y-emprendedora-ane-bastida-ha-compartido-su-experiencia-con-el-alumnado-de-ikasberri\/#breadcrumb"},"inLanguage":"es","potentialAction":[{"@type":"ReadAction","target":["https:\/\/iraurgiberritzen.eus\/es\/la-fotografa-y-emprendedora-ane-bastida-ha-compartido-su-experiencia-con-el-alumnado-de-ikasberri\/"]}]},{"@type":"ImageObject","inLanguage":"es","@id":"https:\/\/iraurgiberritzen.eus\/es\/la-fotografa-y-emprendedora-ane-bastida-ha-compartido-su-experiencia-con-el-alumnado-de-ikasberri\/#primaryimage","url":"https:\/\/iraurgiberritzen.eus\/wp-content\/uploads\/2024\/03\/PORTADA-IB-WEB-800-x-550-px-17.png","contentUrl":"https:\/\/iraurgiberritzen.eus\/wp-content\/uploads\/2024\/03\/PORTADA-IB-WEB-800-x-550-px-17.png","width":800,"height":550},{"@type":"BreadcrumbList","@id":"https:\/\/iraurgiberritzen.eus\/es\/la-fotografa-y-emprendedora-ane-bastida-ha-compartido-su-experiencia-con-el-alumnado-de-ikasberri\/#breadcrumb","itemListElement":[{"@type":"ListItem","position":1,"name":"Home","item":"https:\/\/iraurgiberritzen.eus\/es\/"},{"@type":"ListItem","position":2,"name":"El alumnado de Ikasberri conoce la experiencia de la fot\u00f3grafa y emprendedora Ane Bastida"}]},{"@type":"WebSite","@id":"https:\/\/iraurgiberritzen.eus\/es\/#website","url":"https:\/\/iraurgiberritzen.eus\/es\/","name":"Iraurgi Berritzen","description":"Urola Erdiko Garapen Agentzia","publisher":{"@id":"https:\/\/iraurgiberritzen.eus\/es\/#organization"},"potentialAction":[{"@type":"SearchAction","target":{"@type":"EntryPoint","urlTemplate":"https:\/\/iraurgiberritzen.eus\/es\/?s={search_term_string}"},"query-input":{"@type":"PropertyValueSpecification","valueRequired":true,"valueName":"search_term_string"}}],"inLanguage":"es"},{"@type":"Organization","@id":"https:\/\/iraurgiberritzen.eus\/es\/#organization","name":"Iraurgi Berritzen","url":"https:\/\/iraurgiberritzen.eus\/es\/","logo":{"@type":"ImageObject","inLanguage":"es","@id":"https:\/\/iraurgiberritzen.eus\/es\/#\/schema\/logo\/image\/","url":"https:\/\/iraurgiberritzen.eus\/wp-content\/uploads\/2024\/02\/IRAURGI-BERRITZEN-logotipoa_2.png","contentUrl":"https:\/\/iraurgiberritzen.eus\/wp-content\/uploads\/2024\/02\/IRAURGI-BERRITZEN-logotipoa_2.png","width":496,"height":190,"caption":"Iraurgi Berritzen"},"image":{"@id":"https:\/\/iraurgiberritzen.eus\/es\/#\/schema\/logo\/image\/"}},{"@type":"Person","@id":"https:\/\/iraurgiberritzen.eus\/es\/#\/schema\/person\/a32c9825b3e2bfcbe757a97f6a15c8a5","name":"ainara"}]}},"_links":{"self":[{"href":"https:\/\/iraurgiberritzen.eus\/es\/wp-json\/wp\/v2\/posts\/19274","targetHints":{"allow":["GET"]}}],"collection":[{"href":"https:\/\/iraurgiberritzen.eus\/es\/wp-json\/wp\/v2\/posts"}],"about":[{"href":"https:\/\/iraurgiberritzen.eus\/es\/wp-json\/wp\/v2\/types\/post"}],"author":[{"embeddable":true,"href":"https:\/\/iraurgiberritzen.eus\/es\/wp-json\/wp\/v2\/users\/4"}],"replies":[{"embeddable":true,"href":"https:\/\/iraurgiberritzen.eus\/es\/wp-json\/wp\/v2\/comments?post=19274"}],"version-history":[{"count":2,"href":"https:\/\/iraurgiberritzen.eus\/es\/wp-json\/wp\/v2\/posts\/19274\/revisions"}],"predecessor-version":[{"id":19293,"href":"https:\/\/iraurgiberritzen.eus\/es\/wp-json\/wp\/v2\/posts\/19274\/revisions\/19293"}],"wp:featuredmedia":[{"embeddable":true,"href":"https:\/\/iraurgiberritzen.eus\/es\/wp-json\/wp\/v2\/media\/19272"}],"wp:attachment":[{"href":"https:\/\/iraurgiberritzen.eus\/es\/wp-json\/wp\/v2\/media?parent=19274"}],"wp:term":[{"taxonomy":"category","embeddable":true,"href":"https:\/\/iraurgiberritzen.eus\/es\/wp-json\/wp\/v2\/categories?post=19274"},{"taxonomy":"post_tag","embeddable":true,"href":"https:\/\/iraurgiberritzen.eus\/es\/wp-json\/wp\/v2\/tags?post=19274"}],"curies":[{"name":"wp","href":"https:\/\/api.w.org\/{rel}","templated":true}]}}