{"id":19322,"date":"2024-03-05T13:03:26","date_gmt":"2024-03-05T11:03:26","guid":{"rendered":"https:\/\/iraurgiberritzen.eus\/?p=19322"},"modified":"2024-03-06T15:26:24","modified_gmt":"2024-03-06T13:26:24","slug":"industria-el-programa-especializado-en-inteligencia-artificial-generativa-para-la-enpresa-industrial-lanza-su-segunda-edicion","status":"publish","type":"post","link":"https:\/\/iraurgiberritzen.eus\/es\/industria-el-programa-especializado-en-inteligencia-artificial-generativa-para-la-enpresa-industrial-lanza-su-segunda-edicion\/","title":{"rendered":"IndustrIA, el Programa especializado en Inteligencia Artificial Generativa para la Enpresa Industrial, lanza su segunda Edici\u00f3n"},"content":{"rendered":"<p>IndustrIA, el Programa Especializado en Inteligencia Artificial Generativa para la Empresa Industrial, ha cerrado el proceso de matriculaci\u00f3n de su primera edici\u00f3n 1 mes antes de lo previsto, con un 100% de plazas cubiertas.<\/p>\n<p>A la vista del \u00e9xito de esta Primera Edici\u00f3n, las empresas <strong><a href=\"https:\/\/brainandcode.tech\/\">brainandcode.tech<\/a><\/strong>, <strong>DigiTalentu <\/strong>y <strong><a href=\"https:\/\/adi-revolution.com\/\">ADI Revolution<\/a> <\/strong>con la colaboraci\u00f3n de Iraurgi Berritzen, Uggassa y Goieki Agencia de Desarrollo, han puesto en marcha una segunda edici\u00f3n que se desarrollar\u00e1 entre el <strong>19 de abril y el 28 de junio<\/strong>.<\/p>\n<p>Desarrollar habilidades en el uso de la Inteligencia Artificial Generativa (IAG) se ha convertido en un nuevo factor cr\u00edtico de \u00e9xito para las empresas industriales que quieren continuar siendo rentables en un contexto cada vez m\u00e1s competitivo, cambiante y global.<\/p>\n<p>El itinerario formativo se compone de un m\u00f3dulo introductorio (transversal a todos los participantes) que se complementa con uno o varios m\u00f3dulos de especializaci\u00f3n de libre elecci\u00f3n por cada uno de los inscritos. El Programa se ha dise\u00f1ado con un enfoque eminentemente pr\u00e1ctico y tiene como objetivo que los casos de uso y herramientas presentadas puedan aplicarse directamente en el d\u00eda a d\u00eda de los principales departamentos funcionales de la empresa industrial.<\/p>\n<p>Si tienes alguna duda o quieres obtener m\u00e1s informaci\u00f3n, escribe a <strong>bbeobide@iraurgiberritzen.eus<\/strong>.\u00a0 Para inscribirte o leer el dossier del programa, haz clic en el siguiente <strong><a href=\"https:\/\/industria.digitalentu.com\/\">enlace<\/a><\/strong>.<\/p>\n","protected":false},"excerpt":{"rendered":"<p>IndustrIA, el Programa Especializado en Inteligencia Artificial Generativa para la Empresa Industrial, ha cerrado el proceso de matriculaci\u00f3n de su primera edici\u00f3n 1 mes antes de lo previsto, con un 100% de plazas cubiertas. A la vista del \u00e9xito de esta Primera Edici\u00f3n, las empresas brainandcode.tech, DigiTalentu y ADI Revolution con la colaboraci\u00f3n de Iraurgi [&hellip;]<\/p>\n","protected":false},"author":4,"featured_media":19340,"comment_status":"closed","ping_status":"closed","sticky":false,"template":"","format":"standard","meta":{"_acf_changed":false,"footnotes":""},"categories":[4],"tags":[],"class_list":["post-19322","post","type-post","status-publish","format-standard","has-post-thumbnail","hentry","category-noticias","arloak-enpresa"],"acf":[],"yoast_head":"<!-- This site is optimized with the Yoast SEO plugin v27.4 - https:\/\/yoast.com\/product\/yoast-seo-wordpress\/ -->\n<title>IndustrIA, el Programa especializado en Inteligencia Artificial Generativa para la Enpresa Industrial, lanza su segunda Edici\u00f3n - Iraurgi Berritzen<\/title>\n<meta name=\"robots\" content=\"index, follow, max-snippet:-1, max-image-preview:large, max-video-preview:-1\" \/>\n<link rel=\"canonical\" href=\"https:\/\/iraurgiberritzen.eus\/es\/industria-el-programa-especializado-en-inteligencia-artificial-generativa-para-la-enpresa-industrial-lanza-su-segunda-edicion\/\" \/>\n<meta property=\"og:locale\" content=\"es_ES\" \/>\n<meta property=\"og:type\" content=\"article\" \/>\n<meta property=\"og:title\" content=\"IndustrIA, el Programa especializado en Inteligencia Artificial Generativa para la Enpresa Industrial, lanza su segunda Edici\u00f3n - Iraurgi Berritzen\" \/>\n<meta property=\"og:description\" content=\"IndustrIA, el Programa Especializado en Inteligencia Artificial Generativa para la Empresa Industrial, ha cerrado el proceso de matriculaci\u00f3n de su primera edici\u00f3n 1 mes antes de lo previsto, con un 100% de plazas cubiertas. A la vista del \u00e9xito de esta Primera Edici\u00f3n, las empresas brainandcode.tech, DigiTalentu y ADI Revolution con la colaboraci\u00f3n de Iraurgi [&hellip;]\" \/>\n<meta property=\"og:url\" content=\"https:\/\/iraurgiberritzen.eus\/es\/industria-el-programa-especializado-en-inteligencia-artificial-generativa-para-la-enpresa-industrial-lanza-su-segunda-edicion\/\" \/>\n<meta property=\"og:site_name\" content=\"Iraurgi Berritzen\" \/>\n<meta property=\"article:published_time\" content=\"2024-03-05T11:03:26+00:00\" \/>\n<meta property=\"article:modified_time\" content=\"2024-03-06T13:26:24+00:00\" \/>\n<meta property=\"og:image\" content=\"https:\/\/iraurgiberritzen.eus\/wp-content\/uploads\/2024\/02\/PORTADA-IB-WEB-800-x-550-px-19.png\" \/>\n\t<meta property=\"og:image:width\" content=\"800\" \/>\n\t<meta property=\"og:image:height\" content=\"550\" \/>\n\t<meta property=\"og:image:type\" content=\"image\/png\" \/>\n<meta name=\"author\" content=\"ainara\" \/>\n<meta name=\"twitter:card\" content=\"summary_large_image\" \/>\n<meta name=\"twitter:label1\" content=\"Escrito por\" \/>\n\t<meta name=\"twitter:data1\" content=\"ainara\" \/>\n\t<meta name=\"twitter:label2\" content=\"Tiempo de lectura\" \/>\n\t<meta name=\"twitter:data2\" content=\"2 minutos\" \/>\n<script type=\"application\/ld+json\" class=\"yoast-schema-graph\">{\"@context\":\"https:\\\/\\\/schema.org\",\"@graph\":[{\"@type\":\"Article\",\"@id\":\"https:\\\/\\\/iraurgiberritzen.eus\\\/es\\\/industria-el-programa-especializado-en-inteligencia-artificial-generativa-para-la-enpresa-industrial-lanza-su-segunda-edicion\\\/#article\",\"isPartOf\":{\"@id\":\"https:\\\/\\\/iraurgiberritzen.eus\\\/es\\\/industria-el-programa-especializado-en-inteligencia-artificial-generativa-para-la-enpresa-industrial-lanza-su-segunda-edicion\\\/\"},\"author\":{\"name\":\"ainara\",\"@id\":\"https:\\\/\\\/iraurgiberritzen.eus\\\/es\\\/#\\\/schema\\\/person\\\/a32c9825b3e2bfcbe757a97f6a15c8a5\"},\"headline\":\"IndustrIA, el Programa especializado en Inteligencia Artificial Generativa para la Enpresa Industrial, lanza su segunda Edici\u00f3n\",\"datePublished\":\"2024-03-05T11:03:26+00:00\",\"dateModified\":\"2024-03-06T13:26:24+00:00\",\"mainEntityOfPage\":{\"@id\":\"https:\\\/\\\/iraurgiberritzen.eus\\\/es\\\/industria-el-programa-especializado-en-inteligencia-artificial-generativa-para-la-enpresa-industrial-lanza-su-segunda-edicion\\\/\"},\"wordCount\":253,\"publisher\":{\"@id\":\"https:\\\/\\\/iraurgiberritzen.eus\\\/es\\\/#organization\"},\"image\":{\"@id\":\"https:\\\/\\\/iraurgiberritzen.eus\\\/es\\\/industria-el-programa-especializado-en-inteligencia-artificial-generativa-para-la-enpresa-industrial-lanza-su-segunda-edicion\\\/#primaryimage\"},\"thumbnailUrl\":\"https:\\\/\\\/iraurgiberritzen.eus\\\/wp-content\\\/uploads\\\/2024\\\/02\\\/PORTADA-IB-WEB-800-x-550-px-19.png\",\"articleSection\":[\"Noticias\"],\"inLanguage\":\"es\"},{\"@type\":\"WebPage\",\"@id\":\"https:\\\/\\\/iraurgiberritzen.eus\\\/es\\\/industria-el-programa-especializado-en-inteligencia-artificial-generativa-para-la-enpresa-industrial-lanza-su-segunda-edicion\\\/\",\"url\":\"https:\\\/\\\/iraurgiberritzen.eus\\\/es\\\/industria-el-programa-especializado-en-inteligencia-artificial-generativa-para-la-enpresa-industrial-lanza-su-segunda-edicion\\\/\",\"name\":\"IndustrIA, el Programa especializado en Inteligencia Artificial Generativa para la Enpresa Industrial, lanza su segunda Edici\u00f3n - Iraurgi Berritzen\",\"isPartOf\":{\"@id\":\"https:\\\/\\\/iraurgiberritzen.eus\\\/es\\\/#website\"},\"primaryImageOfPage\":{\"@id\":\"https:\\\/\\\/iraurgiberritzen.eus\\\/es\\\/industria-el-programa-especializado-en-inteligencia-artificial-generativa-para-la-enpresa-industrial-lanza-su-segunda-edicion\\\/#primaryimage\"},\"image\":{\"@id\":\"https:\\\/\\\/iraurgiberritzen.eus\\\/es\\\/industria-el-programa-especializado-en-inteligencia-artificial-generativa-para-la-enpresa-industrial-lanza-su-segunda-edicion\\\/#primaryimage\"},\"thumbnailUrl\":\"https:\\\/\\\/iraurgiberritzen.eus\\\/wp-content\\\/uploads\\\/2024\\\/02\\\/PORTADA-IB-WEB-800-x-550-px-19.png\",\"datePublished\":\"2024-03-05T11:03:26+00:00\",\"dateModified\":\"2024-03-06T13:26:24+00:00\",\"breadcrumb\":{\"@id\":\"https:\\\/\\\/iraurgiberritzen.eus\\\/es\\\/industria-el-programa-especializado-en-inteligencia-artificial-generativa-para-la-enpresa-industrial-lanza-su-segunda-edicion\\\/#breadcrumb\"},\"inLanguage\":\"es\",\"potentialAction\":[{\"@type\":\"ReadAction\",\"target\":[\"https:\\\/\\\/iraurgiberritzen.eus\\\/es\\\/industria-el-programa-especializado-en-inteligencia-artificial-generativa-para-la-enpresa-industrial-lanza-su-segunda-edicion\\\/\"]}]},{\"@type\":\"ImageObject\",\"inLanguage\":\"es\",\"@id\":\"https:\\\/\\\/iraurgiberritzen.eus\\\/es\\\/industria-el-programa-especializado-en-inteligencia-artificial-generativa-para-la-enpresa-industrial-lanza-su-segunda-edicion\\\/#primaryimage\",\"url\":\"https:\\\/\\\/iraurgiberritzen.eus\\\/wp-content\\\/uploads\\\/2024\\\/02\\\/PORTADA-IB-WEB-800-x-550-px-19.png\",\"contentUrl\":\"https:\\\/\\\/iraurgiberritzen.eus\\\/wp-content\\\/uploads\\\/2024\\\/02\\\/PORTADA-IB-WEB-800-x-550-px-19.png\",\"width\":800,\"height\":550},{\"@type\":\"BreadcrumbList\",\"@id\":\"https:\\\/\\\/iraurgiberritzen.eus\\\/es\\\/industria-el-programa-especializado-en-inteligencia-artificial-generativa-para-la-enpresa-industrial-lanza-su-segunda-edicion\\\/#breadcrumb\",\"itemListElement\":[{\"@type\":\"ListItem\",\"position\":1,\"name\":\"Home\",\"item\":\"https:\\\/\\\/iraurgiberritzen.eus\\\/es\\\/\"},{\"@type\":\"ListItem\",\"position\":2,\"name\":\"IndustrIA, el Programa especializado en Inteligencia Artificial Generativa para la Enpresa Industrial, lanza su segunda Edici\u00f3n\"}]},{\"@type\":\"WebSite\",\"@id\":\"https:\\\/\\\/iraurgiberritzen.eus\\\/es\\\/#website\",\"url\":\"https:\\\/\\\/iraurgiberritzen.eus\\\/es\\\/\",\"name\":\"Iraurgi Berritzen\",\"description\":\"Urola Erdiko Garapen Agentzia\",\"publisher\":{\"@id\":\"https:\\\/\\\/iraurgiberritzen.eus\\\/es\\\/#organization\"},\"potentialAction\":[{\"@type\":\"SearchAction\",\"target\":{\"@type\":\"EntryPoint\",\"urlTemplate\":\"https:\\\/\\\/iraurgiberritzen.eus\\\/es\\\/?s={search_term_string}\"},\"query-input\":{\"@type\":\"PropertyValueSpecification\",\"valueRequired\":true,\"valueName\":\"search_term_string\"}}],\"inLanguage\":\"es\"},{\"@type\":\"Organization\",\"@id\":\"https:\\\/\\\/iraurgiberritzen.eus\\\/es\\\/#organization\",\"name\":\"Iraurgi Berritzen\",\"url\":\"https:\\\/\\\/iraurgiberritzen.eus\\\/es\\\/\",\"logo\":{\"@type\":\"ImageObject\",\"inLanguage\":\"es\",\"@id\":\"https:\\\/\\\/iraurgiberritzen.eus\\\/es\\\/#\\\/schema\\\/logo\\\/image\\\/\",\"url\":\"https:\\\/\\\/iraurgiberritzen.eus\\\/wp-content\\\/uploads\\\/2024\\\/02\\\/IRAURGI-BERRITZEN-logotipoa_2.png\",\"contentUrl\":\"https:\\\/\\\/iraurgiberritzen.eus\\\/wp-content\\\/uploads\\\/2024\\\/02\\\/IRAURGI-BERRITZEN-logotipoa_2.png\",\"width\":496,\"height\":190,\"caption\":\"Iraurgi Berritzen\"},\"image\":{\"@id\":\"https:\\\/\\\/iraurgiberritzen.eus\\\/es\\\/#\\\/schema\\\/logo\\\/image\\\/\"}},{\"@type\":\"Person\",\"@id\":\"https:\\\/\\\/iraurgiberritzen.eus\\\/es\\\/#\\\/schema\\\/person\\\/a32c9825b3e2bfcbe757a97f6a15c8a5\",\"name\":\"ainara\"}]}<\/script>\n<!-- \/ Yoast SEO plugin. -->","yoast_head_json":{"title":"IndustrIA, el Programa especializado en Inteligencia Artificial Generativa para la Enpresa Industrial, lanza su segunda Edici\u00f3n - Iraurgi Berritzen","robots":{"index":"index","follow":"follow","max-snippet":"max-snippet:-1","max-image-preview":"max-image-preview:large","max-video-preview":"max-video-preview:-1"},"canonical":"https:\/\/iraurgiberritzen.eus\/es\/industria-el-programa-especializado-en-inteligencia-artificial-generativa-para-la-enpresa-industrial-lanza-su-segunda-edicion\/","og_locale":"es_ES","og_type":"article","og_title":"IndustrIA, el Programa especializado en Inteligencia Artificial Generativa para la Enpresa Industrial, lanza su segunda Edici\u00f3n - Iraurgi Berritzen","og_description":"IndustrIA, el Programa Especializado en Inteligencia Artificial Generativa para la Empresa Industrial, ha cerrado el proceso de matriculaci\u00f3n de su primera edici\u00f3n 1 mes antes de lo previsto, con un 100% de plazas cubiertas. A la vista del \u00e9xito de esta Primera Edici\u00f3n, las empresas brainandcode.tech, DigiTalentu y ADI Revolution con la colaboraci\u00f3n de Iraurgi [&hellip;]","og_url":"https:\/\/iraurgiberritzen.eus\/es\/industria-el-programa-especializado-en-inteligencia-artificial-generativa-para-la-enpresa-industrial-lanza-su-segunda-edicion\/","og_site_name":"Iraurgi Berritzen","article_published_time":"2024-03-05T11:03:26+00:00","article_modified_time":"2024-03-06T13:26:24+00:00","og_image":[{"width":800,"height":550,"url":"https:\/\/iraurgiberritzen.eus\/wp-content\/uploads\/2024\/02\/PORTADA-IB-WEB-800-x-550-px-19.png","type":"image\/png"}],"author":"ainara","twitter_card":"summary_large_image","twitter_misc":{"Escrito por":"ainara","Tiempo de lectura":"2 minutos"},"schema":{"@context":"https:\/\/schema.org","@graph":[{"@type":"Article","@id":"https:\/\/iraurgiberritzen.eus\/es\/industria-el-programa-especializado-en-inteligencia-artificial-generativa-para-la-enpresa-industrial-lanza-su-segunda-edicion\/#article","isPartOf":{"@id":"https:\/\/iraurgiberritzen.eus\/es\/industria-el-programa-especializado-en-inteligencia-artificial-generativa-para-la-enpresa-industrial-lanza-su-segunda-edicion\/"},"author":{"name":"ainara","@id":"https:\/\/iraurgiberritzen.eus\/es\/#\/schema\/person\/a32c9825b3e2bfcbe757a97f6a15c8a5"},"headline":"IndustrIA, el Programa especializado en Inteligencia Artificial Generativa para la Enpresa Industrial, lanza su segunda Edici\u00f3n","datePublished":"2024-03-05T11:03:26+00:00","dateModified":"2024-03-06T13:26:24+00:00","mainEntityOfPage":{"@id":"https:\/\/iraurgiberritzen.eus\/es\/industria-el-programa-especializado-en-inteligencia-artificial-generativa-para-la-enpresa-industrial-lanza-su-segunda-edicion\/"},"wordCount":253,"publisher":{"@id":"https:\/\/iraurgiberritzen.eus\/es\/#organization"},"image":{"@id":"https:\/\/iraurgiberritzen.eus\/es\/industria-el-programa-especializado-en-inteligencia-artificial-generativa-para-la-enpresa-industrial-lanza-su-segunda-edicion\/#primaryimage"},"thumbnailUrl":"https:\/\/iraurgiberritzen.eus\/wp-content\/uploads\/2024\/02\/PORTADA-IB-WEB-800-x-550-px-19.png","articleSection":["Noticias"],"inLanguage":"es"},{"@type":"WebPage","@id":"https:\/\/iraurgiberritzen.eus\/es\/industria-el-programa-especializado-en-inteligencia-artificial-generativa-para-la-enpresa-industrial-lanza-su-segunda-edicion\/","url":"https:\/\/iraurgiberritzen.eus\/es\/industria-el-programa-especializado-en-inteligencia-artificial-generativa-para-la-enpresa-industrial-lanza-su-segunda-edicion\/","name":"IndustrIA, el Programa especializado en Inteligencia Artificial Generativa para la Enpresa Industrial, lanza su segunda Edici\u00f3n - Iraurgi Berritzen","isPartOf":{"@id":"https:\/\/iraurgiberritzen.eus\/es\/#website"},"primaryImageOfPage":{"@id":"https:\/\/iraurgiberritzen.eus\/es\/industria-el-programa-especializado-en-inteligencia-artificial-generativa-para-la-enpresa-industrial-lanza-su-segunda-edicion\/#primaryimage"},"image":{"@id":"https:\/\/iraurgiberritzen.eus\/es\/industria-el-programa-especializado-en-inteligencia-artificial-generativa-para-la-enpresa-industrial-lanza-su-segunda-edicion\/#primaryimage"},"thumbnailUrl":"https:\/\/iraurgiberritzen.eus\/wp-content\/uploads\/2024\/02\/PORTADA-IB-WEB-800-x-550-px-19.png","datePublished":"2024-03-05T11:03:26+00:00","dateModified":"2024-03-06T13:26:24+00:00","breadcrumb":{"@id":"https:\/\/iraurgiberritzen.eus\/es\/industria-el-programa-especializado-en-inteligencia-artificial-generativa-para-la-enpresa-industrial-lanza-su-segunda-edicion\/#breadcrumb"},"inLanguage":"es","potentialAction":[{"@type":"ReadAction","target":["https:\/\/iraurgiberritzen.eus\/es\/industria-el-programa-especializado-en-inteligencia-artificial-generativa-para-la-enpresa-industrial-lanza-su-segunda-edicion\/"]}]},{"@type":"ImageObject","inLanguage":"es","@id":"https:\/\/iraurgiberritzen.eus\/es\/industria-el-programa-especializado-en-inteligencia-artificial-generativa-para-la-enpresa-industrial-lanza-su-segunda-edicion\/#primaryimage","url":"https:\/\/iraurgiberritzen.eus\/wp-content\/uploads\/2024\/02\/PORTADA-IB-WEB-800-x-550-px-19.png","contentUrl":"https:\/\/iraurgiberritzen.eus\/wp-content\/uploads\/2024\/02\/PORTADA-IB-WEB-800-x-550-px-19.png","width":800,"height":550},{"@type":"BreadcrumbList","@id":"https:\/\/iraurgiberritzen.eus\/es\/industria-el-programa-especializado-en-inteligencia-artificial-generativa-para-la-enpresa-industrial-lanza-su-segunda-edicion\/#breadcrumb","itemListElement":[{"@type":"ListItem","position":1,"name":"Home","item":"https:\/\/iraurgiberritzen.eus\/es\/"},{"@type":"ListItem","position":2,"name":"IndustrIA, el Programa especializado en Inteligencia Artificial Generativa para la Enpresa Industrial, lanza su segunda Edici\u00f3n"}]},{"@type":"WebSite","@id":"https:\/\/iraurgiberritzen.eus\/es\/#website","url":"https:\/\/iraurgiberritzen.eus\/es\/","name":"Iraurgi Berritzen","description":"Urola Erdiko Garapen Agentzia","publisher":{"@id":"https:\/\/iraurgiberritzen.eus\/es\/#organization"},"potentialAction":[{"@type":"SearchAction","target":{"@type":"EntryPoint","urlTemplate":"https:\/\/iraurgiberritzen.eus\/es\/?s={search_term_string}"},"query-input":{"@type":"PropertyValueSpecification","valueRequired":true,"valueName":"search_term_string"}}],"inLanguage":"es"},{"@type":"Organization","@id":"https:\/\/iraurgiberritzen.eus\/es\/#organization","name":"Iraurgi Berritzen","url":"https:\/\/iraurgiberritzen.eus\/es\/","logo":{"@type":"ImageObject","inLanguage":"es","@id":"https:\/\/iraurgiberritzen.eus\/es\/#\/schema\/logo\/image\/","url":"https:\/\/iraurgiberritzen.eus\/wp-content\/uploads\/2024\/02\/IRAURGI-BERRITZEN-logotipoa_2.png","contentUrl":"https:\/\/iraurgiberritzen.eus\/wp-content\/uploads\/2024\/02\/IRAURGI-BERRITZEN-logotipoa_2.png","width":496,"height":190,"caption":"Iraurgi Berritzen"},"image":{"@id":"https:\/\/iraurgiberritzen.eus\/es\/#\/schema\/logo\/image\/"}},{"@type":"Person","@id":"https:\/\/iraurgiberritzen.eus\/es\/#\/schema\/person\/a32c9825b3e2bfcbe757a97f6a15c8a5","name":"ainara"}]}},"_links":{"self":[{"href":"https:\/\/iraurgiberritzen.eus\/es\/wp-json\/wp\/v2\/posts\/19322","targetHints":{"allow":["GET"]}}],"collection":[{"href":"https:\/\/iraurgiberritzen.eus\/es\/wp-json\/wp\/v2\/posts"}],"about":[{"href":"https:\/\/iraurgiberritzen.eus\/es\/wp-json\/wp\/v2\/types\/post"}],"author":[{"embeddable":true,"href":"https:\/\/iraurgiberritzen.eus\/es\/wp-json\/wp\/v2\/users\/4"}],"replies":[{"embeddable":true,"href":"https:\/\/iraurgiberritzen.eus\/es\/wp-json\/wp\/v2\/comments?post=19322"}],"version-history":[{"count":3,"href":"https:\/\/iraurgiberritzen.eus\/es\/wp-json\/wp\/v2\/posts\/19322\/revisions"}],"predecessor-version":[{"id":19330,"href":"https:\/\/iraurgiberritzen.eus\/es\/wp-json\/wp\/v2\/posts\/19322\/revisions\/19330"}],"wp:featuredmedia":[{"embeddable":true,"href":"https:\/\/iraurgiberritzen.eus\/es\/wp-json\/wp\/v2\/media\/19340"}],"wp:attachment":[{"href":"https:\/\/iraurgiberritzen.eus\/es\/wp-json\/wp\/v2\/media?parent=19322"}],"wp:term":[{"taxonomy":"category","embeddable":true,"href":"https:\/\/iraurgiberritzen.eus\/es\/wp-json\/wp\/v2\/categories?post=19322"},{"taxonomy":"post_tag","embeddable":true,"href":"https:\/\/iraurgiberritzen.eus\/es\/wp-json\/wp\/v2\/tags?post=19322"}],"curies":[{"name":"wp","href":"https:\/\/api.w.org\/{rel}","templated":true}]}}